{"id":5349,"date":"2026-03-17T00:16:00","date_gmt":"2026-03-17T07:16:00","guid":{"rendered":"https:\/\/buenosdiasbcs.com\/?p=5349"},"modified":"2026-03-16T23:19:24","modified_gmt":"2026-03-17T06:19:24","slug":"bcs-a-nivel-de-alerta-3-a-partir-de-marzo","status":"publish","type":"post","link":"https:\/\/buenosdiasbcs.com\/?p=5349","title":{"rendered":"BCS a nivel de alerta 3 a partir de Marzo"},"content":{"rendered":"\n<h2 class=\"wp-block-heading\" id=\"h-el-doctor-victor-george-del-comite-de-seguridad-en-salud-anuncio-que-a-partir-del-primero-de-marzo-los-cinco-municipios-de-bcs-pasaran-a-nivel-de-alerta-3-amarillo-debido-a-que-han-disminuido-todos-los-factores-de-coronavirus-en-el-estado\">El doctor\u00a0<strong>Victor George,<\/strong>\u00a0del Comit\u00e9 de Seguridad en Salud anunci\u00f3 que a partir del\u00a0<strong>primero de marzo,<\/strong>\u00a0los\u00a0<strong>cinco municipios<\/strong>\u00a0de BCS pasar\u00e1n a\u00a0<strong>nivel de alerta 3, amarillo,<\/strong>\u00a0debido a que han disminuido todos los\u00a0<strong>factores de coronavirus<\/strong>\u00a0en el estado.<\/h2>\n\n\n\n<p>El n\u00famero de\u00a0<strong>casos activos, contagios, pacientes hospitalizados y decesos<\/strong>\u00a0van a la\u00a0<strong>baja<\/strong>\u00a0en\u00a0<strong>Baja California Sur<\/strong>. En la\u00a0<strong>tercera semana<\/strong>\u00a0de enero hubo\u00a0<strong>1,392 casos nuevos,<\/strong>\u00a0alrededor de\u00a0<strong>200 casos<\/strong>\u00a0diarios. En la semana que cerr\u00f3, estos llegaron a\u00a0<strong>937 casos<\/strong>.<\/p>\n\n\n\n<p>El movimiento en el&nbsp;<strong>sistema de alerta sanitario,<\/strong>&nbsp;a partir del&nbsp;<strong>1 de marzo<\/strong>&nbsp;a nivel 3 (amarillo), permitir\u00e1 que&nbsp;<strong>abran<\/strong>&nbsp;los&nbsp;<strong>panteones,<\/strong>&nbsp;el&nbsp;<strong>comercio<\/strong>&nbsp;al por menor,&nbsp;<strong>alquiler<\/strong>&nbsp;de bicis, la&nbsp;<strong>realizaci\u00f3n de encuestas,<\/strong>&nbsp;clubes y&nbsp;<strong>talleres<\/strong>de arte. Tambi\u00e9n se abrir\u00e1n las&nbsp;<strong>canchas deportivas<\/strong>&nbsp;al 50% y los&nbsp;<strong>torneos deportivos profesionales<\/strong>&nbsp;sin p\u00fablico.<\/p>\n\n\n\n<p><strong>Puedes leer tambi\u00e9n:&nbsp;<a href=\"https:\/\/metropolimx.com\/reitera-gobierno-de-bcs-su-llamado-a-la-federacion-para-vacunar-a-todo-el-personal-de-salud\/\">https:\/\/metropolimx.com\/reitera-gobierno-de-bcs-su-llamado-a-la-federacion-para-vacunar-a-todo-el-personal-de-salud\/<\/a><\/strong><\/p>\n\n\n\n<p>Como&nbsp;<strong>La Paz<\/strong>&nbsp;tiene la mayor cantidad de&nbsp;<strong>casos, hospitalizados y defunciones<\/strong>, la apertura&nbsp;<strong>peatonal del malec\u00f3n<\/strong>, ser\u00e1 de&nbsp;<strong>lunes a jueves<\/strong>&nbsp;de 5 de la ma\u00f1ana a 6 de la tarde.&nbsp;<strong>Los jueves,<\/strong>&nbsp;a partir de las 6 pm, se&nbsp;<strong>cerrar\u00e1 la actividad peatonal<\/strong>&nbsp;hasta el lunes. Es decir,&nbsp;<strong>viernes, s\u00e1bado y domingo,<\/strong>&nbsp;estar\u00e1&nbsp;<strong>prohibida<\/strong>&nbsp;la&nbsp;<strong>actividad peatonal<\/strong>en el malec\u00f3n.<\/p>\n\n\n\n<h2 class=\"wp-block-heading\" id=\"h-para-el-proximo-mes-se-espera-la-llegada-de-mas-vacunas-para-el-estado\">Para el pr\u00f3ximo mes se espera la llegada de m\u00e1s vacunas para el estado.<\/h2>\n\n\n\n<p>El&nbsp;<strong>27 de febrero<\/strong>&nbsp;se cumplir\u00e1&nbsp;<strong>un a\u00f1o del primer caso<\/strong>&nbsp;de covid en el pa\u00eds.&nbsp;<strong>Baja California Sur<\/strong>&nbsp;permanece en el&nbsp;<strong>segundo lugar de incidencia<\/strong>&nbsp;a nivel nacional, con&nbsp;<strong>3,228 casos<\/strong>&nbsp;por cada&nbsp;<strong>100 mil habitantes<\/strong>. La&nbsp;<strong>tasa estatal es 89<\/strong>&nbsp;casos por cada&nbsp;<strong>100 mil<\/strong>&nbsp;habitantes.<\/p>\n\n\n\n<p>A pesar de la disminuci\u00f3n de casos y decesos,&nbsp;<strong>Baja California Sur<\/strong>&nbsp;acumul\u00f3&nbsp;<strong>61 defunciones<\/strong>&nbsp;en una semana.&nbsp;Al d\u00eda de hoy, hay&nbsp;<strong>207 casos<\/strong>&nbsp;sospechosos,&nbsp;<strong>734 casos<\/strong>&nbsp;activos,&nbsp;<strong>1,258&nbsp;<\/strong>defunciones<strong>,&nbsp;<\/strong><strong>23,865 casos<\/strong>&nbsp;recuperados y&nbsp;<strong>25,857 casos<\/strong>&nbsp;acumulados. Sin embargo, la&nbsp;<strong>tasa de casos activos<\/strong>&nbsp;se mantiene a la baja desde el 10 de febrero.<\/p>\n\n\n\n<p>Por otra parte, anunciaron que a partir de hoy se aplicar\u00e1n&nbsp;<strong>1950 dosis en Muleg\u00e9<\/strong>&nbsp;de la vacuna Pfizer, se aplicar\u00e1n alrededor de&nbsp;<strong>500 vacunas por d\u00eda<\/strong>.<\/p>\n","protected":false},"excerpt":{"rendered":"<p>El doctor\u00a0Victor George,\u00a0del Comit\u00e9 de Seguridad en Salud anunci\u00f3 que a partir del\u00a0primero de marzo,\u00a0los\u00a0cinco municipios\u00a0de BCS pasar\u00e1n a\u00a0nivel de&#8230;<\/p>\n","protected":false},"author":2,"featured_media":5350,"comment_status":"open","ping_status":"open","sticky":false,"template":"","format":"standard","meta":{"footnotes":""},"categories":[25],"tags":[],"class_list":["post-5349","post","type-post","status-publish","format-standard","has-post-thumbnail","hentry","category-sociedad"],"yoast_head":"<!-- This site is optimized with the Yoast SEO Premium plugin v26.8 (Yoast SEO v27.5) - https:\/\/yoast.com\/product\/yoast-seo-premium-wordpress\/ -->\n<title>BCS a nivel de alerta 3 a partir de Marzo - Buenos D&iacute;as BCS<\/title>\n<meta name=\"robots\" content=\"index, follow, max-snippet:-1, max-image-preview:large, max-video-preview:-1\" \/>\n<link rel=\"canonical\" href=\"https:\/\/buenosdiasbcs.com\/?p=5349\" \/>\n<meta property=\"og:locale\" content=\"es_ES\" \/>\n<meta property=\"og:type\" content=\"article\" \/>\n<meta property=\"og:title\" content=\"BCS a nivel de alerta 3 a partir de Marzo\" \/>\n<meta property=\"og:description\" content=\"El doctor\u00a0Victor George,\u00a0del Comit\u00e9 de Seguridad en Salud anunci\u00f3 que a partir del\u00a0primero de marzo,\u00a0los\u00a0cinco municipios\u00a0de BCS pasar\u00e1n a\u00a0nivel de...\" \/>\n<meta property=\"og:url\" content=\"https:\/\/buenosdiasbcs.com\/?p=5349\" \/>\n<meta property=\"og:site_name\" content=\"Buenos D&iacute;as BCS\" \/>\n<meta property=\"article:published_time\" content=\"2026-03-17T07:16:00+00:00\" \/>\n<meta property=\"og:image\" content=\"https:\/\/buenosdiasbcs.com\/wp-content\/uploads\/2026\/03\/organizacion-panamericana-salud-emite-alerta-epidemiologica-por-sarampion.jpg\" \/>\n\t<meta property=\"og:image:width\" content=\"1920\" \/>\n\t<meta property=\"og:image:height\" content=\"1080\" \/>\n\t<meta property=\"og:image:type\" content=\"image\/jpeg\" \/>\n<meta name=\"author\" content=\"Edici\u00f3n Buenos D\u00edas\" \/>\n<meta name=\"twitter:card\" content=\"summary_large_image\" \/>\n<meta name=\"twitter:label1\" content=\"Escrito por\" \/>\n\t<meta name=\"twitter:data1\" content=\"Edici\u00f3n Buenos D\u00edas\" \/>\n\t<meta name=\"twitter:label2\" content=\"Tiempo de lectura\" \/>\n\t<meta name=\"twitter:data2\" content=\"2 minutos\" \/>\n<script type=\"application\/ld+json\" class=\"yoast-schema-graph\">{\"@context\":\"https:\\\/\\\/schema.org\",\"@graph\":[{\"@type\":\"Article\",\"@id\":\"https:\\\/\\\/buenosdiasbcs.com\\\/?p=5349#article\",\"isPartOf\":{\"@id\":\"https:\\\/\\\/buenosdiasbcs.com\\\/?p=5349\"},\"author\":{\"name\":\"Edici\u00f3n Buenos D\u00edas\",\"@id\":\"https:\\\/\\\/buenosdiasbcs.com\\\/#\\\/schema\\\/person\\\/15aedc247eab7070ee5d76d6d069a821\"},\"headline\":\"BCS a nivel de alerta 3 a partir de Marzo\",\"datePublished\":\"2026-03-17T07:16:00+00:00\",\"mainEntityOfPage\":{\"@id\":\"https:\\\/\\\/buenosdiasbcs.com\\\/?p=5349\"},\"wordCount\":427,\"commentCount\":0,\"publisher\":{\"@id\":\"https:\\\/\\\/buenosdiasbcs.com\\\/#organization\"},\"image\":{\"@id\":\"https:\\\/\\\/buenosdiasbcs.com\\\/?p=5349#primaryimage\"},\"thumbnailUrl\":\"https:\\\/\\\/buenosdiasbcs.com\\\/wp-content\\\/uploads\\\/2026\\\/03\\\/organizacion-panamericana-salud-emite-alerta-epidemiologica-por-sarampion.jpg\",\"articleSection\":[\"Sociedad\"],\"inLanguage\":\"es\",\"potentialAction\":[{\"@type\":\"CommentAction\",\"name\":\"Comment\",\"target\":[\"https:\\\/\\\/buenosdiasbcs.com\\\/?p=5349#respond\"]}]},{\"@type\":\"WebPage\",\"@id\":\"https:\\\/\\\/buenosdiasbcs.com\\\/?p=5349\",\"url\":\"https:\\\/\\\/buenosdiasbcs.com\\\/?p=5349\",\"name\":\"BCS a nivel de alerta 3 a partir de Marzo - Buenos D&iacute;as BCS\",\"isPartOf\":{\"@id\":\"https:\\\/\\\/buenosdiasbcs.com\\\/#website\"},\"primaryImageOfPage\":{\"@id\":\"https:\\\/\\\/buenosdiasbcs.com\\\/?p=5349#primaryimage\"},\"image\":{\"@id\":\"https:\\\/\\\/buenosdiasbcs.com\\\/?p=5349#primaryimage\"},\"thumbnailUrl\":\"https:\\\/\\\/buenosdiasbcs.com\\\/wp-content\\\/uploads\\\/2026\\\/03\\\/organizacion-panamericana-salud-emite-alerta-epidemiologica-por-sarampion.jpg\",\"datePublished\":\"2026-03-17T07:16:00+00:00\",\"breadcrumb\":{\"@id\":\"https:\\\/\\\/buenosdiasbcs.com\\\/?p=5349#breadcrumb\"},\"inLanguage\":\"es\",\"potentialAction\":[{\"@type\":\"ReadAction\",\"target\":[\"https:\\\/\\\/buenosdiasbcs.com\\\/?p=5349\"]}]},{\"@type\":\"ImageObject\",\"inLanguage\":\"es\",\"@id\":\"https:\\\/\\\/buenosdiasbcs.com\\\/?p=5349#primaryimage\",\"url\":\"https:\\\/\\\/buenosdiasbcs.com\\\/wp-content\\\/uploads\\\/2026\\\/03\\\/organizacion-panamericana-salud-emite-alerta-epidemiologica-por-sarampion.jpg\",\"contentUrl\":\"https:\\\/\\\/buenosdiasbcs.com\\\/wp-content\\\/uploads\\\/2026\\\/03\\\/organizacion-panamericana-salud-emite-alerta-epidemiologica-por-sarampion.jpg\",\"width\":1920,\"height\":1080,\"caption\":\"CIUDAD DE M\u00c9XICO, 30ENERO2026.- \u00daltimo d\u00eda de la jornada de vacunaci\u00f3n contra el sarampi\u00f3n en la Facultad de Medicina de la UNAM debido a la detecci\u00f3n de un posible contagio. Con m\u00e1s de mil novecientas docis, personal del IMSS acudi\u00f3 para reforzar las acciones preventivas. FOTO: EDGAR NEGRETE LIRA\\\/CUARTOSCURO.COM\"},{\"@type\":\"BreadcrumbList\",\"@id\":\"https:\\\/\\\/buenosdiasbcs.com\\\/?p=5349#breadcrumb\",\"itemListElement\":[{\"@type\":\"ListItem\",\"position\":1,\"name\":\"Portada\",\"item\":\"https:\\\/\\\/buenosdiasbcs.com\\\/\"},{\"@type\":\"ListItem\",\"position\":2,\"name\":\"BCS a nivel de alerta 3 a partir de Marzo\"}]},{\"@type\":\"WebSite\",\"@id\":\"https:\\\/\\\/buenosdiasbcs.com\\\/#website\",\"url\":\"https:\\\/\\\/buenosdiasbcs.com\\\/\",\"name\":\"Buenos D\u00edas BCS\",\"description\":\"\",\"publisher\":{\"@id\":\"https:\\\/\\\/buenosdiasbcs.com\\\/#organization\"},\"potentialAction\":[{\"@type\":\"SearchAction\",\"target\":{\"@type\":\"EntryPoint\",\"urlTemplate\":\"https:\\\/\\\/buenosdiasbcs.com\\\/?s={search_term_string}\"},\"query-input\":{\"@type\":\"PropertyValueSpecification\",\"valueRequired\":true,\"valueName\":\"search_term_string\"}}],\"inLanguage\":\"es\"},{\"@type\":\"Organization\",\"@id\":\"https:\\\/\\\/buenosdiasbcs.com\\\/#organization\",\"name\":\"Buenos D\u00edas BCS\",\"url\":\"https:\\\/\\\/buenosdiasbcs.com\\\/\",\"logo\":{\"@type\":\"ImageObject\",\"inLanguage\":\"es\",\"@id\":\"https:\\\/\\\/buenosdiasbcs.com\\\/#\\\/schema\\\/logo\\\/image\\\/\",\"url\":\"https:\\\/\\\/buenosdiasbcs.com\\\/wp-content\\\/uploads\\\/2026\\\/01\\\/logo-buenos-dias-40-01.png\",\"contentUrl\":\"https:\\\/\\\/buenosdiasbcs.com\\\/wp-content\\\/uploads\\\/2026\\\/01\\\/logo-buenos-dias-40-01.png\",\"width\":277,\"height\":40,\"caption\":\"Buenos D\u00edas BCS\"},\"image\":{\"@id\":\"https:\\\/\\\/buenosdiasbcs.com\\\/#\\\/schema\\\/logo\\\/image\\\/\"}},{\"@type\":\"Person\",\"@id\":\"https:\\\/\\\/buenosdiasbcs.com\\\/#\\\/schema\\\/person\\\/15aedc247eab7070ee5d76d6d069a821\",\"name\":\"Edici\u00f3n Buenos D\u00edas\",\"image\":{\"@type\":\"ImageObject\",\"inLanguage\":\"es\",\"@id\":\"https:\\\/\\\/buenosdiasbcs.com\\\/wp-content\\\/uploads\\\/2026\\\/01\\\/cropped-sol-96x96.png\",\"url\":\"https:\\\/\\\/buenosdiasbcs.com\\\/wp-content\\\/uploads\\\/2026\\\/01\\\/cropped-sol-96x96.png\",\"contentUrl\":\"https:\\\/\\\/buenosdiasbcs.com\\\/wp-content\\\/uploads\\\/2026\\\/01\\\/cropped-sol-96x96.png\",\"caption\":\"Edici\u00f3n Buenos D\u00edas\"},\"url\":\"https:\\\/\\\/buenosdiasbcs.com\\\/?author=2\"}]}<\/script>\n<!-- \/ Yoast SEO Premium plugin. -->","yoast_head_json":{"title":"BCS a nivel de alerta 3 a partir de Marzo - Buenos D&iacute;as BCS","robots":{"index":"index","follow":"follow","max-snippet":"max-snippet:-1","max-image-preview":"max-image-preview:large","max-video-preview":"max-video-preview:-1"},"canonical":"https:\/\/buenosdiasbcs.com\/?p=5349","og_locale":"es_ES","og_type":"article","og_title":"BCS a nivel de alerta 3 a partir de Marzo","og_description":"El doctor\u00a0Victor George,\u00a0del Comit\u00e9 de Seguridad en Salud anunci\u00f3 que a partir del\u00a0primero de marzo,\u00a0los\u00a0cinco municipios\u00a0de BCS pasar\u00e1n a\u00a0nivel de...","og_url":"https:\/\/buenosdiasbcs.com\/?p=5349","og_site_name":"Buenos D&iacute;as BCS","article_published_time":"2026-03-17T07:16:00+00:00","og_image":[{"width":1920,"height":1080,"url":"https:\/\/buenosdiasbcs.com\/wp-content\/uploads\/2026\/03\/organizacion-panamericana-salud-emite-alerta-epidemiologica-por-sarampion.jpg","type":"image\/jpeg"}],"author":"Edici\u00f3n Buenos D\u00edas","twitter_card":"summary_large_image","twitter_misc":{"Escrito por":"Edici\u00f3n Buenos D\u00edas","Tiempo de lectura":"2 minutos"},"schema":{"@context":"https:\/\/schema.org","@graph":[{"@type":"Article","@id":"https:\/\/buenosdiasbcs.com\/?p=5349#article","isPartOf":{"@id":"https:\/\/buenosdiasbcs.com\/?p=5349"},"author":{"name":"Edici\u00f3n Buenos D\u00edas","@id":"https:\/\/buenosdiasbcs.com\/#\/schema\/person\/15aedc247eab7070ee5d76d6d069a821"},"headline":"BCS a nivel de alerta 3 a partir de Marzo","datePublished":"2026-03-17T07:16:00+00:00","mainEntityOfPage":{"@id":"https:\/\/buenosdiasbcs.com\/?p=5349"},"wordCount":427,"commentCount":0,"publisher":{"@id":"https:\/\/buenosdiasbcs.com\/#organization"},"image":{"@id":"https:\/\/buenosdiasbcs.com\/?p=5349#primaryimage"},"thumbnailUrl":"https:\/\/buenosdiasbcs.com\/wp-content\/uploads\/2026\/03\/organizacion-panamericana-salud-emite-alerta-epidemiologica-por-sarampion.jpg","articleSection":["Sociedad"],"inLanguage":"es","potentialAction":[{"@type":"CommentAction","name":"Comment","target":["https:\/\/buenosdiasbcs.com\/?p=5349#respond"]}]},{"@type":"WebPage","@id":"https:\/\/buenosdiasbcs.com\/?p=5349","url":"https:\/\/buenosdiasbcs.com\/?p=5349","name":"BCS a nivel de alerta 3 a partir de Marzo - Buenos D&iacute;as BCS","isPartOf":{"@id":"https:\/\/buenosdiasbcs.com\/#website"},"primaryImageOfPage":{"@id":"https:\/\/buenosdiasbcs.com\/?p=5349#primaryimage"},"image":{"@id":"https:\/\/buenosdiasbcs.com\/?p=5349#primaryimage"},"thumbnailUrl":"https:\/\/buenosdiasbcs.com\/wp-content\/uploads\/2026\/03\/organizacion-panamericana-salud-emite-alerta-epidemiologica-por-sarampion.jpg","datePublished":"2026-03-17T07:16:00+00:00","breadcrumb":{"@id":"https:\/\/buenosdiasbcs.com\/?p=5349#breadcrumb"},"inLanguage":"es","potentialAction":[{"@type":"ReadAction","target":["https:\/\/buenosdiasbcs.com\/?p=5349"]}]},{"@type":"ImageObject","inLanguage":"es","@id":"https:\/\/buenosdiasbcs.com\/?p=5349#primaryimage","url":"https:\/\/buenosdiasbcs.com\/wp-content\/uploads\/2026\/03\/organizacion-panamericana-salud-emite-alerta-epidemiologica-por-sarampion.jpg","contentUrl":"https:\/\/buenosdiasbcs.com\/wp-content\/uploads\/2026\/03\/organizacion-panamericana-salud-emite-alerta-epidemiologica-por-sarampion.jpg","width":1920,"height":1080,"caption":"CIUDAD DE M\u00c9XICO, 30ENERO2026.- \u00daltimo d\u00eda de la jornada de vacunaci\u00f3n contra el sarampi\u00f3n en la Facultad de Medicina de la UNAM debido a la detecci\u00f3n de un posible contagio. Con m\u00e1s de mil novecientas docis, personal del IMSS acudi\u00f3 para reforzar las acciones preventivas. FOTO: EDGAR NEGRETE LIRA\/CUARTOSCURO.COM"},{"@type":"BreadcrumbList","@id":"https:\/\/buenosdiasbcs.com\/?p=5349#breadcrumb","itemListElement":[{"@type":"ListItem","position":1,"name":"Portada","item":"https:\/\/buenosdiasbcs.com\/"},{"@type":"ListItem","position":2,"name":"BCS a nivel de alerta 3 a partir de Marzo"}]},{"@type":"WebSite","@id":"https:\/\/buenosdiasbcs.com\/#website","url":"https:\/\/buenosdiasbcs.com\/","name":"Buenos D\u00edas BCS","description":"","publisher":{"@id":"https:\/\/buenosdiasbcs.com\/#organization"},"potentialAction":[{"@type":"SearchAction","target":{"@type":"EntryPoint","urlTemplate":"https:\/\/buenosdiasbcs.com\/?s={search_term_string}"},"query-input":{"@type":"PropertyValueSpecification","valueRequired":true,"valueName":"search_term_string"}}],"inLanguage":"es"},{"@type":"Organization","@id":"https:\/\/buenosdiasbcs.com\/#organization","name":"Buenos D\u00edas BCS","url":"https:\/\/buenosdiasbcs.com\/","logo":{"@type":"ImageObject","inLanguage":"es","@id":"https:\/\/buenosdiasbcs.com\/#\/schema\/logo\/image\/","url":"https:\/\/buenosdiasbcs.com\/wp-content\/uploads\/2026\/01\/logo-buenos-dias-40-01.png","contentUrl":"https:\/\/buenosdiasbcs.com\/wp-content\/uploads\/2026\/01\/logo-buenos-dias-40-01.png","width":277,"height":40,"caption":"Buenos D\u00edas BCS"},"image":{"@id":"https:\/\/buenosdiasbcs.com\/#\/schema\/logo\/image\/"}},{"@type":"Person","@id":"https:\/\/buenosdiasbcs.com\/#\/schema\/person\/15aedc247eab7070ee5d76d6d069a821","name":"Edici\u00f3n Buenos D\u00edas","image":{"@type":"ImageObject","inLanguage":"es","@id":"https:\/\/buenosdiasbcs.com\/wp-content\/uploads\/2026\/01\/cropped-sol-96x96.png","url":"https:\/\/buenosdiasbcs.com\/wp-content\/uploads\/2026\/01\/cropped-sol-96x96.png","contentUrl":"https:\/\/buenosdiasbcs.com\/wp-content\/uploads\/2026\/01\/cropped-sol-96x96.png","caption":"Edici\u00f3n Buenos D\u00edas"},"url":"https:\/\/buenosdiasbcs.com\/?author=2"}]}},"amp_enabled":true,"_links":{"self":[{"href":"https:\/\/buenosdiasbcs.com\/index.php?rest_route=\/wp\/v2\/posts\/5349","targetHints":{"allow":["GET"]}}],"collection":[{"href":"https:\/\/buenosdiasbcs.com\/index.php?rest_route=\/wp\/v2\/posts"}],"about":[{"href":"https:\/\/buenosdiasbcs.com\/index.php?rest_route=\/wp\/v2\/types\/post"}],"author":[{"embeddable":true,"href":"https:\/\/buenosdiasbcs.com\/index.php?rest_route=\/wp\/v2\/users\/2"}],"replies":[{"embeddable":true,"href":"https:\/\/buenosdiasbcs.com\/index.php?rest_route=%2Fwp%2Fv2%2Fcomments&post=5349"}],"version-history":[{"count":1,"href":"https:\/\/buenosdiasbcs.com\/index.php?rest_route=\/wp\/v2\/posts\/5349\/revisions"}],"predecessor-version":[{"id":5351,"href":"https:\/\/buenosdiasbcs.com\/index.php?rest_route=\/wp\/v2\/posts\/5349\/revisions\/5351"}],"wp:featuredmedia":[{"embeddable":true,"href":"https:\/\/buenosdiasbcs.com\/index.php?rest_route=\/wp\/v2\/media\/5350"}],"wp:attachment":[{"href":"https:\/\/buenosdiasbcs.com\/index.php?rest_route=%2Fwp%2Fv2%2Fmedia&parent=5349"}],"wp:term":[{"taxonomy":"category","embeddable":true,"href":"https:\/\/buenosdiasbcs.com\/index.php?rest_route=%2Fwp%2Fv2%2Fcategories&post=5349"},{"taxonomy":"post_tag","embeddable":true,"href":"https:\/\/buenosdiasbcs.com\/index.php?rest_route=%2Fwp%2Fv2%2Ftags&post=5349"}],"curies":[{"name":"wp","href":"https:\/\/api.w.org\/{rel}","templated":true}]}}