{"id":5337,"date":"2026-03-17T00:59:00","date_gmt":"2026-03-17T07:59:00","guid":{"rendered":"https:\/\/buenosdiasbcs.com\/?p=5337"},"modified":"2026-03-16T23:01:42","modified_gmt":"2026-03-17T06:01:42","slug":"medicamento-contra-epilepsia-muestra-potencial-para-tratar-apnea","status":"publish","type":"post","link":"https:\/\/buenosdiasbcs.com\/?p=5337","title":{"rendered":"Medicamento contra epilepsia muestra potencial para tratar apnea"},"content":{"rendered":"\n<h2 class=\"wp-block-heading\" id=\"h-investigadores-probaron-un-farmaco-contra-la-epilepsia-en-pacientes-con-apnea-del-sueno-y-encontraron-una-disminucion-significativa-de-los-episodios-de-falta-de-respiracion\">Investigadores probaron un f\u00e1rmaco contra la epilepsia en pacientes con apnea del sue\u00f1o y encontraron una disminuci\u00f3n significativa de los episodios de falta de respiraci\u00f3n.<\/h2>\n\n\n\n<p>Un medicamento usado desde hace a\u00f1os para tratar la&nbsp;<strong>Epilepsia<\/strong>&nbsp;podr\u00eda convertirse en una nueva alternativa terap\u00e9utica contra la&nbsp;<strong>Apnea obstructiva del sue\u00f1o<\/strong>, de acuerdo con un estudio reciente.<\/p>\n\n\n\n<p>La investigaci\u00f3n analiz\u00f3 los efectos del f\u00e1rmaco&nbsp;<strong>Sultiame<\/strong>, que actualmente se emplea para tratar epilepsia infantil en algunos pa\u00edses europeos. Durante el ensayo, los cient\u00edficos evaluaron si el medicamento pod\u00eda ayudar a mejorar la respiraci\u00f3n durante el sue\u00f1o en personas con este trastorno.&nbsp;<\/p>\n\n\n\n<h2 class=\"wp-block-heading\" id=\"h-como-afecta-la-apnea-del-sueno\">C\u00f3mo afecta la apnea del sue\u00f1o<\/h2>\n\n\n\n<p>La&nbsp;<strong>Apnea obstructiva del sue\u00f1o<\/strong>&nbsp;es un trastorno que provoca que la respiraci\u00f3n&nbsp;<strong>se detenga repetidamente durante el sue\u00f1o<\/strong>, lo que puede causar ronquidos intensos, cansancio diurno y una menor oxigenaci\u00f3n del organismo.<\/p>\n\n\n\n<p>Este problema ocurre cuando&nbsp;<strong>las v\u00edas respiratorias superiores se bloquean parcial o totalmente<\/strong>, lo que interrumpe el flujo de aire y reduce el nivel de ox\u00edgeno en la sangre.&nbsp;<\/p>\n\n\n\n<h2 class=\"wp-block-heading\" id=\"h-resultados-del-estudio\">Resultados del estudio<\/h2>\n\n\n\n<p>En el ensayo cl\u00ednico, los investigadores administraron&nbsp;<strong>Sultiame<\/strong>&nbsp;a un grupo de pacientes mientras que otro grupo recibi\u00f3 placebo.<\/p>\n\n\n\n<p>Tras&nbsp;<strong>12 semanas de seguimiento<\/strong>, los resultados mostraron que quienes tomaron el medicamento&nbsp;<strong>presentaron menos pausas respiratorias durante el sue\u00f1o y niveles m\u00e1s altos de ox\u00edgeno en sangre<\/strong>&nbsp;en comparaci\u00f3n con quienes no lo recibieron.&nbsp;<\/p>\n\n\n\n<p>Adem\u00e1s, los pacientes que tomaron&nbsp;<strong>dosis m\u00e1s altas<\/strong>&nbsp;del f\u00e1rmaco registraron una&nbsp;<strong>reducci\u00f3n de hasta casi 40% en la frecuencia de interrupciones respiratorias<\/strong>, mientras que las dosis m\u00e1s bajas tambi\u00e9n mostraron mejoras, aunque menores.&nbsp;<\/p>\n\n\n\n<h2 class=\"wp-block-heading\" id=\"h-posible-alternativa-a-los-tratamientos-actuales\">Posible alternativa a los tratamientos actuales<\/h2>\n\n\n\n<p>Actualmente, el tratamiento m\u00e1s com\u00fan para la&nbsp;<strong>Apnea obstructiva del sue\u00f1o<\/strong>&nbsp;es el uso de dispositivos de&nbsp;<strong>presi\u00f3n positiva continua (CPAP)<\/strong>&nbsp;que ayudan a mantener abiertas las v\u00edas respiratorias durante la noche.<\/p>\n\n\n\n<p>Los investigadores se\u00f1alaron que el medicamento podr\u00eda convertirse en&nbsp;<strong>una alternativa para personas que no toleran estos dispositivos<\/strong>, aunque advirtieron que&nbsp;<strong>se necesitan estudios m\u00e1s amplios y prolongados<\/strong>&nbsp;para confirmar su eficacia y seguridad a largo plazo.&nbsp;<\/p>\n\n\n\n<p><em>Con informaci\u00f3n de Uno TV.<\/em><\/p>\n","protected":false},"excerpt":{"rendered":"<p>Investigadores probaron un f\u00e1rmaco contra la epilepsia en pacientes con apnea del sue\u00f1o y encontraron una disminuci\u00f3n significativa de los&#8230;<\/p>\n","protected":false},"author":2,"featured_media":5338,"comment_status":"open","ping_status":"open","sticky":false,"template":"","format":"standard","meta":{"footnotes":""},"categories":[20],"tags":[],"class_list":["post-5337","post","type-post","status-publish","format-standard","has-post-thumbnail","hentry","category-salud"],"yoast_head":"<!-- This site is optimized with the Yoast SEO Premium plugin v26.8 (Yoast SEO v27.5) - https:\/\/yoast.com\/product\/yoast-seo-premium-wordpress\/ -->\n<title>Medicamento contra epilepsia muestra potencial para tratar apnea - Buenos D&iacute;as BCS<\/title>\n<meta name=\"robots\" content=\"index, follow, max-snippet:-1, max-image-preview:large, max-video-preview:-1\" \/>\n<link rel=\"canonical\" href=\"https:\/\/buenosdiasbcs.com\/?p=5337\" \/>\n<meta property=\"og:locale\" content=\"es_ES\" \/>\n<meta property=\"og:type\" content=\"article\" \/>\n<meta property=\"og:title\" content=\"Medicamento contra epilepsia muestra potencial para tratar apnea\" \/>\n<meta property=\"og:description\" content=\"Investigadores probaron un f\u00e1rmaco contra la epilepsia en pacientes con apnea del sue\u00f1o y encontraron una disminuci\u00f3n significativa de los...\" \/>\n<meta property=\"og:url\" content=\"https:\/\/buenosdiasbcs.com\/?p=5337\" \/>\n<meta property=\"og:site_name\" content=\"Buenos D&iacute;as BCS\" \/>\n<meta property=\"article:published_time\" content=\"2026-03-17T07:59:00+00:00\" \/>\n<meta property=\"og:image\" content=\"https:\/\/buenosdiasbcs.com\/wp-content\/uploads\/2026\/03\/formato-sacs-2024-09-28t125537549-db2fe4ac-focus-0-0-688-364.png.jpeg\" \/>\n\t<meta property=\"og:image:width\" content=\"688\" \/>\n\t<meta property=\"og:image:height\" content=\"364\" \/>\n\t<meta property=\"og:image:type\" content=\"image\/jpeg\" \/>\n<meta name=\"author\" content=\"Edici\u00f3n Buenos D\u00edas\" \/>\n<meta name=\"twitter:card\" content=\"summary_large_image\" \/>\n<meta name=\"twitter:label1\" content=\"Escrito por\" \/>\n\t<meta name=\"twitter:data1\" content=\"Edici\u00f3n Buenos D\u00edas\" \/>\n\t<meta name=\"twitter:label2\" content=\"Tiempo de lectura\" \/>\n\t<meta name=\"twitter:data2\" content=\"2 minutos\" \/>\n<script type=\"application\/ld+json\" class=\"yoast-schema-graph\">{\"@context\":\"https:\\\/\\\/schema.org\",\"@graph\":[{\"@type\":\"Article\",\"@id\":\"https:\\\/\\\/buenosdiasbcs.com\\\/?p=5337#article\",\"isPartOf\":{\"@id\":\"https:\\\/\\\/buenosdiasbcs.com\\\/?p=5337\"},\"author\":{\"name\":\"Edici\u00f3n Buenos D\u00edas\",\"@id\":\"https:\\\/\\\/buenosdiasbcs.com\\\/#\\\/schema\\\/person\\\/15aedc247eab7070ee5d76d6d069a821\"},\"headline\":\"Medicamento contra epilepsia muestra potencial para tratar apnea\",\"datePublished\":\"2026-03-17T07:59:00+00:00\",\"mainEntityOfPage\":{\"@id\":\"https:\\\/\\\/buenosdiasbcs.com\\\/?p=5337\"},\"wordCount\":413,\"commentCount\":0,\"publisher\":{\"@id\":\"https:\\\/\\\/buenosdiasbcs.com\\\/#organization\"},\"image\":{\"@id\":\"https:\\\/\\\/buenosdiasbcs.com\\\/?p=5337#primaryimage\"},\"thumbnailUrl\":\"https:\\\/\\\/buenosdiasbcs.com\\\/wp-content\\\/uploads\\\/2026\\\/03\\\/formato-sacs-2024-09-28t125537549-db2fe4ac-focus-0-0-688-364.png.jpeg\",\"articleSection\":[\"Salud\"],\"inLanguage\":\"es\",\"potentialAction\":[{\"@type\":\"CommentAction\",\"name\":\"Comment\",\"target\":[\"https:\\\/\\\/buenosdiasbcs.com\\\/?p=5337#respond\"]}]},{\"@type\":\"WebPage\",\"@id\":\"https:\\\/\\\/buenosdiasbcs.com\\\/?p=5337\",\"url\":\"https:\\\/\\\/buenosdiasbcs.com\\\/?p=5337\",\"name\":\"Medicamento contra epilepsia muestra potencial para tratar apnea - Buenos D&iacute;as BCS\",\"isPartOf\":{\"@id\":\"https:\\\/\\\/buenosdiasbcs.com\\\/#website\"},\"primaryImageOfPage\":{\"@id\":\"https:\\\/\\\/buenosdiasbcs.com\\\/?p=5337#primaryimage\"},\"image\":{\"@id\":\"https:\\\/\\\/buenosdiasbcs.com\\\/?p=5337#primaryimage\"},\"thumbnailUrl\":\"https:\\\/\\\/buenosdiasbcs.com\\\/wp-content\\\/uploads\\\/2026\\\/03\\\/formato-sacs-2024-09-28t125537549-db2fe4ac-focus-0-0-688-364.png.jpeg\",\"datePublished\":\"2026-03-17T07:59:00+00:00\",\"breadcrumb\":{\"@id\":\"https:\\\/\\\/buenosdiasbcs.com\\\/?p=5337#breadcrumb\"},\"inLanguage\":\"es\",\"potentialAction\":[{\"@type\":\"ReadAction\",\"target\":[\"https:\\\/\\\/buenosdiasbcs.com\\\/?p=5337\"]}]},{\"@type\":\"ImageObject\",\"inLanguage\":\"es\",\"@id\":\"https:\\\/\\\/buenosdiasbcs.com\\\/?p=5337#primaryimage\",\"url\":\"https:\\\/\\\/buenosdiasbcs.com\\\/wp-content\\\/uploads\\\/2026\\\/03\\\/formato-sacs-2024-09-28t125537549-db2fe4ac-focus-0-0-688-364.png.jpeg\",\"contentUrl\":\"https:\\\/\\\/buenosdiasbcs.com\\\/wp-content\\\/uploads\\\/2026\\\/03\\\/formato-sacs-2024-09-28t125537549-db2fe4ac-focus-0-0-688-364.png.jpeg\",\"width\":688,\"height\":364},{\"@type\":\"BreadcrumbList\",\"@id\":\"https:\\\/\\\/buenosdiasbcs.com\\\/?p=5337#breadcrumb\",\"itemListElement\":[{\"@type\":\"ListItem\",\"position\":1,\"name\":\"Portada\",\"item\":\"https:\\\/\\\/buenosdiasbcs.com\\\/\"},{\"@type\":\"ListItem\",\"position\":2,\"name\":\"Medicamento contra epilepsia muestra potencial para tratar apnea\"}]},{\"@type\":\"WebSite\",\"@id\":\"https:\\\/\\\/buenosdiasbcs.com\\\/#website\",\"url\":\"https:\\\/\\\/buenosdiasbcs.com\\\/\",\"name\":\"Buenos D\u00edas BCS\",\"description\":\"\",\"publisher\":{\"@id\":\"https:\\\/\\\/buenosdiasbcs.com\\\/#organization\"},\"potentialAction\":[{\"@type\":\"SearchAction\",\"target\":{\"@type\":\"EntryPoint\",\"urlTemplate\":\"https:\\\/\\\/buenosdiasbcs.com\\\/?s={search_term_string}\"},\"query-input\":{\"@type\":\"PropertyValueSpecification\",\"valueRequired\":true,\"valueName\":\"search_term_string\"}}],\"inLanguage\":\"es\"},{\"@type\":\"Organization\",\"@id\":\"https:\\\/\\\/buenosdiasbcs.com\\\/#organization\",\"name\":\"Buenos D\u00edas BCS\",\"url\":\"https:\\\/\\\/buenosdiasbcs.com\\\/\",\"logo\":{\"@type\":\"ImageObject\",\"inLanguage\":\"es\",\"@id\":\"https:\\\/\\\/buenosdiasbcs.com\\\/#\\\/schema\\\/logo\\\/image\\\/\",\"url\":\"https:\\\/\\\/buenosdiasbcs.com\\\/wp-content\\\/uploads\\\/2026\\\/01\\\/logo-buenos-dias-40-01.png\",\"contentUrl\":\"https:\\\/\\\/buenosdiasbcs.com\\\/wp-content\\\/uploads\\\/2026\\\/01\\\/logo-buenos-dias-40-01.png\",\"width\":277,\"height\":40,\"caption\":\"Buenos D\u00edas BCS\"},\"image\":{\"@id\":\"https:\\\/\\\/buenosdiasbcs.com\\\/#\\\/schema\\\/logo\\\/image\\\/\"}},{\"@type\":\"Person\",\"@id\":\"https:\\\/\\\/buenosdiasbcs.com\\\/#\\\/schema\\\/person\\\/15aedc247eab7070ee5d76d6d069a821\",\"name\":\"Edici\u00f3n Buenos D\u00edas\",\"image\":{\"@type\":\"ImageObject\",\"inLanguage\":\"es\",\"@id\":\"https:\\\/\\\/buenosdiasbcs.com\\\/wp-content\\\/uploads\\\/2026\\\/01\\\/cropped-sol-96x96.png\",\"url\":\"https:\\\/\\\/buenosdiasbcs.com\\\/wp-content\\\/uploads\\\/2026\\\/01\\\/cropped-sol-96x96.png\",\"contentUrl\":\"https:\\\/\\\/buenosdiasbcs.com\\\/wp-content\\\/uploads\\\/2026\\\/01\\\/cropped-sol-96x96.png\",\"caption\":\"Edici\u00f3n Buenos D\u00edas\"},\"url\":\"https:\\\/\\\/buenosdiasbcs.com\\\/?author=2\"}]}<\/script>\n<!-- \/ Yoast SEO Premium plugin. -->","yoast_head_json":{"title":"Medicamento contra epilepsia muestra potencial para tratar apnea - Buenos D&iacute;as BCS","robots":{"index":"index","follow":"follow","max-snippet":"max-snippet:-1","max-image-preview":"max-image-preview:large","max-video-preview":"max-video-preview:-1"},"canonical":"https:\/\/buenosdiasbcs.com\/?p=5337","og_locale":"es_ES","og_type":"article","og_title":"Medicamento contra epilepsia muestra potencial para tratar apnea","og_description":"Investigadores probaron un f\u00e1rmaco contra la epilepsia en pacientes con apnea del sue\u00f1o y encontraron una disminuci\u00f3n significativa de los...","og_url":"https:\/\/buenosdiasbcs.com\/?p=5337","og_site_name":"Buenos D&iacute;as BCS","article_published_time":"2026-03-17T07:59:00+00:00","og_image":[{"width":688,"height":364,"url":"https:\/\/buenosdiasbcs.com\/wp-content\/uploads\/2026\/03\/formato-sacs-2024-09-28t125537549-db2fe4ac-focus-0-0-688-364.png.jpeg","type":"image\/jpeg"}],"author":"Edici\u00f3n Buenos D\u00edas","twitter_card":"summary_large_image","twitter_misc":{"Escrito por":"Edici\u00f3n Buenos D\u00edas","Tiempo de lectura":"2 minutos"},"schema":{"@context":"https:\/\/schema.org","@graph":[{"@type":"Article","@id":"https:\/\/buenosdiasbcs.com\/?p=5337#article","isPartOf":{"@id":"https:\/\/buenosdiasbcs.com\/?p=5337"},"author":{"name":"Edici\u00f3n Buenos D\u00edas","@id":"https:\/\/buenosdiasbcs.com\/#\/schema\/person\/15aedc247eab7070ee5d76d6d069a821"},"headline":"Medicamento contra epilepsia muestra potencial para tratar apnea","datePublished":"2026-03-17T07:59:00+00:00","mainEntityOfPage":{"@id":"https:\/\/buenosdiasbcs.com\/?p=5337"},"wordCount":413,"commentCount":0,"publisher":{"@id":"https:\/\/buenosdiasbcs.com\/#organization"},"image":{"@id":"https:\/\/buenosdiasbcs.com\/?p=5337#primaryimage"},"thumbnailUrl":"https:\/\/buenosdiasbcs.com\/wp-content\/uploads\/2026\/03\/formato-sacs-2024-09-28t125537549-db2fe4ac-focus-0-0-688-364.png.jpeg","articleSection":["Salud"],"inLanguage":"es","potentialAction":[{"@type":"CommentAction","name":"Comment","target":["https:\/\/buenosdiasbcs.com\/?p=5337#respond"]}]},{"@type":"WebPage","@id":"https:\/\/buenosdiasbcs.com\/?p=5337","url":"https:\/\/buenosdiasbcs.com\/?p=5337","name":"Medicamento contra epilepsia muestra potencial para tratar apnea - Buenos D&iacute;as BCS","isPartOf":{"@id":"https:\/\/buenosdiasbcs.com\/#website"},"primaryImageOfPage":{"@id":"https:\/\/buenosdiasbcs.com\/?p=5337#primaryimage"},"image":{"@id":"https:\/\/buenosdiasbcs.com\/?p=5337#primaryimage"},"thumbnailUrl":"https:\/\/buenosdiasbcs.com\/wp-content\/uploads\/2026\/03\/formato-sacs-2024-09-28t125537549-db2fe4ac-focus-0-0-688-364.png.jpeg","datePublished":"2026-03-17T07:59:00+00:00","breadcrumb":{"@id":"https:\/\/buenosdiasbcs.com\/?p=5337#breadcrumb"},"inLanguage":"es","potentialAction":[{"@type":"ReadAction","target":["https:\/\/buenosdiasbcs.com\/?p=5337"]}]},{"@type":"ImageObject","inLanguage":"es","@id":"https:\/\/buenosdiasbcs.com\/?p=5337#primaryimage","url":"https:\/\/buenosdiasbcs.com\/wp-content\/uploads\/2026\/03\/formato-sacs-2024-09-28t125537549-db2fe4ac-focus-0-0-688-364.png.jpeg","contentUrl":"https:\/\/buenosdiasbcs.com\/wp-content\/uploads\/2026\/03\/formato-sacs-2024-09-28t125537549-db2fe4ac-focus-0-0-688-364.png.jpeg","width":688,"height":364},{"@type":"BreadcrumbList","@id":"https:\/\/buenosdiasbcs.com\/?p=5337#breadcrumb","itemListElement":[{"@type":"ListItem","position":1,"name":"Portada","item":"https:\/\/buenosdiasbcs.com\/"},{"@type":"ListItem","position":2,"name":"Medicamento contra epilepsia muestra potencial para tratar apnea"}]},{"@type":"WebSite","@id":"https:\/\/buenosdiasbcs.com\/#website","url":"https:\/\/buenosdiasbcs.com\/","name":"Buenos D\u00edas BCS","description":"","publisher":{"@id":"https:\/\/buenosdiasbcs.com\/#organization"},"potentialAction":[{"@type":"SearchAction","target":{"@type":"EntryPoint","urlTemplate":"https:\/\/buenosdiasbcs.com\/?s={search_term_string}"},"query-input":{"@type":"PropertyValueSpecification","valueRequired":true,"valueName":"search_term_string"}}],"inLanguage":"es"},{"@type":"Organization","@id":"https:\/\/buenosdiasbcs.com\/#organization","name":"Buenos D\u00edas BCS","url":"https:\/\/buenosdiasbcs.com\/","logo":{"@type":"ImageObject","inLanguage":"es","@id":"https:\/\/buenosdiasbcs.com\/#\/schema\/logo\/image\/","url":"https:\/\/buenosdiasbcs.com\/wp-content\/uploads\/2026\/01\/logo-buenos-dias-40-01.png","contentUrl":"https:\/\/buenosdiasbcs.com\/wp-content\/uploads\/2026\/01\/logo-buenos-dias-40-01.png","width":277,"height":40,"caption":"Buenos D\u00edas BCS"},"image":{"@id":"https:\/\/buenosdiasbcs.com\/#\/schema\/logo\/image\/"}},{"@type":"Person","@id":"https:\/\/buenosdiasbcs.com\/#\/schema\/person\/15aedc247eab7070ee5d76d6d069a821","name":"Edici\u00f3n Buenos D\u00edas","image":{"@type":"ImageObject","inLanguage":"es","@id":"https:\/\/buenosdiasbcs.com\/wp-content\/uploads\/2026\/01\/cropped-sol-96x96.png","url":"https:\/\/buenosdiasbcs.com\/wp-content\/uploads\/2026\/01\/cropped-sol-96x96.png","contentUrl":"https:\/\/buenosdiasbcs.com\/wp-content\/uploads\/2026\/01\/cropped-sol-96x96.png","caption":"Edici\u00f3n Buenos D\u00edas"},"url":"https:\/\/buenosdiasbcs.com\/?author=2"}]}},"amp_enabled":true,"_links":{"self":[{"href":"https:\/\/buenosdiasbcs.com\/index.php?rest_route=\/wp\/v2\/posts\/5337","targetHints":{"allow":["GET"]}}],"collection":[{"href":"https:\/\/buenosdiasbcs.com\/index.php?rest_route=\/wp\/v2\/posts"}],"about":[{"href":"https:\/\/buenosdiasbcs.com\/index.php?rest_route=\/wp\/v2\/types\/post"}],"author":[{"embeddable":true,"href":"https:\/\/buenosdiasbcs.com\/index.php?rest_route=\/wp\/v2\/users\/2"}],"replies":[{"embeddable":true,"href":"https:\/\/buenosdiasbcs.com\/index.php?rest_route=%2Fwp%2Fv2%2Fcomments&post=5337"}],"version-history":[{"count":1,"href":"https:\/\/buenosdiasbcs.com\/index.php?rest_route=\/wp\/v2\/posts\/5337\/revisions"}],"predecessor-version":[{"id":5339,"href":"https:\/\/buenosdiasbcs.com\/index.php?rest_route=\/wp\/v2\/posts\/5337\/revisions\/5339"}],"wp:featuredmedia":[{"embeddable":true,"href":"https:\/\/buenosdiasbcs.com\/index.php?rest_route=\/wp\/v2\/media\/5338"}],"wp:attachment":[{"href":"https:\/\/buenosdiasbcs.com\/index.php?rest_route=%2Fwp%2Fv2%2Fmedia&parent=5337"}],"wp:term":[{"taxonomy":"category","embeddable":true,"href":"https:\/\/buenosdiasbcs.com\/index.php?rest_route=%2Fwp%2Fv2%2Fcategories&post=5337"},{"taxonomy":"post_tag","embeddable":true,"href":"https:\/\/buenosdiasbcs.com\/index.php?rest_route=%2Fwp%2Fv2%2Ftags&post=5337"}],"curies":[{"name":"wp","href":"https:\/\/api.w.org\/{rel}","templated":true}]}}