{"id":5328,"date":"2026-03-17T00:45:00","date_gmt":"2026-03-17T07:45:00","guid":{"rendered":"https:\/\/buenosdiasbcs.com\/?p=5328"},"modified":"2026-03-16T22:46:57","modified_gmt":"2026-03-17T05:46:57","slug":"revelan-causa-de-muerte-de-mujer-localizada-sin-vida-en-colonia-centro-de-la-paz","status":"publish","type":"post","link":"https:\/\/buenosdiasbcs.com\/?p=5328","title":{"rendered":"Revelan causa de muerte de mujer localizada sin vida en colonia Centro de La Paz"},"content":{"rendered":"\n<h2 class=\"wp-block-heading\" id=\"resumenNota\">De acuerdo con la autoridad, tras la realizaci\u00f3n de los estudios correspondientes se determin\u00f3 la causa de muerte de la persona localizada en el lugar.<\/h2>\n\n\n\n<p>La&nbsp;<strong>Procuradur\u00eda General de Justicia<\/strong>&nbsp;del Estado (<strong>PGJE<\/strong>) de&nbsp;<strong>Baja California Sur<\/strong>&nbsp;inform\u00f3 avances en la investigaci\u00f3n sobre el hallazgo de una&nbsp;<strong>mujer sin vida<\/strong>&nbsp;al interior de un domicilio en la&nbsp;<strong>colonia Centro<\/strong>&nbsp;de La Paz, ocurrido el domingo 15 de marzo.<\/p>\n\n\n\n<p>De acuerdo con la\u00a0<strong>autoridad<\/strong>, tras la realizaci\u00f3n de los\u00a0<strong>estudios correspondientes<\/strong>\u00a0se determin\u00f3 la\u00a0<strong>causa de muerte<\/strong>\u00a0de la persona localizada en el lugar.<\/p>\n\n\n\n<h2 class=\"wp-block-heading\" id=\"h-que-fue-lo-que-determino-la-necropsia-nbsp-sobre-mujer-hallada-sin-vida-en-colonia-centro\"><strong>\u00bfQu\u00e9 fue lo que determin\u00f3 la necropsia<\/strong>&nbsp;sobre mujer hallada sin vida en colonia Centro?<\/h2>\n\n\n\n<p>Tras el levantamiento del&nbsp;<strong>cuerpo<\/strong>, \u00e9ste fue trasladado al&nbsp;<strong>Servicio M\u00e9dico Forense (SEMEFO)<\/strong>&nbsp;para la pr\u00e1ctica de la&nbsp;<strong>necropsia<\/strong>&nbsp;de ley correspondiente.<\/p>\n\n\n\n<p>La&nbsp;<strong>PGJE<\/strong>&nbsp;inform\u00f3 que el resultado del estudio determin\u00f3 como&nbsp;causa de muerte&nbsp;<strong>asfixia mec\u00e1nica por ahorcamiento<\/strong>, descartando cualquier indicio de violencia.<\/p>\n\n\n\n<p>Durante el procesamiento de la escena, los agentes&nbsp;especializados indicaron<strong>&nbsp;que&nbsp;no se localizaron huellas de violencia&nbsp;ni signos de lucha o resistencia<\/strong>&nbsp;en el domicilio.<\/p>\n\n\n\n<p>Tres d\u00edas antes, tambi\u00e9n&nbsp;<strong><a href=\"https:\/\/www.posta.com.mx\/bcs\/localizan-a-hombre-sin-vida-dentro-de-vehiculo-tras-salida-de-camino-en-la-paz\/vl2176714\">localizado sin vida un hombre&nbsp;<\/a><\/strong><a href=\"https:\/\/www.posta.com.mx\/bcs\/localizan-a-hombre-sin-vida-dentro-de-vehiculo-tras-salida-de-camino-en-la-paz\/vl2176714\">dentro de su veh\u00edculo tras salida de camino en La Paz<\/a>.<\/p>\n\n\n\n<h2 class=\"wp-block-heading\" id=\"h-como-fue-localizada-la-mujer-sin-vida-al-interior-nbsp-de-una-vivienda\"><strong>\u00bfC\u00f3mo fue localizada la mujer sin vida al interior&nbsp;<\/strong>de una vivienda?<\/h2>\n\n\n\n<p>La&nbsp;<strong>PGJE<\/strong>&nbsp;dio a conocer que el reporte se recibi\u00f3 aproximadamente a las&nbsp;<strong>13:49 horas del domingo<\/strong>, cuando se inform\u00f3 sobre la presencia de una&nbsp;<strong>mujer sin vida<\/strong>&nbsp;dentro de un domicilio ubicado en las calles&nbsp;<strong>H\u00e9roes de Independencia y Reforma<\/strong>, en la&nbsp;<strong>colonia Centro<\/strong>&nbsp;de la capital del estado.<\/p>\n\n\n\n<p>Al sitio acudieron&nbsp;<strong>elementos de la Agencia Estatal de Investigaci\u00f3n Criminal (AEIC)<\/strong>&nbsp;y personal de la&nbsp;<strong>Direcci\u00f3n de Servicios Periciales<\/strong>, quienes realizaron el&nbsp;<strong>procesamiento del lugar<\/strong>&nbsp;para recabar indicios y evidencias que permitieran iniciar la investigaci\u00f3n correspondiente.<\/p>\n\n\n\n<p>De acuerdo con el reporte inicial, la&nbsp;<strong>mujer<\/strong>&nbsp;fue localizada por un&nbsp;<strong>familiar<\/strong>&nbsp;al interior de la vivienda con una cuerda en el cuello y&nbsp;<strong>suspendida<\/strong>.<\/p>\n\n\n\n<p>Tristemente, otro caso similar que se registr\u00f3 hace unas semanas, fue&nbsp;<a href=\"https:\/\/www.posta.com.mx\/bcs\/fallece-el-periodista-jose-guadalupe-ortiz-en-cabo-san-lucas-autoridades-investigan\/vl2167592\">en el municipio de Los Cabos donde tambi\u00e9n fue&nbsp;<strong>hallado sin vida y sin signos de violencia<\/strong>&nbsp;el cuerpo de un periodista en Cabo San Lucas<\/a>.<\/p>\n\n\n\n<h2 class=\"wp-block-heading\" id=\"h-autoridades-descartan-indicios-de-nbsp-violencia-fisica\">Autoridades descartan indicios de&nbsp;<strong>violencia f\u00edsica<\/strong><\/h2>\n\n\n\n<p>De igual forma, el&nbsp;<strong>examen post-mortem<\/strong>&nbsp;realizado al&nbsp;<strong>cuerpo<\/strong>&nbsp;de la&nbsp;<strong>mujer<\/strong>&nbsp;confirm\u00f3&nbsp;<strong>la ausencia de huellas de violencia f\u00edsica<\/strong>, lo que refuerza la l\u00ednea inicial de investigaci\u00f3n.<\/p>\n\n\n\n<p>La&nbsp;<strong>Procuradur\u00eda<\/strong>&nbsp;se\u00f1al\u00f3 que continuar\u00e1 con los&nbsp;<strong>protocolos<\/strong>&nbsp;correspondientes para el&nbsp;<strong>esclarecimiento del caso<\/strong>&nbsp;y reiter\u00f3 su compromiso con la transparencia y el rigor cient\u00edfico en las investigaciones.<\/p>\n\n\n\n<p>Asimismo, indic\u00f3 que el&nbsp;<strong>objetivo<\/strong>&nbsp;es brindar&nbsp;<strong>certeza jur\u00eddica<\/strong>&nbsp;a los&nbsp;<strong>familiares<\/strong>&nbsp;de la persona fallecida.<\/p>\n","protected":false},"excerpt":{"rendered":"<p>De acuerdo con la autoridad, tras la realizaci\u00f3n de los estudios correspondientes se determin\u00f3 la causa de muerte de la&#8230;<\/p>\n","protected":false},"author":2,"featured_media":5329,"comment_status":"open","ping_status":"open","sticky":false,"template":"","format":"standard","meta":{"footnotes":""},"categories":[237],"tags":[],"class_list":["post-5328","post","type-post","status-publish","format-standard","has-post-thumbnail","hentry","category-seguridad"],"yoast_head":"<!-- This site is optimized with the Yoast SEO Premium plugin v26.8 (Yoast SEO v27.5) - https:\/\/yoast.com\/product\/yoast-seo-premium-wordpress\/ -->\n<title>Revelan causa de muerte de mujer localizada sin vida en colonia Centro de La Paz - Buenos D&iacute;as BCS<\/title>\n<meta name=\"robots\" content=\"index, follow, max-snippet:-1, max-image-preview:large, max-video-preview:-1\" \/>\n<link rel=\"canonical\" href=\"https:\/\/buenosdiasbcs.com\/?p=5328\" \/>\n<meta property=\"og:locale\" content=\"es_ES\" \/>\n<meta property=\"og:type\" content=\"article\" \/>\n<meta property=\"og:title\" content=\"Revelan causa de muerte de mujer localizada sin vida en colonia Centro de La Paz\" \/>\n<meta property=\"og:description\" content=\"De acuerdo con la autoridad, tras la realizaci\u00f3n de los estudios correspondientes se determin\u00f3 la causa de muerte de la...\" \/>\n<meta property=\"og:url\" content=\"https:\/\/buenosdiasbcs.com\/?p=5328\" \/>\n<meta property=\"og:site_name\" content=\"Buenos D&iacute;as BCS\" \/>\n<meta property=\"article:published_time\" content=\"2026-03-17T07:45:00+00:00\" \/>\n<meta property=\"og:image\" content=\"https:\/\/buenosdiasbcs.com\/wp-content\/uploads\/2026\/03\/como-fue-localizada-la-mujer-sin-vida-al-interior-de-una-vivienda-6acf16f7-focus-0-0-825-550.webp\" \/>\n\t<meta property=\"og:image:width\" content=\"768\" \/>\n\t<meta property=\"og:image:height\" content=\"512\" \/>\n\t<meta property=\"og:image:type\" content=\"image\/webp\" \/>\n<meta name=\"author\" content=\"Edici\u00f3n Buenos D\u00edas\" \/>\n<meta name=\"twitter:card\" content=\"summary_large_image\" \/>\n<meta name=\"twitter:label1\" content=\"Escrito por\" \/>\n\t<meta name=\"twitter:data1\" content=\"Edici\u00f3n Buenos D\u00edas\" \/>\n\t<meta name=\"twitter:label2\" content=\"Tiempo de lectura\" \/>\n\t<meta name=\"twitter:data2\" content=\"3 minutos\" \/>\n<script type=\"application\/ld+json\" class=\"yoast-schema-graph\">{\"@context\":\"https:\\\/\\\/schema.org\",\"@graph\":[{\"@type\":\"Article\",\"@id\":\"https:\\\/\\\/buenosdiasbcs.com\\\/?p=5328#article\",\"isPartOf\":{\"@id\":\"https:\\\/\\\/buenosdiasbcs.com\\\/?p=5328\"},\"author\":{\"name\":\"Edici\u00f3n Buenos D\u00edas\",\"@id\":\"https:\\\/\\\/buenosdiasbcs.com\\\/#\\\/schema\\\/person\\\/15aedc247eab7070ee5d76d6d069a821\"},\"headline\":\"Revelan causa de muerte de mujer localizada sin vida en colonia Centro de La Paz\",\"datePublished\":\"2026-03-17T07:45:00+00:00\",\"mainEntityOfPage\":{\"@id\":\"https:\\\/\\\/buenosdiasbcs.com\\\/?p=5328\"},\"wordCount\":542,\"commentCount\":0,\"publisher\":{\"@id\":\"https:\\\/\\\/buenosdiasbcs.com\\\/#organization\"},\"image\":{\"@id\":\"https:\\\/\\\/buenosdiasbcs.com\\\/?p=5328#primaryimage\"},\"thumbnailUrl\":\"https:\\\/\\\/buenosdiasbcs.com\\\/wp-content\\\/uploads\\\/2026\\\/03\\\/como-fue-localizada-la-mujer-sin-vida-al-interior-de-una-vivienda-6acf16f7-focus-0-0-825-550.webp\",\"articleSection\":[\"Seguridad\"],\"inLanguage\":\"es\",\"potentialAction\":[{\"@type\":\"CommentAction\",\"name\":\"Comment\",\"target\":[\"https:\\\/\\\/buenosdiasbcs.com\\\/?p=5328#respond\"]}]},{\"@type\":\"WebPage\",\"@id\":\"https:\\\/\\\/buenosdiasbcs.com\\\/?p=5328\",\"url\":\"https:\\\/\\\/buenosdiasbcs.com\\\/?p=5328\",\"name\":\"Revelan causa de muerte de mujer localizada sin vida en colonia Centro de La Paz - Buenos D&iacute;as BCS\",\"isPartOf\":{\"@id\":\"https:\\\/\\\/buenosdiasbcs.com\\\/#website\"},\"primaryImageOfPage\":{\"@id\":\"https:\\\/\\\/buenosdiasbcs.com\\\/?p=5328#primaryimage\"},\"image\":{\"@id\":\"https:\\\/\\\/buenosdiasbcs.com\\\/?p=5328#primaryimage\"},\"thumbnailUrl\":\"https:\\\/\\\/buenosdiasbcs.com\\\/wp-content\\\/uploads\\\/2026\\\/03\\\/como-fue-localizada-la-mujer-sin-vida-al-interior-de-una-vivienda-6acf16f7-focus-0-0-825-550.webp\",\"datePublished\":\"2026-03-17T07:45:00+00:00\",\"breadcrumb\":{\"@id\":\"https:\\\/\\\/buenosdiasbcs.com\\\/?p=5328#breadcrumb\"},\"inLanguage\":\"es\",\"potentialAction\":[{\"@type\":\"ReadAction\",\"target\":[\"https:\\\/\\\/buenosdiasbcs.com\\\/?p=5328\"]}]},{\"@type\":\"ImageObject\",\"inLanguage\":\"es\",\"@id\":\"https:\\\/\\\/buenosdiasbcs.com\\\/?p=5328#primaryimage\",\"url\":\"https:\\\/\\\/buenosdiasbcs.com\\\/wp-content\\\/uploads\\\/2026\\\/03\\\/como-fue-localizada-la-mujer-sin-vida-al-interior-de-una-vivienda-6acf16f7-focus-0-0-825-550.webp\",\"contentUrl\":\"https:\\\/\\\/buenosdiasbcs.com\\\/wp-content\\\/uploads\\\/2026\\\/03\\\/como-fue-localizada-la-mujer-sin-vida-al-interior-de-una-vivienda-6acf16f7-focus-0-0-825-550.webp\",\"width\":768,\"height\":512},{\"@type\":\"BreadcrumbList\",\"@id\":\"https:\\\/\\\/buenosdiasbcs.com\\\/?p=5328#breadcrumb\",\"itemListElement\":[{\"@type\":\"ListItem\",\"position\":1,\"name\":\"Portada\",\"item\":\"https:\\\/\\\/buenosdiasbcs.com\\\/\"},{\"@type\":\"ListItem\",\"position\":2,\"name\":\"Revelan causa de muerte de mujer localizada sin vida en colonia Centro de La Paz\"}]},{\"@type\":\"WebSite\",\"@id\":\"https:\\\/\\\/buenosdiasbcs.com\\\/#website\",\"url\":\"https:\\\/\\\/buenosdiasbcs.com\\\/\",\"name\":\"Buenos D\u00edas BCS\",\"description\":\"\",\"publisher\":{\"@id\":\"https:\\\/\\\/buenosdiasbcs.com\\\/#organization\"},\"potentialAction\":[{\"@type\":\"SearchAction\",\"target\":{\"@type\":\"EntryPoint\",\"urlTemplate\":\"https:\\\/\\\/buenosdiasbcs.com\\\/?s={search_term_string}\"},\"query-input\":{\"@type\":\"PropertyValueSpecification\",\"valueRequired\":true,\"valueName\":\"search_term_string\"}}],\"inLanguage\":\"es\"},{\"@type\":\"Organization\",\"@id\":\"https:\\\/\\\/buenosdiasbcs.com\\\/#organization\",\"name\":\"Buenos D\u00edas BCS\",\"url\":\"https:\\\/\\\/buenosdiasbcs.com\\\/\",\"logo\":{\"@type\":\"ImageObject\",\"inLanguage\":\"es\",\"@id\":\"https:\\\/\\\/buenosdiasbcs.com\\\/#\\\/schema\\\/logo\\\/image\\\/\",\"url\":\"https:\\\/\\\/buenosdiasbcs.com\\\/wp-content\\\/uploads\\\/2026\\\/01\\\/logo-buenos-dias-40-01.png\",\"contentUrl\":\"https:\\\/\\\/buenosdiasbcs.com\\\/wp-content\\\/uploads\\\/2026\\\/01\\\/logo-buenos-dias-40-01.png\",\"width\":277,\"height\":40,\"caption\":\"Buenos D\u00edas BCS\"},\"image\":{\"@id\":\"https:\\\/\\\/buenosdiasbcs.com\\\/#\\\/schema\\\/logo\\\/image\\\/\"}},{\"@type\":\"Person\",\"@id\":\"https:\\\/\\\/buenosdiasbcs.com\\\/#\\\/schema\\\/person\\\/15aedc247eab7070ee5d76d6d069a821\",\"name\":\"Edici\u00f3n Buenos D\u00edas\",\"image\":{\"@type\":\"ImageObject\",\"inLanguage\":\"es\",\"@id\":\"https:\\\/\\\/buenosdiasbcs.com\\\/wp-content\\\/uploads\\\/2026\\\/01\\\/cropped-sol-96x96.png\",\"url\":\"https:\\\/\\\/buenosdiasbcs.com\\\/wp-content\\\/uploads\\\/2026\\\/01\\\/cropped-sol-96x96.png\",\"contentUrl\":\"https:\\\/\\\/buenosdiasbcs.com\\\/wp-content\\\/uploads\\\/2026\\\/01\\\/cropped-sol-96x96.png\",\"caption\":\"Edici\u00f3n Buenos D\u00edas\"},\"url\":\"https:\\\/\\\/buenosdiasbcs.com\\\/?author=2\"}]}<\/script>\n<!-- \/ Yoast SEO Premium plugin. -->","yoast_head_json":{"title":"Revelan causa de muerte de mujer localizada sin vida en colonia Centro de La Paz - Buenos D&iacute;as BCS","robots":{"index":"index","follow":"follow","max-snippet":"max-snippet:-1","max-image-preview":"max-image-preview:large","max-video-preview":"max-video-preview:-1"},"canonical":"https:\/\/buenosdiasbcs.com\/?p=5328","og_locale":"es_ES","og_type":"article","og_title":"Revelan causa de muerte de mujer localizada sin vida en colonia Centro de La Paz","og_description":"De acuerdo con la autoridad, tras la realizaci\u00f3n de los estudios correspondientes se determin\u00f3 la causa de muerte de la...","og_url":"https:\/\/buenosdiasbcs.com\/?p=5328","og_site_name":"Buenos D&iacute;as BCS","article_published_time":"2026-03-17T07:45:00+00:00","og_image":[{"width":768,"height":512,"url":"https:\/\/buenosdiasbcs.com\/wp-content\/uploads\/2026\/03\/como-fue-localizada-la-mujer-sin-vida-al-interior-de-una-vivienda-6acf16f7-focus-0-0-825-550.webp","type":"image\/webp"}],"author":"Edici\u00f3n Buenos D\u00edas","twitter_card":"summary_large_image","twitter_misc":{"Escrito por":"Edici\u00f3n Buenos D\u00edas","Tiempo de lectura":"3 minutos"},"schema":{"@context":"https:\/\/schema.org","@graph":[{"@type":"Article","@id":"https:\/\/buenosdiasbcs.com\/?p=5328#article","isPartOf":{"@id":"https:\/\/buenosdiasbcs.com\/?p=5328"},"author":{"name":"Edici\u00f3n Buenos D\u00edas","@id":"https:\/\/buenosdiasbcs.com\/#\/schema\/person\/15aedc247eab7070ee5d76d6d069a821"},"headline":"Revelan causa de muerte de mujer localizada sin vida en colonia Centro de La Paz","datePublished":"2026-03-17T07:45:00+00:00","mainEntityOfPage":{"@id":"https:\/\/buenosdiasbcs.com\/?p=5328"},"wordCount":542,"commentCount":0,"publisher":{"@id":"https:\/\/buenosdiasbcs.com\/#organization"},"image":{"@id":"https:\/\/buenosdiasbcs.com\/?p=5328#primaryimage"},"thumbnailUrl":"https:\/\/buenosdiasbcs.com\/wp-content\/uploads\/2026\/03\/como-fue-localizada-la-mujer-sin-vida-al-interior-de-una-vivienda-6acf16f7-focus-0-0-825-550.webp","articleSection":["Seguridad"],"inLanguage":"es","potentialAction":[{"@type":"CommentAction","name":"Comment","target":["https:\/\/buenosdiasbcs.com\/?p=5328#respond"]}]},{"@type":"WebPage","@id":"https:\/\/buenosdiasbcs.com\/?p=5328","url":"https:\/\/buenosdiasbcs.com\/?p=5328","name":"Revelan causa de muerte de mujer localizada sin vida en colonia Centro de La Paz - Buenos D&iacute;as BCS","isPartOf":{"@id":"https:\/\/buenosdiasbcs.com\/#website"},"primaryImageOfPage":{"@id":"https:\/\/buenosdiasbcs.com\/?p=5328#primaryimage"},"image":{"@id":"https:\/\/buenosdiasbcs.com\/?p=5328#primaryimage"},"thumbnailUrl":"https:\/\/buenosdiasbcs.com\/wp-content\/uploads\/2026\/03\/como-fue-localizada-la-mujer-sin-vida-al-interior-de-una-vivienda-6acf16f7-focus-0-0-825-550.webp","datePublished":"2026-03-17T07:45:00+00:00","breadcrumb":{"@id":"https:\/\/buenosdiasbcs.com\/?p=5328#breadcrumb"},"inLanguage":"es","potentialAction":[{"@type":"ReadAction","target":["https:\/\/buenosdiasbcs.com\/?p=5328"]}]},{"@type":"ImageObject","inLanguage":"es","@id":"https:\/\/buenosdiasbcs.com\/?p=5328#primaryimage","url":"https:\/\/buenosdiasbcs.com\/wp-content\/uploads\/2026\/03\/como-fue-localizada-la-mujer-sin-vida-al-interior-de-una-vivienda-6acf16f7-focus-0-0-825-550.webp","contentUrl":"https:\/\/buenosdiasbcs.com\/wp-content\/uploads\/2026\/03\/como-fue-localizada-la-mujer-sin-vida-al-interior-de-una-vivienda-6acf16f7-focus-0-0-825-550.webp","width":768,"height":512},{"@type":"BreadcrumbList","@id":"https:\/\/buenosdiasbcs.com\/?p=5328#breadcrumb","itemListElement":[{"@type":"ListItem","position":1,"name":"Portada","item":"https:\/\/buenosdiasbcs.com\/"},{"@type":"ListItem","position":2,"name":"Revelan causa de muerte de mujer localizada sin vida en colonia Centro de La Paz"}]},{"@type":"WebSite","@id":"https:\/\/buenosdiasbcs.com\/#website","url":"https:\/\/buenosdiasbcs.com\/","name":"Buenos D\u00edas BCS","description":"","publisher":{"@id":"https:\/\/buenosdiasbcs.com\/#organization"},"potentialAction":[{"@type":"SearchAction","target":{"@type":"EntryPoint","urlTemplate":"https:\/\/buenosdiasbcs.com\/?s={search_term_string}"},"query-input":{"@type":"PropertyValueSpecification","valueRequired":true,"valueName":"search_term_string"}}],"inLanguage":"es"},{"@type":"Organization","@id":"https:\/\/buenosdiasbcs.com\/#organization","name":"Buenos D\u00edas BCS","url":"https:\/\/buenosdiasbcs.com\/","logo":{"@type":"ImageObject","inLanguage":"es","@id":"https:\/\/buenosdiasbcs.com\/#\/schema\/logo\/image\/","url":"https:\/\/buenosdiasbcs.com\/wp-content\/uploads\/2026\/01\/logo-buenos-dias-40-01.png","contentUrl":"https:\/\/buenosdiasbcs.com\/wp-content\/uploads\/2026\/01\/logo-buenos-dias-40-01.png","width":277,"height":40,"caption":"Buenos D\u00edas BCS"},"image":{"@id":"https:\/\/buenosdiasbcs.com\/#\/schema\/logo\/image\/"}},{"@type":"Person","@id":"https:\/\/buenosdiasbcs.com\/#\/schema\/person\/15aedc247eab7070ee5d76d6d069a821","name":"Edici\u00f3n Buenos D\u00edas","image":{"@type":"ImageObject","inLanguage":"es","@id":"https:\/\/buenosdiasbcs.com\/wp-content\/uploads\/2026\/01\/cropped-sol-96x96.png","url":"https:\/\/buenosdiasbcs.com\/wp-content\/uploads\/2026\/01\/cropped-sol-96x96.png","contentUrl":"https:\/\/buenosdiasbcs.com\/wp-content\/uploads\/2026\/01\/cropped-sol-96x96.png","caption":"Edici\u00f3n Buenos D\u00edas"},"url":"https:\/\/buenosdiasbcs.com\/?author=2"}]}},"amp_enabled":true,"_links":{"self":[{"href":"https:\/\/buenosdiasbcs.com\/index.php?rest_route=\/wp\/v2\/posts\/5328","targetHints":{"allow":["GET"]}}],"collection":[{"href":"https:\/\/buenosdiasbcs.com\/index.php?rest_route=\/wp\/v2\/posts"}],"about":[{"href":"https:\/\/buenosdiasbcs.com\/index.php?rest_route=\/wp\/v2\/types\/post"}],"author":[{"embeddable":true,"href":"https:\/\/buenosdiasbcs.com\/index.php?rest_route=\/wp\/v2\/users\/2"}],"replies":[{"embeddable":true,"href":"https:\/\/buenosdiasbcs.com\/index.php?rest_route=%2Fwp%2Fv2%2Fcomments&post=5328"}],"version-history":[{"count":1,"href":"https:\/\/buenosdiasbcs.com\/index.php?rest_route=\/wp\/v2\/posts\/5328\/revisions"}],"predecessor-version":[{"id":5330,"href":"https:\/\/buenosdiasbcs.com\/index.php?rest_route=\/wp\/v2\/posts\/5328\/revisions\/5330"}],"wp:featuredmedia":[{"embeddable":true,"href":"https:\/\/buenosdiasbcs.com\/index.php?rest_route=\/wp\/v2\/media\/5329"}],"wp:attachment":[{"href":"https:\/\/buenosdiasbcs.com\/index.php?rest_route=%2Fwp%2Fv2%2Fmedia&parent=5328"}],"wp:term":[{"taxonomy":"category","embeddable":true,"href":"https:\/\/buenosdiasbcs.com\/index.php?rest_route=%2Fwp%2Fv2%2Fcategories&post=5328"},{"taxonomy":"post_tag","embeddable":true,"href":"https:\/\/buenosdiasbcs.com\/index.php?rest_route=%2Fwp%2Fv2%2Ftags&post=5328"}],"curies":[{"name":"wp","href":"https:\/\/api.w.org\/{rel}","templated":true}]}}