{"id":5325,"date":"2026-03-17T00:41:00","date_gmt":"2026-03-17T07:41:00","guid":{"rendered":"https:\/\/buenosdiasbcs.com\/?p=5325"},"modified":"2026-03-16T22:43:26","modified_gmt":"2026-03-17T05:43:26","slug":"caso-angeles-ojeda-en-los-cabos-vinculan-a-proceso-a-segundo-implicado-en-asesinato-del-directivo-policiaco","status":"publish","type":"post","link":"https:\/\/buenosdiasbcs.com\/?p=5325","title":{"rendered":"Caso \u00c1ngeles Ojeda en Los Cabos: vinculan a proceso a segundo implicado en asesinato del directivo polic\u00edaco"},"content":{"rendered":"\n<h2 class=\"wp-block-heading\" id=\"resumenNota\">Carlos \u201cN\u201d, detenido en CDMX, fue vinculado a proceso por su presunta participaci\u00f3n en el homicidio del director administrativo de Seguridad P\u00fablica de Los Cabos.Imagen: Canva \/ FB \u00c1ngeles Ojeda<\/h2>\n\n\n\n<p>Las&nbsp;<strong>investigaciones<\/strong>&nbsp;por el&nbsp;<a href=\"https:\/\/www.posta.com.mx\/bcs\/ejecutan-a-director-administrativo-de-seguridad-publica-en-los-cabos\/vl2093112\">asesinato del director administrativo de Seguridad P\u00fablica Municipal de Los Cabos<\/a>contin\u00faan tras su&nbsp;<strong>asesinato<\/strong>.&nbsp;<\/p>\n\n\n\n<p>Autoridades confirmaron la&nbsp;<strong>detenci\u00f3n<\/strong>&nbsp;y&nbsp;<strong>vinculaci\u00f3n a proceso<\/strong>&nbsp;de un segundo implicado en el caso, es se\u00f1alado por su presunta participaci\u00f3n en la&nbsp;<strong>log\u00edstica del crimen<\/strong>&nbsp;efectuado en septiembre de 2025 en San Jos\u00e9 del Cabo.<\/p>\n\n\n\n<h2 class=\"wp-block-heading\" id=\"h-vinculan-a-proceso-a-segundo-implicado-en-el-nbsp-asesinato-nbsp-de-director-policiaco-en-los-cabos\">Vinculan a proceso a segundo implicado en el&nbsp;<strong>asesinato<\/strong>&nbsp;de director polic\u00edaco en Los Cabos<\/h2>\n\n\n\n<p>La Procuradur\u00eda General de Justicia del Estado (<strong>PGJE<\/strong>) de&nbsp;<strong>Baja California Sur<\/strong>&nbsp;inform\u00f3 que&nbsp;<strong>Carlos C\u00e9sar \u201cN\u201d<\/strong>&nbsp;fue vinculado a proceso por su probable responsabilidad en el delito de&nbsp;<strong>homicidio calificado<\/strong>&nbsp;con ventaja y alevos\u00eda en agravio de&nbsp;<strong>\u00c1ngeles Ojeda de Jes\u00fas<\/strong>, quien&nbsp;<a href=\"https:\/\/www.posta.com.mx\/bcs\/quien-era-angeles-ojeda-de-jesus-el-funcionario-de-seguridad-de-los-cabos-asesinado\/vl2093229\">se desempe\u00f1aba como director operativo de la Polic\u00eda Municipal de Los Cabos<\/a><\/p>\n\n\n\n<p>En comunicaci\u00f3n con medios detall\u00f3 que el imputado fue&nbsp;<strong>detenido<\/strong>&nbsp;el&nbsp;<strong>6 de marzo de 2026<\/strong>&nbsp;en la&nbsp;<strong>Ciudad de M\u00e9xico<\/strong>, de donde fue trasladado a&nbsp;<strong>Baja California Sur<\/strong>&nbsp;para enfrentar el&nbsp;<strong>proceso penal<\/strong>&nbsp;correspondiente, seg\u00fan la carpeta de investigaci\u00f3n.<\/p>\n\n\n\n<p>Durante la&nbsp;<strong>audiencia inicial<\/strong>&nbsp;y su continuaci\u00f3n celebrada el 11 de marzo, el&nbsp;<strong>Ministerio P\u00fablico<\/strong>&nbsp;present\u00f3 datos de prueba que se\u00f1alan su posible participaci\u00f3n en el&nbsp;<strong>asesinato<\/strong>. Tras el an\u00e1lisis de los elementos expuestos, la jueza de control determin\u00f3 dictar el auto de&nbsp;<strong>vinculaci\u00f3n a proceso<\/strong>&nbsp;e imponer la medida cautelar de&nbsp;<strong>prisi\u00f3n preventiva<\/strong>.<\/p>\n\n\n\n<h2 class=\"wp-block-heading\" id=\"h-que-papel-habria-tenido-el-segundo-nbsp-detenido-nbsp-en-el-crimen-de-angeles-ojeda\">\u00bfQu\u00e9 papel habr\u00eda tenido el segundo&nbsp;<strong>detenido<\/strong>&nbsp;en el crimen de \u00c1ngeles Ojeda?<\/h2>\n\n\n\n<p>Seg\u00fan las&nbsp;<strong>investigaciones<\/strong>,&nbsp;<strong>Carlos \u201cN\u201d<\/strong>&nbsp;presuntamente brind\u00f3&nbsp;<strong>apoyo log\u00edstico<\/strong>&nbsp;al&nbsp;<strong>autor material<\/strong>&nbsp;del ataque, facilitando recursos y movilidad antes, durante y despu\u00e9s del homicidio, es decir estuvo involucrado en el&nbsp;<strong>transporte<\/strong>.<\/p>\n\n\n\n<p>Las indagatorias apuntan a que el&nbsp;<strong>detenido<\/strong>&nbsp;particip\u00f3 en la&nbsp;<strong>planeaci\u00f3n del crimen<\/strong>&nbsp;al rentar un&nbsp;<strong>veh\u00edculo<\/strong>&nbsp;y el&nbsp;<strong>hotel utilizado<\/strong>&nbsp;por los agresores, adem\u00e1s de conducir y trasladarlos en distintos momentos relacionados con el ataque.<\/p>\n\n\n\n<p>Tras su&nbsp;<strong>captura<\/strong>&nbsp;en la&nbsp;<strong>capital del pa\u00eds<\/strong>, el imputado fue puesto a disposici\u00f3n de la autoridad judicial en&nbsp;<strong>Baja California Sur<\/strong>&nbsp;para continuar con el&nbsp;<strong>proceso penal<\/strong>.<\/p>\n\n\n\n<h2 class=\"wp-block-heading\" id=\"h-asi-ocurrio-el-nbsp-asesinato-nbsp-del-nbsp-director-administrativo-nbsp-de-seguridad-publica-en-los-cabos\">As\u00ed ocurri\u00f3 el&nbsp;<strong>asesinato<\/strong>&nbsp;del&nbsp;<strong>director administrativo<\/strong>&nbsp;de Seguridad P\u00fablica en Los Cabos<\/h2>\n\n\n\n<p>El homicidio ocurri\u00f3 la ma\u00f1ana del&nbsp;<strong>7 de septiembre de 2025<\/strong>, cuando&nbsp;<strong>\u00c1ngeles Ojeda de Jes\u00fas<\/strong>,&nbsp;<strong>director administrativo<\/strong>&nbsp;de la Direcci\u00f3n General de Seguridad P\u00fablica, Polic\u00eda Preventiva y Tr\u00e1nsito Municipal de Los Cabos, fue atacado a balazos frente a un domicilio ubicado en la colonia&nbsp;<strong>Villa Bonita<\/strong>, en San Jos\u00e9 del Cabo.<\/p>\n\n\n\n<p>De acuerdo con la&nbsp;<strong>PGJE<\/strong>&nbsp;el funcionario se encontraba a bordo de un&nbsp;<strong>veh\u00edculo<\/strong>&nbsp;cuando un&nbsp;<strong>agresor armado<\/strong>&nbsp;abri\u00f3 fuego contra \u00e9l, provoc\u00e1ndole la muerte.<\/p>\n\n\n\n<p>Tras el ataque&nbsp;se movilizaron agentes de&nbsp;<strong>investigaci\u00f3n criminal<\/strong>&nbsp;y peritos en criminal\u00edstica para procesar la escena.&nbsp;<strong>Param\u00e9dicos<\/strong>&nbsp;de servicios de emergencia tambi\u00e9n acudieron al lugar; sin embargo, confirmaron que la v\u00edctima de 39 a\u00f1os de edad y originario de La Paz, ya no contaba con signos vitales.<\/p>\n\n\n\n<p><strong>Autoridades municipales<\/strong>&nbsp;condenaron el homicidio y calificaron el hecho como un \u201c<strong>ataque cobarde<\/strong>\u201d, reiterando su apoyo a las&nbsp;<strong>investigaciones<\/strong>&nbsp;para esclarecer el crimen.<\/p>\n\n\n\n<p>El&nbsp;<strong>asesinato<\/strong>&nbsp;ocurri\u00f3 en un contexto de&nbsp;<strong>violencia<\/strong>&nbsp;que ha afectado a funcionarios vinculados al \u00e1rea de seguridad en&nbsp;<strong>Baja California Sur<\/strong>. Durante 2025 se registraron m\u00e1s homicidios de servidores p\u00fablicos relacionados con instituciones de seguridad como el&nbsp;<a href=\"https:\/\/www.posta.com.mx\/bcs\/quien-fue-ulises-cota-el-comandante-de-la-procuraduria-asesinado-en-la-paz-bcs\/vl2029494\">caso del comandante de la Procuradur\u00eda Ulises Cota<\/a>, sobrino del exgobernador Leonel Cota Monta\u00f1o.<\/p>\n\n\n\n<p>Y en 2026 no ha sido la excepci\u00f3n<a href=\"https:\/\/www.posta.com.mx\/bcs\/ejecutan-a-bernardo-soriano-ex-procurador-de-delitos-en-la-pgje-en-la-paz-bcs\/vl2169191\">&nbsp;con el&nbsp;<strong>asesinato del exsubprocurador<\/strong>&nbsp;Bernardo Soriano<\/a>.<\/p>\n","protected":false},"excerpt":{"rendered":"<p>Carlos \u201cN\u201d, detenido en CDMX, fue vinculado a proceso por su presunta participaci\u00f3n en el homicidio del director administrativo de&#8230;<\/p>\n","protected":false},"author":2,"featured_media":5326,"comment_status":"open","ping_status":"open","sticky":false,"template":"","format":"standard","meta":{"footnotes":""},"categories":[237],"tags":[],"class_list":["post-5325","post","type-post","status-publish","format-standard","has-post-thumbnail","hentry","category-seguridad"],"yoast_head":"<!-- This site is optimized with the Yoast SEO Premium plugin v26.8 (Yoast SEO v27.5) - https:\/\/yoast.com\/product\/yoast-seo-premium-wordpress\/ -->\n<title>Caso \u00c1ngeles Ojeda en Los Cabos: vinculan a proceso a segundo implicado en asesinato del directivo polic\u00edaco - Buenos D&iacute;as BCS<\/title>\n<meta name=\"robots\" content=\"index, follow, max-snippet:-1, max-image-preview:large, max-video-preview:-1\" \/>\n<link rel=\"canonical\" href=\"https:\/\/buenosdiasbcs.com\/?p=5325\" \/>\n<meta property=\"og:locale\" content=\"es_ES\" \/>\n<meta property=\"og:type\" content=\"article\" \/>\n<meta property=\"og:title\" content=\"Caso \u00c1ngeles Ojeda en Los Cabos: vinculan a proceso a segundo implicado en asesinato del directivo polic\u00edaco\" \/>\n<meta property=\"og:description\" content=\"Carlos \u201cN\u201d, detenido en CDMX, fue vinculado a proceso por su presunta participaci\u00f3n en el homicidio del director administrativo de...\" \/>\n<meta property=\"og:url\" content=\"https:\/\/buenosdiasbcs.com\/?p=5325\" \/>\n<meta property=\"og:site_name\" content=\"Buenos D&iacute;as BCS\" \/>\n<meta property=\"article:published_time\" content=\"2026-03-17T07:41:00+00:00\" \/>\n<meta property=\"og:image\" content=\"https:\/\/buenosdiasbcs.com\/wp-content\/uploads\/2026\/03\/jose-ahuitzotl-n-primer-detenido-en-el-caso-angeles-ojeda-de-jesus-e5a0c674-focus-0-0-825-464.webp\" \/>\n\t<meta property=\"og:image:width\" content=\"825\" \/>\n\t<meta property=\"og:image:height\" content=\"464\" \/>\n\t<meta property=\"og:image:type\" content=\"image\/webp\" \/>\n<meta name=\"author\" content=\"Edici\u00f3n Buenos D\u00edas\" \/>\n<meta name=\"twitter:card\" content=\"summary_large_image\" \/>\n<meta name=\"twitter:label1\" content=\"Escrito por\" \/>\n\t<meta name=\"twitter:data1\" content=\"Edici\u00f3n Buenos D\u00edas\" \/>\n\t<meta name=\"twitter:label2\" content=\"Tiempo de lectura\" \/>\n\t<meta name=\"twitter:data2\" content=\"3 minutos\" \/>\n<script type=\"application\/ld+json\" class=\"yoast-schema-graph\">{\"@context\":\"https:\\\/\\\/schema.org\",\"@graph\":[{\"@type\":\"Article\",\"@id\":\"https:\\\/\\\/buenosdiasbcs.com\\\/?p=5325#article\",\"isPartOf\":{\"@id\":\"https:\\\/\\\/buenosdiasbcs.com\\\/?p=5325\"},\"author\":{\"name\":\"Edici\u00f3n Buenos D\u00edas\",\"@id\":\"https:\\\/\\\/buenosdiasbcs.com\\\/#\\\/schema\\\/person\\\/15aedc247eab7070ee5d76d6d069a821\"},\"headline\":\"Caso \u00c1ngeles Ojeda en Los Cabos: vinculan a proceso a segundo implicado en asesinato del directivo polic\u00edaco\",\"datePublished\":\"2026-03-17T07:41:00+00:00\",\"mainEntityOfPage\":{\"@id\":\"https:\\\/\\\/buenosdiasbcs.com\\\/?p=5325\"},\"wordCount\":743,\"commentCount\":0,\"publisher\":{\"@id\":\"https:\\\/\\\/buenosdiasbcs.com\\\/#organization\"},\"image\":{\"@id\":\"https:\\\/\\\/buenosdiasbcs.com\\\/?p=5325#primaryimage\"},\"thumbnailUrl\":\"https:\\\/\\\/buenosdiasbcs.com\\\/wp-content\\\/uploads\\\/2026\\\/03\\\/jose-ahuitzotl-n-primer-detenido-en-el-caso-angeles-ojeda-de-jesus-e5a0c674-focus-0-0-825-464.webp\",\"articleSection\":[\"Seguridad\"],\"inLanguage\":\"es\",\"potentialAction\":[{\"@type\":\"CommentAction\",\"name\":\"Comment\",\"target\":[\"https:\\\/\\\/buenosdiasbcs.com\\\/?p=5325#respond\"]}]},{\"@type\":\"WebPage\",\"@id\":\"https:\\\/\\\/buenosdiasbcs.com\\\/?p=5325\",\"url\":\"https:\\\/\\\/buenosdiasbcs.com\\\/?p=5325\",\"name\":\"Caso \u00c1ngeles Ojeda en Los Cabos: vinculan a proceso a segundo implicado en asesinato del directivo polic\u00edaco - Buenos D&iacute;as BCS\",\"isPartOf\":{\"@id\":\"https:\\\/\\\/buenosdiasbcs.com\\\/#website\"},\"primaryImageOfPage\":{\"@id\":\"https:\\\/\\\/buenosdiasbcs.com\\\/?p=5325#primaryimage\"},\"image\":{\"@id\":\"https:\\\/\\\/buenosdiasbcs.com\\\/?p=5325#primaryimage\"},\"thumbnailUrl\":\"https:\\\/\\\/buenosdiasbcs.com\\\/wp-content\\\/uploads\\\/2026\\\/03\\\/jose-ahuitzotl-n-primer-detenido-en-el-caso-angeles-ojeda-de-jesus-e5a0c674-focus-0-0-825-464.webp\",\"datePublished\":\"2026-03-17T07:41:00+00:00\",\"breadcrumb\":{\"@id\":\"https:\\\/\\\/buenosdiasbcs.com\\\/?p=5325#breadcrumb\"},\"inLanguage\":\"es\",\"potentialAction\":[{\"@type\":\"ReadAction\",\"target\":[\"https:\\\/\\\/buenosdiasbcs.com\\\/?p=5325\"]}]},{\"@type\":\"ImageObject\",\"inLanguage\":\"es\",\"@id\":\"https:\\\/\\\/buenosdiasbcs.com\\\/?p=5325#primaryimage\",\"url\":\"https:\\\/\\\/buenosdiasbcs.com\\\/wp-content\\\/uploads\\\/2026\\\/03\\\/jose-ahuitzotl-n-primer-detenido-en-el-caso-angeles-ojeda-de-jesus-e5a0c674-focus-0-0-825-464.webp\",\"contentUrl\":\"https:\\\/\\\/buenosdiasbcs.com\\\/wp-content\\\/uploads\\\/2026\\\/03\\\/jose-ahuitzotl-n-primer-detenido-en-el-caso-angeles-ojeda-de-jesus-e5a0c674-focus-0-0-825-464.webp\",\"width\":825,\"height\":464},{\"@type\":\"BreadcrumbList\",\"@id\":\"https:\\\/\\\/buenosdiasbcs.com\\\/?p=5325#breadcrumb\",\"itemListElement\":[{\"@type\":\"ListItem\",\"position\":1,\"name\":\"Portada\",\"item\":\"https:\\\/\\\/buenosdiasbcs.com\\\/\"},{\"@type\":\"ListItem\",\"position\":2,\"name\":\"Caso \u00c1ngeles Ojeda en Los Cabos: vinculan a proceso a segundo implicado en asesinato del directivo polic\u00edaco\"}]},{\"@type\":\"WebSite\",\"@id\":\"https:\\\/\\\/buenosdiasbcs.com\\\/#website\",\"url\":\"https:\\\/\\\/buenosdiasbcs.com\\\/\",\"name\":\"Buenos D\u00edas BCS\",\"description\":\"\",\"publisher\":{\"@id\":\"https:\\\/\\\/buenosdiasbcs.com\\\/#organization\"},\"potentialAction\":[{\"@type\":\"SearchAction\",\"target\":{\"@type\":\"EntryPoint\",\"urlTemplate\":\"https:\\\/\\\/buenosdiasbcs.com\\\/?s={search_term_string}\"},\"query-input\":{\"@type\":\"PropertyValueSpecification\",\"valueRequired\":true,\"valueName\":\"search_term_string\"}}],\"inLanguage\":\"es\"},{\"@type\":\"Organization\",\"@id\":\"https:\\\/\\\/buenosdiasbcs.com\\\/#organization\",\"name\":\"Buenos D\u00edas BCS\",\"url\":\"https:\\\/\\\/buenosdiasbcs.com\\\/\",\"logo\":{\"@type\":\"ImageObject\",\"inLanguage\":\"es\",\"@id\":\"https:\\\/\\\/buenosdiasbcs.com\\\/#\\\/schema\\\/logo\\\/image\\\/\",\"url\":\"https:\\\/\\\/buenosdiasbcs.com\\\/wp-content\\\/uploads\\\/2026\\\/01\\\/logo-buenos-dias-40-01.png\",\"contentUrl\":\"https:\\\/\\\/buenosdiasbcs.com\\\/wp-content\\\/uploads\\\/2026\\\/01\\\/logo-buenos-dias-40-01.png\",\"width\":277,\"height\":40,\"caption\":\"Buenos D\u00edas BCS\"},\"image\":{\"@id\":\"https:\\\/\\\/buenosdiasbcs.com\\\/#\\\/schema\\\/logo\\\/image\\\/\"}},{\"@type\":\"Person\",\"@id\":\"https:\\\/\\\/buenosdiasbcs.com\\\/#\\\/schema\\\/person\\\/15aedc247eab7070ee5d76d6d069a821\",\"name\":\"Edici\u00f3n Buenos D\u00edas\",\"image\":{\"@type\":\"ImageObject\",\"inLanguage\":\"es\",\"@id\":\"https:\\\/\\\/buenosdiasbcs.com\\\/wp-content\\\/uploads\\\/2026\\\/01\\\/cropped-sol-96x96.png\",\"url\":\"https:\\\/\\\/buenosdiasbcs.com\\\/wp-content\\\/uploads\\\/2026\\\/01\\\/cropped-sol-96x96.png\",\"contentUrl\":\"https:\\\/\\\/buenosdiasbcs.com\\\/wp-content\\\/uploads\\\/2026\\\/01\\\/cropped-sol-96x96.png\",\"caption\":\"Edici\u00f3n Buenos D\u00edas\"},\"url\":\"https:\\\/\\\/buenosdiasbcs.com\\\/?author=2\"}]}<\/script>\n<!-- \/ Yoast SEO Premium plugin. -->","yoast_head_json":{"title":"Caso \u00c1ngeles Ojeda en Los Cabos: vinculan a proceso a segundo implicado en asesinato del directivo polic\u00edaco - Buenos D&iacute;as BCS","robots":{"index":"index","follow":"follow","max-snippet":"max-snippet:-1","max-image-preview":"max-image-preview:large","max-video-preview":"max-video-preview:-1"},"canonical":"https:\/\/buenosdiasbcs.com\/?p=5325","og_locale":"es_ES","og_type":"article","og_title":"Caso \u00c1ngeles Ojeda en Los Cabos: vinculan a proceso a segundo implicado en asesinato del directivo polic\u00edaco","og_description":"Carlos \u201cN\u201d, detenido en CDMX, fue vinculado a proceso por su presunta participaci\u00f3n en el homicidio del director administrativo de...","og_url":"https:\/\/buenosdiasbcs.com\/?p=5325","og_site_name":"Buenos D&iacute;as BCS","article_published_time":"2026-03-17T07:41:00+00:00","og_image":[{"width":825,"height":464,"url":"https:\/\/buenosdiasbcs.com\/wp-content\/uploads\/2026\/03\/jose-ahuitzotl-n-primer-detenido-en-el-caso-angeles-ojeda-de-jesus-e5a0c674-focus-0-0-825-464.webp","type":"image\/webp"}],"author":"Edici\u00f3n Buenos D\u00edas","twitter_card":"summary_large_image","twitter_misc":{"Escrito por":"Edici\u00f3n Buenos D\u00edas","Tiempo de lectura":"3 minutos"},"schema":{"@context":"https:\/\/schema.org","@graph":[{"@type":"Article","@id":"https:\/\/buenosdiasbcs.com\/?p=5325#article","isPartOf":{"@id":"https:\/\/buenosdiasbcs.com\/?p=5325"},"author":{"name":"Edici\u00f3n Buenos D\u00edas","@id":"https:\/\/buenosdiasbcs.com\/#\/schema\/person\/15aedc247eab7070ee5d76d6d069a821"},"headline":"Caso \u00c1ngeles Ojeda en Los Cabos: vinculan a proceso a segundo implicado en asesinato del directivo polic\u00edaco","datePublished":"2026-03-17T07:41:00+00:00","mainEntityOfPage":{"@id":"https:\/\/buenosdiasbcs.com\/?p=5325"},"wordCount":743,"commentCount":0,"publisher":{"@id":"https:\/\/buenosdiasbcs.com\/#organization"},"image":{"@id":"https:\/\/buenosdiasbcs.com\/?p=5325#primaryimage"},"thumbnailUrl":"https:\/\/buenosdiasbcs.com\/wp-content\/uploads\/2026\/03\/jose-ahuitzotl-n-primer-detenido-en-el-caso-angeles-ojeda-de-jesus-e5a0c674-focus-0-0-825-464.webp","articleSection":["Seguridad"],"inLanguage":"es","potentialAction":[{"@type":"CommentAction","name":"Comment","target":["https:\/\/buenosdiasbcs.com\/?p=5325#respond"]}]},{"@type":"WebPage","@id":"https:\/\/buenosdiasbcs.com\/?p=5325","url":"https:\/\/buenosdiasbcs.com\/?p=5325","name":"Caso \u00c1ngeles Ojeda en Los Cabos: vinculan a proceso a segundo implicado en asesinato del directivo polic\u00edaco - Buenos D&iacute;as BCS","isPartOf":{"@id":"https:\/\/buenosdiasbcs.com\/#website"},"primaryImageOfPage":{"@id":"https:\/\/buenosdiasbcs.com\/?p=5325#primaryimage"},"image":{"@id":"https:\/\/buenosdiasbcs.com\/?p=5325#primaryimage"},"thumbnailUrl":"https:\/\/buenosdiasbcs.com\/wp-content\/uploads\/2026\/03\/jose-ahuitzotl-n-primer-detenido-en-el-caso-angeles-ojeda-de-jesus-e5a0c674-focus-0-0-825-464.webp","datePublished":"2026-03-17T07:41:00+00:00","breadcrumb":{"@id":"https:\/\/buenosdiasbcs.com\/?p=5325#breadcrumb"},"inLanguage":"es","potentialAction":[{"@type":"ReadAction","target":["https:\/\/buenosdiasbcs.com\/?p=5325"]}]},{"@type":"ImageObject","inLanguage":"es","@id":"https:\/\/buenosdiasbcs.com\/?p=5325#primaryimage","url":"https:\/\/buenosdiasbcs.com\/wp-content\/uploads\/2026\/03\/jose-ahuitzotl-n-primer-detenido-en-el-caso-angeles-ojeda-de-jesus-e5a0c674-focus-0-0-825-464.webp","contentUrl":"https:\/\/buenosdiasbcs.com\/wp-content\/uploads\/2026\/03\/jose-ahuitzotl-n-primer-detenido-en-el-caso-angeles-ojeda-de-jesus-e5a0c674-focus-0-0-825-464.webp","width":825,"height":464},{"@type":"BreadcrumbList","@id":"https:\/\/buenosdiasbcs.com\/?p=5325#breadcrumb","itemListElement":[{"@type":"ListItem","position":1,"name":"Portada","item":"https:\/\/buenosdiasbcs.com\/"},{"@type":"ListItem","position":2,"name":"Caso \u00c1ngeles Ojeda en Los Cabos: vinculan a proceso a segundo implicado en asesinato del directivo polic\u00edaco"}]},{"@type":"WebSite","@id":"https:\/\/buenosdiasbcs.com\/#website","url":"https:\/\/buenosdiasbcs.com\/","name":"Buenos D\u00edas BCS","description":"","publisher":{"@id":"https:\/\/buenosdiasbcs.com\/#organization"},"potentialAction":[{"@type":"SearchAction","target":{"@type":"EntryPoint","urlTemplate":"https:\/\/buenosdiasbcs.com\/?s={search_term_string}"},"query-input":{"@type":"PropertyValueSpecification","valueRequired":true,"valueName":"search_term_string"}}],"inLanguage":"es"},{"@type":"Organization","@id":"https:\/\/buenosdiasbcs.com\/#organization","name":"Buenos D\u00edas BCS","url":"https:\/\/buenosdiasbcs.com\/","logo":{"@type":"ImageObject","inLanguage":"es","@id":"https:\/\/buenosdiasbcs.com\/#\/schema\/logo\/image\/","url":"https:\/\/buenosdiasbcs.com\/wp-content\/uploads\/2026\/01\/logo-buenos-dias-40-01.png","contentUrl":"https:\/\/buenosdiasbcs.com\/wp-content\/uploads\/2026\/01\/logo-buenos-dias-40-01.png","width":277,"height":40,"caption":"Buenos D\u00edas BCS"},"image":{"@id":"https:\/\/buenosdiasbcs.com\/#\/schema\/logo\/image\/"}},{"@type":"Person","@id":"https:\/\/buenosdiasbcs.com\/#\/schema\/person\/15aedc247eab7070ee5d76d6d069a821","name":"Edici\u00f3n Buenos D\u00edas","image":{"@type":"ImageObject","inLanguage":"es","@id":"https:\/\/buenosdiasbcs.com\/wp-content\/uploads\/2026\/01\/cropped-sol-96x96.png","url":"https:\/\/buenosdiasbcs.com\/wp-content\/uploads\/2026\/01\/cropped-sol-96x96.png","contentUrl":"https:\/\/buenosdiasbcs.com\/wp-content\/uploads\/2026\/01\/cropped-sol-96x96.png","caption":"Edici\u00f3n Buenos D\u00edas"},"url":"https:\/\/buenosdiasbcs.com\/?author=2"}]}},"amp_enabled":true,"_links":{"self":[{"href":"https:\/\/buenosdiasbcs.com\/index.php?rest_route=\/wp\/v2\/posts\/5325","targetHints":{"allow":["GET"]}}],"collection":[{"href":"https:\/\/buenosdiasbcs.com\/index.php?rest_route=\/wp\/v2\/posts"}],"about":[{"href":"https:\/\/buenosdiasbcs.com\/index.php?rest_route=\/wp\/v2\/types\/post"}],"author":[{"embeddable":true,"href":"https:\/\/buenosdiasbcs.com\/index.php?rest_route=\/wp\/v2\/users\/2"}],"replies":[{"embeddable":true,"href":"https:\/\/buenosdiasbcs.com\/index.php?rest_route=%2Fwp%2Fv2%2Fcomments&post=5325"}],"version-history":[{"count":1,"href":"https:\/\/buenosdiasbcs.com\/index.php?rest_route=\/wp\/v2\/posts\/5325\/revisions"}],"predecessor-version":[{"id":5327,"href":"https:\/\/buenosdiasbcs.com\/index.php?rest_route=\/wp\/v2\/posts\/5325\/revisions\/5327"}],"wp:featuredmedia":[{"embeddable":true,"href":"https:\/\/buenosdiasbcs.com\/index.php?rest_route=\/wp\/v2\/media\/5326"}],"wp:attachment":[{"href":"https:\/\/buenosdiasbcs.com\/index.php?rest_route=%2Fwp%2Fv2%2Fmedia&parent=5325"}],"wp:term":[{"taxonomy":"category","embeddable":true,"href":"https:\/\/buenosdiasbcs.com\/index.php?rest_route=%2Fwp%2Fv2%2Fcategories&post=5325"},{"taxonomy":"post_tag","embeddable":true,"href":"https:\/\/buenosdiasbcs.com\/index.php?rest_route=%2Fwp%2Fv2%2Ftags&post=5325"}],"curies":[{"name":"wp","href":"https:\/\/api.w.org\/{rel}","templated":true}]}}