{"id":5322,"date":"2026-03-17T00:36:00","date_gmt":"2026-03-17T07:36:00","guid":{"rendered":"https:\/\/buenosdiasbcs.com\/?p=5322"},"modified":"2026-03-16T22:37:31","modified_gmt":"2026-03-17T05:37:31","slug":"seleccion-de-iran-negocia-con-la-fifa-para-jugar-el-mundial-2026-en-mexico","status":"publish","type":"post","link":"https:\/\/buenosdiasbcs.com\/?p=5322","title":{"rendered":"Selecci\u00f3n de Ir\u00e1n negocia con la FIFA para jugar el Mundial 2026 en M\u00e9xico"},"content":{"rendered":"\n<h2 class=\"wp-block-heading\" id=\"h-el-cuadro-asiatico-se-ubica-en-el-grupo-g-sus-partidos-estaban-programados-el-15-y-21-de-junio-en-los-angeles-y-el-26-del-mismo-mes-en-seattle\">El cuadro asi\u00e1tico se ubica en el Grupo G. Sus partidos estaban programados el 15 y 21 de junio en Los \u00c1ngeles y el 26 del mismo mes en Seattle<\/h2>\n\n\n\n<p><strong>Ciudad de M\u00e9xico<\/strong>.- La&nbsp;<strong>Selecci\u00f3n de Ir\u00e1n se aferra a jugar la Copa del Mundo<\/strong>, por lo cual negocia con la&nbsp;<strong>FIFA<\/strong>&nbsp;para que sus partidos&nbsp;<strong>se celebren en M\u00e9xico y no en Estados Unidos<\/strong>, en donde hay un rechazo frontal del Presidente Donald Trump.<\/p>\n\n\n\n<blockquote class=\"wp-block-quote is-layout-flow wp-block-quote-is-layout-flow\">\n<p>\u201cCuando Trump ha declarado claramente que no puede garantizar la seguridad de la selecci\u00f3n nacional iran\u00ed, definitivamente no viajaremos a Estados Unidos\u201d.<\/p>\n<\/blockquote>\n\n\n\n<blockquote class=\"wp-block-quote is-layout-flow wp-block-quote-is-layout-flow\">\n<p>\u201cEstamos negociando con la FIFA para que los partidos de Ir\u00e1n en la Copa Mundial se celebren en M\u00e9xico\u201d, expres\u00f3 Mehdi Taj, Presidente de la Federaci\u00f3n Iran\u00ed de Futbol, en una declaraci\u00f3n posteada por la Embajada de Ir\u00e1n en M\u00e9xico.<\/p>\n<\/blockquote>\n\n\n\n<p>La semana anterior,&nbsp;<strong>Trump expuso que el representativo iran\u00ed era bienvenido<\/strong>pese a la guerra, para luego dejar un&nbsp;<strong>desafortunado remate<\/strong>&nbsp;sobre lo que le espera al equipo:&nbsp;<em>\u201cRealmente no creo que sea apropiado que est\u00e9n all\u00ed, por su propia vida y seguridad\u201d<\/em>.<\/p>\n\n\n\n<p>La Selecci\u00f3n de Ir\u00e1n&nbsp;<strong>clasific\u00f3 al Mundial por m\u00e9ritos deportivos<\/strong>. Rechaz\u00f3 la postura del Mandatario estadounidense.<\/p>\n\n\n\n<blockquote class=\"wp-block-quote is-layout-flow wp-block-quote-is-layout-flow\">\n<p>\u201cDesde luego, nadie puede excluir a la Selecci\u00f3n de Ir\u00e1n del Mundial; el \u00fanico pa\u00eds que podr\u00eda ser excluido es aquel que ostenta el t\u00edtulo de \u2018anfitri\u00f3n\u2019 y carece de la capacidad de proporcionar seguridad a los equipos que participan en este evento global\u201d, expuso en un comunicado.<\/p>\n<\/blockquote>\n\n\n\n<p>El cuadro asi\u00e1tico se ubica en el&nbsp;<strong>Grupo G<\/strong>. Sus partidos estaban programados el&nbsp;<strong>15 de junio en Los \u00c1ngeles<\/strong>&nbsp;contra Nueva Zelanda, el&nbsp;<strong>21 en la misma sede frente<\/strong>&nbsp;a B\u00e9lgica, y el&nbsp;<strong>26 en Seattle<\/strong>&nbsp;ante Egipto.<\/p>\n\n\n\n<p><\/p>\n","protected":false},"excerpt":{"rendered":"<p>El cuadro asi\u00e1tico se ubica en el Grupo G. Sus partidos estaban programados el 15 y 21 de junio en&#8230;<\/p>\n","protected":false},"author":2,"featured_media":5323,"comment_status":"open","ping_status":"open","sticky":false,"template":"","format":"standard","meta":{"footnotes":""},"categories":[34],"tags":[],"class_list":["post-5322","post","type-post","status-publish","format-standard","has-post-thumbnail","hentry","category-deportes"],"yoast_head":"<!-- This site is optimized with the Yoast SEO Premium plugin v26.8 (Yoast SEO v27.5) - https:\/\/yoast.com\/product\/yoast-seo-premium-wordpress\/ -->\n<title>Selecci\u00f3n de Ir\u00e1n negocia con la FIFA para jugar el Mundial 2026 en M\u00e9xico - Buenos D&iacute;as BCS<\/title>\n<meta name=\"robots\" content=\"index, follow, max-snippet:-1, max-image-preview:large, max-video-preview:-1\" \/>\n<link rel=\"canonical\" href=\"https:\/\/buenosdiasbcs.com\/?p=5322\" \/>\n<meta property=\"og:locale\" content=\"es_ES\" \/>\n<meta property=\"og:type\" content=\"article\" \/>\n<meta property=\"og:title\" content=\"Selecci\u00f3n de Ir\u00e1n negocia con la FIFA para jugar el Mundial 2026 en M\u00e9xico\" \/>\n<meta property=\"og:description\" content=\"El cuadro asi\u00e1tico se ubica en el Grupo G. Sus partidos estaban programados el 15 y 21 de junio en...\" \/>\n<meta property=\"og:url\" content=\"https:\/\/buenosdiasbcs.com\/?p=5322\" \/>\n<meta property=\"og:site_name\" content=\"Buenos D&iacute;as BCS\" \/>\n<meta property=\"article:published_time\" content=\"2026-03-17T07:36:00+00:00\" \/>\n<meta property=\"og:image\" content=\"https:\/\/buenosdiasbcs.com\/wp-content\/uploads\/2026\/03\/Iran-quiere-jugar-el-Mundial-2026-en-Mexico.jpg\" \/>\n\t<meta property=\"og:image:width\" content=\"650\" \/>\n\t<meta property=\"og:image:height\" content=\"417\" \/>\n\t<meta property=\"og:image:type\" content=\"image\/jpeg\" \/>\n<meta name=\"author\" content=\"Edici\u00f3n Buenos D\u00edas\" \/>\n<meta name=\"twitter:card\" content=\"summary_large_image\" \/>\n<meta name=\"twitter:label1\" content=\"Escrito por\" \/>\n\t<meta name=\"twitter:data1\" content=\"Edici\u00f3n Buenos D\u00edas\" \/>\n\t<meta name=\"twitter:label2\" content=\"Tiempo de lectura\" \/>\n\t<meta name=\"twitter:data2\" content=\"1 minuto\" \/>\n<script type=\"application\/ld+json\" class=\"yoast-schema-graph\">{\"@context\":\"https:\\\/\\\/schema.org\",\"@graph\":[{\"@type\":\"Article\",\"@id\":\"https:\\\/\\\/buenosdiasbcs.com\\\/?p=5322#article\",\"isPartOf\":{\"@id\":\"https:\\\/\\\/buenosdiasbcs.com\\\/?p=5322\"},\"author\":{\"name\":\"Edici\u00f3n Buenos D\u00edas\",\"@id\":\"https:\\\/\\\/buenosdiasbcs.com\\\/#\\\/schema\\\/person\\\/15aedc247eab7070ee5d76d6d069a821\"},\"headline\":\"Selecci\u00f3n de Ir\u00e1n negocia con la FIFA para jugar el Mundial 2026 en M\u00e9xico\",\"datePublished\":\"2026-03-17T07:36:00+00:00\",\"mainEntityOfPage\":{\"@id\":\"https:\\\/\\\/buenosdiasbcs.com\\\/?p=5322\"},\"wordCount\":333,\"commentCount\":0,\"publisher\":{\"@id\":\"https:\\\/\\\/buenosdiasbcs.com\\\/#organization\"},\"image\":{\"@id\":\"https:\\\/\\\/buenosdiasbcs.com\\\/?p=5322#primaryimage\"},\"thumbnailUrl\":\"https:\\\/\\\/buenosdiasbcs.com\\\/wp-content\\\/uploads\\\/2026\\\/03\\\/Iran-quiere-jugar-el-Mundial-2026-en-Mexico.jpg\",\"articleSection\":[\"Deportes\"],\"inLanguage\":\"es\",\"potentialAction\":[{\"@type\":\"CommentAction\",\"name\":\"Comment\",\"target\":[\"https:\\\/\\\/buenosdiasbcs.com\\\/?p=5322#respond\"]}]},{\"@type\":\"WebPage\",\"@id\":\"https:\\\/\\\/buenosdiasbcs.com\\\/?p=5322\",\"url\":\"https:\\\/\\\/buenosdiasbcs.com\\\/?p=5322\",\"name\":\"Selecci\u00f3n de Ir\u00e1n negocia con la FIFA para jugar el Mundial 2026 en M\u00e9xico - Buenos D&iacute;as BCS\",\"isPartOf\":{\"@id\":\"https:\\\/\\\/buenosdiasbcs.com\\\/#website\"},\"primaryImageOfPage\":{\"@id\":\"https:\\\/\\\/buenosdiasbcs.com\\\/?p=5322#primaryimage\"},\"image\":{\"@id\":\"https:\\\/\\\/buenosdiasbcs.com\\\/?p=5322#primaryimage\"},\"thumbnailUrl\":\"https:\\\/\\\/buenosdiasbcs.com\\\/wp-content\\\/uploads\\\/2026\\\/03\\\/Iran-quiere-jugar-el-Mundial-2026-en-Mexico.jpg\",\"datePublished\":\"2026-03-17T07:36:00+00:00\",\"breadcrumb\":{\"@id\":\"https:\\\/\\\/buenosdiasbcs.com\\\/?p=5322#breadcrumb\"},\"inLanguage\":\"es\",\"potentialAction\":[{\"@type\":\"ReadAction\",\"target\":[\"https:\\\/\\\/buenosdiasbcs.com\\\/?p=5322\"]}]},{\"@type\":\"ImageObject\",\"inLanguage\":\"es\",\"@id\":\"https:\\\/\\\/buenosdiasbcs.com\\\/?p=5322#primaryimage\",\"url\":\"https:\\\/\\\/buenosdiasbcs.com\\\/wp-content\\\/uploads\\\/2026\\\/03\\\/Iran-quiere-jugar-el-Mundial-2026-en-Mexico.jpg\",\"contentUrl\":\"https:\\\/\\\/buenosdiasbcs.com\\\/wp-content\\\/uploads\\\/2026\\\/03\\\/Iran-quiere-jugar-el-Mundial-2026-en-Mexico.jpg\",\"width\":650,\"height\":417},{\"@type\":\"BreadcrumbList\",\"@id\":\"https:\\\/\\\/buenosdiasbcs.com\\\/?p=5322#breadcrumb\",\"itemListElement\":[{\"@type\":\"ListItem\",\"position\":1,\"name\":\"Portada\",\"item\":\"https:\\\/\\\/buenosdiasbcs.com\\\/\"},{\"@type\":\"ListItem\",\"position\":2,\"name\":\"Selecci\u00f3n de Ir\u00e1n negocia con la FIFA para jugar el Mundial 2026 en M\u00e9xico\"}]},{\"@type\":\"WebSite\",\"@id\":\"https:\\\/\\\/buenosdiasbcs.com\\\/#website\",\"url\":\"https:\\\/\\\/buenosdiasbcs.com\\\/\",\"name\":\"Buenos D\u00edas BCS\",\"description\":\"\",\"publisher\":{\"@id\":\"https:\\\/\\\/buenosdiasbcs.com\\\/#organization\"},\"potentialAction\":[{\"@type\":\"SearchAction\",\"target\":{\"@type\":\"EntryPoint\",\"urlTemplate\":\"https:\\\/\\\/buenosdiasbcs.com\\\/?s={search_term_string}\"},\"query-input\":{\"@type\":\"PropertyValueSpecification\",\"valueRequired\":true,\"valueName\":\"search_term_string\"}}],\"inLanguage\":\"es\"},{\"@type\":\"Organization\",\"@id\":\"https:\\\/\\\/buenosdiasbcs.com\\\/#organization\",\"name\":\"Buenos D\u00edas BCS\",\"url\":\"https:\\\/\\\/buenosdiasbcs.com\\\/\",\"logo\":{\"@type\":\"ImageObject\",\"inLanguage\":\"es\",\"@id\":\"https:\\\/\\\/buenosdiasbcs.com\\\/#\\\/schema\\\/logo\\\/image\\\/\",\"url\":\"https:\\\/\\\/buenosdiasbcs.com\\\/wp-content\\\/uploads\\\/2026\\\/01\\\/logo-buenos-dias-40-01.png\",\"contentUrl\":\"https:\\\/\\\/buenosdiasbcs.com\\\/wp-content\\\/uploads\\\/2026\\\/01\\\/logo-buenos-dias-40-01.png\",\"width\":277,\"height\":40,\"caption\":\"Buenos D\u00edas BCS\"},\"image\":{\"@id\":\"https:\\\/\\\/buenosdiasbcs.com\\\/#\\\/schema\\\/logo\\\/image\\\/\"}},{\"@type\":\"Person\",\"@id\":\"https:\\\/\\\/buenosdiasbcs.com\\\/#\\\/schema\\\/person\\\/15aedc247eab7070ee5d76d6d069a821\",\"name\":\"Edici\u00f3n Buenos D\u00edas\",\"image\":{\"@type\":\"ImageObject\",\"inLanguage\":\"es\",\"@id\":\"https:\\\/\\\/buenosdiasbcs.com\\\/wp-content\\\/uploads\\\/2026\\\/01\\\/cropped-sol-96x96.png\",\"url\":\"https:\\\/\\\/buenosdiasbcs.com\\\/wp-content\\\/uploads\\\/2026\\\/01\\\/cropped-sol-96x96.png\",\"contentUrl\":\"https:\\\/\\\/buenosdiasbcs.com\\\/wp-content\\\/uploads\\\/2026\\\/01\\\/cropped-sol-96x96.png\",\"caption\":\"Edici\u00f3n Buenos D\u00edas\"},\"url\":\"https:\\\/\\\/buenosdiasbcs.com\\\/?author=2\"}]}<\/script>\n<!-- \/ Yoast SEO Premium plugin. -->","yoast_head_json":{"title":"Selecci\u00f3n de Ir\u00e1n negocia con la FIFA para jugar el Mundial 2026 en M\u00e9xico - Buenos D&iacute;as BCS","robots":{"index":"index","follow":"follow","max-snippet":"max-snippet:-1","max-image-preview":"max-image-preview:large","max-video-preview":"max-video-preview:-1"},"canonical":"https:\/\/buenosdiasbcs.com\/?p=5322","og_locale":"es_ES","og_type":"article","og_title":"Selecci\u00f3n de Ir\u00e1n negocia con la FIFA para jugar el Mundial 2026 en M\u00e9xico","og_description":"El cuadro asi\u00e1tico se ubica en el Grupo G. Sus partidos estaban programados el 15 y 21 de junio en...","og_url":"https:\/\/buenosdiasbcs.com\/?p=5322","og_site_name":"Buenos D&iacute;as BCS","article_published_time":"2026-03-17T07:36:00+00:00","og_image":[{"width":650,"height":417,"url":"https:\/\/buenosdiasbcs.com\/wp-content\/uploads\/2026\/03\/Iran-quiere-jugar-el-Mundial-2026-en-Mexico.jpg","type":"image\/jpeg"}],"author":"Edici\u00f3n Buenos D\u00edas","twitter_card":"summary_large_image","twitter_misc":{"Escrito por":"Edici\u00f3n Buenos D\u00edas","Tiempo de lectura":"1 minuto"},"schema":{"@context":"https:\/\/schema.org","@graph":[{"@type":"Article","@id":"https:\/\/buenosdiasbcs.com\/?p=5322#article","isPartOf":{"@id":"https:\/\/buenosdiasbcs.com\/?p=5322"},"author":{"name":"Edici\u00f3n Buenos D\u00edas","@id":"https:\/\/buenosdiasbcs.com\/#\/schema\/person\/15aedc247eab7070ee5d76d6d069a821"},"headline":"Selecci\u00f3n de Ir\u00e1n negocia con la FIFA para jugar el Mundial 2026 en M\u00e9xico","datePublished":"2026-03-17T07:36:00+00:00","mainEntityOfPage":{"@id":"https:\/\/buenosdiasbcs.com\/?p=5322"},"wordCount":333,"commentCount":0,"publisher":{"@id":"https:\/\/buenosdiasbcs.com\/#organization"},"image":{"@id":"https:\/\/buenosdiasbcs.com\/?p=5322#primaryimage"},"thumbnailUrl":"https:\/\/buenosdiasbcs.com\/wp-content\/uploads\/2026\/03\/Iran-quiere-jugar-el-Mundial-2026-en-Mexico.jpg","articleSection":["Deportes"],"inLanguage":"es","potentialAction":[{"@type":"CommentAction","name":"Comment","target":["https:\/\/buenosdiasbcs.com\/?p=5322#respond"]}]},{"@type":"WebPage","@id":"https:\/\/buenosdiasbcs.com\/?p=5322","url":"https:\/\/buenosdiasbcs.com\/?p=5322","name":"Selecci\u00f3n de Ir\u00e1n negocia con la FIFA para jugar el Mundial 2026 en M\u00e9xico - Buenos D&iacute;as BCS","isPartOf":{"@id":"https:\/\/buenosdiasbcs.com\/#website"},"primaryImageOfPage":{"@id":"https:\/\/buenosdiasbcs.com\/?p=5322#primaryimage"},"image":{"@id":"https:\/\/buenosdiasbcs.com\/?p=5322#primaryimage"},"thumbnailUrl":"https:\/\/buenosdiasbcs.com\/wp-content\/uploads\/2026\/03\/Iran-quiere-jugar-el-Mundial-2026-en-Mexico.jpg","datePublished":"2026-03-17T07:36:00+00:00","breadcrumb":{"@id":"https:\/\/buenosdiasbcs.com\/?p=5322#breadcrumb"},"inLanguage":"es","potentialAction":[{"@type":"ReadAction","target":["https:\/\/buenosdiasbcs.com\/?p=5322"]}]},{"@type":"ImageObject","inLanguage":"es","@id":"https:\/\/buenosdiasbcs.com\/?p=5322#primaryimage","url":"https:\/\/buenosdiasbcs.com\/wp-content\/uploads\/2026\/03\/Iran-quiere-jugar-el-Mundial-2026-en-Mexico.jpg","contentUrl":"https:\/\/buenosdiasbcs.com\/wp-content\/uploads\/2026\/03\/Iran-quiere-jugar-el-Mundial-2026-en-Mexico.jpg","width":650,"height":417},{"@type":"BreadcrumbList","@id":"https:\/\/buenosdiasbcs.com\/?p=5322#breadcrumb","itemListElement":[{"@type":"ListItem","position":1,"name":"Portada","item":"https:\/\/buenosdiasbcs.com\/"},{"@type":"ListItem","position":2,"name":"Selecci\u00f3n de Ir\u00e1n negocia con la FIFA para jugar el Mundial 2026 en M\u00e9xico"}]},{"@type":"WebSite","@id":"https:\/\/buenosdiasbcs.com\/#website","url":"https:\/\/buenosdiasbcs.com\/","name":"Buenos D\u00edas BCS","description":"","publisher":{"@id":"https:\/\/buenosdiasbcs.com\/#organization"},"potentialAction":[{"@type":"SearchAction","target":{"@type":"EntryPoint","urlTemplate":"https:\/\/buenosdiasbcs.com\/?s={search_term_string}"},"query-input":{"@type":"PropertyValueSpecification","valueRequired":true,"valueName":"search_term_string"}}],"inLanguage":"es"},{"@type":"Organization","@id":"https:\/\/buenosdiasbcs.com\/#organization","name":"Buenos D\u00edas BCS","url":"https:\/\/buenosdiasbcs.com\/","logo":{"@type":"ImageObject","inLanguage":"es","@id":"https:\/\/buenosdiasbcs.com\/#\/schema\/logo\/image\/","url":"https:\/\/buenosdiasbcs.com\/wp-content\/uploads\/2026\/01\/logo-buenos-dias-40-01.png","contentUrl":"https:\/\/buenosdiasbcs.com\/wp-content\/uploads\/2026\/01\/logo-buenos-dias-40-01.png","width":277,"height":40,"caption":"Buenos D\u00edas BCS"},"image":{"@id":"https:\/\/buenosdiasbcs.com\/#\/schema\/logo\/image\/"}},{"@type":"Person","@id":"https:\/\/buenosdiasbcs.com\/#\/schema\/person\/15aedc247eab7070ee5d76d6d069a821","name":"Edici\u00f3n Buenos D\u00edas","image":{"@type":"ImageObject","inLanguage":"es","@id":"https:\/\/buenosdiasbcs.com\/wp-content\/uploads\/2026\/01\/cropped-sol-96x96.png","url":"https:\/\/buenosdiasbcs.com\/wp-content\/uploads\/2026\/01\/cropped-sol-96x96.png","contentUrl":"https:\/\/buenosdiasbcs.com\/wp-content\/uploads\/2026\/01\/cropped-sol-96x96.png","caption":"Edici\u00f3n Buenos D\u00edas"},"url":"https:\/\/buenosdiasbcs.com\/?author=2"}]}},"amp_enabled":true,"_links":{"self":[{"href":"https:\/\/buenosdiasbcs.com\/index.php?rest_route=\/wp\/v2\/posts\/5322","targetHints":{"allow":["GET"]}}],"collection":[{"href":"https:\/\/buenosdiasbcs.com\/index.php?rest_route=\/wp\/v2\/posts"}],"about":[{"href":"https:\/\/buenosdiasbcs.com\/index.php?rest_route=\/wp\/v2\/types\/post"}],"author":[{"embeddable":true,"href":"https:\/\/buenosdiasbcs.com\/index.php?rest_route=\/wp\/v2\/users\/2"}],"replies":[{"embeddable":true,"href":"https:\/\/buenosdiasbcs.com\/index.php?rest_route=%2Fwp%2Fv2%2Fcomments&post=5322"}],"version-history":[{"count":1,"href":"https:\/\/buenosdiasbcs.com\/index.php?rest_route=\/wp\/v2\/posts\/5322\/revisions"}],"predecessor-version":[{"id":5324,"href":"https:\/\/buenosdiasbcs.com\/index.php?rest_route=\/wp\/v2\/posts\/5322\/revisions\/5324"}],"wp:featuredmedia":[{"embeddable":true,"href":"https:\/\/buenosdiasbcs.com\/index.php?rest_route=\/wp\/v2\/media\/5323"}],"wp:attachment":[{"href":"https:\/\/buenosdiasbcs.com\/index.php?rest_route=%2Fwp%2Fv2%2Fmedia&parent=5322"}],"wp:term":[{"taxonomy":"category","embeddable":true,"href":"https:\/\/buenosdiasbcs.com\/index.php?rest_route=%2Fwp%2Fv2%2Fcategories&post=5322"},{"taxonomy":"post_tag","embeddable":true,"href":"https:\/\/buenosdiasbcs.com\/index.php?rest_route=%2Fwp%2Fv2%2Ftags&post=5322"}],"curies":[{"name":"wp","href":"https:\/\/api.w.org\/{rel}","templated":true}]}}