{"id":5316,"date":"2026-03-17T00:29:00","date_gmt":"2026-03-17T07:29:00","guid":{"rendered":"https:\/\/buenosdiasbcs.com\/?p=5316"},"modified":"2026-03-16T22:31:07","modified_gmt":"2026-03-17T05:31:07","slug":"benavidez-tira-la-toalla-canelo-no-va-a-pelear-con-mi-hijo","status":"publish","type":"post","link":"https:\/\/buenosdiasbcs.com\/?p=5316","title":{"rendered":"Benavidez tira la toalla: &#8220;Canelo no va a pelear con mi hijo&#8221;"},"content":{"rendered":"\n<h2 class=\"wp-block-heading\" id=\"h-el-padre-y-entrenador-de-david-benavidez-descarto-cualquier-posibilidad-de-que-canelo-acepte-el-combate-pese-a-los-reclamos-constantes-de-los-aficionados\">El padre y entrenador de David Benavidez descart\u00f3 cualquier posibilidad de que Canelo acepte el combate, pese a los reclamos constantes de los aficionados.<\/h2>\n\n\n\n<p>El entrenador&nbsp;<strong>Jos\u00e9 Benavidez Sr.<\/strong>&nbsp;afirm\u00f3 que una pelea entre&nbsp;<strong>Sa\u00fal \u201cCanelo\u201d \u00c1lvarez<\/strong>&nbsp;y&nbsp;<strong>David Benavidez<\/strong>&nbsp;es pr\u00e1cticamente imposible y que, a su juicio,&nbsp;<strong>\u201cjam\u00e1s en la vida se va a dar esa pelea\u201d<\/strong>, seg\u00fan declar\u00f3 durante entrevistas realizadas en la Ciudad de M\u00e9xico.&nbsp;<\/p>\n\n\n\n<p>El tambi\u00e9n padre del boxeador estadounidense-mexicano explic\u00f3 que el tema ha sido recurrente en conversaciones con medios, pero considera que&nbsp;<strong>las condiciones actuales de ambos pugilistas hacen improbable el enfrentamiento<\/strong>.<\/p>\n\n\n\n<h2 class=\"wp-block-heading\" id=\"h-diferencia-de-momento-en-sus-carreras\">Diferencia de momento en sus carreras<\/h2>\n\n\n\n<p>Benavidez se\u00f1al\u00f3 que el combate no ocurrir\u00e1 porque&nbsp;<strong>Canelo se encuentra en una etapa avanzada de su carrera<\/strong>, mientras que su hijo atraviesa&nbsp;<strong>uno de los mejores momentos deportivos<\/strong>&nbsp;y compite en divisiones de peso superiores.&nbsp;<\/p>\n\n\n\n<p>Seg\u00fan su an\u00e1lisis, enfrentar a David en esas categor\u00edas&nbsp;<strong>podr\u00eda representar un riesgo para el boxeador mexicano<\/strong>, por lo que considera poco probable que ese duelo llegue a concretarse en el futuro.&nbsp;<\/p>\n\n\n\n<h2 class=\"wp-block-heading\" id=\"h-benavidez-mantiene-otros-objetivos\">Benavidez mantiene otros objetivos<\/h2>\n\n\n\n<p>El entrenador tambi\u00e9n explic\u00f3 que, mientras se siga hablando del combate con Canelo, el equipo de David continuar\u00e1 enfocado en&nbsp;<strong>otros retos dentro de su carrera profesional<\/strong>.&nbsp;<\/p>\n\n\n\n<p>Entre las metas del pugilista se encuentran&nbsp;<strong>posibles enfrentamientos con rivales de alto nivel<\/strong>, incluidos nombres como&nbsp;<strong>Gilberto \u201cZurdo\u201d Ram\u00edrez<\/strong>, adem\u00e1s de contemplar regresar a la&nbsp;<strong>divisi\u00f3n de las 175 libras<\/strong>&nbsp;para enfrentar a campeones de ese peso.&nbsp;<\/p>\n\n\n\n<p>Benavidez concluy\u00f3 que las preguntas sobre una pelea contra Canelo probablemente continuar\u00e1n&nbsp;<strong>mientras el tapat\u00edo permanezca activo en el boxeo<\/strong>, aunque insiste en que el combate no se realizar\u00e1.&nbsp;<\/p>\n\n\n\n<p><em>Con informaci\u00f3n de&nbsp;<strong>Izquierdazo<\/strong>.<\/em><\/p>\n","protected":false},"excerpt":{"rendered":"<p>El padre y entrenador de David Benavidez descart\u00f3 cualquier posibilidad de que Canelo acepte el combate, pese a los reclamos&#8230;<\/p>\n","protected":false},"author":2,"featured_media":5317,"comment_status":"open","ping_status":"open","sticky":false,"template":"","format":"standard","meta":{"footnotes":""},"categories":[34],"tags":[],"class_list":["post-5316","post","type-post","status-publish","format-standard","has-post-thumbnail","hentry","category-deportes"],"yoast_head":"<!-- This site is optimized with the Yoast SEO Premium plugin v26.8 (Yoast SEO v27.5) - https:\/\/yoast.com\/product\/yoast-seo-premium-wordpress\/ -->\n<title>Benavidez tira la toalla: &quot;Canelo no va a pelear con mi hijo&quot; - Buenos D&iacute;as BCS<\/title>\n<meta name=\"robots\" content=\"index, follow, max-snippet:-1, max-image-preview:large, max-video-preview:-1\" \/>\n<link rel=\"canonical\" href=\"https:\/\/buenosdiasbcs.com\/?p=5316\" \/>\n<meta property=\"og:locale\" content=\"es_ES\" \/>\n<meta property=\"og:type\" content=\"article\" \/>\n<meta property=\"og:title\" content=\"Benavidez tira la toalla: &quot;Canelo no va a pelear con mi hijo&quot;\" \/>\n<meta property=\"og:description\" content=\"El padre y entrenador de David Benavidez descart\u00f3 cualquier posibilidad de que Canelo acepte el combate, pese a los reclamos...\" \/>\n<meta property=\"og:url\" content=\"https:\/\/buenosdiasbcs.com\/?p=5316\" \/>\n<meta property=\"og:site_name\" content=\"Buenos D&iacute;as BCS\" \/>\n<meta property=\"article:published_time\" content=\"2026-03-17T07:29:00+00:00\" \/>\n<meta property=\"og:image\" content=\"https:\/\/buenosdiasbcs.com\/wp-content\/uploads\/2026\/03\/images-6.jpeg\" \/>\n\t<meta property=\"og:image:width\" content=\"270\" \/>\n\t<meta property=\"og:image:height\" content=\"186\" \/>\n\t<meta property=\"og:image:type\" content=\"image\/jpeg\" \/>\n<meta name=\"author\" content=\"Edici\u00f3n Buenos D\u00edas\" \/>\n<meta name=\"twitter:card\" content=\"summary_large_image\" \/>\n<meta name=\"twitter:label1\" content=\"Escrito por\" \/>\n\t<meta name=\"twitter:data1\" content=\"Edici\u00f3n Buenos D\u00edas\" \/>\n\t<meta name=\"twitter:label2\" content=\"Tiempo de lectura\" \/>\n\t<meta name=\"twitter:data2\" content=\"2 minutos\" \/>\n<script type=\"application\/ld+json\" class=\"yoast-schema-graph\">{\"@context\":\"https:\\\/\\\/schema.org\",\"@graph\":[{\"@type\":\"Article\",\"@id\":\"https:\\\/\\\/buenosdiasbcs.com\\\/?p=5316#article\",\"isPartOf\":{\"@id\":\"https:\\\/\\\/buenosdiasbcs.com\\\/?p=5316\"},\"author\":{\"name\":\"Edici\u00f3n Buenos D\u00edas\",\"@id\":\"https:\\\/\\\/buenosdiasbcs.com\\\/#\\\/schema\\\/person\\\/15aedc247eab7070ee5d76d6d069a821\"},\"headline\":\"Benavidez tira la toalla: &#8220;Canelo no va a pelear con mi hijo&#8221;\",\"datePublished\":\"2026-03-17T07:29:00+00:00\",\"mainEntityOfPage\":{\"@id\":\"https:\\\/\\\/buenosdiasbcs.com\\\/?p=5316\"},\"wordCount\":328,\"commentCount\":0,\"publisher\":{\"@id\":\"https:\\\/\\\/buenosdiasbcs.com\\\/#organization\"},\"image\":{\"@id\":\"https:\\\/\\\/buenosdiasbcs.com\\\/?p=5316#primaryimage\"},\"thumbnailUrl\":\"https:\\\/\\\/buenosdiasbcs.com\\\/wp-content\\\/uploads\\\/2026\\\/03\\\/images-6.jpeg\",\"articleSection\":[\"Deportes\"],\"inLanguage\":\"es\",\"potentialAction\":[{\"@type\":\"CommentAction\",\"name\":\"Comment\",\"target\":[\"https:\\\/\\\/buenosdiasbcs.com\\\/?p=5316#respond\"]}]},{\"@type\":\"WebPage\",\"@id\":\"https:\\\/\\\/buenosdiasbcs.com\\\/?p=5316\",\"url\":\"https:\\\/\\\/buenosdiasbcs.com\\\/?p=5316\",\"name\":\"Benavidez tira la toalla: \\\"Canelo no va a pelear con mi hijo\\\" - Buenos D&iacute;as BCS\",\"isPartOf\":{\"@id\":\"https:\\\/\\\/buenosdiasbcs.com\\\/#website\"},\"primaryImageOfPage\":{\"@id\":\"https:\\\/\\\/buenosdiasbcs.com\\\/?p=5316#primaryimage\"},\"image\":{\"@id\":\"https:\\\/\\\/buenosdiasbcs.com\\\/?p=5316#primaryimage\"},\"thumbnailUrl\":\"https:\\\/\\\/buenosdiasbcs.com\\\/wp-content\\\/uploads\\\/2026\\\/03\\\/images-6.jpeg\",\"datePublished\":\"2026-03-17T07:29:00+00:00\",\"breadcrumb\":{\"@id\":\"https:\\\/\\\/buenosdiasbcs.com\\\/?p=5316#breadcrumb\"},\"inLanguage\":\"es\",\"potentialAction\":[{\"@type\":\"ReadAction\",\"target\":[\"https:\\\/\\\/buenosdiasbcs.com\\\/?p=5316\"]}]},{\"@type\":\"ImageObject\",\"inLanguage\":\"es\",\"@id\":\"https:\\\/\\\/buenosdiasbcs.com\\\/?p=5316#primaryimage\",\"url\":\"https:\\\/\\\/buenosdiasbcs.com\\\/wp-content\\\/uploads\\\/2026\\\/03\\\/images-6.jpeg\",\"contentUrl\":\"https:\\\/\\\/buenosdiasbcs.com\\\/wp-content\\\/uploads\\\/2026\\\/03\\\/images-6.jpeg\",\"width\":270,\"height\":186},{\"@type\":\"BreadcrumbList\",\"@id\":\"https:\\\/\\\/buenosdiasbcs.com\\\/?p=5316#breadcrumb\",\"itemListElement\":[{\"@type\":\"ListItem\",\"position\":1,\"name\":\"Portada\",\"item\":\"https:\\\/\\\/buenosdiasbcs.com\\\/\"},{\"@type\":\"ListItem\",\"position\":2,\"name\":\"Benavidez tira la toalla: &#8220;Canelo no va a pelear con mi hijo&#8221;\"}]},{\"@type\":\"WebSite\",\"@id\":\"https:\\\/\\\/buenosdiasbcs.com\\\/#website\",\"url\":\"https:\\\/\\\/buenosdiasbcs.com\\\/\",\"name\":\"Buenos D\u00edas BCS\",\"description\":\"\",\"publisher\":{\"@id\":\"https:\\\/\\\/buenosdiasbcs.com\\\/#organization\"},\"potentialAction\":[{\"@type\":\"SearchAction\",\"target\":{\"@type\":\"EntryPoint\",\"urlTemplate\":\"https:\\\/\\\/buenosdiasbcs.com\\\/?s={search_term_string}\"},\"query-input\":{\"@type\":\"PropertyValueSpecification\",\"valueRequired\":true,\"valueName\":\"search_term_string\"}}],\"inLanguage\":\"es\"},{\"@type\":\"Organization\",\"@id\":\"https:\\\/\\\/buenosdiasbcs.com\\\/#organization\",\"name\":\"Buenos D\u00edas BCS\",\"url\":\"https:\\\/\\\/buenosdiasbcs.com\\\/\",\"logo\":{\"@type\":\"ImageObject\",\"inLanguage\":\"es\",\"@id\":\"https:\\\/\\\/buenosdiasbcs.com\\\/#\\\/schema\\\/logo\\\/image\\\/\",\"url\":\"https:\\\/\\\/buenosdiasbcs.com\\\/wp-content\\\/uploads\\\/2026\\\/01\\\/logo-buenos-dias-40-01.png\",\"contentUrl\":\"https:\\\/\\\/buenosdiasbcs.com\\\/wp-content\\\/uploads\\\/2026\\\/01\\\/logo-buenos-dias-40-01.png\",\"width\":277,\"height\":40,\"caption\":\"Buenos D\u00edas BCS\"},\"image\":{\"@id\":\"https:\\\/\\\/buenosdiasbcs.com\\\/#\\\/schema\\\/logo\\\/image\\\/\"}},{\"@type\":\"Person\",\"@id\":\"https:\\\/\\\/buenosdiasbcs.com\\\/#\\\/schema\\\/person\\\/15aedc247eab7070ee5d76d6d069a821\",\"name\":\"Edici\u00f3n Buenos D\u00edas\",\"image\":{\"@type\":\"ImageObject\",\"inLanguage\":\"es\",\"@id\":\"https:\\\/\\\/buenosdiasbcs.com\\\/wp-content\\\/uploads\\\/2026\\\/01\\\/cropped-sol-96x96.png\",\"url\":\"https:\\\/\\\/buenosdiasbcs.com\\\/wp-content\\\/uploads\\\/2026\\\/01\\\/cropped-sol-96x96.png\",\"contentUrl\":\"https:\\\/\\\/buenosdiasbcs.com\\\/wp-content\\\/uploads\\\/2026\\\/01\\\/cropped-sol-96x96.png\",\"caption\":\"Edici\u00f3n Buenos D\u00edas\"},\"url\":\"https:\\\/\\\/buenosdiasbcs.com\\\/?author=2\"}]}<\/script>\n<!-- \/ Yoast SEO Premium plugin. -->","yoast_head_json":{"title":"Benavidez tira la toalla: \"Canelo no va a pelear con mi hijo\" - Buenos D&iacute;as BCS","robots":{"index":"index","follow":"follow","max-snippet":"max-snippet:-1","max-image-preview":"max-image-preview:large","max-video-preview":"max-video-preview:-1"},"canonical":"https:\/\/buenosdiasbcs.com\/?p=5316","og_locale":"es_ES","og_type":"article","og_title":"Benavidez tira la toalla: \"Canelo no va a pelear con mi hijo\"","og_description":"El padre y entrenador de David Benavidez descart\u00f3 cualquier posibilidad de que Canelo acepte el combate, pese a los reclamos...","og_url":"https:\/\/buenosdiasbcs.com\/?p=5316","og_site_name":"Buenos D&iacute;as BCS","article_published_time":"2026-03-17T07:29:00+00:00","og_image":[{"width":270,"height":186,"url":"https:\/\/buenosdiasbcs.com\/wp-content\/uploads\/2026\/03\/images-6.jpeg","type":"image\/jpeg"}],"author":"Edici\u00f3n Buenos D\u00edas","twitter_card":"summary_large_image","twitter_misc":{"Escrito por":"Edici\u00f3n Buenos D\u00edas","Tiempo de lectura":"2 minutos"},"schema":{"@context":"https:\/\/schema.org","@graph":[{"@type":"Article","@id":"https:\/\/buenosdiasbcs.com\/?p=5316#article","isPartOf":{"@id":"https:\/\/buenosdiasbcs.com\/?p=5316"},"author":{"name":"Edici\u00f3n Buenos D\u00edas","@id":"https:\/\/buenosdiasbcs.com\/#\/schema\/person\/15aedc247eab7070ee5d76d6d069a821"},"headline":"Benavidez tira la toalla: &#8220;Canelo no va a pelear con mi hijo&#8221;","datePublished":"2026-03-17T07:29:00+00:00","mainEntityOfPage":{"@id":"https:\/\/buenosdiasbcs.com\/?p=5316"},"wordCount":328,"commentCount":0,"publisher":{"@id":"https:\/\/buenosdiasbcs.com\/#organization"},"image":{"@id":"https:\/\/buenosdiasbcs.com\/?p=5316#primaryimage"},"thumbnailUrl":"https:\/\/buenosdiasbcs.com\/wp-content\/uploads\/2026\/03\/images-6.jpeg","articleSection":["Deportes"],"inLanguage":"es","potentialAction":[{"@type":"CommentAction","name":"Comment","target":["https:\/\/buenosdiasbcs.com\/?p=5316#respond"]}]},{"@type":"WebPage","@id":"https:\/\/buenosdiasbcs.com\/?p=5316","url":"https:\/\/buenosdiasbcs.com\/?p=5316","name":"Benavidez tira la toalla: \"Canelo no va a pelear con mi hijo\" - Buenos D&iacute;as BCS","isPartOf":{"@id":"https:\/\/buenosdiasbcs.com\/#website"},"primaryImageOfPage":{"@id":"https:\/\/buenosdiasbcs.com\/?p=5316#primaryimage"},"image":{"@id":"https:\/\/buenosdiasbcs.com\/?p=5316#primaryimage"},"thumbnailUrl":"https:\/\/buenosdiasbcs.com\/wp-content\/uploads\/2026\/03\/images-6.jpeg","datePublished":"2026-03-17T07:29:00+00:00","breadcrumb":{"@id":"https:\/\/buenosdiasbcs.com\/?p=5316#breadcrumb"},"inLanguage":"es","potentialAction":[{"@type":"ReadAction","target":["https:\/\/buenosdiasbcs.com\/?p=5316"]}]},{"@type":"ImageObject","inLanguage":"es","@id":"https:\/\/buenosdiasbcs.com\/?p=5316#primaryimage","url":"https:\/\/buenosdiasbcs.com\/wp-content\/uploads\/2026\/03\/images-6.jpeg","contentUrl":"https:\/\/buenosdiasbcs.com\/wp-content\/uploads\/2026\/03\/images-6.jpeg","width":270,"height":186},{"@type":"BreadcrumbList","@id":"https:\/\/buenosdiasbcs.com\/?p=5316#breadcrumb","itemListElement":[{"@type":"ListItem","position":1,"name":"Portada","item":"https:\/\/buenosdiasbcs.com\/"},{"@type":"ListItem","position":2,"name":"Benavidez tira la toalla: &#8220;Canelo no va a pelear con mi hijo&#8221;"}]},{"@type":"WebSite","@id":"https:\/\/buenosdiasbcs.com\/#website","url":"https:\/\/buenosdiasbcs.com\/","name":"Buenos D\u00edas BCS","description":"","publisher":{"@id":"https:\/\/buenosdiasbcs.com\/#organization"},"potentialAction":[{"@type":"SearchAction","target":{"@type":"EntryPoint","urlTemplate":"https:\/\/buenosdiasbcs.com\/?s={search_term_string}"},"query-input":{"@type":"PropertyValueSpecification","valueRequired":true,"valueName":"search_term_string"}}],"inLanguage":"es"},{"@type":"Organization","@id":"https:\/\/buenosdiasbcs.com\/#organization","name":"Buenos D\u00edas BCS","url":"https:\/\/buenosdiasbcs.com\/","logo":{"@type":"ImageObject","inLanguage":"es","@id":"https:\/\/buenosdiasbcs.com\/#\/schema\/logo\/image\/","url":"https:\/\/buenosdiasbcs.com\/wp-content\/uploads\/2026\/01\/logo-buenos-dias-40-01.png","contentUrl":"https:\/\/buenosdiasbcs.com\/wp-content\/uploads\/2026\/01\/logo-buenos-dias-40-01.png","width":277,"height":40,"caption":"Buenos D\u00edas BCS"},"image":{"@id":"https:\/\/buenosdiasbcs.com\/#\/schema\/logo\/image\/"}},{"@type":"Person","@id":"https:\/\/buenosdiasbcs.com\/#\/schema\/person\/15aedc247eab7070ee5d76d6d069a821","name":"Edici\u00f3n Buenos D\u00edas","image":{"@type":"ImageObject","inLanguage":"es","@id":"https:\/\/buenosdiasbcs.com\/wp-content\/uploads\/2026\/01\/cropped-sol-96x96.png","url":"https:\/\/buenosdiasbcs.com\/wp-content\/uploads\/2026\/01\/cropped-sol-96x96.png","contentUrl":"https:\/\/buenosdiasbcs.com\/wp-content\/uploads\/2026\/01\/cropped-sol-96x96.png","caption":"Edici\u00f3n Buenos D\u00edas"},"url":"https:\/\/buenosdiasbcs.com\/?author=2"}]}},"amp_enabled":true,"_links":{"self":[{"href":"https:\/\/buenosdiasbcs.com\/index.php?rest_route=\/wp\/v2\/posts\/5316","targetHints":{"allow":["GET"]}}],"collection":[{"href":"https:\/\/buenosdiasbcs.com\/index.php?rest_route=\/wp\/v2\/posts"}],"about":[{"href":"https:\/\/buenosdiasbcs.com\/index.php?rest_route=\/wp\/v2\/types\/post"}],"author":[{"embeddable":true,"href":"https:\/\/buenosdiasbcs.com\/index.php?rest_route=\/wp\/v2\/users\/2"}],"replies":[{"embeddable":true,"href":"https:\/\/buenosdiasbcs.com\/index.php?rest_route=%2Fwp%2Fv2%2Fcomments&post=5316"}],"version-history":[{"count":1,"href":"https:\/\/buenosdiasbcs.com\/index.php?rest_route=\/wp\/v2\/posts\/5316\/revisions"}],"predecessor-version":[{"id":5318,"href":"https:\/\/buenosdiasbcs.com\/index.php?rest_route=\/wp\/v2\/posts\/5316\/revisions\/5318"}],"wp:featuredmedia":[{"embeddable":true,"href":"https:\/\/buenosdiasbcs.com\/index.php?rest_route=\/wp\/v2\/media\/5317"}],"wp:attachment":[{"href":"https:\/\/buenosdiasbcs.com\/index.php?rest_route=%2Fwp%2Fv2%2Fmedia&parent=5316"}],"wp:term":[{"taxonomy":"category","embeddable":true,"href":"https:\/\/buenosdiasbcs.com\/index.php?rest_route=%2Fwp%2Fv2%2Fcategories&post=5316"},{"taxonomy":"post_tag","embeddable":true,"href":"https:\/\/buenosdiasbcs.com\/index.php?rest_route=%2Fwp%2Fv2%2Ftags&post=5316"}],"curies":[{"name":"wp","href":"https:\/\/api.w.org\/{rel}","templated":true}]}}