{"id":5262,"date":"2026-03-16T00:57:00","date_gmt":"2026-03-16T07:57:00","guid":{"rendered":"https:\/\/buenosdiasbcs.com\/?p=5262"},"modified":"2026-03-15T01:58:57","modified_gmt":"2026-03-15T08:58:57","slug":"sheinbaum-sufre-incidente-menor-al-llegar-a-evento-en-nayarit-solo-me-picaron-el-ojo-asegura","status":"publish","type":"post","link":"https:\/\/buenosdiasbcs.com\/?p=5262","title":{"rendered":"Sheinbaum sufre incidente menor al llegar a evento en Nayarit; \u201csolo me picaron el ojo\u201d, asegura"},"content":{"rendered":"\n<h2 class=\"wp-block-heading\" id=\"h-el-episodio-genero-breves-momentos-de-preocupacion-entre-algunos-asistentes-testigos-senalaron-que-la-irritacion-era-visible-nbsp\">El episodio gener\u00f3 breves momentos de preocupaci\u00f3n entre algunos asistentes. Testigos se\u00f1alaron que la irritaci\u00f3n era visible.&nbsp;<\/h2>\n\n\n\n<p><strong>Nayarit.-<\/strong>&nbsp;La presidenta de M\u00e9xico,&nbsp;<strong>Claudia Sheinbaum<\/strong>, sufri\u00f3 un incidente menor al arribar a un evento p\u00fablico en el municipio de&nbsp;<strong>Ixtl\u00e1n del R\u00edo<\/strong>, luego de que accidentalmente le picaran el ojo izquierdo mientras saludaba a personas que se encontraban en el lugar.<\/p>\n\n\n\n<p>El percance ocurri\u00f3 minutos antes de la inauguraci\u00f3n del&nbsp;<strong>Centro Libre para las Mujeres<\/strong>, actividad programada como parte de su agenda en el estado de&nbsp;<strong>Nayarit.<\/strong>&nbsp;Al descender de su veh\u00edculo y acercarse a saludar a los asistentes que le daban la bienvenida,&nbsp;<strong>una persona alcanz\u00f3 involuntariamente el rostro de la mandataria<\/strong>.<\/p>\n\n\n\n<p>De acuerdo con testigos,&nbsp;<strong>la presidenta present\u00f3 molestia inmediata en el ojo izquierdo, adem\u00e1s de lagrimeo y enrojecimiento visible<\/strong>. Integrantes de su equipo de seguridad y log\u00edstica reaccionaron de forma r\u00e1pida para auxiliarla mientras continuaba su trayecto hacia el lugar del evento.<\/p>\n\n\n\n<p>Personal cercano&nbsp;<strong>le proporcion\u00f3 papel higi\u00e9nico<\/strong>&nbsp;para limpiar el ojo afectado y atender la irritaci\u00f3n.<\/p>\n\n\n\n<blockquote class=\"wp-block-quote is-layout-flow wp-block-quote-is-layout-flow\">\n<p>\u201c&nbsp;<strong>Presidenta, \u00bfest\u00e1 bien<\/strong>?\u201d, se le pregunt\u00f3 durante el momento.<\/p>\n<\/blockquote>\n\n\n\n<blockquote class=\"wp-block-quote is-layout-flow wp-block-quote-is-layout-flow\">\n<p>\u201c&nbsp;<strong>S\u00ed, solo que me picaron el ojo<\/strong>\u201d, respondi\u00f3 la mandataria mientras continuaba saludando a los habitantes del municipio sin suspender sus actividades.<\/p>\n<\/blockquote>\n\n\n\n<p>El episodio gener\u00f3 breves momentos de preocupaci\u00f3n entre algunos asistentes.&nbsp;<strong>Testigos se\u00f1alaron que la irritaci\u00f3n era visible<\/strong>&nbsp;y que el contacto accidental pudo haber ocurrido cuando alguien intentaba entregarle una escultura.<\/p>\n\n\n\n<p>La visita de la presidenta a&nbsp;<strong>Ixtl\u00e1n del R\u00edo<\/strong>&nbsp;forma parte de una gira de trabajo por diversos municipios del pa\u00eds, donde supervisa programas sociales y sostiene encuentros con mujeres.&nbsp;<strong>El incidente no afect\u00f3 el desarrollo del evento ni el resto de su agenda.<\/strong><\/p>\n","protected":false},"excerpt":{"rendered":"<p>El episodio gener\u00f3 breves momentos de preocupaci\u00f3n entre algunos asistentes. Testigos se\u00f1alaron que la irritaci\u00f3n era visible.&nbsp; Nayarit.-&nbsp;La presidenta de&#8230;<\/p>\n","protected":false},"author":2,"featured_media":5263,"comment_status":"open","ping_status":"open","sticky":false,"template":"","format":"standard","meta":{"footnotes":""},"categories":[32],"tags":[],"class_list":["post-5262","post","type-post","status-publish","format-standard","has-post-thumbnail","hentry","category-la-nacion"],"yoast_head":"<!-- This site is optimized with the Yoast SEO Premium plugin v26.8 (Yoast SEO v27.5) - https:\/\/yoast.com\/product\/yoast-seo-premium-wordpress\/ -->\n<title>Sheinbaum sufre incidente menor al llegar a evento en Nayarit; \u201csolo me picaron el ojo\u201d, asegura - Buenos D&iacute;as BCS<\/title>\n<meta name=\"robots\" content=\"index, follow, max-snippet:-1, max-image-preview:large, max-video-preview:-1\" \/>\n<link rel=\"canonical\" href=\"https:\/\/buenosdiasbcs.com\/?p=5262\" \/>\n<meta property=\"og:locale\" content=\"es_ES\" \/>\n<meta property=\"og:type\" content=\"article\" \/>\n<meta property=\"og:title\" content=\"Sheinbaum sufre incidente menor al llegar a evento en Nayarit; \u201csolo me picaron el ojo\u201d, asegura\" \/>\n<meta property=\"og:description\" content=\"El episodio gener\u00f3 breves momentos de preocupaci\u00f3n entre algunos asistentes. Testigos se\u00f1alaron que la irritaci\u00f3n era visible.&nbsp; Nayarit.-&nbsp;La presidenta de...\" \/>\n<meta property=\"og:url\" content=\"https:\/\/buenosdiasbcs.com\/?p=5262\" \/>\n<meta property=\"og:site_name\" content=\"Buenos D&iacute;as BCS\" \/>\n<meta property=\"article:published_time\" content=\"2026-03-16T07:57:00+00:00\" \/>\n<meta property=\"og:image\" content=\"https:\/\/buenosdiasbcs.com\/wp-content\/uploads\/2026\/03\/pub_691165_504895b66404.webp\" \/>\n\t<meta property=\"og:image:width\" content=\"1200\" \/>\n\t<meta property=\"og:image:height\" content=\"675\" \/>\n\t<meta property=\"og:image:type\" content=\"image\/webp\" \/>\n<meta name=\"author\" content=\"Edici\u00f3n Buenos D\u00edas\" \/>\n<meta name=\"twitter:card\" content=\"summary_large_image\" \/>\n<meta name=\"twitter:label1\" content=\"Escrito por\" \/>\n\t<meta name=\"twitter:data1\" content=\"Edici\u00f3n Buenos D\u00edas\" \/>\n\t<meta name=\"twitter:label2\" content=\"Tiempo de lectura\" \/>\n\t<meta name=\"twitter:data2\" content=\"2 minutos\" \/>\n<script type=\"application\/ld+json\" class=\"yoast-schema-graph\">{\"@context\":\"https:\\\/\\\/schema.org\",\"@graph\":[{\"@type\":\"Article\",\"@id\":\"https:\\\/\\\/buenosdiasbcs.com\\\/?p=5262#article\",\"isPartOf\":{\"@id\":\"https:\\\/\\\/buenosdiasbcs.com\\\/?p=5262\"},\"author\":{\"name\":\"Edici\u00f3n Buenos D\u00edas\",\"@id\":\"https:\\\/\\\/buenosdiasbcs.com\\\/#\\\/schema\\\/person\\\/15aedc247eab7070ee5d76d6d069a821\"},\"headline\":\"Sheinbaum sufre incidente menor al llegar a evento en Nayarit; \u201csolo me picaron el ojo\u201d, asegura\",\"datePublished\":\"2026-03-16T07:57:00+00:00\",\"mainEntityOfPage\":{\"@id\":\"https:\\\/\\\/buenosdiasbcs.com\\\/?p=5262\"},\"wordCount\":330,\"commentCount\":0,\"publisher\":{\"@id\":\"https:\\\/\\\/buenosdiasbcs.com\\\/#organization\"},\"image\":{\"@id\":\"https:\\\/\\\/buenosdiasbcs.com\\\/?p=5262#primaryimage\"},\"thumbnailUrl\":\"https:\\\/\\\/buenosdiasbcs.com\\\/wp-content\\\/uploads\\\/2026\\\/03\\\/pub_691165_504895b66404.webp\",\"articleSection\":[\"La Naci\u00f3n\"],\"inLanguage\":\"es\",\"potentialAction\":[{\"@type\":\"CommentAction\",\"name\":\"Comment\",\"target\":[\"https:\\\/\\\/buenosdiasbcs.com\\\/?p=5262#respond\"]}]},{\"@type\":\"WebPage\",\"@id\":\"https:\\\/\\\/buenosdiasbcs.com\\\/?p=5262\",\"url\":\"https:\\\/\\\/buenosdiasbcs.com\\\/?p=5262\",\"name\":\"Sheinbaum sufre incidente menor al llegar a evento en Nayarit; \u201csolo me picaron el ojo\u201d, asegura - Buenos D&iacute;as BCS\",\"isPartOf\":{\"@id\":\"https:\\\/\\\/buenosdiasbcs.com\\\/#website\"},\"primaryImageOfPage\":{\"@id\":\"https:\\\/\\\/buenosdiasbcs.com\\\/?p=5262#primaryimage\"},\"image\":{\"@id\":\"https:\\\/\\\/buenosdiasbcs.com\\\/?p=5262#primaryimage\"},\"thumbnailUrl\":\"https:\\\/\\\/buenosdiasbcs.com\\\/wp-content\\\/uploads\\\/2026\\\/03\\\/pub_691165_504895b66404.webp\",\"datePublished\":\"2026-03-16T07:57:00+00:00\",\"breadcrumb\":{\"@id\":\"https:\\\/\\\/buenosdiasbcs.com\\\/?p=5262#breadcrumb\"},\"inLanguage\":\"es\",\"potentialAction\":[{\"@type\":\"ReadAction\",\"target\":[\"https:\\\/\\\/buenosdiasbcs.com\\\/?p=5262\"]}]},{\"@type\":\"ImageObject\",\"inLanguage\":\"es\",\"@id\":\"https:\\\/\\\/buenosdiasbcs.com\\\/?p=5262#primaryimage\",\"url\":\"https:\\\/\\\/buenosdiasbcs.com\\\/wp-content\\\/uploads\\\/2026\\\/03\\\/pub_691165_504895b66404.webp\",\"contentUrl\":\"https:\\\/\\\/buenosdiasbcs.com\\\/wp-content\\\/uploads\\\/2026\\\/03\\\/pub_691165_504895b66404.webp\",\"width\":1200,\"height\":675},{\"@type\":\"BreadcrumbList\",\"@id\":\"https:\\\/\\\/buenosdiasbcs.com\\\/?p=5262#breadcrumb\",\"itemListElement\":[{\"@type\":\"ListItem\",\"position\":1,\"name\":\"Portada\",\"item\":\"https:\\\/\\\/buenosdiasbcs.com\\\/\"},{\"@type\":\"ListItem\",\"position\":2,\"name\":\"Sheinbaum sufre incidente menor al llegar a evento en Nayarit; \u201csolo me picaron el ojo\u201d, asegura\"}]},{\"@type\":\"WebSite\",\"@id\":\"https:\\\/\\\/buenosdiasbcs.com\\\/#website\",\"url\":\"https:\\\/\\\/buenosdiasbcs.com\\\/\",\"name\":\"Buenos D\u00edas BCS\",\"description\":\"\",\"publisher\":{\"@id\":\"https:\\\/\\\/buenosdiasbcs.com\\\/#organization\"},\"potentialAction\":[{\"@type\":\"SearchAction\",\"target\":{\"@type\":\"EntryPoint\",\"urlTemplate\":\"https:\\\/\\\/buenosdiasbcs.com\\\/?s={search_term_string}\"},\"query-input\":{\"@type\":\"PropertyValueSpecification\",\"valueRequired\":true,\"valueName\":\"search_term_string\"}}],\"inLanguage\":\"es\"},{\"@type\":\"Organization\",\"@id\":\"https:\\\/\\\/buenosdiasbcs.com\\\/#organization\",\"name\":\"Buenos D\u00edas BCS\",\"url\":\"https:\\\/\\\/buenosdiasbcs.com\\\/\",\"logo\":{\"@type\":\"ImageObject\",\"inLanguage\":\"es\",\"@id\":\"https:\\\/\\\/buenosdiasbcs.com\\\/#\\\/schema\\\/logo\\\/image\\\/\",\"url\":\"https:\\\/\\\/buenosdiasbcs.com\\\/wp-content\\\/uploads\\\/2026\\\/01\\\/logo-buenos-dias-40-01.png\",\"contentUrl\":\"https:\\\/\\\/buenosdiasbcs.com\\\/wp-content\\\/uploads\\\/2026\\\/01\\\/logo-buenos-dias-40-01.png\",\"width\":277,\"height\":40,\"caption\":\"Buenos D\u00edas BCS\"},\"image\":{\"@id\":\"https:\\\/\\\/buenosdiasbcs.com\\\/#\\\/schema\\\/logo\\\/image\\\/\"}},{\"@type\":\"Person\",\"@id\":\"https:\\\/\\\/buenosdiasbcs.com\\\/#\\\/schema\\\/person\\\/15aedc247eab7070ee5d76d6d069a821\",\"name\":\"Edici\u00f3n Buenos D\u00edas\",\"image\":{\"@type\":\"ImageObject\",\"inLanguage\":\"es\",\"@id\":\"https:\\\/\\\/buenosdiasbcs.com\\\/wp-content\\\/uploads\\\/2026\\\/01\\\/cropped-sol-96x96.png\",\"url\":\"https:\\\/\\\/buenosdiasbcs.com\\\/wp-content\\\/uploads\\\/2026\\\/01\\\/cropped-sol-96x96.png\",\"contentUrl\":\"https:\\\/\\\/buenosdiasbcs.com\\\/wp-content\\\/uploads\\\/2026\\\/01\\\/cropped-sol-96x96.png\",\"caption\":\"Edici\u00f3n Buenos D\u00edas\"},\"url\":\"https:\\\/\\\/buenosdiasbcs.com\\\/?author=2\"}]}<\/script>\n<!-- \/ Yoast SEO Premium plugin. -->","yoast_head_json":{"title":"Sheinbaum sufre incidente menor al llegar a evento en Nayarit; \u201csolo me picaron el ojo\u201d, asegura - Buenos D&iacute;as BCS","robots":{"index":"index","follow":"follow","max-snippet":"max-snippet:-1","max-image-preview":"max-image-preview:large","max-video-preview":"max-video-preview:-1"},"canonical":"https:\/\/buenosdiasbcs.com\/?p=5262","og_locale":"es_ES","og_type":"article","og_title":"Sheinbaum sufre incidente menor al llegar a evento en Nayarit; \u201csolo me picaron el ojo\u201d, asegura","og_description":"El episodio gener\u00f3 breves momentos de preocupaci\u00f3n entre algunos asistentes. Testigos se\u00f1alaron que la irritaci\u00f3n era visible.&nbsp; Nayarit.-&nbsp;La presidenta de...","og_url":"https:\/\/buenosdiasbcs.com\/?p=5262","og_site_name":"Buenos D&iacute;as BCS","article_published_time":"2026-03-16T07:57:00+00:00","og_image":[{"width":1200,"height":675,"url":"https:\/\/buenosdiasbcs.com\/wp-content\/uploads\/2026\/03\/pub_691165_504895b66404.webp","type":"image\/webp"}],"author":"Edici\u00f3n Buenos D\u00edas","twitter_card":"summary_large_image","twitter_misc":{"Escrito por":"Edici\u00f3n Buenos D\u00edas","Tiempo de lectura":"2 minutos"},"schema":{"@context":"https:\/\/schema.org","@graph":[{"@type":"Article","@id":"https:\/\/buenosdiasbcs.com\/?p=5262#article","isPartOf":{"@id":"https:\/\/buenosdiasbcs.com\/?p=5262"},"author":{"name":"Edici\u00f3n Buenos D\u00edas","@id":"https:\/\/buenosdiasbcs.com\/#\/schema\/person\/15aedc247eab7070ee5d76d6d069a821"},"headline":"Sheinbaum sufre incidente menor al llegar a evento en Nayarit; \u201csolo me picaron el ojo\u201d, asegura","datePublished":"2026-03-16T07:57:00+00:00","mainEntityOfPage":{"@id":"https:\/\/buenosdiasbcs.com\/?p=5262"},"wordCount":330,"commentCount":0,"publisher":{"@id":"https:\/\/buenosdiasbcs.com\/#organization"},"image":{"@id":"https:\/\/buenosdiasbcs.com\/?p=5262#primaryimage"},"thumbnailUrl":"https:\/\/buenosdiasbcs.com\/wp-content\/uploads\/2026\/03\/pub_691165_504895b66404.webp","articleSection":["La Naci\u00f3n"],"inLanguage":"es","potentialAction":[{"@type":"CommentAction","name":"Comment","target":["https:\/\/buenosdiasbcs.com\/?p=5262#respond"]}]},{"@type":"WebPage","@id":"https:\/\/buenosdiasbcs.com\/?p=5262","url":"https:\/\/buenosdiasbcs.com\/?p=5262","name":"Sheinbaum sufre incidente menor al llegar a evento en Nayarit; \u201csolo me picaron el ojo\u201d, asegura - Buenos D&iacute;as BCS","isPartOf":{"@id":"https:\/\/buenosdiasbcs.com\/#website"},"primaryImageOfPage":{"@id":"https:\/\/buenosdiasbcs.com\/?p=5262#primaryimage"},"image":{"@id":"https:\/\/buenosdiasbcs.com\/?p=5262#primaryimage"},"thumbnailUrl":"https:\/\/buenosdiasbcs.com\/wp-content\/uploads\/2026\/03\/pub_691165_504895b66404.webp","datePublished":"2026-03-16T07:57:00+00:00","breadcrumb":{"@id":"https:\/\/buenosdiasbcs.com\/?p=5262#breadcrumb"},"inLanguage":"es","potentialAction":[{"@type":"ReadAction","target":["https:\/\/buenosdiasbcs.com\/?p=5262"]}]},{"@type":"ImageObject","inLanguage":"es","@id":"https:\/\/buenosdiasbcs.com\/?p=5262#primaryimage","url":"https:\/\/buenosdiasbcs.com\/wp-content\/uploads\/2026\/03\/pub_691165_504895b66404.webp","contentUrl":"https:\/\/buenosdiasbcs.com\/wp-content\/uploads\/2026\/03\/pub_691165_504895b66404.webp","width":1200,"height":675},{"@type":"BreadcrumbList","@id":"https:\/\/buenosdiasbcs.com\/?p=5262#breadcrumb","itemListElement":[{"@type":"ListItem","position":1,"name":"Portada","item":"https:\/\/buenosdiasbcs.com\/"},{"@type":"ListItem","position":2,"name":"Sheinbaum sufre incidente menor al llegar a evento en Nayarit; \u201csolo me picaron el ojo\u201d, asegura"}]},{"@type":"WebSite","@id":"https:\/\/buenosdiasbcs.com\/#website","url":"https:\/\/buenosdiasbcs.com\/","name":"Buenos D\u00edas BCS","description":"","publisher":{"@id":"https:\/\/buenosdiasbcs.com\/#organization"},"potentialAction":[{"@type":"SearchAction","target":{"@type":"EntryPoint","urlTemplate":"https:\/\/buenosdiasbcs.com\/?s={search_term_string}"},"query-input":{"@type":"PropertyValueSpecification","valueRequired":true,"valueName":"search_term_string"}}],"inLanguage":"es"},{"@type":"Organization","@id":"https:\/\/buenosdiasbcs.com\/#organization","name":"Buenos D\u00edas BCS","url":"https:\/\/buenosdiasbcs.com\/","logo":{"@type":"ImageObject","inLanguage":"es","@id":"https:\/\/buenosdiasbcs.com\/#\/schema\/logo\/image\/","url":"https:\/\/buenosdiasbcs.com\/wp-content\/uploads\/2026\/01\/logo-buenos-dias-40-01.png","contentUrl":"https:\/\/buenosdiasbcs.com\/wp-content\/uploads\/2026\/01\/logo-buenos-dias-40-01.png","width":277,"height":40,"caption":"Buenos D\u00edas BCS"},"image":{"@id":"https:\/\/buenosdiasbcs.com\/#\/schema\/logo\/image\/"}},{"@type":"Person","@id":"https:\/\/buenosdiasbcs.com\/#\/schema\/person\/15aedc247eab7070ee5d76d6d069a821","name":"Edici\u00f3n Buenos D\u00edas","image":{"@type":"ImageObject","inLanguage":"es","@id":"https:\/\/buenosdiasbcs.com\/wp-content\/uploads\/2026\/01\/cropped-sol-96x96.png","url":"https:\/\/buenosdiasbcs.com\/wp-content\/uploads\/2026\/01\/cropped-sol-96x96.png","contentUrl":"https:\/\/buenosdiasbcs.com\/wp-content\/uploads\/2026\/01\/cropped-sol-96x96.png","caption":"Edici\u00f3n Buenos D\u00edas"},"url":"https:\/\/buenosdiasbcs.com\/?author=2"}]}},"amp_enabled":true,"_links":{"self":[{"href":"https:\/\/buenosdiasbcs.com\/index.php?rest_route=\/wp\/v2\/posts\/5262","targetHints":{"allow":["GET"]}}],"collection":[{"href":"https:\/\/buenosdiasbcs.com\/index.php?rest_route=\/wp\/v2\/posts"}],"about":[{"href":"https:\/\/buenosdiasbcs.com\/index.php?rest_route=\/wp\/v2\/types\/post"}],"author":[{"embeddable":true,"href":"https:\/\/buenosdiasbcs.com\/index.php?rest_route=\/wp\/v2\/users\/2"}],"replies":[{"embeddable":true,"href":"https:\/\/buenosdiasbcs.com\/index.php?rest_route=%2Fwp%2Fv2%2Fcomments&post=5262"}],"version-history":[{"count":1,"href":"https:\/\/buenosdiasbcs.com\/index.php?rest_route=\/wp\/v2\/posts\/5262\/revisions"}],"predecessor-version":[{"id":5264,"href":"https:\/\/buenosdiasbcs.com\/index.php?rest_route=\/wp\/v2\/posts\/5262\/revisions\/5264"}],"wp:featuredmedia":[{"embeddable":true,"href":"https:\/\/buenosdiasbcs.com\/index.php?rest_route=\/wp\/v2\/media\/5263"}],"wp:attachment":[{"href":"https:\/\/buenosdiasbcs.com\/index.php?rest_route=%2Fwp%2Fv2%2Fmedia&parent=5262"}],"wp:term":[{"taxonomy":"category","embeddable":true,"href":"https:\/\/buenosdiasbcs.com\/index.php?rest_route=%2Fwp%2Fv2%2Fcategories&post=5262"},{"taxonomy":"post_tag","embeddable":true,"href":"https:\/\/buenosdiasbcs.com\/index.php?rest_route=%2Fwp%2Fv2%2Ftags&post=5262"}],"curies":[{"name":"wp","href":"https:\/\/api.w.org\/{rel}","templated":true}]}}