{"id":5253,"date":"2026-03-16T00:48:00","date_gmt":"2026-03-16T07:48:00","guid":{"rendered":"https:\/\/buenosdiasbcs.com\/?p=5253"},"modified":"2026-03-15T01:50:25","modified_gmt":"2026-03-15T08:50:25","slug":"plan-b-de-sheinbaum-aplazan-eleccion-del-poder-judicial-un-ano-mas","status":"publish","type":"post","link":"https:\/\/buenosdiasbcs.com\/?p=5253","title":{"rendered":"Plan B de Sheinbaum: aplazan elecci\u00f3n del Poder Judicial un a\u00f1o m\u00e1s"},"content":{"rendered":"\n<h2 class=\"wp-block-heading\" id=\"h-el-gobierno-plantea-un-nuevo-calendario-para-la-eleccion-del-poder-judicial-seria-en-2028-y-no-en-2027-segun-adelanto-sheinbaum\">El gobierno plantea un nuevo calendario para la elecci\u00f3n del Poder Judicial: ser\u00eda en 2028 y no en 2027, seg\u00fan adelant\u00f3 Sheinbaum.<\/h2>\n\n\n\n<p>La presidenta de M\u00e9xico,&nbsp;<strong>Claudia Sheinbaum<\/strong>, inform\u00f3 que su gobierno analiza&nbsp;<strong>aplazar la elecci\u00f3n del Poder Judicial prevista para 2027 y trasladarla a 2028<\/strong>, como parte de los ajustes contemplados en el llamado&nbsp;<strong>Plan B de la reforma electoral<\/strong>. La propuesta fue mencionada el&nbsp;<strong>13 de marzo de 2026<\/strong>&nbsp;durante declaraciones p\u00fablicas, donde explic\u00f3 que la medida busca&nbsp;<strong>reducir costos y simplificar la organizaci\u00f3n de los procesos electorales<\/strong>.&nbsp;<\/p>\n\n\n\n<p>Seg\u00fan la mandataria, originalmente se hab\u00eda planteado que la elecci\u00f3n judicial coincidiera con otros procesos electorales de 2027 para&nbsp;<strong>aprovechar la infraestructura y los recursos del Instituto Nacional Electoral (INE)<\/strong>. Sin embargo, el an\u00e1lisis actual sugiere que esa coincidencia podr\u00eda generar complicaciones log\u00edsticas.&nbsp;<\/p>\n\n\n\n<h2 class=\"wp-block-heading\" id=\"h-posible-ahorro-y-menor-complejidad-para-los-votantes\">Posible ahorro y menor complejidad para los votantes<\/h2>\n\n\n\n<p>Sheinbaum explic\u00f3 que uno de los objetivos de la medida es&nbsp;<strong>evitar la instalaci\u00f3n de dobles casillas y m\u00faltiples boletas<\/strong>, lo que podr\u00eda dificultar la votaci\u00f3n para la ciudadan\u00eda y aumentar los costos de organizaci\u00f3n.&nbsp;<\/p>\n\n\n\n<p>De acuerdo con la presidenta, si la elecci\u00f3n judicial se mantiene en 2027 junto con otras votaciones locales y federales,&nbsp;<strong>podr\u00edan instalarse casillas adicionales o duplicarse procedimientos<\/strong>, lo que implicar\u00eda mayor gasto y complejidad operativa.&nbsp;<\/p>\n\n\n\n<p>Por ello, el gobierno federal analiza si&nbsp;<strong>resultar\u00eda m\u00e1s eficiente realizar la segunda parte del proceso electoral judicial un a\u00f1o despu\u00e9s<\/strong>, cuando el sistema electoral tenga menos procesos simult\u00e1neos.&nbsp;<\/p>\n\n\n\n<h2 class=\"wp-block-heading\" id=\"h-reforma-electoral-y-negociacion-politica\">Reforma electoral y negociaci\u00f3n pol\u00edtica<\/h2>\n\n\n\n<p>La propuesta se discute dentro del contexto del&nbsp;<strong>Plan B de la reforma electoral impulsada por el gobierno federal<\/strong>, luego de que una iniciativa m\u00e1s amplia enfrentara dificultades para avanzar en el Congreso.&nbsp;<\/p>\n\n\n\n<p>El gobierno busca ahora&nbsp;<strong>introducir cambios que no requieran mayor\u00eda constitucional<\/strong>, lo que permitir\u00eda ajustar algunos aspectos del sistema electoral mediante reformas secundarias o acuerdos legislativos.&nbsp;<\/p>\n\n\n\n<p>En paralelo, el Ejecutivo mantiene&nbsp;<strong>negociaciones con partidos aliados como el Partido Verde y el Partido del Trabajo<\/strong>, con el objetivo de lograr respaldo suficiente para avanzar en las modificaciones propuestas.&nbsp;<\/p>\n\n\n\n<h2 class=\"wp-block-heading\" id=\"h-cambio-aun-debe-aprobarse-en-el-congreso\">Cambio a\u00fan debe aprobarse en el Congreso<\/h2>\n\n\n\n<p>La posible modificaci\u00f3n del calendario electoral&nbsp;<strong>a\u00fan no es definitiva<\/strong>, ya que cualquier cambio en la organizaci\u00f3n de la elecci\u00f3n judicial deber\u00e1 ser&nbsp;<strong>analizado y aprobado por el Congreso de la Uni\u00f3n<\/strong>&nbsp;antes de entrar en vigor.&nbsp;<\/p>\n\n\n\n<p>Si la propuesta se concreta, la elecci\u00f3n para renovar cargos dentro del&nbsp;<strong>Poder Judicial<\/strong>&nbsp;se realizar\u00eda en&nbsp;<strong>2028 en lugar de 2027<\/strong>, lo que implicar\u00eda ajustes en el calendario pol\u00edtico y en la planificaci\u00f3n de los organismos electorales.&nbsp;<\/p>\n\n\n\n<p>Con informaci\u00f3n de&nbsp;<strong>El Financiero<\/strong>.<\/p>\n","protected":false},"excerpt":{"rendered":"<p>El gobierno plantea un nuevo calendario para la elecci\u00f3n del Poder Judicial: ser\u00eda en 2028 y no en 2027, seg\u00fan&#8230;<\/p>\n","protected":false},"author":2,"featured_media":5254,"comment_status":"open","ping_status":"open","sticky":false,"template":"","format":"standard","meta":{"footnotes":""},"categories":[32],"tags":[],"class_list":["post-5253","post","type-post","status-publish","format-standard","has-post-thumbnail","hentry","category-la-nacion"],"yoast_head":"<!-- This site is optimized with the Yoast SEO Premium plugin v26.8 (Yoast SEO v27.5) - https:\/\/yoast.com\/product\/yoast-seo-premium-wordpress\/ -->\n<title>Plan B de Sheinbaum: aplazan elecci\u00f3n del Poder Judicial un a\u00f1o m\u00e1s - Buenos D&iacute;as BCS<\/title>\n<meta name=\"robots\" content=\"index, follow, max-snippet:-1, max-image-preview:large, max-video-preview:-1\" \/>\n<link rel=\"canonical\" href=\"https:\/\/buenosdiasbcs.com\/?p=5253\" \/>\n<meta property=\"og:locale\" content=\"es_ES\" \/>\n<meta property=\"og:type\" content=\"article\" \/>\n<meta property=\"og:title\" content=\"Plan B de Sheinbaum: aplazan elecci\u00f3n del Poder Judicial un a\u00f1o m\u00e1s\" \/>\n<meta property=\"og:description\" content=\"El gobierno plantea un nuevo calendario para la elecci\u00f3n del Poder Judicial: ser\u00eda en 2028 y no en 2027, seg\u00fan...\" \/>\n<meta property=\"og:url\" content=\"https:\/\/buenosdiasbcs.com\/?p=5253\" \/>\n<meta property=\"og:site_name\" content=\"Buenos D&iacute;as BCS\" \/>\n<meta property=\"article:published_time\" content=\"2026-03-16T07:48:00+00:00\" \/>\n<meta property=\"og:image\" content=\"https:\/\/buenosdiasbcs.com\/wp-content\/uploads\/2026\/03\/AA1Yuszu.img_.jpeg\" \/>\n\t<meta property=\"og:image:width\" content=\"768\" \/>\n\t<meta property=\"og:image:height\" content=\"474\" \/>\n\t<meta property=\"og:image:type\" content=\"image\/jpeg\" \/>\n<meta name=\"author\" content=\"Edici\u00f3n Buenos D\u00edas\" \/>\n<meta name=\"twitter:card\" content=\"summary_large_image\" \/>\n<meta name=\"twitter:label1\" content=\"Escrito por\" \/>\n\t<meta name=\"twitter:data1\" content=\"Edici\u00f3n Buenos D\u00edas\" \/>\n\t<meta name=\"twitter:label2\" content=\"Tiempo de lectura\" \/>\n\t<meta name=\"twitter:data2\" content=\"3 minutos\" \/>\n<script type=\"application\/ld+json\" class=\"yoast-schema-graph\">{\"@context\":\"https:\\\/\\\/schema.org\",\"@graph\":[{\"@type\":\"Article\",\"@id\":\"https:\\\/\\\/buenosdiasbcs.com\\\/?p=5253#article\",\"isPartOf\":{\"@id\":\"https:\\\/\\\/buenosdiasbcs.com\\\/?p=5253\"},\"author\":{\"name\":\"Edici\u00f3n Buenos D\u00edas\",\"@id\":\"https:\\\/\\\/buenosdiasbcs.com\\\/#\\\/schema\\\/person\\\/15aedc247eab7070ee5d76d6d069a821\"},\"headline\":\"Plan B de Sheinbaum: aplazan elecci\u00f3n del Poder Judicial un a\u00f1o m\u00e1s\",\"datePublished\":\"2026-03-16T07:48:00+00:00\",\"mainEntityOfPage\":{\"@id\":\"https:\\\/\\\/buenosdiasbcs.com\\\/?p=5253\"},\"wordCount\":501,\"commentCount\":0,\"publisher\":{\"@id\":\"https:\\\/\\\/buenosdiasbcs.com\\\/#organization\"},\"image\":{\"@id\":\"https:\\\/\\\/buenosdiasbcs.com\\\/?p=5253#primaryimage\"},\"thumbnailUrl\":\"https:\\\/\\\/buenosdiasbcs.com\\\/wp-content\\\/uploads\\\/2026\\\/03\\\/AA1Yuszu.img_.jpeg\",\"articleSection\":[\"La Naci\u00f3n\"],\"inLanguage\":\"es\",\"potentialAction\":[{\"@type\":\"CommentAction\",\"name\":\"Comment\",\"target\":[\"https:\\\/\\\/buenosdiasbcs.com\\\/?p=5253#respond\"]}]},{\"@type\":\"WebPage\",\"@id\":\"https:\\\/\\\/buenosdiasbcs.com\\\/?p=5253\",\"url\":\"https:\\\/\\\/buenosdiasbcs.com\\\/?p=5253\",\"name\":\"Plan B de Sheinbaum: aplazan elecci\u00f3n del Poder Judicial un a\u00f1o m\u00e1s - Buenos D&iacute;as BCS\",\"isPartOf\":{\"@id\":\"https:\\\/\\\/buenosdiasbcs.com\\\/#website\"},\"primaryImageOfPage\":{\"@id\":\"https:\\\/\\\/buenosdiasbcs.com\\\/?p=5253#primaryimage\"},\"image\":{\"@id\":\"https:\\\/\\\/buenosdiasbcs.com\\\/?p=5253#primaryimage\"},\"thumbnailUrl\":\"https:\\\/\\\/buenosdiasbcs.com\\\/wp-content\\\/uploads\\\/2026\\\/03\\\/AA1Yuszu.img_.jpeg\",\"datePublished\":\"2026-03-16T07:48:00+00:00\",\"breadcrumb\":{\"@id\":\"https:\\\/\\\/buenosdiasbcs.com\\\/?p=5253#breadcrumb\"},\"inLanguage\":\"es\",\"potentialAction\":[{\"@type\":\"ReadAction\",\"target\":[\"https:\\\/\\\/buenosdiasbcs.com\\\/?p=5253\"]}]},{\"@type\":\"ImageObject\",\"inLanguage\":\"es\",\"@id\":\"https:\\\/\\\/buenosdiasbcs.com\\\/?p=5253#primaryimage\",\"url\":\"https:\\\/\\\/buenosdiasbcs.com\\\/wp-content\\\/uploads\\\/2026\\\/03\\\/AA1Yuszu.img_.jpeg\",\"contentUrl\":\"https:\\\/\\\/buenosdiasbcs.com\\\/wp-content\\\/uploads\\\/2026\\\/03\\\/AA1Yuszu.img_.jpeg\",\"width\":768,\"height\":474},{\"@type\":\"BreadcrumbList\",\"@id\":\"https:\\\/\\\/buenosdiasbcs.com\\\/?p=5253#breadcrumb\",\"itemListElement\":[{\"@type\":\"ListItem\",\"position\":1,\"name\":\"Portada\",\"item\":\"https:\\\/\\\/buenosdiasbcs.com\\\/\"},{\"@type\":\"ListItem\",\"position\":2,\"name\":\"Plan B de Sheinbaum: aplazan elecci\u00f3n del Poder Judicial un a\u00f1o m\u00e1s\"}]},{\"@type\":\"WebSite\",\"@id\":\"https:\\\/\\\/buenosdiasbcs.com\\\/#website\",\"url\":\"https:\\\/\\\/buenosdiasbcs.com\\\/\",\"name\":\"Buenos D\u00edas BCS\",\"description\":\"\",\"publisher\":{\"@id\":\"https:\\\/\\\/buenosdiasbcs.com\\\/#organization\"},\"potentialAction\":[{\"@type\":\"SearchAction\",\"target\":{\"@type\":\"EntryPoint\",\"urlTemplate\":\"https:\\\/\\\/buenosdiasbcs.com\\\/?s={search_term_string}\"},\"query-input\":{\"@type\":\"PropertyValueSpecification\",\"valueRequired\":true,\"valueName\":\"search_term_string\"}}],\"inLanguage\":\"es\"},{\"@type\":\"Organization\",\"@id\":\"https:\\\/\\\/buenosdiasbcs.com\\\/#organization\",\"name\":\"Buenos D\u00edas BCS\",\"url\":\"https:\\\/\\\/buenosdiasbcs.com\\\/\",\"logo\":{\"@type\":\"ImageObject\",\"inLanguage\":\"es\",\"@id\":\"https:\\\/\\\/buenosdiasbcs.com\\\/#\\\/schema\\\/logo\\\/image\\\/\",\"url\":\"https:\\\/\\\/buenosdiasbcs.com\\\/wp-content\\\/uploads\\\/2026\\\/01\\\/logo-buenos-dias-40-01.png\",\"contentUrl\":\"https:\\\/\\\/buenosdiasbcs.com\\\/wp-content\\\/uploads\\\/2026\\\/01\\\/logo-buenos-dias-40-01.png\",\"width\":277,\"height\":40,\"caption\":\"Buenos D\u00edas BCS\"},\"image\":{\"@id\":\"https:\\\/\\\/buenosdiasbcs.com\\\/#\\\/schema\\\/logo\\\/image\\\/\"}},{\"@type\":\"Person\",\"@id\":\"https:\\\/\\\/buenosdiasbcs.com\\\/#\\\/schema\\\/person\\\/15aedc247eab7070ee5d76d6d069a821\",\"name\":\"Edici\u00f3n Buenos D\u00edas\",\"image\":{\"@type\":\"ImageObject\",\"inLanguage\":\"es\",\"@id\":\"https:\\\/\\\/buenosdiasbcs.com\\\/wp-content\\\/uploads\\\/2026\\\/01\\\/cropped-sol-96x96.png\",\"url\":\"https:\\\/\\\/buenosdiasbcs.com\\\/wp-content\\\/uploads\\\/2026\\\/01\\\/cropped-sol-96x96.png\",\"contentUrl\":\"https:\\\/\\\/buenosdiasbcs.com\\\/wp-content\\\/uploads\\\/2026\\\/01\\\/cropped-sol-96x96.png\",\"caption\":\"Edici\u00f3n Buenos D\u00edas\"},\"url\":\"https:\\\/\\\/buenosdiasbcs.com\\\/?author=2\"}]}<\/script>\n<!-- \/ Yoast SEO Premium plugin. -->","yoast_head_json":{"title":"Plan B de Sheinbaum: aplazan elecci\u00f3n del Poder Judicial un a\u00f1o m\u00e1s - Buenos D&iacute;as BCS","robots":{"index":"index","follow":"follow","max-snippet":"max-snippet:-1","max-image-preview":"max-image-preview:large","max-video-preview":"max-video-preview:-1"},"canonical":"https:\/\/buenosdiasbcs.com\/?p=5253","og_locale":"es_ES","og_type":"article","og_title":"Plan B de Sheinbaum: aplazan elecci\u00f3n del Poder Judicial un a\u00f1o m\u00e1s","og_description":"El gobierno plantea un nuevo calendario para la elecci\u00f3n del Poder Judicial: ser\u00eda en 2028 y no en 2027, seg\u00fan...","og_url":"https:\/\/buenosdiasbcs.com\/?p=5253","og_site_name":"Buenos D&iacute;as BCS","article_published_time":"2026-03-16T07:48:00+00:00","og_image":[{"width":768,"height":474,"url":"https:\/\/buenosdiasbcs.com\/wp-content\/uploads\/2026\/03\/AA1Yuszu.img_.jpeg","type":"image\/jpeg"}],"author":"Edici\u00f3n Buenos D\u00edas","twitter_card":"summary_large_image","twitter_misc":{"Escrito por":"Edici\u00f3n Buenos D\u00edas","Tiempo de lectura":"3 minutos"},"schema":{"@context":"https:\/\/schema.org","@graph":[{"@type":"Article","@id":"https:\/\/buenosdiasbcs.com\/?p=5253#article","isPartOf":{"@id":"https:\/\/buenosdiasbcs.com\/?p=5253"},"author":{"name":"Edici\u00f3n Buenos D\u00edas","@id":"https:\/\/buenosdiasbcs.com\/#\/schema\/person\/15aedc247eab7070ee5d76d6d069a821"},"headline":"Plan B de Sheinbaum: aplazan elecci\u00f3n del Poder Judicial un a\u00f1o m\u00e1s","datePublished":"2026-03-16T07:48:00+00:00","mainEntityOfPage":{"@id":"https:\/\/buenosdiasbcs.com\/?p=5253"},"wordCount":501,"commentCount":0,"publisher":{"@id":"https:\/\/buenosdiasbcs.com\/#organization"},"image":{"@id":"https:\/\/buenosdiasbcs.com\/?p=5253#primaryimage"},"thumbnailUrl":"https:\/\/buenosdiasbcs.com\/wp-content\/uploads\/2026\/03\/AA1Yuszu.img_.jpeg","articleSection":["La Naci\u00f3n"],"inLanguage":"es","potentialAction":[{"@type":"CommentAction","name":"Comment","target":["https:\/\/buenosdiasbcs.com\/?p=5253#respond"]}]},{"@type":"WebPage","@id":"https:\/\/buenosdiasbcs.com\/?p=5253","url":"https:\/\/buenosdiasbcs.com\/?p=5253","name":"Plan B de Sheinbaum: aplazan elecci\u00f3n del Poder Judicial un a\u00f1o m\u00e1s - Buenos D&iacute;as BCS","isPartOf":{"@id":"https:\/\/buenosdiasbcs.com\/#website"},"primaryImageOfPage":{"@id":"https:\/\/buenosdiasbcs.com\/?p=5253#primaryimage"},"image":{"@id":"https:\/\/buenosdiasbcs.com\/?p=5253#primaryimage"},"thumbnailUrl":"https:\/\/buenosdiasbcs.com\/wp-content\/uploads\/2026\/03\/AA1Yuszu.img_.jpeg","datePublished":"2026-03-16T07:48:00+00:00","breadcrumb":{"@id":"https:\/\/buenosdiasbcs.com\/?p=5253#breadcrumb"},"inLanguage":"es","potentialAction":[{"@type":"ReadAction","target":["https:\/\/buenosdiasbcs.com\/?p=5253"]}]},{"@type":"ImageObject","inLanguage":"es","@id":"https:\/\/buenosdiasbcs.com\/?p=5253#primaryimage","url":"https:\/\/buenosdiasbcs.com\/wp-content\/uploads\/2026\/03\/AA1Yuszu.img_.jpeg","contentUrl":"https:\/\/buenosdiasbcs.com\/wp-content\/uploads\/2026\/03\/AA1Yuszu.img_.jpeg","width":768,"height":474},{"@type":"BreadcrumbList","@id":"https:\/\/buenosdiasbcs.com\/?p=5253#breadcrumb","itemListElement":[{"@type":"ListItem","position":1,"name":"Portada","item":"https:\/\/buenosdiasbcs.com\/"},{"@type":"ListItem","position":2,"name":"Plan B de Sheinbaum: aplazan elecci\u00f3n del Poder Judicial un a\u00f1o m\u00e1s"}]},{"@type":"WebSite","@id":"https:\/\/buenosdiasbcs.com\/#website","url":"https:\/\/buenosdiasbcs.com\/","name":"Buenos D\u00edas BCS","description":"","publisher":{"@id":"https:\/\/buenosdiasbcs.com\/#organization"},"potentialAction":[{"@type":"SearchAction","target":{"@type":"EntryPoint","urlTemplate":"https:\/\/buenosdiasbcs.com\/?s={search_term_string}"},"query-input":{"@type":"PropertyValueSpecification","valueRequired":true,"valueName":"search_term_string"}}],"inLanguage":"es"},{"@type":"Organization","@id":"https:\/\/buenosdiasbcs.com\/#organization","name":"Buenos D\u00edas BCS","url":"https:\/\/buenosdiasbcs.com\/","logo":{"@type":"ImageObject","inLanguage":"es","@id":"https:\/\/buenosdiasbcs.com\/#\/schema\/logo\/image\/","url":"https:\/\/buenosdiasbcs.com\/wp-content\/uploads\/2026\/01\/logo-buenos-dias-40-01.png","contentUrl":"https:\/\/buenosdiasbcs.com\/wp-content\/uploads\/2026\/01\/logo-buenos-dias-40-01.png","width":277,"height":40,"caption":"Buenos D\u00edas BCS"},"image":{"@id":"https:\/\/buenosdiasbcs.com\/#\/schema\/logo\/image\/"}},{"@type":"Person","@id":"https:\/\/buenosdiasbcs.com\/#\/schema\/person\/15aedc247eab7070ee5d76d6d069a821","name":"Edici\u00f3n Buenos D\u00edas","image":{"@type":"ImageObject","inLanguage":"es","@id":"https:\/\/buenosdiasbcs.com\/wp-content\/uploads\/2026\/01\/cropped-sol-96x96.png","url":"https:\/\/buenosdiasbcs.com\/wp-content\/uploads\/2026\/01\/cropped-sol-96x96.png","contentUrl":"https:\/\/buenosdiasbcs.com\/wp-content\/uploads\/2026\/01\/cropped-sol-96x96.png","caption":"Edici\u00f3n Buenos D\u00edas"},"url":"https:\/\/buenosdiasbcs.com\/?author=2"}]}},"amp_enabled":true,"_links":{"self":[{"href":"https:\/\/buenosdiasbcs.com\/index.php?rest_route=\/wp\/v2\/posts\/5253","targetHints":{"allow":["GET"]}}],"collection":[{"href":"https:\/\/buenosdiasbcs.com\/index.php?rest_route=\/wp\/v2\/posts"}],"about":[{"href":"https:\/\/buenosdiasbcs.com\/index.php?rest_route=\/wp\/v2\/types\/post"}],"author":[{"embeddable":true,"href":"https:\/\/buenosdiasbcs.com\/index.php?rest_route=\/wp\/v2\/users\/2"}],"replies":[{"embeddable":true,"href":"https:\/\/buenosdiasbcs.com\/index.php?rest_route=%2Fwp%2Fv2%2Fcomments&post=5253"}],"version-history":[{"count":1,"href":"https:\/\/buenosdiasbcs.com\/index.php?rest_route=\/wp\/v2\/posts\/5253\/revisions"}],"predecessor-version":[{"id":5255,"href":"https:\/\/buenosdiasbcs.com\/index.php?rest_route=\/wp\/v2\/posts\/5253\/revisions\/5255"}],"wp:featuredmedia":[{"embeddable":true,"href":"https:\/\/buenosdiasbcs.com\/index.php?rest_route=\/wp\/v2\/media\/5254"}],"wp:attachment":[{"href":"https:\/\/buenosdiasbcs.com\/index.php?rest_route=%2Fwp%2Fv2%2Fmedia&parent=5253"}],"wp:term":[{"taxonomy":"category","embeddable":true,"href":"https:\/\/buenosdiasbcs.com\/index.php?rest_route=%2Fwp%2Fv2%2Fcategories&post=5253"},{"taxonomy":"post_tag","embeddable":true,"href":"https:\/\/buenosdiasbcs.com\/index.php?rest_route=%2Fwp%2Fv2%2Ftags&post=5253"}],"curies":[{"name":"wp","href":"https:\/\/api.w.org\/{rel}","templated":true}]}}