{"id":5247,"date":"2026-03-16T00:41:00","date_gmt":"2026-03-16T07:41:00","guid":{"rendered":"https:\/\/buenosdiasbcs.com\/?p=5247"},"modified":"2026-03-15T01:43:13","modified_gmt":"2026-03-15T08:43:13","slug":"se-suma-cecyte-bcs-al-comite-nacional-de-gestion-por-competencias","status":"publish","type":"post","link":"https:\/\/buenosdiasbcs.com\/?p=5247","title":{"rendered":"Se suma CECyTE BCS al Comit\u00e9 Nacional de Gesti\u00f3n por Competencias"},"content":{"rendered":"\n<h2 class=\"wp-block-heading\" id=\"h-este-organismo-reune-a-instituciones-educativas-entidades-publicas-y-representantes-del-sector-productivo-y-se-encarga-de-desarrollar-estandares-de-competencia-alineados-con-las-necesidades-de-distintos-sectores-economicos\">Este organismo re\u00fane a instituciones educativas, entidades p\u00fablicas y representantes del sector productivo, y se encarga de desarrollar Est\u00e1ndares de Competencia alineados con las necesidades de distintos sectores econ\u00f3micos.<\/h2>\n\n\n\n<p>El Colegio de Estudios Cient\u00edficos y Tecnol\u00f3gicos del Estado de Baja California Sur (CECyTE BCS) se integr\u00f3 al Comit\u00e9 de Gesti\u00f3n por Competencias del Sistema Nacional de Competencias (CGC), con el objetivo de fortalecer la capacitaci\u00f3n laboral y la certificaci\u00f3n de habilidades de estudiantes y egresados mediante est\u00e1ndares nacionales.<\/p>\n\n\n\n<p>Este organismo re\u00fane a instituciones educativas, entidades p\u00fablicas y representantes del sector productivo, y se encarga de desarrollar Est\u00e1ndares de Competencia alineados con las necesidades de distintos sectores econ\u00f3micos.<\/p>\n\n\n\n<p>Dichos est\u00e1ndares permiten formalizar conocimientos y destrezas, adem\u00e1s de vincularlos con la educaci\u00f3n superior para fortalecer el perfil profesional de estudiantes y egresados.<\/p>\n\n\n\n<p>\u201cRepresentar al CECyTE en este Comit\u00e9 es una oportunidad para acercar la formaci\u00f3n t\u00e9cnica a las necesidades del mercado laboral y garantizar que nuestros estudiantes cuenten con certificaciones que respalden sus habilidades\u201d, se\u00f1al\u00f3 el director general del Colegio, Vladimir Torres Navarro.<\/p>\n\n\n\n<p>Como parte de esta participaci\u00f3n, el plantel educativo integrar\u00e1 Grupos T\u00e9cnicos especializados para la elaboraci\u00f3n de Est\u00e1ndares de Competencia, adem\u00e1s de impulsar procesos de capacitaci\u00f3n y evaluaci\u00f3n basados en normas vigentes.<\/p>\n\n\n\n<p>Asimismo, propondr\u00e1 \u00e1reas responsables de certificar a trabajadores de distintos sectores productivos y fortalecer\u00e1 el modelo de gesti\u00f3n por competencias dentro de la instituci\u00f3n.<\/p>\n\n\n\n<p>Con esta incorporaci\u00f3n, el CECyTE reforzar\u00e1 la relaci\u00f3n entre educaci\u00f3n, capacitaci\u00f3n y certificaci\u00f3n laboral, con el objetivo de que sus estudiantes egresen con habilidades formalmente reconocidas y mayores oportunidades de crecimiento profesional en Baja California Sur.<\/p>\n","protected":false},"excerpt":{"rendered":"<p>Este organismo re\u00fane a instituciones educativas, entidades p\u00fablicas y representantes del sector productivo, y se encarga de desarrollar Est\u00e1ndares de&#8230;<\/p>\n","protected":false},"author":2,"featured_media":5248,"comment_status":"open","ping_status":"open","sticky":false,"template":"","format":"standard","meta":{"footnotes":""},"categories":[24],"tags":[],"class_list":["post-5247","post","type-post","status-publish","format-standard","has-post-thumbnail","hentry","category-gobierno"],"yoast_head":"<!-- This site is optimized with the Yoast SEO Premium plugin v26.8 (Yoast SEO v27.5) - https:\/\/yoast.com\/product\/yoast-seo-premium-wordpress\/ -->\n<title>Se suma CECyTE BCS al Comit\u00e9 Nacional de Gesti\u00f3n por Competencias - Buenos D&iacute;as BCS<\/title>\n<meta name=\"robots\" content=\"index, follow, max-snippet:-1, max-image-preview:large, max-video-preview:-1\" \/>\n<link rel=\"canonical\" href=\"https:\/\/buenosdiasbcs.com\/?p=5247\" \/>\n<meta property=\"og:locale\" content=\"es_ES\" \/>\n<meta property=\"og:type\" content=\"article\" \/>\n<meta property=\"og:title\" content=\"Se suma CECyTE BCS al Comit\u00e9 Nacional de Gesti\u00f3n por Competencias\" \/>\n<meta property=\"og:description\" content=\"Este organismo re\u00fane a instituciones educativas, entidades p\u00fablicas y representantes del sector productivo, y se encarga de desarrollar Est\u00e1ndares de...\" \/>\n<meta property=\"og:url\" content=\"https:\/\/buenosdiasbcs.com\/?p=5247\" \/>\n<meta property=\"og:site_name\" content=\"Buenos D&iacute;as BCS\" \/>\n<meta property=\"article:published_time\" content=\"2026-03-16T07:41:00+00:00\" \/>\n<meta property=\"og:image\" content=\"https:\/\/buenosdiasbcs.com\/wp-content\/uploads\/2026\/03\/89693f80-7f79-4f24-8656-7cfd78065a01.jpg\" \/>\n\t<meta property=\"og:image:width\" content=\"960\" \/>\n\t<meta property=\"og:image:height\" content=\"620\" \/>\n\t<meta property=\"og:image:type\" content=\"image\/jpeg\" \/>\n<meta name=\"author\" content=\"Edici\u00f3n Buenos D\u00edas\" \/>\n<meta name=\"twitter:card\" content=\"summary_large_image\" \/>\n<meta name=\"twitter:label1\" content=\"Escrito por\" \/>\n\t<meta name=\"twitter:data1\" content=\"Edici\u00f3n Buenos D\u00edas\" \/>\n\t<meta name=\"twitter:label2\" content=\"Tiempo de lectura\" \/>\n\t<meta name=\"twitter:data2\" content=\"2 minutos\" \/>\n<script type=\"application\/ld+json\" class=\"yoast-schema-graph\">{\"@context\":\"https:\\\/\\\/schema.org\",\"@graph\":[{\"@type\":\"Article\",\"@id\":\"https:\\\/\\\/buenosdiasbcs.com\\\/?p=5247#article\",\"isPartOf\":{\"@id\":\"https:\\\/\\\/buenosdiasbcs.com\\\/?p=5247\"},\"author\":{\"name\":\"Edici\u00f3n Buenos D\u00edas\",\"@id\":\"https:\\\/\\\/buenosdiasbcs.com\\\/#\\\/schema\\\/person\\\/15aedc247eab7070ee5d76d6d069a821\"},\"headline\":\"Se suma CECyTE BCS al Comit\u00e9 Nacional de Gesti\u00f3n por Competencias\",\"datePublished\":\"2026-03-16T07:41:00+00:00\",\"mainEntityOfPage\":{\"@id\":\"https:\\\/\\\/buenosdiasbcs.com\\\/?p=5247\"},\"wordCount\":308,\"commentCount\":0,\"publisher\":{\"@id\":\"https:\\\/\\\/buenosdiasbcs.com\\\/#organization\"},\"image\":{\"@id\":\"https:\\\/\\\/buenosdiasbcs.com\\\/?p=5247#primaryimage\"},\"thumbnailUrl\":\"https:\\\/\\\/buenosdiasbcs.com\\\/wp-content\\\/uploads\\\/2026\\\/03\\\/89693f80-7f79-4f24-8656-7cfd78065a01.jpg\",\"articleSection\":[\"Gobierno\"],\"inLanguage\":\"es\",\"potentialAction\":[{\"@type\":\"CommentAction\",\"name\":\"Comment\",\"target\":[\"https:\\\/\\\/buenosdiasbcs.com\\\/?p=5247#respond\"]}]},{\"@type\":\"WebPage\",\"@id\":\"https:\\\/\\\/buenosdiasbcs.com\\\/?p=5247\",\"url\":\"https:\\\/\\\/buenosdiasbcs.com\\\/?p=5247\",\"name\":\"Se suma CECyTE BCS al Comit\u00e9 Nacional de Gesti\u00f3n por Competencias - Buenos D&iacute;as BCS\",\"isPartOf\":{\"@id\":\"https:\\\/\\\/buenosdiasbcs.com\\\/#website\"},\"primaryImageOfPage\":{\"@id\":\"https:\\\/\\\/buenosdiasbcs.com\\\/?p=5247#primaryimage\"},\"image\":{\"@id\":\"https:\\\/\\\/buenosdiasbcs.com\\\/?p=5247#primaryimage\"},\"thumbnailUrl\":\"https:\\\/\\\/buenosdiasbcs.com\\\/wp-content\\\/uploads\\\/2026\\\/03\\\/89693f80-7f79-4f24-8656-7cfd78065a01.jpg\",\"datePublished\":\"2026-03-16T07:41:00+00:00\",\"breadcrumb\":{\"@id\":\"https:\\\/\\\/buenosdiasbcs.com\\\/?p=5247#breadcrumb\"},\"inLanguage\":\"es\",\"potentialAction\":[{\"@type\":\"ReadAction\",\"target\":[\"https:\\\/\\\/buenosdiasbcs.com\\\/?p=5247\"]}]},{\"@type\":\"ImageObject\",\"inLanguage\":\"es\",\"@id\":\"https:\\\/\\\/buenosdiasbcs.com\\\/?p=5247#primaryimage\",\"url\":\"https:\\\/\\\/buenosdiasbcs.com\\\/wp-content\\\/uploads\\\/2026\\\/03\\\/89693f80-7f79-4f24-8656-7cfd78065a01.jpg\",\"contentUrl\":\"https:\\\/\\\/buenosdiasbcs.com\\\/wp-content\\\/uploads\\\/2026\\\/03\\\/89693f80-7f79-4f24-8656-7cfd78065a01.jpg\",\"width\":960,\"height\":620},{\"@type\":\"BreadcrumbList\",\"@id\":\"https:\\\/\\\/buenosdiasbcs.com\\\/?p=5247#breadcrumb\",\"itemListElement\":[{\"@type\":\"ListItem\",\"position\":1,\"name\":\"Portada\",\"item\":\"https:\\\/\\\/buenosdiasbcs.com\\\/\"},{\"@type\":\"ListItem\",\"position\":2,\"name\":\"Se suma CECyTE BCS al Comit\u00e9 Nacional de Gesti\u00f3n por Competencias\"}]},{\"@type\":\"WebSite\",\"@id\":\"https:\\\/\\\/buenosdiasbcs.com\\\/#website\",\"url\":\"https:\\\/\\\/buenosdiasbcs.com\\\/\",\"name\":\"Buenos D\u00edas BCS\",\"description\":\"\",\"publisher\":{\"@id\":\"https:\\\/\\\/buenosdiasbcs.com\\\/#organization\"},\"potentialAction\":[{\"@type\":\"SearchAction\",\"target\":{\"@type\":\"EntryPoint\",\"urlTemplate\":\"https:\\\/\\\/buenosdiasbcs.com\\\/?s={search_term_string}\"},\"query-input\":{\"@type\":\"PropertyValueSpecification\",\"valueRequired\":true,\"valueName\":\"search_term_string\"}}],\"inLanguage\":\"es\"},{\"@type\":\"Organization\",\"@id\":\"https:\\\/\\\/buenosdiasbcs.com\\\/#organization\",\"name\":\"Buenos D\u00edas BCS\",\"url\":\"https:\\\/\\\/buenosdiasbcs.com\\\/\",\"logo\":{\"@type\":\"ImageObject\",\"inLanguage\":\"es\",\"@id\":\"https:\\\/\\\/buenosdiasbcs.com\\\/#\\\/schema\\\/logo\\\/image\\\/\",\"url\":\"https:\\\/\\\/buenosdiasbcs.com\\\/wp-content\\\/uploads\\\/2026\\\/01\\\/logo-buenos-dias-40-01.png\",\"contentUrl\":\"https:\\\/\\\/buenosdiasbcs.com\\\/wp-content\\\/uploads\\\/2026\\\/01\\\/logo-buenos-dias-40-01.png\",\"width\":277,\"height\":40,\"caption\":\"Buenos D\u00edas BCS\"},\"image\":{\"@id\":\"https:\\\/\\\/buenosdiasbcs.com\\\/#\\\/schema\\\/logo\\\/image\\\/\"}},{\"@type\":\"Person\",\"@id\":\"https:\\\/\\\/buenosdiasbcs.com\\\/#\\\/schema\\\/person\\\/15aedc247eab7070ee5d76d6d069a821\",\"name\":\"Edici\u00f3n Buenos D\u00edas\",\"image\":{\"@type\":\"ImageObject\",\"inLanguage\":\"es\",\"@id\":\"https:\\\/\\\/buenosdiasbcs.com\\\/wp-content\\\/uploads\\\/2026\\\/01\\\/cropped-sol-96x96.png\",\"url\":\"https:\\\/\\\/buenosdiasbcs.com\\\/wp-content\\\/uploads\\\/2026\\\/01\\\/cropped-sol-96x96.png\",\"contentUrl\":\"https:\\\/\\\/buenosdiasbcs.com\\\/wp-content\\\/uploads\\\/2026\\\/01\\\/cropped-sol-96x96.png\",\"caption\":\"Edici\u00f3n Buenos D\u00edas\"},\"url\":\"https:\\\/\\\/buenosdiasbcs.com\\\/?author=2\"}]}<\/script>\n<!-- \/ Yoast SEO Premium plugin. -->","yoast_head_json":{"title":"Se suma CECyTE BCS al Comit\u00e9 Nacional de Gesti\u00f3n por Competencias - Buenos D&iacute;as BCS","robots":{"index":"index","follow":"follow","max-snippet":"max-snippet:-1","max-image-preview":"max-image-preview:large","max-video-preview":"max-video-preview:-1"},"canonical":"https:\/\/buenosdiasbcs.com\/?p=5247","og_locale":"es_ES","og_type":"article","og_title":"Se suma CECyTE BCS al Comit\u00e9 Nacional de Gesti\u00f3n por Competencias","og_description":"Este organismo re\u00fane a instituciones educativas, entidades p\u00fablicas y representantes del sector productivo, y se encarga de desarrollar Est\u00e1ndares de...","og_url":"https:\/\/buenosdiasbcs.com\/?p=5247","og_site_name":"Buenos D&iacute;as BCS","article_published_time":"2026-03-16T07:41:00+00:00","og_image":[{"width":960,"height":620,"url":"https:\/\/buenosdiasbcs.com\/wp-content\/uploads\/2026\/03\/89693f80-7f79-4f24-8656-7cfd78065a01.jpg","type":"image\/jpeg"}],"author":"Edici\u00f3n Buenos D\u00edas","twitter_card":"summary_large_image","twitter_misc":{"Escrito por":"Edici\u00f3n Buenos D\u00edas","Tiempo de lectura":"2 minutos"},"schema":{"@context":"https:\/\/schema.org","@graph":[{"@type":"Article","@id":"https:\/\/buenosdiasbcs.com\/?p=5247#article","isPartOf":{"@id":"https:\/\/buenosdiasbcs.com\/?p=5247"},"author":{"name":"Edici\u00f3n Buenos D\u00edas","@id":"https:\/\/buenosdiasbcs.com\/#\/schema\/person\/15aedc247eab7070ee5d76d6d069a821"},"headline":"Se suma CECyTE BCS al Comit\u00e9 Nacional de Gesti\u00f3n por Competencias","datePublished":"2026-03-16T07:41:00+00:00","mainEntityOfPage":{"@id":"https:\/\/buenosdiasbcs.com\/?p=5247"},"wordCount":308,"commentCount":0,"publisher":{"@id":"https:\/\/buenosdiasbcs.com\/#organization"},"image":{"@id":"https:\/\/buenosdiasbcs.com\/?p=5247#primaryimage"},"thumbnailUrl":"https:\/\/buenosdiasbcs.com\/wp-content\/uploads\/2026\/03\/89693f80-7f79-4f24-8656-7cfd78065a01.jpg","articleSection":["Gobierno"],"inLanguage":"es","potentialAction":[{"@type":"CommentAction","name":"Comment","target":["https:\/\/buenosdiasbcs.com\/?p=5247#respond"]}]},{"@type":"WebPage","@id":"https:\/\/buenosdiasbcs.com\/?p=5247","url":"https:\/\/buenosdiasbcs.com\/?p=5247","name":"Se suma CECyTE BCS al Comit\u00e9 Nacional de Gesti\u00f3n por Competencias - Buenos D&iacute;as BCS","isPartOf":{"@id":"https:\/\/buenosdiasbcs.com\/#website"},"primaryImageOfPage":{"@id":"https:\/\/buenosdiasbcs.com\/?p=5247#primaryimage"},"image":{"@id":"https:\/\/buenosdiasbcs.com\/?p=5247#primaryimage"},"thumbnailUrl":"https:\/\/buenosdiasbcs.com\/wp-content\/uploads\/2026\/03\/89693f80-7f79-4f24-8656-7cfd78065a01.jpg","datePublished":"2026-03-16T07:41:00+00:00","breadcrumb":{"@id":"https:\/\/buenosdiasbcs.com\/?p=5247#breadcrumb"},"inLanguage":"es","potentialAction":[{"@type":"ReadAction","target":["https:\/\/buenosdiasbcs.com\/?p=5247"]}]},{"@type":"ImageObject","inLanguage":"es","@id":"https:\/\/buenosdiasbcs.com\/?p=5247#primaryimage","url":"https:\/\/buenosdiasbcs.com\/wp-content\/uploads\/2026\/03\/89693f80-7f79-4f24-8656-7cfd78065a01.jpg","contentUrl":"https:\/\/buenosdiasbcs.com\/wp-content\/uploads\/2026\/03\/89693f80-7f79-4f24-8656-7cfd78065a01.jpg","width":960,"height":620},{"@type":"BreadcrumbList","@id":"https:\/\/buenosdiasbcs.com\/?p=5247#breadcrumb","itemListElement":[{"@type":"ListItem","position":1,"name":"Portada","item":"https:\/\/buenosdiasbcs.com\/"},{"@type":"ListItem","position":2,"name":"Se suma CECyTE BCS al Comit\u00e9 Nacional de Gesti\u00f3n por Competencias"}]},{"@type":"WebSite","@id":"https:\/\/buenosdiasbcs.com\/#website","url":"https:\/\/buenosdiasbcs.com\/","name":"Buenos D\u00edas BCS","description":"","publisher":{"@id":"https:\/\/buenosdiasbcs.com\/#organization"},"potentialAction":[{"@type":"SearchAction","target":{"@type":"EntryPoint","urlTemplate":"https:\/\/buenosdiasbcs.com\/?s={search_term_string}"},"query-input":{"@type":"PropertyValueSpecification","valueRequired":true,"valueName":"search_term_string"}}],"inLanguage":"es"},{"@type":"Organization","@id":"https:\/\/buenosdiasbcs.com\/#organization","name":"Buenos D\u00edas BCS","url":"https:\/\/buenosdiasbcs.com\/","logo":{"@type":"ImageObject","inLanguage":"es","@id":"https:\/\/buenosdiasbcs.com\/#\/schema\/logo\/image\/","url":"https:\/\/buenosdiasbcs.com\/wp-content\/uploads\/2026\/01\/logo-buenos-dias-40-01.png","contentUrl":"https:\/\/buenosdiasbcs.com\/wp-content\/uploads\/2026\/01\/logo-buenos-dias-40-01.png","width":277,"height":40,"caption":"Buenos D\u00edas BCS"},"image":{"@id":"https:\/\/buenosdiasbcs.com\/#\/schema\/logo\/image\/"}},{"@type":"Person","@id":"https:\/\/buenosdiasbcs.com\/#\/schema\/person\/15aedc247eab7070ee5d76d6d069a821","name":"Edici\u00f3n Buenos D\u00edas","image":{"@type":"ImageObject","inLanguage":"es","@id":"https:\/\/buenosdiasbcs.com\/wp-content\/uploads\/2026\/01\/cropped-sol-96x96.png","url":"https:\/\/buenosdiasbcs.com\/wp-content\/uploads\/2026\/01\/cropped-sol-96x96.png","contentUrl":"https:\/\/buenosdiasbcs.com\/wp-content\/uploads\/2026\/01\/cropped-sol-96x96.png","caption":"Edici\u00f3n Buenos D\u00edas"},"url":"https:\/\/buenosdiasbcs.com\/?author=2"}]}},"amp_enabled":true,"_links":{"self":[{"href":"https:\/\/buenosdiasbcs.com\/index.php?rest_route=\/wp\/v2\/posts\/5247","targetHints":{"allow":["GET"]}}],"collection":[{"href":"https:\/\/buenosdiasbcs.com\/index.php?rest_route=\/wp\/v2\/posts"}],"about":[{"href":"https:\/\/buenosdiasbcs.com\/index.php?rest_route=\/wp\/v2\/types\/post"}],"author":[{"embeddable":true,"href":"https:\/\/buenosdiasbcs.com\/index.php?rest_route=\/wp\/v2\/users\/2"}],"replies":[{"embeddable":true,"href":"https:\/\/buenosdiasbcs.com\/index.php?rest_route=%2Fwp%2Fv2%2Fcomments&post=5247"}],"version-history":[{"count":1,"href":"https:\/\/buenosdiasbcs.com\/index.php?rest_route=\/wp\/v2\/posts\/5247\/revisions"}],"predecessor-version":[{"id":5249,"href":"https:\/\/buenosdiasbcs.com\/index.php?rest_route=\/wp\/v2\/posts\/5247\/revisions\/5249"}],"wp:featuredmedia":[{"embeddable":true,"href":"https:\/\/buenosdiasbcs.com\/index.php?rest_route=\/wp\/v2\/media\/5248"}],"wp:attachment":[{"href":"https:\/\/buenosdiasbcs.com\/index.php?rest_route=%2Fwp%2Fv2%2Fmedia&parent=5247"}],"wp:term":[{"taxonomy":"category","embeddable":true,"href":"https:\/\/buenosdiasbcs.com\/index.php?rest_route=%2Fwp%2Fv2%2Fcategories&post=5247"},{"taxonomy":"post_tag","embeddable":true,"href":"https:\/\/buenosdiasbcs.com\/index.php?rest_route=%2Fwp%2Fv2%2Ftags&post=5247"}],"curies":[{"name":"wp","href":"https:\/\/api.w.org\/{rel}","templated":true}]}}