{"id":5231,"date":"2026-03-16T00:43:00","date_gmt":"2026-03-16T07:43:00","guid":{"rendered":"https:\/\/buenosdiasbcs.com\/?p=5231"},"modified":"2026-03-14T23:45:05","modified_gmt":"2026-03-15T06:45:05","slug":"victor-castro-pide-piso-parejo-ante-promocion-anticipada-de-aspirantes-en-bcs","status":"publish","type":"post","link":"https:\/\/buenosdiasbcs.com\/?p=5231","title":{"rendered":"V\u00edctor Castro pide \u201cpiso parejo\u201d ante promoci\u00f3n anticipada de aspirantes en BCS"},"content":{"rendered":"\n<h2 class=\"wp-block-heading\" id=\"h-el-gobernador-de-baja-california-sur-llamo-a-que-quienes-buscan-posicionarse-rumbo-a-2027-lo-hagan-sin-usar-dinero-publico-y-respetando-las-reglas\">El gobernador de Baja California Sur llam\u00f3 a que quienes buscan posicionarse rumbo a 2027 lo hagan sin usar dinero p\u00fablico y respetando las reglas.<\/h2>\n\n\n\n<p>Castro Cos\u00edo se\u00f1al\u00f3 que los actores pol\u00edticos pueden promoverse, siempre que no utilicen recursos p\u00fablicos ni violen la legalidad electoral, tras cuestionamientos por bardas con mensajes como \u201cMilena la de Morena\u201d. Foto: Roc\u00edo Casas \/ POSTA Baja California Sur | Enlace Ciudadano con Antonio Ni\u00f1o \/ Facebook<\/p>\n\n\n\n<p>La discusi\u00f3n sobre&nbsp;<strong>pos<\/strong><strong>ibles campa<\/strong><strong>\u00f1as anticipadas rumbo a la elecci\u00f3n de 2027 en Baja California Sur<\/strong>&nbsp;volvi\u00f3 al centro del debate pol\u00edtico luego de que en distintas partes del estado aparecieran bardas y promociones con nombres de figuras p\u00fablicas que podr\u00edan aspirar a cargos electorales.<\/p>\n\n\n\n<p>Cuestionado sobre este tema, el gobernador&nbsp;<strong>V\u00edctor Manuel Castro Cos\u00edo,&nbsp;<\/strong>en entrevista&nbsp;se\u00f1al\u00f3 que quienes buscan darse a conocer tienen derecho a hacerlo, siempre y cuando no utilicen recursos p\u00fablicos ni violen las normas electorales.<\/p>\n\n\n\n<p>El mandatario insisti\u00f3 en que lo importante es que exista&nbsp;<strong>\u201cpiso parejo\u201d<\/strong>&nbsp;entre quienes aspiren a competir en el futuro proceso electoral.<\/p>\n\n\n\n<h2 class=\"wp-block-heading\" id=\"h-victor-castro-reconoce-que-aspirantes-ya-buscan-posicionarse\">V\u00edctor Castro reconoce que aspirantes ya buscan posicionarse<\/h2>\n\n\n\n<p>Durante una entrevista tras la&nbsp;<a href=\"https:\/\/www.posta.com.mx\/bcs\/mario-delgado-entrega-cartillas-de-los-derechos-de-las-mujeres-a-estudiantes-del-cbtis-62-en-la-paz\/vl2176737\">entrega de cartillas con los derechos de las mujeres en el CBTIS 62<\/a>, Castro Cos\u00edo admiti\u00f3 que varios actores pol\u00edticos&nbsp;<strong>ya realizan actividades para darse a conocer<\/strong>&nbsp;entre la ciudadan\u00eda.<\/p>\n\n\n\n<p>El gobernador mencion\u00f3 que, aunque el consejo se\u00f1al\u00f3 que no deben utilizarse espectaculares para promocionarse,&nbsp;<strong>no hay una prohibici\u00f3n expl\u00edcita en el caso de las bardas con nombres o frases.&nbsp;<\/strong><\/p>\n\n\n\n<p><em>\u201cSabemos todos que est\u00e1n haciendo su trabajo, darse a conocer, pues si no, entonces \u00bfc\u00f3mo?\u201d,<\/em>&nbsp;coment\u00f3.<\/p>\n\n\n\n<p>Aun as\u00ed, reiter\u00f3 que la promoci\u00f3n debe hacerse&nbsp;<strong>s<\/strong><strong>in utilizar recursos p\u00fablicos ni romper la legalidad electoral<\/strong><strong>.<\/strong><\/p>\n\n\n\n<h2 class=\"wp-block-heading\" id=\"h-el-gobernador-pide-evitar-uso-de-recursos-publicos-o-dadivas\">El gobernador pide evitar uso de recursos p\u00fablicos o d\u00e1divas<\/h2>\n\n\n\n<p>Castro Cos\u00edo dijo que&nbsp;<strong>su postura siempre ha sido clara<\/strong>&nbsp;respecto al uso de dinero o apoyos para influir en el voto.<\/p>\n\n\n\n<p>Indic\u00f3 que est\u00e1 en desacuerdo con pr\u00e1cticas como entregar despensas u otros beneficios<strong>&nbsp;para obtener respaldo pol\u00edtico.<\/strong><\/p>\n\n\n\n<p><em>\u201cYo nunca he estado de acuerdo en que se use dinero p\u00fablico o privado para cambiar votos por despensas\u201d,<\/em>&nbsp;expres\u00f3.<\/p>\n\n\n\n<p>Seg\u00fan el mandatario, la pol\u00edtica debe centrarse en&nbsp;<strong>proyectos y propuestas<\/strong>, no en incentivos o regalos.<\/p>\n\n\n\n<h2 class=\"wp-block-heading\" id=\"h-aspirantes-tienen-derecho-a-promoverse-si-respetan-la-ley\">Aspirantes tienen derecho a promoverse si respetan la ley<\/h2>\n\n\n\n<p>El gobernador V\u00edctor Manuel Castro Cos\u00edo se\u00f1al\u00f3 que los actores pol\u00edticos que buscan posicionarse rumbo al pr\u00f3ximo proceso electora<strong>l tienen derecho a promoverse<\/strong>, siempre y cuando no utilicen recursos p\u00fablicos ni violen la legalidad electoral.<\/p>\n\n\n\n<p>Durante la entrevista tambi\u00e9n se le pregunt\u00f3 si las bardas que han comenzado a aparecer en distintos puntos del estado eran pintadas por los propios aspirantes. Al respecto, respondi\u00f3 que se trata de los mismos actores pol\u00edticos y sus simpatizantes.<\/p>\n\n\n\n<p><em>\u201cClaro, son los mismo compa\u00f1eros y los que se agreguen\u201d,<\/em>&nbsp;expres\u00f3.<\/p>\n\n\n\n<p>Sus declaraciones contrastan con lo se\u00f1alado recientemente por la alcaldesa de La Paz,&nbsp;<strong>Milena Quiroga<\/strong>, a quien se le cuestion\u00f3 sobre las bardas y calcoman\u00edas con la frase&nbsp;<strong>\u201cMilena la de Morena\u201d<\/strong>&nbsp;que han aparecido en distintas zonas.&nbsp;<\/p>\n\n\n\n<p>La presidenta municipal asegur\u00f3 que estas acciones no provienen de ella ni de su equipo, sino de personas que&nbsp;<strong>deciden promoverla por iniciativa propia.<\/strong><\/p>\n\n\n\n<p>Quiroga sostuvo que no puede impedir que ciudadanos pinten bardas o coloquen propaganda a su favor,&nbsp;<strong>pues cada persona es libre de hacerlo<\/strong>mientras no afecte a terceros.<\/p>\n\n\n\n<h2 class=\"wp-block-heading\" id=\"h-debate-por-presuntos-actos-anticipados-de-campana-en-bcs\">Debate por presuntos actos anticipados de campa\u00f1a en BCS<\/h2>\n\n\n\n<p>Recientemente, el&nbsp;<strong>P<\/strong><strong>artido Acci\u00f3n Nacion<\/strong><strong>al (PAN)<\/strong>&nbsp;present\u00f3 denuncias por presuntos actos anticipados de campa\u00f1a relacionados con la promoci\u00f3n de la alcaldesa de La Paz, Milena Quiroga y el alcalde de Los Cabos, Christian Ag\u00fandez.<\/p>\n\n\n\n<p>De acuerdo con la dirigencia estatal del PAN, estas denuncias buscan que la autoridad electoral revise posibles actos de promoci\u00f3n anticipada que&nbsp;<strong>podr\u00edan afectar la equidad rumbo al proceso electoral de 2027.<\/strong><\/p>\n\n\n\n<p>Hasta ahora, algunas de estas denuncias han sido declaradas<strong>&nbsp;improcedentes por el Instituto Estatal Electoral.<\/strong><\/p>\n","protected":false},"excerpt":{"rendered":"<p>El gobernador de Baja California Sur llam\u00f3 a que quienes buscan posicionarse rumbo a 2027 lo hagan sin usar dinero&#8230;<\/p>\n","protected":false},"author":2,"featured_media":5232,"comment_status":"open","ping_status":"open","sticky":false,"template":"","format":"standard","meta":{"footnotes":""},"categories":[239],"tags":[],"class_list":["post-5231","post","type-post","status-publish","format-standard","has-post-thumbnail","hentry","category-partidos"],"yoast_head":"<!-- This site is optimized with the Yoast SEO Premium plugin v26.8 (Yoast SEO v27.5) - https:\/\/yoast.com\/product\/yoast-seo-premium-wordpress\/ -->\n<title>V\u00edctor Castro pide \u201cpiso parejo\u201d ante promoci\u00f3n anticipada de aspirantes en BCS - Buenos D&iacute;as BCS<\/title>\n<meta name=\"robots\" content=\"index, follow, max-snippet:-1, max-image-preview:large, max-video-preview:-1\" \/>\n<link rel=\"canonical\" href=\"https:\/\/buenosdiasbcs.com\/?p=5231\" \/>\n<meta property=\"og:locale\" content=\"es_ES\" \/>\n<meta property=\"og:type\" content=\"article\" \/>\n<meta property=\"og:title\" content=\"V\u00edctor Castro pide \u201cpiso parejo\u201d ante promoci\u00f3n anticipada de aspirantes en BCS\" \/>\n<meta property=\"og:description\" content=\"El gobernador de Baja California Sur llam\u00f3 a que quienes buscan posicionarse rumbo a 2027 lo hagan sin usar dinero...\" \/>\n<meta property=\"og:url\" content=\"https:\/\/buenosdiasbcs.com\/?p=5231\" \/>\n<meta property=\"og:site_name\" content=\"Buenos D&iacute;as BCS\" \/>\n<meta property=\"article:published_time\" content=\"2026-03-16T07:43:00+00:00\" \/>\n<meta property=\"og:image\" content=\"https:\/\/buenosdiasbcs.com\/wp-content\/uploads\/2026\/03\/victor-castro-habla-de-las-campanas-enticipadas-6859f4a8-focus-0-0-1479-828.webp\" \/>\n\t<meta property=\"og:image:width\" content=\"1280\" \/>\n\t<meta property=\"og:image:height\" content=\"720\" \/>\n\t<meta property=\"og:image:type\" content=\"image\/webp\" \/>\n<meta name=\"author\" content=\"Edici\u00f3n Buenos D\u00edas\" \/>\n<meta name=\"twitter:card\" content=\"summary_large_image\" \/>\n<meta name=\"twitter:label1\" content=\"Escrito por\" \/>\n\t<meta name=\"twitter:data1\" content=\"Edici\u00f3n Buenos D\u00edas\" \/>\n\t<meta name=\"twitter:label2\" content=\"Tiempo de lectura\" \/>\n\t<meta name=\"twitter:data2\" content=\"4 minutos\" \/>\n<script type=\"application\/ld+json\" class=\"yoast-schema-graph\">{\"@context\":\"https:\\\/\\\/schema.org\",\"@graph\":[{\"@type\":\"Article\",\"@id\":\"https:\\\/\\\/buenosdiasbcs.com\\\/?p=5231#article\",\"isPartOf\":{\"@id\":\"https:\\\/\\\/buenosdiasbcs.com\\\/?p=5231\"},\"author\":{\"name\":\"Edici\u00f3n Buenos D\u00edas\",\"@id\":\"https:\\\/\\\/buenosdiasbcs.com\\\/#\\\/schema\\\/person\\\/15aedc247eab7070ee5d76d6d069a821\"},\"headline\":\"V\u00edctor Castro pide \u201cpiso parejo\u201d ante promoci\u00f3n anticipada de aspirantes en BCS\",\"datePublished\":\"2026-03-16T07:43:00+00:00\",\"mainEntityOfPage\":{\"@id\":\"https:\\\/\\\/buenosdiasbcs.com\\\/?p=5231\"},\"wordCount\":734,\"commentCount\":0,\"publisher\":{\"@id\":\"https:\\\/\\\/buenosdiasbcs.com\\\/#organization\"},\"image\":{\"@id\":\"https:\\\/\\\/buenosdiasbcs.com\\\/?p=5231#primaryimage\"},\"thumbnailUrl\":\"https:\\\/\\\/buenosdiasbcs.com\\\/wp-content\\\/uploads\\\/2026\\\/03\\\/victor-castro-habla-de-las-campanas-enticipadas-6859f4a8-focus-0-0-1479-828.webp\",\"articleSection\":[\"Partidos\"],\"inLanguage\":\"es\",\"potentialAction\":[{\"@type\":\"CommentAction\",\"name\":\"Comment\",\"target\":[\"https:\\\/\\\/buenosdiasbcs.com\\\/?p=5231#respond\"]}]},{\"@type\":\"WebPage\",\"@id\":\"https:\\\/\\\/buenosdiasbcs.com\\\/?p=5231\",\"url\":\"https:\\\/\\\/buenosdiasbcs.com\\\/?p=5231\",\"name\":\"V\u00edctor Castro pide \u201cpiso parejo\u201d ante promoci\u00f3n anticipada de aspirantes en BCS - Buenos D&iacute;as BCS\",\"isPartOf\":{\"@id\":\"https:\\\/\\\/buenosdiasbcs.com\\\/#website\"},\"primaryImageOfPage\":{\"@id\":\"https:\\\/\\\/buenosdiasbcs.com\\\/?p=5231#primaryimage\"},\"image\":{\"@id\":\"https:\\\/\\\/buenosdiasbcs.com\\\/?p=5231#primaryimage\"},\"thumbnailUrl\":\"https:\\\/\\\/buenosdiasbcs.com\\\/wp-content\\\/uploads\\\/2026\\\/03\\\/victor-castro-habla-de-las-campanas-enticipadas-6859f4a8-focus-0-0-1479-828.webp\",\"datePublished\":\"2026-03-16T07:43:00+00:00\",\"breadcrumb\":{\"@id\":\"https:\\\/\\\/buenosdiasbcs.com\\\/?p=5231#breadcrumb\"},\"inLanguage\":\"es\",\"potentialAction\":[{\"@type\":\"ReadAction\",\"target\":[\"https:\\\/\\\/buenosdiasbcs.com\\\/?p=5231\"]}]},{\"@type\":\"ImageObject\",\"inLanguage\":\"es\",\"@id\":\"https:\\\/\\\/buenosdiasbcs.com\\\/?p=5231#primaryimage\",\"url\":\"https:\\\/\\\/buenosdiasbcs.com\\\/wp-content\\\/uploads\\\/2026\\\/03\\\/victor-castro-habla-de-las-campanas-enticipadas-6859f4a8-focus-0-0-1479-828.webp\",\"contentUrl\":\"https:\\\/\\\/buenosdiasbcs.com\\\/wp-content\\\/uploads\\\/2026\\\/03\\\/victor-castro-habla-de-las-campanas-enticipadas-6859f4a8-focus-0-0-1479-828.webp\",\"width\":1280,\"height\":720},{\"@type\":\"BreadcrumbList\",\"@id\":\"https:\\\/\\\/buenosdiasbcs.com\\\/?p=5231#breadcrumb\",\"itemListElement\":[{\"@type\":\"ListItem\",\"position\":1,\"name\":\"Portada\",\"item\":\"https:\\\/\\\/buenosdiasbcs.com\\\/\"},{\"@type\":\"ListItem\",\"position\":2,\"name\":\"V\u00edctor Castro pide \u201cpiso parejo\u201d ante promoci\u00f3n anticipada de aspirantes en BCS\"}]},{\"@type\":\"WebSite\",\"@id\":\"https:\\\/\\\/buenosdiasbcs.com\\\/#website\",\"url\":\"https:\\\/\\\/buenosdiasbcs.com\\\/\",\"name\":\"Buenos D\u00edas BCS\",\"description\":\"\",\"publisher\":{\"@id\":\"https:\\\/\\\/buenosdiasbcs.com\\\/#organization\"},\"potentialAction\":[{\"@type\":\"SearchAction\",\"target\":{\"@type\":\"EntryPoint\",\"urlTemplate\":\"https:\\\/\\\/buenosdiasbcs.com\\\/?s={search_term_string}\"},\"query-input\":{\"@type\":\"PropertyValueSpecification\",\"valueRequired\":true,\"valueName\":\"search_term_string\"}}],\"inLanguage\":\"es\"},{\"@type\":\"Organization\",\"@id\":\"https:\\\/\\\/buenosdiasbcs.com\\\/#organization\",\"name\":\"Buenos D\u00edas BCS\",\"url\":\"https:\\\/\\\/buenosdiasbcs.com\\\/\",\"logo\":{\"@type\":\"ImageObject\",\"inLanguage\":\"es\",\"@id\":\"https:\\\/\\\/buenosdiasbcs.com\\\/#\\\/schema\\\/logo\\\/image\\\/\",\"url\":\"https:\\\/\\\/buenosdiasbcs.com\\\/wp-content\\\/uploads\\\/2026\\\/01\\\/logo-buenos-dias-40-01.png\",\"contentUrl\":\"https:\\\/\\\/buenosdiasbcs.com\\\/wp-content\\\/uploads\\\/2026\\\/01\\\/logo-buenos-dias-40-01.png\",\"width\":277,\"height\":40,\"caption\":\"Buenos D\u00edas BCS\"},\"image\":{\"@id\":\"https:\\\/\\\/buenosdiasbcs.com\\\/#\\\/schema\\\/logo\\\/image\\\/\"}},{\"@type\":\"Person\",\"@id\":\"https:\\\/\\\/buenosdiasbcs.com\\\/#\\\/schema\\\/person\\\/15aedc247eab7070ee5d76d6d069a821\",\"name\":\"Edici\u00f3n Buenos D\u00edas\",\"image\":{\"@type\":\"ImageObject\",\"inLanguage\":\"es\",\"@id\":\"https:\\\/\\\/buenosdiasbcs.com\\\/wp-content\\\/uploads\\\/2026\\\/01\\\/cropped-sol-96x96.png\",\"url\":\"https:\\\/\\\/buenosdiasbcs.com\\\/wp-content\\\/uploads\\\/2026\\\/01\\\/cropped-sol-96x96.png\",\"contentUrl\":\"https:\\\/\\\/buenosdiasbcs.com\\\/wp-content\\\/uploads\\\/2026\\\/01\\\/cropped-sol-96x96.png\",\"caption\":\"Edici\u00f3n Buenos D\u00edas\"},\"url\":\"https:\\\/\\\/buenosdiasbcs.com\\\/?author=2\"}]}<\/script>\n<!-- \/ Yoast SEO Premium plugin. -->","yoast_head_json":{"title":"V\u00edctor Castro pide \u201cpiso parejo\u201d ante promoci\u00f3n anticipada de aspirantes en BCS - Buenos D&iacute;as BCS","robots":{"index":"index","follow":"follow","max-snippet":"max-snippet:-1","max-image-preview":"max-image-preview:large","max-video-preview":"max-video-preview:-1"},"canonical":"https:\/\/buenosdiasbcs.com\/?p=5231","og_locale":"es_ES","og_type":"article","og_title":"V\u00edctor Castro pide \u201cpiso parejo\u201d ante promoci\u00f3n anticipada de aspirantes en BCS","og_description":"El gobernador de Baja California Sur llam\u00f3 a que quienes buscan posicionarse rumbo a 2027 lo hagan sin usar dinero...","og_url":"https:\/\/buenosdiasbcs.com\/?p=5231","og_site_name":"Buenos D&iacute;as BCS","article_published_time":"2026-03-16T07:43:00+00:00","og_image":[{"width":1280,"height":720,"url":"https:\/\/buenosdiasbcs.com\/wp-content\/uploads\/2026\/03\/victor-castro-habla-de-las-campanas-enticipadas-6859f4a8-focus-0-0-1479-828.webp","type":"image\/webp"}],"author":"Edici\u00f3n Buenos D\u00edas","twitter_card":"summary_large_image","twitter_misc":{"Escrito por":"Edici\u00f3n Buenos D\u00edas","Tiempo de lectura":"4 minutos"},"schema":{"@context":"https:\/\/schema.org","@graph":[{"@type":"Article","@id":"https:\/\/buenosdiasbcs.com\/?p=5231#article","isPartOf":{"@id":"https:\/\/buenosdiasbcs.com\/?p=5231"},"author":{"name":"Edici\u00f3n Buenos D\u00edas","@id":"https:\/\/buenosdiasbcs.com\/#\/schema\/person\/15aedc247eab7070ee5d76d6d069a821"},"headline":"V\u00edctor Castro pide \u201cpiso parejo\u201d ante promoci\u00f3n anticipada de aspirantes en BCS","datePublished":"2026-03-16T07:43:00+00:00","mainEntityOfPage":{"@id":"https:\/\/buenosdiasbcs.com\/?p=5231"},"wordCount":734,"commentCount":0,"publisher":{"@id":"https:\/\/buenosdiasbcs.com\/#organization"},"image":{"@id":"https:\/\/buenosdiasbcs.com\/?p=5231#primaryimage"},"thumbnailUrl":"https:\/\/buenosdiasbcs.com\/wp-content\/uploads\/2026\/03\/victor-castro-habla-de-las-campanas-enticipadas-6859f4a8-focus-0-0-1479-828.webp","articleSection":["Partidos"],"inLanguage":"es","potentialAction":[{"@type":"CommentAction","name":"Comment","target":["https:\/\/buenosdiasbcs.com\/?p=5231#respond"]}]},{"@type":"WebPage","@id":"https:\/\/buenosdiasbcs.com\/?p=5231","url":"https:\/\/buenosdiasbcs.com\/?p=5231","name":"V\u00edctor Castro pide \u201cpiso parejo\u201d ante promoci\u00f3n anticipada de aspirantes en BCS - Buenos D&iacute;as BCS","isPartOf":{"@id":"https:\/\/buenosdiasbcs.com\/#website"},"primaryImageOfPage":{"@id":"https:\/\/buenosdiasbcs.com\/?p=5231#primaryimage"},"image":{"@id":"https:\/\/buenosdiasbcs.com\/?p=5231#primaryimage"},"thumbnailUrl":"https:\/\/buenosdiasbcs.com\/wp-content\/uploads\/2026\/03\/victor-castro-habla-de-las-campanas-enticipadas-6859f4a8-focus-0-0-1479-828.webp","datePublished":"2026-03-16T07:43:00+00:00","breadcrumb":{"@id":"https:\/\/buenosdiasbcs.com\/?p=5231#breadcrumb"},"inLanguage":"es","potentialAction":[{"@type":"ReadAction","target":["https:\/\/buenosdiasbcs.com\/?p=5231"]}]},{"@type":"ImageObject","inLanguage":"es","@id":"https:\/\/buenosdiasbcs.com\/?p=5231#primaryimage","url":"https:\/\/buenosdiasbcs.com\/wp-content\/uploads\/2026\/03\/victor-castro-habla-de-las-campanas-enticipadas-6859f4a8-focus-0-0-1479-828.webp","contentUrl":"https:\/\/buenosdiasbcs.com\/wp-content\/uploads\/2026\/03\/victor-castro-habla-de-las-campanas-enticipadas-6859f4a8-focus-0-0-1479-828.webp","width":1280,"height":720},{"@type":"BreadcrumbList","@id":"https:\/\/buenosdiasbcs.com\/?p=5231#breadcrumb","itemListElement":[{"@type":"ListItem","position":1,"name":"Portada","item":"https:\/\/buenosdiasbcs.com\/"},{"@type":"ListItem","position":2,"name":"V\u00edctor Castro pide \u201cpiso parejo\u201d ante promoci\u00f3n anticipada de aspirantes en BCS"}]},{"@type":"WebSite","@id":"https:\/\/buenosdiasbcs.com\/#website","url":"https:\/\/buenosdiasbcs.com\/","name":"Buenos D\u00edas BCS","description":"","publisher":{"@id":"https:\/\/buenosdiasbcs.com\/#organization"},"potentialAction":[{"@type":"SearchAction","target":{"@type":"EntryPoint","urlTemplate":"https:\/\/buenosdiasbcs.com\/?s={search_term_string}"},"query-input":{"@type":"PropertyValueSpecification","valueRequired":true,"valueName":"search_term_string"}}],"inLanguage":"es"},{"@type":"Organization","@id":"https:\/\/buenosdiasbcs.com\/#organization","name":"Buenos D\u00edas BCS","url":"https:\/\/buenosdiasbcs.com\/","logo":{"@type":"ImageObject","inLanguage":"es","@id":"https:\/\/buenosdiasbcs.com\/#\/schema\/logo\/image\/","url":"https:\/\/buenosdiasbcs.com\/wp-content\/uploads\/2026\/01\/logo-buenos-dias-40-01.png","contentUrl":"https:\/\/buenosdiasbcs.com\/wp-content\/uploads\/2026\/01\/logo-buenos-dias-40-01.png","width":277,"height":40,"caption":"Buenos D\u00edas BCS"},"image":{"@id":"https:\/\/buenosdiasbcs.com\/#\/schema\/logo\/image\/"}},{"@type":"Person","@id":"https:\/\/buenosdiasbcs.com\/#\/schema\/person\/15aedc247eab7070ee5d76d6d069a821","name":"Edici\u00f3n Buenos D\u00edas","image":{"@type":"ImageObject","inLanguage":"es","@id":"https:\/\/buenosdiasbcs.com\/wp-content\/uploads\/2026\/01\/cropped-sol-96x96.png","url":"https:\/\/buenosdiasbcs.com\/wp-content\/uploads\/2026\/01\/cropped-sol-96x96.png","contentUrl":"https:\/\/buenosdiasbcs.com\/wp-content\/uploads\/2026\/01\/cropped-sol-96x96.png","caption":"Edici\u00f3n Buenos D\u00edas"},"url":"https:\/\/buenosdiasbcs.com\/?author=2"}]}},"amp_enabled":true,"_links":{"self":[{"href":"https:\/\/buenosdiasbcs.com\/index.php?rest_route=\/wp\/v2\/posts\/5231","targetHints":{"allow":["GET"]}}],"collection":[{"href":"https:\/\/buenosdiasbcs.com\/index.php?rest_route=\/wp\/v2\/posts"}],"about":[{"href":"https:\/\/buenosdiasbcs.com\/index.php?rest_route=\/wp\/v2\/types\/post"}],"author":[{"embeddable":true,"href":"https:\/\/buenosdiasbcs.com\/index.php?rest_route=\/wp\/v2\/users\/2"}],"replies":[{"embeddable":true,"href":"https:\/\/buenosdiasbcs.com\/index.php?rest_route=%2Fwp%2Fv2%2Fcomments&post=5231"}],"version-history":[{"count":1,"href":"https:\/\/buenosdiasbcs.com\/index.php?rest_route=\/wp\/v2\/posts\/5231\/revisions"}],"predecessor-version":[{"id":5233,"href":"https:\/\/buenosdiasbcs.com\/index.php?rest_route=\/wp\/v2\/posts\/5231\/revisions\/5233"}],"wp:featuredmedia":[{"embeddable":true,"href":"https:\/\/buenosdiasbcs.com\/index.php?rest_route=\/wp\/v2\/media\/5232"}],"wp:attachment":[{"href":"https:\/\/buenosdiasbcs.com\/index.php?rest_route=%2Fwp%2Fv2%2Fmedia&parent=5231"}],"wp:term":[{"taxonomy":"category","embeddable":true,"href":"https:\/\/buenosdiasbcs.com\/index.php?rest_route=%2Fwp%2Fv2%2Fcategories&post=5231"},{"taxonomy":"post_tag","embeddable":true,"href":"https:\/\/buenosdiasbcs.com\/index.php?rest_route=%2Fwp%2Fv2%2Ftags&post=5231"}],"curies":[{"name":"wp","href":"https:\/\/api.w.org\/{rel}","templated":true}]}}