{"id":5227,"date":"2026-03-16T00:36:00","date_gmt":"2026-03-16T07:36:00","guid":{"rendered":"https:\/\/buenosdiasbcs.com\/?p=5227"},"modified":"2026-03-14T23:39:10","modified_gmt":"2026-03-15T06:39:10","slug":"arrestan-a-cuatro-hombres-por-el-homicidio-de-saul-castro-en-el-pescadero","status":"publish","type":"post","link":"https:\/\/buenosdiasbcs.com\/?p=5227","title":{"rendered":"Arrestan a cuatro hombres por el homicidio de Sa\u00fal Castro en El Pescadero"},"content":{"rendered":"\n<h2 class=\"wp-block-heading\" id=\"h-saul-castro-fue-agredido-por-un-grupo-de-hombres-con-un-objeto-contundente-la-noche-de-navidad-en-la-comunidad-de-el-pescadero-las-lesiones-provocadas-durante-el-ataque-resultaron-fatales\">Sa\u00fal Castro fue agredido por un grupo de hombres con un objeto contundente la noche de Navidad en la comunidad de El Pescadero; las lesiones provocadas durante el ataque resultaron fatales.<\/h2>\n\n\n\n<p>Cuatro hombres fueron arrestados por su probable participaci\u00f3n en el ataque contra Sa\u00fal \u201cN\u201d ocurrido en El Pescadero, Baja California Sur. Foto: ChatGPT IA<\/p>\n\n\n\n<p>La Procuradur\u00eda General de Justicia del Estado (PGJE) inform\u00f3 la detenci\u00f3n de cuatro hombres presuntamente vinculados con&nbsp;<a href=\"https:\/\/www.posta.com.mx\/bcs\/fallece-saul-castro-hombre-agredido-en-el-pescadero-tras-20-dias-hospitalizado\/vl2151287\">el homicidio de<strong>&nbsp;Sa\u00fal Castro<\/strong>, ocurrido a finales de diciembre&nbsp;<\/a>en la comunidad de El Pescadero, en el municipio de La Paz.<\/p>\n\n\n\n<p>Las capturas se realizaron el&nbsp;<strong>ju<\/strong><strong>eves 12 de marzo<\/strong>&nbsp;en la colonia&nbsp;<strong>El Zacatal, en San Jos\u00e9 del Cabo<\/strong>, tras un operativo coordinado por agentes de la Unidad de Mandamientos Judiciales.<\/p>\n\n\n\n<h2 class=\"wp-block-heading\" id=\"h-que-se-sabe-sobre-la-detencion-de-los-presuntos-responsables\">\u00bfQu\u00e9 se sabe sobre la detenci\u00f3n de los presuntos responsables?<\/h2>\n\n\n\n<p>Los detenidos contaban con&nbsp;<strong>\u00f3r<\/strong><strong>denes de aprehensi\u00f3n vige<\/strong><strong>ntes por su probable responsabilidad en el delito de homicidio calificado con ventaja en grado de tentativa acabada<\/strong>.&nbsp;<\/p>\n\n\n\n<p>De acuerdo con la PGJE, las personas aprehendidas<strong>&nbsp;fueron identificadas como:<\/strong><\/p>\n\n\n\n<ul class=\"wp-block-list\">\n<li>Jes\u00fas \u201cN\u201d<\/li>\n\n\n\n<li>Sodgy \u201cN\u201d<\/li>\n\n\n\n<li>Orlando \u201cN\u201d<\/li>\n\n\n\n<li>Sergio \u201cN\u201d<\/li>\n<\/ul>\n\n\n\n<p>Todos fueron puestos a&nbsp;<strong>disposici\u00f3n del Ministerio P\u00fablico<\/strong>, autoridad que determinar\u00e1 su situaci\u00f3n jur\u00eddica en las pr\u00f3ximas horas.<\/p>\n\n\n\n<p>La PGJE detall\u00f3 que las capturas son resultado de&nbsp;<strong>tr<\/strong><strong>abajos de inteligencia, an\u00e1lisis de informaci\u00f3n y labores de campo realiz<\/strong><strong>adas por agentes de la Agencia Estatal de Investigaci\u00f3n Criminal (AEIC)<\/strong>.<\/p>\n\n\n\n<p>Estas detenciones se suman a otras dos, relacionadas con el caso, realizadas el pasado 28 de enero en la Colonia Los Al\u00e1mos en la ciudad de La Paz&nbsp;<a href=\"https:\/\/www.posta.com.mx\/bcs\/detienen-en-la-paz-a-dos-de-los-presuntos-responsables-por-el-homicidio-de-saul-en-el-pescadero\/vl2157191\">donde&nbsp;<strong>se aprendi\u00f3 a Brayant &#8220;N&#8221; y Jos\u00e9 Manuel &#8220;N&#8221;.<\/strong><\/a><\/p>\n\n\n\n<h2 class=\"wp-block-heading\" id=\"h-que-ocurrio-con-saul-castro-en-el-pescadero\">\u00bfQu\u00e9 ocurri\u00f3 con Sa\u00fal Castro en El Pescadero?<\/h2>\n\n\n\n<p>El caso ocurri\u00f3 la noche del&nbsp;<strong>2<\/strong><strong>5 de diciem<\/strong><strong>bre<\/strong>, cuando&nbsp;<a href=\"https:\/\/www.posta.com.mx\/bcs\/justicia-para-saul-castro-cronologia-de-la-tragedia-que-mantiene-en-polemica-a-el-pescadero\/vl2165601\">Sa\u00fal Castro fue&nbsp;<\/a><strong><a href=\"https:\/\/www.posta.com.mx\/bcs\/justicia-para-saul-castro-cronologia-de-la-tragedia-que-mantiene-en-polemica-a-el-pescadero\/vl2165601\">golpeado con un objeto contundente&nbsp;<\/a>por varias personas en la comunidad de El Pescadero<\/strong>. Tras la agresi\u00f3n, la v\u00edctima qued\u00f3 gravemente herida.&nbsp;<\/p>\n\n\n\n<p>Durante semanas permaneci\u00f3 hospitalizado debido a<strong>&nbsp;la gravedad de las lesiones<\/strong>, hasta que finalmente falleci\u00f3, lo que provoc\u00f3 que la investigaci\u00f3n pasara de lesiones a homicidio.<\/p>\n\n\n\n<p>El caso gener\u00f3 una fuerte reacci\u00f3n en la comunidad, donde familiares y vecinos&nbsp;<strong>realizaron protestas y bloqueos<\/strong>&nbsp;para exigir avances en la investigaci\u00f3n y la detenci\u00f3n de los responsables.<\/p>\n\n\n\n<h2 class=\"wp-block-heading\" id=\"h-protestas-y-cierres-carreteros-por-la-falta-de-avances-en-el-caso-de-saul\">Protestas y cierres carreteros por la falta de avances en el caso de Sa\u00fal<\/h2>\n\n\n\n<p>El primero de enero de 2026 habitantes de<strong>&nbsp;El Pescadero<\/strong>&nbsp;se movilizaron para exigir justicia y avances en la investigaci\u00f3n.<\/p>\n\n\n\n<p>Las manifestaciones incluyeron&nbsp;<strong><a href=\"https:\/\/www.posta.com.mx\/bcs\/anuncian-nueva-protesta-este-jueves-15-en-el-pescadero-por-el-caso-saul-castro\/vl2150720\">b<\/a><\/strong><strong><a href=\"https:\/\/www.posta.com.mx\/bcs\/anuncian-nueva-protesta-este-jueves-15-en-el-pescadero-por-el-caso-saul-castro\/vl2150720\">loqueos en la carretera Transpeninsular a la altura del kil\u00f3metro 62&nbsp;<\/a>y protestas p\u00fa<\/strong><strong>blicas<\/strong>, ya que durante semanas no se reportaban detenciones, lo que gener\u00f3 molestia entre los familiares de la v\u00edctima y la comunidad.<\/p>\n","protected":false},"excerpt":{"rendered":"<p>Sa\u00fal Castro fue agredido por un grupo de hombres con un objeto contundente la noche de Navidad en la comunidad&#8230;<\/p>\n","protected":false},"author":2,"featured_media":5228,"comment_status":"open","ping_status":"open","sticky":false,"template":"","format":"standard","meta":{"footnotes":""},"categories":[237],"tags":[],"class_list":["post-5227","post","type-post","status-publish","format-standard","has-post-thumbnail","hentry","category-seguridad"],"yoast_head":"<!-- This site is optimized with the Yoast SEO Premium plugin v26.8 (Yoast SEO v27.5) - https:\/\/yoast.com\/product\/yoast-seo-premium-wordpress\/ -->\n<title>Arrestan a cuatro hombres por el homicidio de Sa\u00fal Castro en El Pescadero - Buenos D&iacute;as BCS<\/title>\n<meta name=\"robots\" content=\"index, follow, max-snippet:-1, max-image-preview:large, max-video-preview:-1\" \/>\n<link rel=\"canonical\" href=\"https:\/\/buenosdiasbcs.com\/?p=5227\" \/>\n<meta property=\"og:locale\" content=\"es_ES\" \/>\n<meta property=\"og:type\" content=\"article\" \/>\n<meta property=\"og:title\" content=\"Arrestan a cuatro hombres por el homicidio de Sa\u00fal Castro en El Pescadero\" \/>\n<meta property=\"og:description\" content=\"Sa\u00fal Castro fue agredido por un grupo de hombres con un objeto contundente la noche de Navidad en la comunidad...\" \/>\n<meta property=\"og:url\" content=\"https:\/\/buenosdiasbcs.com\/?p=5227\" \/>\n<meta property=\"og:site_name\" content=\"Buenos D&iacute;as BCS\" \/>\n<meta property=\"article:published_time\" content=\"2026-03-16T07:36:00+00:00\" \/>\n<meta property=\"og:image\" content=\"https:\/\/buenosdiasbcs.com\/wp-content\/uploads\/2026\/03\/caso-saul-avances-en-las-detenciones-d1957e4f-focus-0-0-825-464.webp\" \/>\n\t<meta property=\"og:image:width\" content=\"825\" \/>\n\t<meta property=\"og:image:height\" content=\"464\" \/>\n\t<meta property=\"og:image:type\" content=\"image\/webp\" \/>\n<meta name=\"author\" content=\"Edici\u00f3n Buenos D\u00edas\" \/>\n<meta name=\"twitter:card\" content=\"summary_large_image\" \/>\n<meta name=\"twitter:label1\" content=\"Escrito por\" \/>\n\t<meta name=\"twitter:data1\" content=\"Edici\u00f3n Buenos D\u00edas\" \/>\n\t<meta name=\"twitter:label2\" content=\"Tiempo de lectura\" \/>\n\t<meta name=\"twitter:data2\" content=\"3 minutos\" \/>\n<script type=\"application\/ld+json\" class=\"yoast-schema-graph\">{\"@context\":\"https:\\\/\\\/schema.org\",\"@graph\":[{\"@type\":\"Article\",\"@id\":\"https:\\\/\\\/buenosdiasbcs.com\\\/?p=5227#article\",\"isPartOf\":{\"@id\":\"https:\\\/\\\/buenosdiasbcs.com\\\/?p=5227\"},\"author\":{\"name\":\"Edici\u00f3n Buenos D\u00edas\",\"@id\":\"https:\\\/\\\/buenosdiasbcs.com\\\/#\\\/schema\\\/person\\\/15aedc247eab7070ee5d76d6d069a821\"},\"headline\":\"Arrestan a cuatro hombres por el homicidio de Sa\u00fal Castro en El Pescadero\",\"datePublished\":\"2026-03-16T07:36:00+00:00\",\"mainEntityOfPage\":{\"@id\":\"https:\\\/\\\/buenosdiasbcs.com\\\/?p=5227\"},\"wordCount\":507,\"commentCount\":0,\"publisher\":{\"@id\":\"https:\\\/\\\/buenosdiasbcs.com\\\/#organization\"},\"image\":{\"@id\":\"https:\\\/\\\/buenosdiasbcs.com\\\/?p=5227#primaryimage\"},\"thumbnailUrl\":\"https:\\\/\\\/buenosdiasbcs.com\\\/wp-content\\\/uploads\\\/2026\\\/03\\\/caso-saul-avances-en-las-detenciones-d1957e4f-focus-0-0-825-464.webp\",\"articleSection\":[\"Seguridad\"],\"inLanguage\":\"es\",\"potentialAction\":[{\"@type\":\"CommentAction\",\"name\":\"Comment\",\"target\":[\"https:\\\/\\\/buenosdiasbcs.com\\\/?p=5227#respond\"]}]},{\"@type\":\"WebPage\",\"@id\":\"https:\\\/\\\/buenosdiasbcs.com\\\/?p=5227\",\"url\":\"https:\\\/\\\/buenosdiasbcs.com\\\/?p=5227\",\"name\":\"Arrestan a cuatro hombres por el homicidio de Sa\u00fal Castro en El Pescadero - Buenos D&iacute;as BCS\",\"isPartOf\":{\"@id\":\"https:\\\/\\\/buenosdiasbcs.com\\\/#website\"},\"primaryImageOfPage\":{\"@id\":\"https:\\\/\\\/buenosdiasbcs.com\\\/?p=5227#primaryimage\"},\"image\":{\"@id\":\"https:\\\/\\\/buenosdiasbcs.com\\\/?p=5227#primaryimage\"},\"thumbnailUrl\":\"https:\\\/\\\/buenosdiasbcs.com\\\/wp-content\\\/uploads\\\/2026\\\/03\\\/caso-saul-avances-en-las-detenciones-d1957e4f-focus-0-0-825-464.webp\",\"datePublished\":\"2026-03-16T07:36:00+00:00\",\"breadcrumb\":{\"@id\":\"https:\\\/\\\/buenosdiasbcs.com\\\/?p=5227#breadcrumb\"},\"inLanguage\":\"es\",\"potentialAction\":[{\"@type\":\"ReadAction\",\"target\":[\"https:\\\/\\\/buenosdiasbcs.com\\\/?p=5227\"]}]},{\"@type\":\"ImageObject\",\"inLanguage\":\"es\",\"@id\":\"https:\\\/\\\/buenosdiasbcs.com\\\/?p=5227#primaryimage\",\"url\":\"https:\\\/\\\/buenosdiasbcs.com\\\/wp-content\\\/uploads\\\/2026\\\/03\\\/caso-saul-avances-en-las-detenciones-d1957e4f-focus-0-0-825-464.webp\",\"contentUrl\":\"https:\\\/\\\/buenosdiasbcs.com\\\/wp-content\\\/uploads\\\/2026\\\/03\\\/caso-saul-avances-en-las-detenciones-d1957e4f-focus-0-0-825-464.webp\",\"width\":825,\"height\":464},{\"@type\":\"BreadcrumbList\",\"@id\":\"https:\\\/\\\/buenosdiasbcs.com\\\/?p=5227#breadcrumb\",\"itemListElement\":[{\"@type\":\"ListItem\",\"position\":1,\"name\":\"Portada\",\"item\":\"https:\\\/\\\/buenosdiasbcs.com\\\/\"},{\"@type\":\"ListItem\",\"position\":2,\"name\":\"Arrestan a cuatro hombres por el homicidio de Sa\u00fal Castro en El Pescadero\"}]},{\"@type\":\"WebSite\",\"@id\":\"https:\\\/\\\/buenosdiasbcs.com\\\/#website\",\"url\":\"https:\\\/\\\/buenosdiasbcs.com\\\/\",\"name\":\"Buenos D\u00edas BCS\",\"description\":\"\",\"publisher\":{\"@id\":\"https:\\\/\\\/buenosdiasbcs.com\\\/#organization\"},\"potentialAction\":[{\"@type\":\"SearchAction\",\"target\":{\"@type\":\"EntryPoint\",\"urlTemplate\":\"https:\\\/\\\/buenosdiasbcs.com\\\/?s={search_term_string}\"},\"query-input\":{\"@type\":\"PropertyValueSpecification\",\"valueRequired\":true,\"valueName\":\"search_term_string\"}}],\"inLanguage\":\"es\"},{\"@type\":\"Organization\",\"@id\":\"https:\\\/\\\/buenosdiasbcs.com\\\/#organization\",\"name\":\"Buenos D\u00edas BCS\",\"url\":\"https:\\\/\\\/buenosdiasbcs.com\\\/\",\"logo\":{\"@type\":\"ImageObject\",\"inLanguage\":\"es\",\"@id\":\"https:\\\/\\\/buenosdiasbcs.com\\\/#\\\/schema\\\/logo\\\/image\\\/\",\"url\":\"https:\\\/\\\/buenosdiasbcs.com\\\/wp-content\\\/uploads\\\/2026\\\/01\\\/logo-buenos-dias-40-01.png\",\"contentUrl\":\"https:\\\/\\\/buenosdiasbcs.com\\\/wp-content\\\/uploads\\\/2026\\\/01\\\/logo-buenos-dias-40-01.png\",\"width\":277,\"height\":40,\"caption\":\"Buenos D\u00edas BCS\"},\"image\":{\"@id\":\"https:\\\/\\\/buenosdiasbcs.com\\\/#\\\/schema\\\/logo\\\/image\\\/\"}},{\"@type\":\"Person\",\"@id\":\"https:\\\/\\\/buenosdiasbcs.com\\\/#\\\/schema\\\/person\\\/15aedc247eab7070ee5d76d6d069a821\",\"name\":\"Edici\u00f3n Buenos D\u00edas\",\"image\":{\"@type\":\"ImageObject\",\"inLanguage\":\"es\",\"@id\":\"https:\\\/\\\/buenosdiasbcs.com\\\/wp-content\\\/uploads\\\/2026\\\/01\\\/cropped-sol-96x96.png\",\"url\":\"https:\\\/\\\/buenosdiasbcs.com\\\/wp-content\\\/uploads\\\/2026\\\/01\\\/cropped-sol-96x96.png\",\"contentUrl\":\"https:\\\/\\\/buenosdiasbcs.com\\\/wp-content\\\/uploads\\\/2026\\\/01\\\/cropped-sol-96x96.png\",\"caption\":\"Edici\u00f3n Buenos D\u00edas\"},\"url\":\"https:\\\/\\\/buenosdiasbcs.com\\\/?author=2\"}]}<\/script>\n<!-- \/ Yoast SEO Premium plugin. -->","yoast_head_json":{"title":"Arrestan a cuatro hombres por el homicidio de Sa\u00fal Castro en El Pescadero - Buenos D&iacute;as BCS","robots":{"index":"index","follow":"follow","max-snippet":"max-snippet:-1","max-image-preview":"max-image-preview:large","max-video-preview":"max-video-preview:-1"},"canonical":"https:\/\/buenosdiasbcs.com\/?p=5227","og_locale":"es_ES","og_type":"article","og_title":"Arrestan a cuatro hombres por el homicidio de Sa\u00fal Castro en El Pescadero","og_description":"Sa\u00fal Castro fue agredido por un grupo de hombres con un objeto contundente la noche de Navidad en la comunidad...","og_url":"https:\/\/buenosdiasbcs.com\/?p=5227","og_site_name":"Buenos D&iacute;as BCS","article_published_time":"2026-03-16T07:36:00+00:00","og_image":[{"width":825,"height":464,"url":"https:\/\/buenosdiasbcs.com\/wp-content\/uploads\/2026\/03\/caso-saul-avances-en-las-detenciones-d1957e4f-focus-0-0-825-464.webp","type":"image\/webp"}],"author":"Edici\u00f3n Buenos D\u00edas","twitter_card":"summary_large_image","twitter_misc":{"Escrito por":"Edici\u00f3n Buenos D\u00edas","Tiempo de lectura":"3 minutos"},"schema":{"@context":"https:\/\/schema.org","@graph":[{"@type":"Article","@id":"https:\/\/buenosdiasbcs.com\/?p=5227#article","isPartOf":{"@id":"https:\/\/buenosdiasbcs.com\/?p=5227"},"author":{"name":"Edici\u00f3n Buenos D\u00edas","@id":"https:\/\/buenosdiasbcs.com\/#\/schema\/person\/15aedc247eab7070ee5d76d6d069a821"},"headline":"Arrestan a cuatro hombres por el homicidio de Sa\u00fal Castro en El Pescadero","datePublished":"2026-03-16T07:36:00+00:00","mainEntityOfPage":{"@id":"https:\/\/buenosdiasbcs.com\/?p=5227"},"wordCount":507,"commentCount":0,"publisher":{"@id":"https:\/\/buenosdiasbcs.com\/#organization"},"image":{"@id":"https:\/\/buenosdiasbcs.com\/?p=5227#primaryimage"},"thumbnailUrl":"https:\/\/buenosdiasbcs.com\/wp-content\/uploads\/2026\/03\/caso-saul-avances-en-las-detenciones-d1957e4f-focus-0-0-825-464.webp","articleSection":["Seguridad"],"inLanguage":"es","potentialAction":[{"@type":"CommentAction","name":"Comment","target":["https:\/\/buenosdiasbcs.com\/?p=5227#respond"]}]},{"@type":"WebPage","@id":"https:\/\/buenosdiasbcs.com\/?p=5227","url":"https:\/\/buenosdiasbcs.com\/?p=5227","name":"Arrestan a cuatro hombres por el homicidio de Sa\u00fal Castro en El Pescadero - Buenos D&iacute;as BCS","isPartOf":{"@id":"https:\/\/buenosdiasbcs.com\/#website"},"primaryImageOfPage":{"@id":"https:\/\/buenosdiasbcs.com\/?p=5227#primaryimage"},"image":{"@id":"https:\/\/buenosdiasbcs.com\/?p=5227#primaryimage"},"thumbnailUrl":"https:\/\/buenosdiasbcs.com\/wp-content\/uploads\/2026\/03\/caso-saul-avances-en-las-detenciones-d1957e4f-focus-0-0-825-464.webp","datePublished":"2026-03-16T07:36:00+00:00","breadcrumb":{"@id":"https:\/\/buenosdiasbcs.com\/?p=5227#breadcrumb"},"inLanguage":"es","potentialAction":[{"@type":"ReadAction","target":["https:\/\/buenosdiasbcs.com\/?p=5227"]}]},{"@type":"ImageObject","inLanguage":"es","@id":"https:\/\/buenosdiasbcs.com\/?p=5227#primaryimage","url":"https:\/\/buenosdiasbcs.com\/wp-content\/uploads\/2026\/03\/caso-saul-avances-en-las-detenciones-d1957e4f-focus-0-0-825-464.webp","contentUrl":"https:\/\/buenosdiasbcs.com\/wp-content\/uploads\/2026\/03\/caso-saul-avances-en-las-detenciones-d1957e4f-focus-0-0-825-464.webp","width":825,"height":464},{"@type":"BreadcrumbList","@id":"https:\/\/buenosdiasbcs.com\/?p=5227#breadcrumb","itemListElement":[{"@type":"ListItem","position":1,"name":"Portada","item":"https:\/\/buenosdiasbcs.com\/"},{"@type":"ListItem","position":2,"name":"Arrestan a cuatro hombres por el homicidio de Sa\u00fal Castro en El Pescadero"}]},{"@type":"WebSite","@id":"https:\/\/buenosdiasbcs.com\/#website","url":"https:\/\/buenosdiasbcs.com\/","name":"Buenos D\u00edas BCS","description":"","publisher":{"@id":"https:\/\/buenosdiasbcs.com\/#organization"},"potentialAction":[{"@type":"SearchAction","target":{"@type":"EntryPoint","urlTemplate":"https:\/\/buenosdiasbcs.com\/?s={search_term_string}"},"query-input":{"@type":"PropertyValueSpecification","valueRequired":true,"valueName":"search_term_string"}}],"inLanguage":"es"},{"@type":"Organization","@id":"https:\/\/buenosdiasbcs.com\/#organization","name":"Buenos D\u00edas BCS","url":"https:\/\/buenosdiasbcs.com\/","logo":{"@type":"ImageObject","inLanguage":"es","@id":"https:\/\/buenosdiasbcs.com\/#\/schema\/logo\/image\/","url":"https:\/\/buenosdiasbcs.com\/wp-content\/uploads\/2026\/01\/logo-buenos-dias-40-01.png","contentUrl":"https:\/\/buenosdiasbcs.com\/wp-content\/uploads\/2026\/01\/logo-buenos-dias-40-01.png","width":277,"height":40,"caption":"Buenos D\u00edas BCS"},"image":{"@id":"https:\/\/buenosdiasbcs.com\/#\/schema\/logo\/image\/"}},{"@type":"Person","@id":"https:\/\/buenosdiasbcs.com\/#\/schema\/person\/15aedc247eab7070ee5d76d6d069a821","name":"Edici\u00f3n Buenos D\u00edas","image":{"@type":"ImageObject","inLanguage":"es","@id":"https:\/\/buenosdiasbcs.com\/wp-content\/uploads\/2026\/01\/cropped-sol-96x96.png","url":"https:\/\/buenosdiasbcs.com\/wp-content\/uploads\/2026\/01\/cropped-sol-96x96.png","contentUrl":"https:\/\/buenosdiasbcs.com\/wp-content\/uploads\/2026\/01\/cropped-sol-96x96.png","caption":"Edici\u00f3n Buenos D\u00edas"},"url":"https:\/\/buenosdiasbcs.com\/?author=2"}]}},"amp_enabled":true,"_links":{"self":[{"href":"https:\/\/buenosdiasbcs.com\/index.php?rest_route=\/wp\/v2\/posts\/5227","targetHints":{"allow":["GET"]}}],"collection":[{"href":"https:\/\/buenosdiasbcs.com\/index.php?rest_route=\/wp\/v2\/posts"}],"about":[{"href":"https:\/\/buenosdiasbcs.com\/index.php?rest_route=\/wp\/v2\/types\/post"}],"author":[{"embeddable":true,"href":"https:\/\/buenosdiasbcs.com\/index.php?rest_route=\/wp\/v2\/users\/2"}],"replies":[{"embeddable":true,"href":"https:\/\/buenosdiasbcs.com\/index.php?rest_route=%2Fwp%2Fv2%2Fcomments&post=5227"}],"version-history":[{"count":1,"href":"https:\/\/buenosdiasbcs.com\/index.php?rest_route=\/wp\/v2\/posts\/5227\/revisions"}],"predecessor-version":[{"id":5229,"href":"https:\/\/buenosdiasbcs.com\/index.php?rest_route=\/wp\/v2\/posts\/5227\/revisions\/5229"}],"wp:featuredmedia":[{"embeddable":true,"href":"https:\/\/buenosdiasbcs.com\/index.php?rest_route=\/wp\/v2\/media\/5228"}],"wp:attachment":[{"href":"https:\/\/buenosdiasbcs.com\/index.php?rest_route=%2Fwp%2Fv2%2Fmedia&parent=5227"}],"wp:term":[{"taxonomy":"category","embeddable":true,"href":"https:\/\/buenosdiasbcs.com\/index.php?rest_route=%2Fwp%2Fv2%2Fcategories&post=5227"},{"taxonomy":"post_tag","embeddable":true,"href":"https:\/\/buenosdiasbcs.com\/index.php?rest_route=%2Fwp%2Fv2%2Ftags&post=5227"}],"curies":[{"name":"wp","href":"https:\/\/api.w.org\/{rel}","templated":true}]}}