{"id":5224,"date":"2026-03-16T00:32:00","date_gmt":"2026-03-16T07:32:00","guid":{"rendered":"https:\/\/buenosdiasbcs.com\/?p=5224"},"modified":"2026-03-14T23:34:59","modified_gmt":"2026-03-15T06:34:59","slug":"localizan-a-hombre-sin-vida-dentro-de-vehiculo-tras-salida-de-camino-en-la-paz","status":"publish","type":"post","link":"https:\/\/buenosdiasbcs.com\/?p=5224","title":{"rendered":"Localizan a hombre sin vida dentro de veh\u00edculo tras salida de camino en La Paz"},"content":{"rendered":"\n<h2 class=\"wp-block-heading\" id=\"h-un-hombre-de-43-anos-fue-localizado-sin-vida-al-interior-de-un-vehiculo-la-madrugada-de-este-viernes-en-la-colonia-bellas-california-autoridades-indicaron-que-no-se-encontraron-signos-de-violencia\">Un hombre de 43 a\u00f1os fue localizado sin vida al interior de un veh\u00edculo la madrugada de este viernes en la colonia Bellas California; autoridades indicaron que no se encontraron signos de violencia.<\/h2>\n\n\n\n<p>Un hombre fue localizado sin vida al interior de un veh\u00edculo que se encontraba&nbsp;<strong>fuera de la cinta asf\u00e1ltica&nbsp;<\/strong>la madrugada de este viernes 13 de marzo, en calles de la ciudad de La Paz.<\/p>\n\n\n\n<p>De acuerdo con reportes oficiales, el hallazgo ocurri\u00f3 alrededor de las 05:06 horas, cuando elementos de la Polic\u00eda Municipal que realizaban recorridos de vigilancia recibieron un aviso del Centro de Control, Comando, Comunicaci\u00f3n y C\u00f3mputo (C4) sobre un veh\u00edculo&nbsp;<strong>salido del camino en la colonia Bellas California.<\/strong><\/p>\n\n\n\n<p>Al llegar al sitio, los agentes encontraron una camioneta tipo panel de color blanco en el cruce de las&nbsp;<strong>calles Prosperidad y Tuna.<\/strong><\/p>\n\n\n\n<h2 class=\"wp-block-heading\" id=\"h-hombre-fue-encontrado-dentro-de-camioneta-en-colonia-bellas-california\">Hombre fue encontrado dentro de camioneta en colonia Bellas California<\/h2>\n\n\n\n<p>Tras detectar la situaci\u00f3n,<strong>&nbsp;los polic\u00edas solicitaron<\/strong>&nbsp;el apoyo de servicios de emergencia para verificar el estado de la persona.<\/p>\n\n\n\n<p>Minutos despu\u00e9s arribaron param\u00e9dicos del Sistema de Atenci\u00f3n M\u00e9dica de Urgencias (SAMU), quienes realizaron la valoraci\u00f3n correspondiente; sin embargo, confirmaron que el hombre&nbsp;<strong>ya no contaba con signos vitales.<\/strong><\/p>\n\n\n\n<p>La persona fue identificada como&nbsp;<strong>Jos\u00e9, de 43 a\u00f1os de edad<\/strong>, quien de acuerdo con los primeros reportes se dedicaba al comercio.<\/p>\n\n\n\n<h2 class=\"wp-block-heading\" id=\"h-pgje-senala-que-no-hay-indicios-de-violencia-en-el-cuerpo\">PGJE se\u00f1ala que no hay indicios de violencia en el cuerpo<\/h2>\n\n\n\n<p>Posteriormente, autoridades de investigaci\u00f3n acudieron al lugar para&nbsp;<strong>iniciar las diligencias correspondientes.<\/strong><\/p>\n\n\n\n<p>En un comunicado, la Procuradur\u00eda General de Justicia del Estado (PGJE) inform\u00f3 que el cuerpo&nbsp;<strong>no pre<\/strong><strong>sentaba huellas de violencia ni en el lugar ni en el cuer<\/strong><strong>po<\/strong>, por lo que se considera que la causa del fallecimiento es de origen patol\u00f3gico.<\/p>\n\n\n\n<h2 class=\"wp-block-heading\" id=\"h-peritos-realizan-necropsia-para-determinar-la-causa-de-muerte\">Peritos realizan necropsia para determinar la causa de muerte<\/h2>\n\n\n\n<p>Peritos de la Direcci\u00f3n de Servicios Periciales realizaron el procesamiento del \u00e1rea y el levantamiento del cuerpo para su traslado al&nbsp;<strong>Servicio M\u00e9dico Forense (SEMEFO).<\/strong><\/p>\n\n\n\n<p>En ese lugar se practicar\u00e1 la necropsia de ley, la cual permitir\u00e1&nbsp;<strong>establecer con precisi\u00f3n las causas del fallecimiento.<\/strong><\/p>\n\n\n\n<p>La dependencia estatal se\u00f1al\u00f3 que continuar\u00e1 con las investigaciones correspondientes para esclarecer el caso y&nbsp;<strong>confirmar las circunstancias en las que ocurri\u00f3 la muerte.<\/strong><\/p>\n\n\n\n<p><\/p>\n","protected":false},"excerpt":{"rendered":"<p>Un hombre de 43 a\u00f1os fue localizado sin vida al interior de un veh\u00edculo la madrugada de este viernes en&#8230;<\/p>\n","protected":false},"author":2,"featured_media":5225,"comment_status":"open","ping_status":"open","sticky":false,"template":"","format":"standard","meta":{"footnotes":""},"categories":[237],"tags":[],"class_list":["post-5224","post","type-post","status-publish","format-standard","has-post-thumbnail","hentry","category-seguridad"],"yoast_head":"<!-- This site is optimized with the Yoast SEO Premium plugin v26.8 (Yoast SEO v27.5) - https:\/\/yoast.com\/product\/yoast-seo-premium-wordpress\/ -->\n<title>Localizan a hombre sin vida dentro de veh\u00edculo tras salida de camino en La Paz - Buenos D&iacute;as BCS<\/title>\n<meta name=\"robots\" content=\"index, follow, max-snippet:-1, max-image-preview:large, max-video-preview:-1\" \/>\n<link rel=\"canonical\" href=\"https:\/\/buenosdiasbcs.com\/?p=5224\" \/>\n<meta property=\"og:locale\" content=\"es_ES\" \/>\n<meta property=\"og:type\" content=\"article\" \/>\n<meta property=\"og:title\" content=\"Localizan a hombre sin vida dentro de veh\u00edculo tras salida de camino en La Paz\" \/>\n<meta property=\"og:description\" content=\"Un hombre de 43 a\u00f1os fue localizado sin vida al interior de un veh\u00edculo la madrugada de este viernes en...\" \/>\n<meta property=\"og:url\" content=\"https:\/\/buenosdiasbcs.com\/?p=5224\" \/>\n<meta property=\"og:site_name\" content=\"Buenos D&iacute;as BCS\" \/>\n<meta property=\"article:published_time\" content=\"2026-03-16T07:32:00+00:00\" \/>\n<meta property=\"og:image\" content=\"https:\/\/buenosdiasbcs.com\/wp-content\/uploads\/2026\/03\/hombre-sin-vida-en-la-paz-fue-muerte-antural-3d35ff76-focus-0-0-1479-828.webp\" \/>\n\t<meta property=\"og:image:width\" content=\"1280\" \/>\n\t<meta property=\"og:image:height\" content=\"720\" \/>\n\t<meta property=\"og:image:type\" content=\"image\/webp\" \/>\n<meta name=\"author\" content=\"Edici\u00f3n Buenos D\u00edas\" \/>\n<meta name=\"twitter:card\" content=\"summary_large_image\" \/>\n<meta name=\"twitter:label1\" content=\"Escrito por\" \/>\n\t<meta name=\"twitter:data1\" content=\"Edici\u00f3n Buenos D\u00edas\" \/>\n\t<meta name=\"twitter:label2\" content=\"Tiempo de lectura\" \/>\n\t<meta name=\"twitter:data2\" content=\"2 minutos\" \/>\n<script type=\"application\/ld+json\" class=\"yoast-schema-graph\">{\"@context\":\"https:\\\/\\\/schema.org\",\"@graph\":[{\"@type\":\"Article\",\"@id\":\"https:\\\/\\\/buenosdiasbcs.com\\\/?p=5224#article\",\"isPartOf\":{\"@id\":\"https:\\\/\\\/buenosdiasbcs.com\\\/?p=5224\"},\"author\":{\"name\":\"Edici\u00f3n Buenos D\u00edas\",\"@id\":\"https:\\\/\\\/buenosdiasbcs.com\\\/#\\\/schema\\\/person\\\/15aedc247eab7070ee5d76d6d069a821\"},\"headline\":\"Localizan a hombre sin vida dentro de veh\u00edculo tras salida de camino en La Paz\",\"datePublished\":\"2026-03-16T07:32:00+00:00\",\"mainEntityOfPage\":{\"@id\":\"https:\\\/\\\/buenosdiasbcs.com\\\/?p=5224\"},\"wordCount\":412,\"commentCount\":0,\"publisher\":{\"@id\":\"https:\\\/\\\/buenosdiasbcs.com\\\/#organization\"},\"image\":{\"@id\":\"https:\\\/\\\/buenosdiasbcs.com\\\/?p=5224#primaryimage\"},\"thumbnailUrl\":\"https:\\\/\\\/buenosdiasbcs.com\\\/wp-content\\\/uploads\\\/2026\\\/03\\\/hombre-sin-vida-en-la-paz-fue-muerte-antural-3d35ff76-focus-0-0-1479-828.webp\",\"articleSection\":[\"Seguridad\"],\"inLanguage\":\"es\",\"potentialAction\":[{\"@type\":\"CommentAction\",\"name\":\"Comment\",\"target\":[\"https:\\\/\\\/buenosdiasbcs.com\\\/?p=5224#respond\"]}]},{\"@type\":\"WebPage\",\"@id\":\"https:\\\/\\\/buenosdiasbcs.com\\\/?p=5224\",\"url\":\"https:\\\/\\\/buenosdiasbcs.com\\\/?p=5224\",\"name\":\"Localizan a hombre sin vida dentro de veh\u00edculo tras salida de camino en La Paz - Buenos D&iacute;as BCS\",\"isPartOf\":{\"@id\":\"https:\\\/\\\/buenosdiasbcs.com\\\/#website\"},\"primaryImageOfPage\":{\"@id\":\"https:\\\/\\\/buenosdiasbcs.com\\\/?p=5224#primaryimage\"},\"image\":{\"@id\":\"https:\\\/\\\/buenosdiasbcs.com\\\/?p=5224#primaryimage\"},\"thumbnailUrl\":\"https:\\\/\\\/buenosdiasbcs.com\\\/wp-content\\\/uploads\\\/2026\\\/03\\\/hombre-sin-vida-en-la-paz-fue-muerte-antural-3d35ff76-focus-0-0-1479-828.webp\",\"datePublished\":\"2026-03-16T07:32:00+00:00\",\"breadcrumb\":{\"@id\":\"https:\\\/\\\/buenosdiasbcs.com\\\/?p=5224#breadcrumb\"},\"inLanguage\":\"es\",\"potentialAction\":[{\"@type\":\"ReadAction\",\"target\":[\"https:\\\/\\\/buenosdiasbcs.com\\\/?p=5224\"]}]},{\"@type\":\"ImageObject\",\"inLanguage\":\"es\",\"@id\":\"https:\\\/\\\/buenosdiasbcs.com\\\/?p=5224#primaryimage\",\"url\":\"https:\\\/\\\/buenosdiasbcs.com\\\/wp-content\\\/uploads\\\/2026\\\/03\\\/hombre-sin-vida-en-la-paz-fue-muerte-antural-3d35ff76-focus-0-0-1479-828.webp\",\"contentUrl\":\"https:\\\/\\\/buenosdiasbcs.com\\\/wp-content\\\/uploads\\\/2026\\\/03\\\/hombre-sin-vida-en-la-paz-fue-muerte-antural-3d35ff76-focus-0-0-1479-828.webp\",\"width\":1280,\"height\":720},{\"@type\":\"BreadcrumbList\",\"@id\":\"https:\\\/\\\/buenosdiasbcs.com\\\/?p=5224#breadcrumb\",\"itemListElement\":[{\"@type\":\"ListItem\",\"position\":1,\"name\":\"Portada\",\"item\":\"https:\\\/\\\/buenosdiasbcs.com\\\/\"},{\"@type\":\"ListItem\",\"position\":2,\"name\":\"Localizan a hombre sin vida dentro de veh\u00edculo tras salida de camino en La Paz\"}]},{\"@type\":\"WebSite\",\"@id\":\"https:\\\/\\\/buenosdiasbcs.com\\\/#website\",\"url\":\"https:\\\/\\\/buenosdiasbcs.com\\\/\",\"name\":\"Buenos D\u00edas BCS\",\"description\":\"\",\"publisher\":{\"@id\":\"https:\\\/\\\/buenosdiasbcs.com\\\/#organization\"},\"potentialAction\":[{\"@type\":\"SearchAction\",\"target\":{\"@type\":\"EntryPoint\",\"urlTemplate\":\"https:\\\/\\\/buenosdiasbcs.com\\\/?s={search_term_string}\"},\"query-input\":{\"@type\":\"PropertyValueSpecification\",\"valueRequired\":true,\"valueName\":\"search_term_string\"}}],\"inLanguage\":\"es\"},{\"@type\":\"Organization\",\"@id\":\"https:\\\/\\\/buenosdiasbcs.com\\\/#organization\",\"name\":\"Buenos D\u00edas BCS\",\"url\":\"https:\\\/\\\/buenosdiasbcs.com\\\/\",\"logo\":{\"@type\":\"ImageObject\",\"inLanguage\":\"es\",\"@id\":\"https:\\\/\\\/buenosdiasbcs.com\\\/#\\\/schema\\\/logo\\\/image\\\/\",\"url\":\"https:\\\/\\\/buenosdiasbcs.com\\\/wp-content\\\/uploads\\\/2026\\\/01\\\/logo-buenos-dias-40-01.png\",\"contentUrl\":\"https:\\\/\\\/buenosdiasbcs.com\\\/wp-content\\\/uploads\\\/2026\\\/01\\\/logo-buenos-dias-40-01.png\",\"width\":277,\"height\":40,\"caption\":\"Buenos D\u00edas BCS\"},\"image\":{\"@id\":\"https:\\\/\\\/buenosdiasbcs.com\\\/#\\\/schema\\\/logo\\\/image\\\/\"}},{\"@type\":\"Person\",\"@id\":\"https:\\\/\\\/buenosdiasbcs.com\\\/#\\\/schema\\\/person\\\/15aedc247eab7070ee5d76d6d069a821\",\"name\":\"Edici\u00f3n Buenos D\u00edas\",\"image\":{\"@type\":\"ImageObject\",\"inLanguage\":\"es\",\"@id\":\"https:\\\/\\\/buenosdiasbcs.com\\\/wp-content\\\/uploads\\\/2026\\\/01\\\/cropped-sol-96x96.png\",\"url\":\"https:\\\/\\\/buenosdiasbcs.com\\\/wp-content\\\/uploads\\\/2026\\\/01\\\/cropped-sol-96x96.png\",\"contentUrl\":\"https:\\\/\\\/buenosdiasbcs.com\\\/wp-content\\\/uploads\\\/2026\\\/01\\\/cropped-sol-96x96.png\",\"caption\":\"Edici\u00f3n Buenos D\u00edas\"},\"url\":\"https:\\\/\\\/buenosdiasbcs.com\\\/?author=2\"}]}<\/script>\n<!-- \/ Yoast SEO Premium plugin. -->","yoast_head_json":{"title":"Localizan a hombre sin vida dentro de veh\u00edculo tras salida de camino en La Paz - Buenos D&iacute;as BCS","robots":{"index":"index","follow":"follow","max-snippet":"max-snippet:-1","max-image-preview":"max-image-preview:large","max-video-preview":"max-video-preview:-1"},"canonical":"https:\/\/buenosdiasbcs.com\/?p=5224","og_locale":"es_ES","og_type":"article","og_title":"Localizan a hombre sin vida dentro de veh\u00edculo tras salida de camino en La Paz","og_description":"Un hombre de 43 a\u00f1os fue localizado sin vida al interior de un veh\u00edculo la madrugada de este viernes en...","og_url":"https:\/\/buenosdiasbcs.com\/?p=5224","og_site_name":"Buenos D&iacute;as BCS","article_published_time":"2026-03-16T07:32:00+00:00","og_image":[{"width":1280,"height":720,"url":"https:\/\/buenosdiasbcs.com\/wp-content\/uploads\/2026\/03\/hombre-sin-vida-en-la-paz-fue-muerte-antural-3d35ff76-focus-0-0-1479-828.webp","type":"image\/webp"}],"author":"Edici\u00f3n Buenos D\u00edas","twitter_card":"summary_large_image","twitter_misc":{"Escrito por":"Edici\u00f3n Buenos D\u00edas","Tiempo de lectura":"2 minutos"},"schema":{"@context":"https:\/\/schema.org","@graph":[{"@type":"Article","@id":"https:\/\/buenosdiasbcs.com\/?p=5224#article","isPartOf":{"@id":"https:\/\/buenosdiasbcs.com\/?p=5224"},"author":{"name":"Edici\u00f3n Buenos D\u00edas","@id":"https:\/\/buenosdiasbcs.com\/#\/schema\/person\/15aedc247eab7070ee5d76d6d069a821"},"headline":"Localizan a hombre sin vida dentro de veh\u00edculo tras salida de camino en La Paz","datePublished":"2026-03-16T07:32:00+00:00","mainEntityOfPage":{"@id":"https:\/\/buenosdiasbcs.com\/?p=5224"},"wordCount":412,"commentCount":0,"publisher":{"@id":"https:\/\/buenosdiasbcs.com\/#organization"},"image":{"@id":"https:\/\/buenosdiasbcs.com\/?p=5224#primaryimage"},"thumbnailUrl":"https:\/\/buenosdiasbcs.com\/wp-content\/uploads\/2026\/03\/hombre-sin-vida-en-la-paz-fue-muerte-antural-3d35ff76-focus-0-0-1479-828.webp","articleSection":["Seguridad"],"inLanguage":"es","potentialAction":[{"@type":"CommentAction","name":"Comment","target":["https:\/\/buenosdiasbcs.com\/?p=5224#respond"]}]},{"@type":"WebPage","@id":"https:\/\/buenosdiasbcs.com\/?p=5224","url":"https:\/\/buenosdiasbcs.com\/?p=5224","name":"Localizan a hombre sin vida dentro de veh\u00edculo tras salida de camino en La Paz - Buenos D&iacute;as BCS","isPartOf":{"@id":"https:\/\/buenosdiasbcs.com\/#website"},"primaryImageOfPage":{"@id":"https:\/\/buenosdiasbcs.com\/?p=5224#primaryimage"},"image":{"@id":"https:\/\/buenosdiasbcs.com\/?p=5224#primaryimage"},"thumbnailUrl":"https:\/\/buenosdiasbcs.com\/wp-content\/uploads\/2026\/03\/hombre-sin-vida-en-la-paz-fue-muerte-antural-3d35ff76-focus-0-0-1479-828.webp","datePublished":"2026-03-16T07:32:00+00:00","breadcrumb":{"@id":"https:\/\/buenosdiasbcs.com\/?p=5224#breadcrumb"},"inLanguage":"es","potentialAction":[{"@type":"ReadAction","target":["https:\/\/buenosdiasbcs.com\/?p=5224"]}]},{"@type":"ImageObject","inLanguage":"es","@id":"https:\/\/buenosdiasbcs.com\/?p=5224#primaryimage","url":"https:\/\/buenosdiasbcs.com\/wp-content\/uploads\/2026\/03\/hombre-sin-vida-en-la-paz-fue-muerte-antural-3d35ff76-focus-0-0-1479-828.webp","contentUrl":"https:\/\/buenosdiasbcs.com\/wp-content\/uploads\/2026\/03\/hombre-sin-vida-en-la-paz-fue-muerte-antural-3d35ff76-focus-0-0-1479-828.webp","width":1280,"height":720},{"@type":"BreadcrumbList","@id":"https:\/\/buenosdiasbcs.com\/?p=5224#breadcrumb","itemListElement":[{"@type":"ListItem","position":1,"name":"Portada","item":"https:\/\/buenosdiasbcs.com\/"},{"@type":"ListItem","position":2,"name":"Localizan a hombre sin vida dentro de veh\u00edculo tras salida de camino en La Paz"}]},{"@type":"WebSite","@id":"https:\/\/buenosdiasbcs.com\/#website","url":"https:\/\/buenosdiasbcs.com\/","name":"Buenos D\u00edas BCS","description":"","publisher":{"@id":"https:\/\/buenosdiasbcs.com\/#organization"},"potentialAction":[{"@type":"SearchAction","target":{"@type":"EntryPoint","urlTemplate":"https:\/\/buenosdiasbcs.com\/?s={search_term_string}"},"query-input":{"@type":"PropertyValueSpecification","valueRequired":true,"valueName":"search_term_string"}}],"inLanguage":"es"},{"@type":"Organization","@id":"https:\/\/buenosdiasbcs.com\/#organization","name":"Buenos D\u00edas BCS","url":"https:\/\/buenosdiasbcs.com\/","logo":{"@type":"ImageObject","inLanguage":"es","@id":"https:\/\/buenosdiasbcs.com\/#\/schema\/logo\/image\/","url":"https:\/\/buenosdiasbcs.com\/wp-content\/uploads\/2026\/01\/logo-buenos-dias-40-01.png","contentUrl":"https:\/\/buenosdiasbcs.com\/wp-content\/uploads\/2026\/01\/logo-buenos-dias-40-01.png","width":277,"height":40,"caption":"Buenos D\u00edas BCS"},"image":{"@id":"https:\/\/buenosdiasbcs.com\/#\/schema\/logo\/image\/"}},{"@type":"Person","@id":"https:\/\/buenosdiasbcs.com\/#\/schema\/person\/15aedc247eab7070ee5d76d6d069a821","name":"Edici\u00f3n Buenos D\u00edas","image":{"@type":"ImageObject","inLanguage":"es","@id":"https:\/\/buenosdiasbcs.com\/wp-content\/uploads\/2026\/01\/cropped-sol-96x96.png","url":"https:\/\/buenosdiasbcs.com\/wp-content\/uploads\/2026\/01\/cropped-sol-96x96.png","contentUrl":"https:\/\/buenosdiasbcs.com\/wp-content\/uploads\/2026\/01\/cropped-sol-96x96.png","caption":"Edici\u00f3n Buenos D\u00edas"},"url":"https:\/\/buenosdiasbcs.com\/?author=2"}]}},"amp_enabled":true,"_links":{"self":[{"href":"https:\/\/buenosdiasbcs.com\/index.php?rest_route=\/wp\/v2\/posts\/5224","targetHints":{"allow":["GET"]}}],"collection":[{"href":"https:\/\/buenosdiasbcs.com\/index.php?rest_route=\/wp\/v2\/posts"}],"about":[{"href":"https:\/\/buenosdiasbcs.com\/index.php?rest_route=\/wp\/v2\/types\/post"}],"author":[{"embeddable":true,"href":"https:\/\/buenosdiasbcs.com\/index.php?rest_route=\/wp\/v2\/users\/2"}],"replies":[{"embeddable":true,"href":"https:\/\/buenosdiasbcs.com\/index.php?rest_route=%2Fwp%2Fv2%2Fcomments&post=5224"}],"version-history":[{"count":1,"href":"https:\/\/buenosdiasbcs.com\/index.php?rest_route=\/wp\/v2\/posts\/5224\/revisions"}],"predecessor-version":[{"id":5226,"href":"https:\/\/buenosdiasbcs.com\/index.php?rest_route=\/wp\/v2\/posts\/5224\/revisions\/5226"}],"wp:featuredmedia":[{"embeddable":true,"href":"https:\/\/buenosdiasbcs.com\/index.php?rest_route=\/wp\/v2\/media\/5225"}],"wp:attachment":[{"href":"https:\/\/buenosdiasbcs.com\/index.php?rest_route=%2Fwp%2Fv2%2Fmedia&parent=5224"}],"wp:term":[{"taxonomy":"category","embeddable":true,"href":"https:\/\/buenosdiasbcs.com\/index.php?rest_route=%2Fwp%2Fv2%2Fcategories&post=5224"},{"taxonomy":"post_tag","embeddable":true,"href":"https:\/\/buenosdiasbcs.com\/index.php?rest_route=%2Fwp%2Fv2%2Ftags&post=5224"}],"curies":[{"name":"wp","href":"https:\/\/api.w.org\/{rel}","templated":true}]}}