{"id":5221,"date":"2026-03-16T00:29:00","date_gmt":"2026-03-16T07:29:00","guid":{"rendered":"https:\/\/buenosdiasbcs.com\/?p=5221"},"modified":"2026-03-14T23:31:03","modified_gmt":"2026-03-15T06:31:03","slug":"localizan-restos-oseos-en-el-arroyo-el-cajoncito-durante-jornada-de-busqueda-en-la-paz","status":"publish","type":"post","link":"https:\/\/buenosdiasbcs.com\/?p=5221","title":{"rendered":"Localizan restos \u00f3seos en el arroyo El Cajoncito durante jornada de b\u00fasqueda en La Paz"},"content":{"rendered":"\n<h2 class=\"wp-block-heading\" id=\"h-la-pgje-de-baja-california-sur-informo-que-el-hallazgo-ocurrio-en-una-inhumacion-clandestina-ubicada-en-las-inmediaciones-del-arroyo-el-cajoncito-los-restos-fueron-llevados-al-semefo-para-su-analisis-e-identificacion\">La PGJE de Baja California Sur inform\u00f3 que el hallazgo ocurri\u00f3 en una inhumaci\u00f3n clandestina ubicada en las inmediaciones del arroyo El Cajoncito; los restos fueron llevados al SEMEFO para su an\u00e1lisis e identificaci\u00f3n.<\/h2>\n\n\n\n<p>La localizaci\u00f3n de restos \u00f3seos en el<strong>&nbsp;arroyo El Cajoncito&nbsp;<\/strong>moviliz\u00f3 este jueves a autoridades y colectivos de b\u00fasqueda en el municipio de La Paz, luego de que se confirmara el hallazgo de una inhumaci\u00f3n clandestina en esa zona.<\/p>\n\n\n\n<p>De acuerdo con la&nbsp;<strong>Procuradur\u00eda General de Justicia del Estado (PGJE)<\/strong>&nbsp;de Baja California Sur, el hallazgo fue resultado de una jornada de b\u00fasqueda coordinada en la que participaron tambi\u00e9n colectivos, la Comisi\u00f3n Estatal de B\u00fasqueda de Personas, la Fiscal\u00eda Especializada en B\u00fasqueda y personal de la Secretar\u00eda de Marina, que brind\u00f3 seguridad perimetral.<\/p>\n\n\n\n<h2 class=\"wp-block-heading\" id=\"h-confirman-hallazgo-de-una-osamenta-en-el-arroyo-el-cajoncito\">Confirman hallazgo de una osamenta en el arroyo El Cajoncito<\/h2>\n\n\n\n<p>La&nbsp;<strong>PGJE<\/strong>&nbsp;inform\u00f3 que el hallazgo se dio en las inmediaciones del arroyo El Cajoncito.<\/p>\n\n\n\n<p>Luego del procesamiento pericial, se confirm\u00f3 que se trataba de restos \u00f3seos localizados en una inhumaci\u00f3n clandestina. Hasta el momento,&nbsp;<strong>la autoridad no ha informado sobre la identidad de la persona&nbsp;<\/strong>ni sobre cu\u00e1nto tiempo ten\u00edan los restos en el lugar.<\/p>\n\n\n\n<h2 class=\"wp-block-heading\" id=\"h-colectivo-de-busqueda-x-la-paz-cuestiona-version-de-la-autoridad\">Colectivo de b\u00fasqueda x La Paz cuestiona versi\u00f3n de la autoridad<\/h2>\n\n\n\n<p>Tras difundirse la informaci\u00f3n oficial, la p\u00e1gina del colectivo&nbsp;<strong>B\u00fasqueda x La Paz<\/strong>respondi\u00f3 p\u00fablicamente a la PGJE, se\u00f1alando que el grupo&nbsp;<strong>no particip\u00f3 en las acciones realizadas en esa zona.<\/strong><\/p>\n\n\n\n<p>En su mensaje, el colectivo expres\u00f3:&nbsp;<em>\u201cNo mientan por convivir. Aqu\u00ed en La Paz solo hay un colectivo y nosotros no estuvimos presentes. Si asistieron con familias, qu\u00e9 bueno, pero no mencionen al colectivo\u201d.<\/em><\/p>\n\n\n\n<p>Tambi\u00e9n criticaron que se les vincule con las labores anunciadas por la autoridad, se\u00f1alando que esto ocurre despu\u00e9s&nbsp;<a href=\"https:\/\/www.posta.com.mx\/bcs\/familias-de-desaparecidos-critican-al-procurador-de-bcs-por-llamar-apariciones-a-restos-en-fosas-hallados-en-fosas\/vl2176331\">de&nbsp;<strong>declaraciones recientes del procurador.<\/strong><\/a><\/p>\n\n\n\n<p><em>\u201cBasta Procuradur\u00eda de estarse agarrando de nosotros y de nuestro dolor\u201d,<\/em>a\u00f1adieron.<\/p>\n","protected":false},"excerpt":{"rendered":"<p>La PGJE de Baja California Sur inform\u00f3 que el hallazgo ocurri\u00f3 en una inhumaci\u00f3n clandestina ubicada en las inmediaciones del&#8230;<\/p>\n","protected":false},"author":2,"featured_media":5222,"comment_status":"open","ping_status":"open","sticky":false,"template":"","format":"standard","meta":{"footnotes":""},"categories":[237],"tags":[],"class_list":["post-5221","post","type-post","status-publish","format-standard","has-post-thumbnail","hentry","category-seguridad"],"yoast_head":"<!-- This site is optimized with the Yoast SEO Premium plugin v26.8 (Yoast SEO v27.5) - https:\/\/yoast.com\/product\/yoast-seo-premium-wordpress\/ -->\n<title>Localizan restos \u00f3seos en el arroyo El Cajoncito durante jornada de b\u00fasqueda en La Paz - Buenos D&iacute;as BCS<\/title>\n<meta name=\"robots\" content=\"index, follow, max-snippet:-1, max-image-preview:large, max-video-preview:-1\" \/>\n<link rel=\"canonical\" href=\"https:\/\/buenosdiasbcs.com\/?p=5221\" \/>\n<meta property=\"og:locale\" content=\"es_ES\" \/>\n<meta property=\"og:type\" content=\"article\" \/>\n<meta property=\"og:title\" content=\"Localizan restos \u00f3seos en el arroyo El Cajoncito durante jornada de b\u00fasqueda en La Paz\" \/>\n<meta property=\"og:description\" content=\"La PGJE de Baja California Sur inform\u00f3 que el hallazgo ocurri\u00f3 en una inhumaci\u00f3n clandestina ubicada en las inmediaciones del...\" \/>\n<meta property=\"og:url\" content=\"https:\/\/buenosdiasbcs.com\/?p=5221\" \/>\n<meta property=\"og:site_name\" content=\"Buenos D&iacute;as BCS\" \/>\n<meta property=\"article:published_time\" content=\"2026-03-16T07:29:00+00:00\" \/>\n<meta property=\"og:image\" content=\"https:\/\/buenosdiasbcs.com\/wp-content\/uploads\/2026\/03\/encuentran-osamenta-en-el-cajoncito-55307dde-focus-0-0-1479-828.webp\" \/>\n\t<meta property=\"og:image:width\" content=\"1280\" \/>\n\t<meta property=\"og:image:height\" content=\"720\" \/>\n\t<meta property=\"og:image:type\" content=\"image\/webp\" \/>\n<meta name=\"author\" content=\"Edici\u00f3n Buenos D\u00edas\" \/>\n<meta name=\"twitter:card\" content=\"summary_large_image\" \/>\n<meta name=\"twitter:label1\" content=\"Escrito por\" \/>\n\t<meta name=\"twitter:data1\" content=\"Edici\u00f3n Buenos D\u00edas\" \/>\n\t<meta name=\"twitter:label2\" content=\"Tiempo de lectura\" \/>\n\t<meta name=\"twitter:data2\" content=\"2 minutos\" \/>\n<script type=\"application\/ld+json\" class=\"yoast-schema-graph\">{\"@context\":\"https:\\\/\\\/schema.org\",\"@graph\":[{\"@type\":\"Article\",\"@id\":\"https:\\\/\\\/buenosdiasbcs.com\\\/?p=5221#article\",\"isPartOf\":{\"@id\":\"https:\\\/\\\/buenosdiasbcs.com\\\/?p=5221\"},\"author\":{\"name\":\"Edici\u00f3n Buenos D\u00edas\",\"@id\":\"https:\\\/\\\/buenosdiasbcs.com\\\/#\\\/schema\\\/person\\\/15aedc247eab7070ee5d76d6d069a821\"},\"headline\":\"Localizan restos \u00f3seos en el arroyo El Cajoncito durante jornada de b\u00fasqueda en La Paz\",\"datePublished\":\"2026-03-16T07:29:00+00:00\",\"mainEntityOfPage\":{\"@id\":\"https:\\\/\\\/buenosdiasbcs.com\\\/?p=5221\"},\"wordCount\":361,\"commentCount\":0,\"publisher\":{\"@id\":\"https:\\\/\\\/buenosdiasbcs.com\\\/#organization\"},\"image\":{\"@id\":\"https:\\\/\\\/buenosdiasbcs.com\\\/?p=5221#primaryimage\"},\"thumbnailUrl\":\"https:\\\/\\\/buenosdiasbcs.com\\\/wp-content\\\/uploads\\\/2026\\\/03\\\/encuentran-osamenta-en-el-cajoncito-55307dde-focus-0-0-1479-828.webp\",\"articleSection\":[\"Seguridad\"],\"inLanguage\":\"es\",\"potentialAction\":[{\"@type\":\"CommentAction\",\"name\":\"Comment\",\"target\":[\"https:\\\/\\\/buenosdiasbcs.com\\\/?p=5221#respond\"]}]},{\"@type\":\"WebPage\",\"@id\":\"https:\\\/\\\/buenosdiasbcs.com\\\/?p=5221\",\"url\":\"https:\\\/\\\/buenosdiasbcs.com\\\/?p=5221\",\"name\":\"Localizan restos \u00f3seos en el arroyo El Cajoncito durante jornada de b\u00fasqueda en La Paz - Buenos D&iacute;as BCS\",\"isPartOf\":{\"@id\":\"https:\\\/\\\/buenosdiasbcs.com\\\/#website\"},\"primaryImageOfPage\":{\"@id\":\"https:\\\/\\\/buenosdiasbcs.com\\\/?p=5221#primaryimage\"},\"image\":{\"@id\":\"https:\\\/\\\/buenosdiasbcs.com\\\/?p=5221#primaryimage\"},\"thumbnailUrl\":\"https:\\\/\\\/buenosdiasbcs.com\\\/wp-content\\\/uploads\\\/2026\\\/03\\\/encuentran-osamenta-en-el-cajoncito-55307dde-focus-0-0-1479-828.webp\",\"datePublished\":\"2026-03-16T07:29:00+00:00\",\"breadcrumb\":{\"@id\":\"https:\\\/\\\/buenosdiasbcs.com\\\/?p=5221#breadcrumb\"},\"inLanguage\":\"es\",\"potentialAction\":[{\"@type\":\"ReadAction\",\"target\":[\"https:\\\/\\\/buenosdiasbcs.com\\\/?p=5221\"]}]},{\"@type\":\"ImageObject\",\"inLanguage\":\"es\",\"@id\":\"https:\\\/\\\/buenosdiasbcs.com\\\/?p=5221#primaryimage\",\"url\":\"https:\\\/\\\/buenosdiasbcs.com\\\/wp-content\\\/uploads\\\/2026\\\/03\\\/encuentran-osamenta-en-el-cajoncito-55307dde-focus-0-0-1479-828.webp\",\"contentUrl\":\"https:\\\/\\\/buenosdiasbcs.com\\\/wp-content\\\/uploads\\\/2026\\\/03\\\/encuentran-osamenta-en-el-cajoncito-55307dde-focus-0-0-1479-828.webp\",\"width\":1280,\"height\":720},{\"@type\":\"BreadcrumbList\",\"@id\":\"https:\\\/\\\/buenosdiasbcs.com\\\/?p=5221#breadcrumb\",\"itemListElement\":[{\"@type\":\"ListItem\",\"position\":1,\"name\":\"Portada\",\"item\":\"https:\\\/\\\/buenosdiasbcs.com\\\/\"},{\"@type\":\"ListItem\",\"position\":2,\"name\":\"Localizan restos \u00f3seos en el arroyo El Cajoncito durante jornada de b\u00fasqueda en La Paz\"}]},{\"@type\":\"WebSite\",\"@id\":\"https:\\\/\\\/buenosdiasbcs.com\\\/#website\",\"url\":\"https:\\\/\\\/buenosdiasbcs.com\\\/\",\"name\":\"Buenos D\u00edas BCS\",\"description\":\"\",\"publisher\":{\"@id\":\"https:\\\/\\\/buenosdiasbcs.com\\\/#organization\"},\"potentialAction\":[{\"@type\":\"SearchAction\",\"target\":{\"@type\":\"EntryPoint\",\"urlTemplate\":\"https:\\\/\\\/buenosdiasbcs.com\\\/?s={search_term_string}\"},\"query-input\":{\"@type\":\"PropertyValueSpecification\",\"valueRequired\":true,\"valueName\":\"search_term_string\"}}],\"inLanguage\":\"es\"},{\"@type\":\"Organization\",\"@id\":\"https:\\\/\\\/buenosdiasbcs.com\\\/#organization\",\"name\":\"Buenos D\u00edas BCS\",\"url\":\"https:\\\/\\\/buenosdiasbcs.com\\\/\",\"logo\":{\"@type\":\"ImageObject\",\"inLanguage\":\"es\",\"@id\":\"https:\\\/\\\/buenosdiasbcs.com\\\/#\\\/schema\\\/logo\\\/image\\\/\",\"url\":\"https:\\\/\\\/buenosdiasbcs.com\\\/wp-content\\\/uploads\\\/2026\\\/01\\\/logo-buenos-dias-40-01.png\",\"contentUrl\":\"https:\\\/\\\/buenosdiasbcs.com\\\/wp-content\\\/uploads\\\/2026\\\/01\\\/logo-buenos-dias-40-01.png\",\"width\":277,\"height\":40,\"caption\":\"Buenos D\u00edas BCS\"},\"image\":{\"@id\":\"https:\\\/\\\/buenosdiasbcs.com\\\/#\\\/schema\\\/logo\\\/image\\\/\"}},{\"@type\":\"Person\",\"@id\":\"https:\\\/\\\/buenosdiasbcs.com\\\/#\\\/schema\\\/person\\\/15aedc247eab7070ee5d76d6d069a821\",\"name\":\"Edici\u00f3n Buenos D\u00edas\",\"image\":{\"@type\":\"ImageObject\",\"inLanguage\":\"es\",\"@id\":\"https:\\\/\\\/buenosdiasbcs.com\\\/wp-content\\\/uploads\\\/2026\\\/01\\\/cropped-sol-96x96.png\",\"url\":\"https:\\\/\\\/buenosdiasbcs.com\\\/wp-content\\\/uploads\\\/2026\\\/01\\\/cropped-sol-96x96.png\",\"contentUrl\":\"https:\\\/\\\/buenosdiasbcs.com\\\/wp-content\\\/uploads\\\/2026\\\/01\\\/cropped-sol-96x96.png\",\"caption\":\"Edici\u00f3n Buenos D\u00edas\"},\"url\":\"https:\\\/\\\/buenosdiasbcs.com\\\/?author=2\"}]}<\/script>\n<!-- \/ Yoast SEO Premium plugin. -->","yoast_head_json":{"title":"Localizan restos \u00f3seos en el arroyo El Cajoncito durante jornada de b\u00fasqueda en La Paz - Buenos D&iacute;as BCS","robots":{"index":"index","follow":"follow","max-snippet":"max-snippet:-1","max-image-preview":"max-image-preview:large","max-video-preview":"max-video-preview:-1"},"canonical":"https:\/\/buenosdiasbcs.com\/?p=5221","og_locale":"es_ES","og_type":"article","og_title":"Localizan restos \u00f3seos en el arroyo El Cajoncito durante jornada de b\u00fasqueda en La Paz","og_description":"La PGJE de Baja California Sur inform\u00f3 que el hallazgo ocurri\u00f3 en una inhumaci\u00f3n clandestina ubicada en las inmediaciones del...","og_url":"https:\/\/buenosdiasbcs.com\/?p=5221","og_site_name":"Buenos D&iacute;as BCS","article_published_time":"2026-03-16T07:29:00+00:00","og_image":[{"width":1280,"height":720,"url":"https:\/\/buenosdiasbcs.com\/wp-content\/uploads\/2026\/03\/encuentran-osamenta-en-el-cajoncito-55307dde-focus-0-0-1479-828.webp","type":"image\/webp"}],"author":"Edici\u00f3n Buenos D\u00edas","twitter_card":"summary_large_image","twitter_misc":{"Escrito por":"Edici\u00f3n Buenos D\u00edas","Tiempo de lectura":"2 minutos"},"schema":{"@context":"https:\/\/schema.org","@graph":[{"@type":"Article","@id":"https:\/\/buenosdiasbcs.com\/?p=5221#article","isPartOf":{"@id":"https:\/\/buenosdiasbcs.com\/?p=5221"},"author":{"name":"Edici\u00f3n Buenos D\u00edas","@id":"https:\/\/buenosdiasbcs.com\/#\/schema\/person\/15aedc247eab7070ee5d76d6d069a821"},"headline":"Localizan restos \u00f3seos en el arroyo El Cajoncito durante jornada de b\u00fasqueda en La Paz","datePublished":"2026-03-16T07:29:00+00:00","mainEntityOfPage":{"@id":"https:\/\/buenosdiasbcs.com\/?p=5221"},"wordCount":361,"commentCount":0,"publisher":{"@id":"https:\/\/buenosdiasbcs.com\/#organization"},"image":{"@id":"https:\/\/buenosdiasbcs.com\/?p=5221#primaryimage"},"thumbnailUrl":"https:\/\/buenosdiasbcs.com\/wp-content\/uploads\/2026\/03\/encuentran-osamenta-en-el-cajoncito-55307dde-focus-0-0-1479-828.webp","articleSection":["Seguridad"],"inLanguage":"es","potentialAction":[{"@type":"CommentAction","name":"Comment","target":["https:\/\/buenosdiasbcs.com\/?p=5221#respond"]}]},{"@type":"WebPage","@id":"https:\/\/buenosdiasbcs.com\/?p=5221","url":"https:\/\/buenosdiasbcs.com\/?p=5221","name":"Localizan restos \u00f3seos en el arroyo El Cajoncito durante jornada de b\u00fasqueda en La Paz - Buenos D&iacute;as BCS","isPartOf":{"@id":"https:\/\/buenosdiasbcs.com\/#website"},"primaryImageOfPage":{"@id":"https:\/\/buenosdiasbcs.com\/?p=5221#primaryimage"},"image":{"@id":"https:\/\/buenosdiasbcs.com\/?p=5221#primaryimage"},"thumbnailUrl":"https:\/\/buenosdiasbcs.com\/wp-content\/uploads\/2026\/03\/encuentran-osamenta-en-el-cajoncito-55307dde-focus-0-0-1479-828.webp","datePublished":"2026-03-16T07:29:00+00:00","breadcrumb":{"@id":"https:\/\/buenosdiasbcs.com\/?p=5221#breadcrumb"},"inLanguage":"es","potentialAction":[{"@type":"ReadAction","target":["https:\/\/buenosdiasbcs.com\/?p=5221"]}]},{"@type":"ImageObject","inLanguage":"es","@id":"https:\/\/buenosdiasbcs.com\/?p=5221#primaryimage","url":"https:\/\/buenosdiasbcs.com\/wp-content\/uploads\/2026\/03\/encuentran-osamenta-en-el-cajoncito-55307dde-focus-0-0-1479-828.webp","contentUrl":"https:\/\/buenosdiasbcs.com\/wp-content\/uploads\/2026\/03\/encuentran-osamenta-en-el-cajoncito-55307dde-focus-0-0-1479-828.webp","width":1280,"height":720},{"@type":"BreadcrumbList","@id":"https:\/\/buenosdiasbcs.com\/?p=5221#breadcrumb","itemListElement":[{"@type":"ListItem","position":1,"name":"Portada","item":"https:\/\/buenosdiasbcs.com\/"},{"@type":"ListItem","position":2,"name":"Localizan restos \u00f3seos en el arroyo El Cajoncito durante jornada de b\u00fasqueda en La Paz"}]},{"@type":"WebSite","@id":"https:\/\/buenosdiasbcs.com\/#website","url":"https:\/\/buenosdiasbcs.com\/","name":"Buenos D\u00edas BCS","description":"","publisher":{"@id":"https:\/\/buenosdiasbcs.com\/#organization"},"potentialAction":[{"@type":"SearchAction","target":{"@type":"EntryPoint","urlTemplate":"https:\/\/buenosdiasbcs.com\/?s={search_term_string}"},"query-input":{"@type":"PropertyValueSpecification","valueRequired":true,"valueName":"search_term_string"}}],"inLanguage":"es"},{"@type":"Organization","@id":"https:\/\/buenosdiasbcs.com\/#organization","name":"Buenos D\u00edas BCS","url":"https:\/\/buenosdiasbcs.com\/","logo":{"@type":"ImageObject","inLanguage":"es","@id":"https:\/\/buenosdiasbcs.com\/#\/schema\/logo\/image\/","url":"https:\/\/buenosdiasbcs.com\/wp-content\/uploads\/2026\/01\/logo-buenos-dias-40-01.png","contentUrl":"https:\/\/buenosdiasbcs.com\/wp-content\/uploads\/2026\/01\/logo-buenos-dias-40-01.png","width":277,"height":40,"caption":"Buenos D\u00edas BCS"},"image":{"@id":"https:\/\/buenosdiasbcs.com\/#\/schema\/logo\/image\/"}},{"@type":"Person","@id":"https:\/\/buenosdiasbcs.com\/#\/schema\/person\/15aedc247eab7070ee5d76d6d069a821","name":"Edici\u00f3n Buenos D\u00edas","image":{"@type":"ImageObject","inLanguage":"es","@id":"https:\/\/buenosdiasbcs.com\/wp-content\/uploads\/2026\/01\/cropped-sol-96x96.png","url":"https:\/\/buenosdiasbcs.com\/wp-content\/uploads\/2026\/01\/cropped-sol-96x96.png","contentUrl":"https:\/\/buenosdiasbcs.com\/wp-content\/uploads\/2026\/01\/cropped-sol-96x96.png","caption":"Edici\u00f3n Buenos D\u00edas"},"url":"https:\/\/buenosdiasbcs.com\/?author=2"}]}},"amp_enabled":true,"_links":{"self":[{"href":"https:\/\/buenosdiasbcs.com\/index.php?rest_route=\/wp\/v2\/posts\/5221","targetHints":{"allow":["GET"]}}],"collection":[{"href":"https:\/\/buenosdiasbcs.com\/index.php?rest_route=\/wp\/v2\/posts"}],"about":[{"href":"https:\/\/buenosdiasbcs.com\/index.php?rest_route=\/wp\/v2\/types\/post"}],"author":[{"embeddable":true,"href":"https:\/\/buenosdiasbcs.com\/index.php?rest_route=\/wp\/v2\/users\/2"}],"replies":[{"embeddable":true,"href":"https:\/\/buenosdiasbcs.com\/index.php?rest_route=%2Fwp%2Fv2%2Fcomments&post=5221"}],"version-history":[{"count":1,"href":"https:\/\/buenosdiasbcs.com\/index.php?rest_route=\/wp\/v2\/posts\/5221\/revisions"}],"predecessor-version":[{"id":5223,"href":"https:\/\/buenosdiasbcs.com\/index.php?rest_route=\/wp\/v2\/posts\/5221\/revisions\/5223"}],"wp:featuredmedia":[{"embeddable":true,"href":"https:\/\/buenosdiasbcs.com\/index.php?rest_route=\/wp\/v2\/media\/5222"}],"wp:attachment":[{"href":"https:\/\/buenosdiasbcs.com\/index.php?rest_route=%2Fwp%2Fv2%2Fmedia&parent=5221"}],"wp:term":[{"taxonomy":"category","embeddable":true,"href":"https:\/\/buenosdiasbcs.com\/index.php?rest_route=%2Fwp%2Fv2%2Fcategories&post=5221"},{"taxonomy":"post_tag","embeddable":true,"href":"https:\/\/buenosdiasbcs.com\/index.php?rest_route=%2Fwp%2Fv2%2Ftags&post=5221"}],"curies":[{"name":"wp","href":"https:\/\/api.w.org\/{rel}","templated":true}]}}