{"id":5218,"date":"2026-03-16T00:25:00","date_gmt":"2026-03-16T07:25:00","guid":{"rendered":"https:\/\/buenosdiasbcs.com\/?p=5218"},"modified":"2026-03-14T23:27:21","modified_gmt":"2026-03-15T06:27:21","slug":"uabcs-cumple-50-anos-de-220-estudiantes-a-mas-de-9-mil-en-baja-california-sur","status":"publish","type":"post","link":"https:\/\/buenosdiasbcs.com\/?p=5218","title":{"rendered":"UABCS cumple 50 a\u00f1os: de 220 estudiantes a m\u00e1s de 9 mil en Baja California Sur"},"content":{"rendered":"\n<h2 class=\"wp-block-heading\" id=\"h-lo-que-comenzo-con-220-estudiantes-y-cuatro-profesores-hoy-es-la-maxima-casa-de-estudios-del-estado\">Lo que comenz\u00f3 con 220 estudiantes y cuatro profesores hoy es la m\u00e1xima casa de estudios del estado.<\/h2>\n\n\n\n<p>La&nbsp;<strong>Universi<\/strong><strong>dad Aut\u00f3nom<\/strong><strong>a de Baja California Sur (UABCS)<\/strong>&nbsp;cumple este&nbsp;<strong>15 de marzo de 2026 cincuenta a\u00f1os de vida acad\u00e9mica<\/strong>, consolid\u00e1ndose como una de las instituciones educativas m\u00e1s importantes para el desarrollo social, cient\u00edfico y cultural del estado.<\/p>\n\n\n\n<p>Desde<strong>&nbsp;su fundaci\u00f3n en la d\u00e9cada de 1970,<\/strong>&nbsp;la m\u00e1xima casa de estudios de Sudcalifornia ha formado generaciones de profesionistas que hoy participan en distintos \u00e1mbitos del desarrollo econ\u00f3mico, pol\u00edtico y social de la entidad.<\/p>\n\n\n\n<p>Lo que comenz\u00f3 con apenas&nbsp;<strong>220 estudiantes, cuatro profesores y un turno vespertin<\/strong><strong>o<\/strong>, hoy se ha convertido en una universidad con presencia en todo el estado, con&nbsp;<strong>m\u00e1s de 50 programas educativos y una matr\u00edcula superior a los 9 mil 300 estudiantes<\/strong>.<\/p>\n\n\n\n<h2 class=\"wp-block-heading\" id=\"h-como-nacio-la-universidad-autonoma-de-baja-california-sur\">\u00bfC\u00f3mo naci\u00f3 la Universidad Aut\u00f3noma de Baja California Sur?<\/h2>\n\n\n\n<p>La historia de la UABCS comenz\u00f3 formalmente el&nbsp;<strong>3<\/strong><strong>1 de diciembre de 1975<\/strong><strong>, cuando se public\u00f3 su primera&nbsp;Ley Org\u00e1nica en el Bolet\u00edn Oficial d<\/strong><strong>el Gobierno del Estado<\/strong>, lo que permiti\u00f3 iniciar la organizaci\u00f3n de la nueva instituci\u00f3n educativa.&nbsp;<\/p>\n\n\n\n<p>En ese momento se conform\u00f3 el&nbsp;<strong>Co<\/strong><strong>nsejo Universitario&nbsp;<\/strong><strong>Constituyente<\/strong>, integrado por:<\/p>\n\n\n\n<ul class=\"wp-block-list\">\n<li>Dr. Francisco Palacios Cese\u00f1a<\/li>\n\n\n\n<li>Lic. \u00d3scar Amador Soto<\/li>\n\n\n\n<li>Prof. David Peralta Osuna<\/li>\n<\/ul>\n\n\n\n<p>Este \u00f3rgano fue el encargado de<strong>&nbsp;sentar las bases de la universidad<\/strong>&nbsp;y organizar sus primeros pasos acad\u00e9micos y administrativos.<\/p>\n\n\n\n<p>Posteriormente, el&nbsp;<strong>2 de febrero de 1976<\/strong>, el consejo design\u00f3 como primer rector al&nbsp;<strong>arquite<\/strong><strong>cto Tom\u00e1s Balarezo&nbsp;<\/strong><strong>Cota<\/strong>, quien encabez\u00f3 el inicio formal de la instituci\u00f3n.<\/p>\n\n\n\n<h2 class=\"wp-block-heading\" id=\"h-el-inicio-de-las-clases-y-los-primeros-estudiantes-de-la-uabcs\">El inicio de las clases y los primeros estudiantes de la UABCS<\/h2>\n\n\n\n<p>El&nbsp;<strong>15 de marzo de 1<\/strong><strong>976<\/strong>&nbsp;se realiz\u00f3 el acto simb\u00f3lico de apertura universitaria en las instalaciones de la&nbsp;<strong>Escuela Primaria Federal \u201c18 de Marzo\u201d<\/strong>, encabezado por el entonces gobernador&nbsp;<strong>\u00c1ngel C\u00e9sar Mendoza Ar\u00e1mburo<\/strong>.&nbsp;<\/p>\n\n\n\n<p>A partir del d\u00eda siguiente comenzaron las actividades acad\u00e9micas.<\/p>\n\n\n\n<p>En ese primer ciclo escolar la universidad inici\u00f3 con&nbsp;<strong>220 estudiantes, 4 profesores y un turno vespertino.<\/strong><\/p>\n\n\n\n<p>Los primeros docentes fueron&nbsp;<strong>Fr<\/strong><strong>ancisco Reynoso, Jos\u00e9 D<\/strong><strong>uchin, Mario Osorio y Jos\u00e9 Soto Manr\u00edquez<\/strong>, quienes impartieron las primeras materias de la instituci\u00f3n.<\/p>\n\n\n\n<p>Ese mismo a\u00f1o se definieron los primeros ejes acad\u00e9micos a trav\u00e9s de los troncos divisionales de&nbsp;<strong>Cienc<\/strong><strong>ias Biol\u00f3gicas y Cienc<\/strong><strong>ias Sociales<\/strong>.<\/p>\n\n\n\n<p>Entre las primeras carreras contempladas estuvieron:<\/p>\n\n\n\n<ul class=\"wp-block-list\">\n<li>Agronom\u00eda<\/li>\n\n\n\n<li>Zootecnia<\/li>\n\n\n\n<li>Econom\u00eda<\/li>\n\n\n\n<li>Ciencias Pol\u00edticas y Administraci\u00f3n P\u00fablica<\/li>\n\n\n\n<li>Biolog\u00eda Marina<\/li>\n\n\n\n<li>Ingenier\u00eda Pesquera<\/li>\n\n\n\n<li>Geolog\u00eda Marina<\/li>\n\n\n\n<li><\/li>\n<\/ul>\n\n\n\n<h2 class=\"wp-block-heading\" id=\"h-el-crecimiento-de-la-uabcs-en-cinco-decadas\">El crecimiento de la UABCS en cinco d\u00e9cadas<\/h2>\n\n\n\n<p>A medio siglo de su fundaci\u00f3n, la UABCS ha experimentado un crecimiento significativo tanto en infraestructura como en<strong>&nbsp;calidad acad\u00e9mica.<\/strong><\/p>\n\n\n\n<p>Actualmente la instituci\u00f3n cuenta con&nbsp;<strong>m\u00e1s de<\/strong><strong>&nbsp;50 programas e<\/strong><strong>ducativos<\/strong>, una matr\u00edcula superior a&nbsp;<strong>9 mil 300 estudiantes<\/strong>&nbsp;y miles de egresados que se desempe\u00f1an en diversos sectores productivos.&nbsp;<\/p>\n\n\n\n<p>El rector&nbsp;<strong>Dante Art<\/strong><strong>uro Salgado G<\/strong><strong>onz\u00e1lez<\/strong>&nbsp;destac\u00f3 que la historia de la universidad refleja el esfuerzo de generaciones de estudiantes, docentes y trabajadores.<\/p>\n\n\n\n<p>El acad\u00e9mico se\u00f1al\u00f3 que el desarrollo de la instituci\u00f3n no solo se mide en n\u00fameros, sino tambi\u00e9n en su contribuci\u00f3n al conocimiento, la investigaci\u00f3n y la formaci\u00f3n de<strong>&nbsp;profesionistas comprometidos con la sociedad.<\/strong><\/p>\n\n\n\n<p>Asimismo, subray\u00f3 que la universidad mantiene su misi\u00f3n de formar profesionistas con&nbsp;<strong>sen<\/strong><strong>tido \u00e9tico, compromiso<\/strong><strong>&nbsp;social y vocaci\u00f3n de servicio<\/strong>.<\/p>\n\n\n\n<h2 class=\"wp-block-heading\" id=\"h-congreso-de-bcs-reconocera-a-la-uabcs-en-sus-muros-de-honor\">Congreso de BCS reconocer\u00e1 a la UABCS en sus muros de honor<\/h2>\n\n\n\n<p>Como parte de las actividades conmemorativas por el 50 aniversario, el&nbsp;<strong>17 de marzo<\/strong>&nbsp;el Congreso del Estado colocar\u00e1 el nombre de la&nbsp;<strong>Universidad Aut\u00f3noma de Baja California Sur<\/strong>&nbsp;en los&nbsp;<strong>muros de honor del recinto legislativo<\/strong>.&nbsp;<\/p>\n\n\n\n<p>En ese espacio tambi\u00e9n quedar\u00e1 inscrito su lema institucional:<\/p>\n\n\n\n<p><strong>\u201cSabidur\u00ed<\/strong><strong>a como meta, patria como destino\u201d.<\/strong><\/p>\n\n\n\n<p>La ceremonia busca reconocer el papel que la universidad ha tenido en el desarrollo educativo y social de Baja California Sur durante<strong>&nbsp;las \u00faltimas cinco d\u00e9cadas.<\/strong><\/p>\n","protected":false},"excerpt":{"rendered":"<p>Lo que comenz\u00f3 con 220 estudiantes y cuatro profesores hoy es la m\u00e1xima casa de estudios del estado. La&nbsp;Universidad Aut\u00f3noma&#8230;<\/p>\n","protected":false},"author":2,"featured_media":5219,"comment_status":"open","ping_status":"open","sticky":false,"template":"","format":"standard","meta":{"footnotes":""},"categories":[18],"tags":[],"class_list":["post-5218","post","type-post","status-publish","format-standard","has-post-thumbnail","hentry","category-educacion"],"yoast_head":"<!-- This site is optimized with the Yoast SEO Premium plugin v26.8 (Yoast SEO v27.5) - https:\/\/yoast.com\/product\/yoast-seo-premium-wordpress\/ -->\n<title>UABCS cumple 50 a\u00f1os: de 220 estudiantes a m\u00e1s de 9 mil en Baja California Sur - Buenos D&iacute;as BCS<\/title>\n<meta name=\"robots\" content=\"index, follow, max-snippet:-1, max-image-preview:large, max-video-preview:-1\" \/>\n<link rel=\"canonical\" href=\"https:\/\/buenosdiasbcs.com\/?p=5218\" \/>\n<meta property=\"og:locale\" content=\"es_ES\" \/>\n<meta property=\"og:type\" content=\"article\" \/>\n<meta property=\"og:title\" content=\"UABCS cumple 50 a\u00f1os: de 220 estudiantes a m\u00e1s de 9 mil en Baja California Sur\" \/>\n<meta property=\"og:description\" content=\"Lo que comenz\u00f3 con 220 estudiantes y cuatro profesores hoy es la m\u00e1xima casa de estudios del estado. La&nbsp;Universidad Aut\u00f3noma...\" \/>\n<meta property=\"og:url\" content=\"https:\/\/buenosdiasbcs.com\/?p=5218\" \/>\n<meta property=\"og:site_name\" content=\"Buenos D&iacute;as BCS\" \/>\n<meta property=\"article:published_time\" content=\"2026-03-16T07:25:00+00:00\" \/>\n<meta property=\"og:image\" content=\"https:\/\/buenosdiasbcs.com\/wp-content\/uploads\/2026\/03\/uabcs-cumple-50-anos-f07673de-focus-0-0-1479-828.webp\" \/>\n\t<meta property=\"og:image:width\" content=\"1280\" \/>\n\t<meta property=\"og:image:height\" content=\"720\" \/>\n\t<meta property=\"og:image:type\" content=\"image\/webp\" \/>\n<meta name=\"author\" content=\"Edici\u00f3n Buenos D\u00edas\" \/>\n<meta name=\"twitter:card\" content=\"summary_large_image\" \/>\n<meta name=\"twitter:label1\" content=\"Escrito por\" \/>\n\t<meta name=\"twitter:data1\" content=\"Edici\u00f3n Buenos D\u00edas\" \/>\n\t<meta name=\"twitter:label2\" content=\"Tiempo de lectura\" \/>\n\t<meta name=\"twitter:data2\" content=\"4 minutos\" \/>\n<script type=\"application\/ld+json\" class=\"yoast-schema-graph\">{\"@context\":\"https:\\\/\\\/schema.org\",\"@graph\":[{\"@type\":\"Article\",\"@id\":\"https:\\\/\\\/buenosdiasbcs.com\\\/?p=5218#article\",\"isPartOf\":{\"@id\":\"https:\\\/\\\/buenosdiasbcs.com\\\/?p=5218\"},\"author\":{\"name\":\"Edici\u00f3n Buenos D\u00edas\",\"@id\":\"https:\\\/\\\/buenosdiasbcs.com\\\/#\\\/schema\\\/person\\\/15aedc247eab7070ee5d76d6d069a821\"},\"headline\":\"UABCS cumple 50 a\u00f1os: de 220 estudiantes a m\u00e1s de 9 mil en Baja California Sur\",\"datePublished\":\"2026-03-16T07:25:00+00:00\",\"mainEntityOfPage\":{\"@id\":\"https:\\\/\\\/buenosdiasbcs.com\\\/?p=5218\"},\"wordCount\":723,\"commentCount\":0,\"publisher\":{\"@id\":\"https:\\\/\\\/buenosdiasbcs.com\\\/#organization\"},\"image\":{\"@id\":\"https:\\\/\\\/buenosdiasbcs.com\\\/?p=5218#primaryimage\"},\"thumbnailUrl\":\"https:\\\/\\\/buenosdiasbcs.com\\\/wp-content\\\/uploads\\\/2026\\\/03\\\/uabcs-cumple-50-anos-f07673de-focus-0-0-1479-828.webp\",\"articleSection\":[\"Educaci\u00f3n\"],\"inLanguage\":\"es\",\"potentialAction\":[{\"@type\":\"CommentAction\",\"name\":\"Comment\",\"target\":[\"https:\\\/\\\/buenosdiasbcs.com\\\/?p=5218#respond\"]}]},{\"@type\":\"WebPage\",\"@id\":\"https:\\\/\\\/buenosdiasbcs.com\\\/?p=5218\",\"url\":\"https:\\\/\\\/buenosdiasbcs.com\\\/?p=5218\",\"name\":\"UABCS cumple 50 a\u00f1os: de 220 estudiantes a m\u00e1s de 9 mil en Baja California Sur - Buenos D&iacute;as BCS\",\"isPartOf\":{\"@id\":\"https:\\\/\\\/buenosdiasbcs.com\\\/#website\"},\"primaryImageOfPage\":{\"@id\":\"https:\\\/\\\/buenosdiasbcs.com\\\/?p=5218#primaryimage\"},\"image\":{\"@id\":\"https:\\\/\\\/buenosdiasbcs.com\\\/?p=5218#primaryimage\"},\"thumbnailUrl\":\"https:\\\/\\\/buenosdiasbcs.com\\\/wp-content\\\/uploads\\\/2026\\\/03\\\/uabcs-cumple-50-anos-f07673de-focus-0-0-1479-828.webp\",\"datePublished\":\"2026-03-16T07:25:00+00:00\",\"breadcrumb\":{\"@id\":\"https:\\\/\\\/buenosdiasbcs.com\\\/?p=5218#breadcrumb\"},\"inLanguage\":\"es\",\"potentialAction\":[{\"@type\":\"ReadAction\",\"target\":[\"https:\\\/\\\/buenosdiasbcs.com\\\/?p=5218\"]}]},{\"@type\":\"ImageObject\",\"inLanguage\":\"es\",\"@id\":\"https:\\\/\\\/buenosdiasbcs.com\\\/?p=5218#primaryimage\",\"url\":\"https:\\\/\\\/buenosdiasbcs.com\\\/wp-content\\\/uploads\\\/2026\\\/03\\\/uabcs-cumple-50-anos-f07673de-focus-0-0-1479-828.webp\",\"contentUrl\":\"https:\\\/\\\/buenosdiasbcs.com\\\/wp-content\\\/uploads\\\/2026\\\/03\\\/uabcs-cumple-50-anos-f07673de-focus-0-0-1479-828.webp\",\"width\":1280,\"height\":720},{\"@type\":\"BreadcrumbList\",\"@id\":\"https:\\\/\\\/buenosdiasbcs.com\\\/?p=5218#breadcrumb\",\"itemListElement\":[{\"@type\":\"ListItem\",\"position\":1,\"name\":\"Portada\",\"item\":\"https:\\\/\\\/buenosdiasbcs.com\\\/\"},{\"@type\":\"ListItem\",\"position\":2,\"name\":\"UABCS cumple 50 a\u00f1os: de 220 estudiantes a m\u00e1s de 9 mil en Baja California Sur\"}]},{\"@type\":\"WebSite\",\"@id\":\"https:\\\/\\\/buenosdiasbcs.com\\\/#website\",\"url\":\"https:\\\/\\\/buenosdiasbcs.com\\\/\",\"name\":\"Buenos D\u00edas BCS\",\"description\":\"\",\"publisher\":{\"@id\":\"https:\\\/\\\/buenosdiasbcs.com\\\/#organization\"},\"potentialAction\":[{\"@type\":\"SearchAction\",\"target\":{\"@type\":\"EntryPoint\",\"urlTemplate\":\"https:\\\/\\\/buenosdiasbcs.com\\\/?s={search_term_string}\"},\"query-input\":{\"@type\":\"PropertyValueSpecification\",\"valueRequired\":true,\"valueName\":\"search_term_string\"}}],\"inLanguage\":\"es\"},{\"@type\":\"Organization\",\"@id\":\"https:\\\/\\\/buenosdiasbcs.com\\\/#organization\",\"name\":\"Buenos D\u00edas BCS\",\"url\":\"https:\\\/\\\/buenosdiasbcs.com\\\/\",\"logo\":{\"@type\":\"ImageObject\",\"inLanguage\":\"es\",\"@id\":\"https:\\\/\\\/buenosdiasbcs.com\\\/#\\\/schema\\\/logo\\\/image\\\/\",\"url\":\"https:\\\/\\\/buenosdiasbcs.com\\\/wp-content\\\/uploads\\\/2026\\\/01\\\/logo-buenos-dias-40-01.png\",\"contentUrl\":\"https:\\\/\\\/buenosdiasbcs.com\\\/wp-content\\\/uploads\\\/2026\\\/01\\\/logo-buenos-dias-40-01.png\",\"width\":277,\"height\":40,\"caption\":\"Buenos D\u00edas BCS\"},\"image\":{\"@id\":\"https:\\\/\\\/buenosdiasbcs.com\\\/#\\\/schema\\\/logo\\\/image\\\/\"}},{\"@type\":\"Person\",\"@id\":\"https:\\\/\\\/buenosdiasbcs.com\\\/#\\\/schema\\\/person\\\/15aedc247eab7070ee5d76d6d069a821\",\"name\":\"Edici\u00f3n Buenos D\u00edas\",\"image\":{\"@type\":\"ImageObject\",\"inLanguage\":\"es\",\"@id\":\"https:\\\/\\\/buenosdiasbcs.com\\\/wp-content\\\/uploads\\\/2026\\\/01\\\/cropped-sol-96x96.png\",\"url\":\"https:\\\/\\\/buenosdiasbcs.com\\\/wp-content\\\/uploads\\\/2026\\\/01\\\/cropped-sol-96x96.png\",\"contentUrl\":\"https:\\\/\\\/buenosdiasbcs.com\\\/wp-content\\\/uploads\\\/2026\\\/01\\\/cropped-sol-96x96.png\",\"caption\":\"Edici\u00f3n Buenos D\u00edas\"},\"url\":\"https:\\\/\\\/buenosdiasbcs.com\\\/?author=2\"}]}<\/script>\n<!-- \/ Yoast SEO Premium plugin. -->","yoast_head_json":{"title":"UABCS cumple 50 a\u00f1os: de 220 estudiantes a m\u00e1s de 9 mil en Baja California Sur - Buenos D&iacute;as BCS","robots":{"index":"index","follow":"follow","max-snippet":"max-snippet:-1","max-image-preview":"max-image-preview:large","max-video-preview":"max-video-preview:-1"},"canonical":"https:\/\/buenosdiasbcs.com\/?p=5218","og_locale":"es_ES","og_type":"article","og_title":"UABCS cumple 50 a\u00f1os: de 220 estudiantes a m\u00e1s de 9 mil en Baja California Sur","og_description":"Lo que comenz\u00f3 con 220 estudiantes y cuatro profesores hoy es la m\u00e1xima casa de estudios del estado. La&nbsp;Universidad Aut\u00f3noma...","og_url":"https:\/\/buenosdiasbcs.com\/?p=5218","og_site_name":"Buenos D&iacute;as BCS","article_published_time":"2026-03-16T07:25:00+00:00","og_image":[{"width":1280,"height":720,"url":"https:\/\/buenosdiasbcs.com\/wp-content\/uploads\/2026\/03\/uabcs-cumple-50-anos-f07673de-focus-0-0-1479-828.webp","type":"image\/webp"}],"author":"Edici\u00f3n Buenos D\u00edas","twitter_card":"summary_large_image","twitter_misc":{"Escrito por":"Edici\u00f3n Buenos D\u00edas","Tiempo de lectura":"4 minutos"},"schema":{"@context":"https:\/\/schema.org","@graph":[{"@type":"Article","@id":"https:\/\/buenosdiasbcs.com\/?p=5218#article","isPartOf":{"@id":"https:\/\/buenosdiasbcs.com\/?p=5218"},"author":{"name":"Edici\u00f3n Buenos D\u00edas","@id":"https:\/\/buenosdiasbcs.com\/#\/schema\/person\/15aedc247eab7070ee5d76d6d069a821"},"headline":"UABCS cumple 50 a\u00f1os: de 220 estudiantes a m\u00e1s de 9 mil en Baja California Sur","datePublished":"2026-03-16T07:25:00+00:00","mainEntityOfPage":{"@id":"https:\/\/buenosdiasbcs.com\/?p=5218"},"wordCount":723,"commentCount":0,"publisher":{"@id":"https:\/\/buenosdiasbcs.com\/#organization"},"image":{"@id":"https:\/\/buenosdiasbcs.com\/?p=5218#primaryimage"},"thumbnailUrl":"https:\/\/buenosdiasbcs.com\/wp-content\/uploads\/2026\/03\/uabcs-cumple-50-anos-f07673de-focus-0-0-1479-828.webp","articleSection":["Educaci\u00f3n"],"inLanguage":"es","potentialAction":[{"@type":"CommentAction","name":"Comment","target":["https:\/\/buenosdiasbcs.com\/?p=5218#respond"]}]},{"@type":"WebPage","@id":"https:\/\/buenosdiasbcs.com\/?p=5218","url":"https:\/\/buenosdiasbcs.com\/?p=5218","name":"UABCS cumple 50 a\u00f1os: de 220 estudiantes a m\u00e1s de 9 mil en Baja California Sur - Buenos D&iacute;as BCS","isPartOf":{"@id":"https:\/\/buenosdiasbcs.com\/#website"},"primaryImageOfPage":{"@id":"https:\/\/buenosdiasbcs.com\/?p=5218#primaryimage"},"image":{"@id":"https:\/\/buenosdiasbcs.com\/?p=5218#primaryimage"},"thumbnailUrl":"https:\/\/buenosdiasbcs.com\/wp-content\/uploads\/2026\/03\/uabcs-cumple-50-anos-f07673de-focus-0-0-1479-828.webp","datePublished":"2026-03-16T07:25:00+00:00","breadcrumb":{"@id":"https:\/\/buenosdiasbcs.com\/?p=5218#breadcrumb"},"inLanguage":"es","potentialAction":[{"@type":"ReadAction","target":["https:\/\/buenosdiasbcs.com\/?p=5218"]}]},{"@type":"ImageObject","inLanguage":"es","@id":"https:\/\/buenosdiasbcs.com\/?p=5218#primaryimage","url":"https:\/\/buenosdiasbcs.com\/wp-content\/uploads\/2026\/03\/uabcs-cumple-50-anos-f07673de-focus-0-0-1479-828.webp","contentUrl":"https:\/\/buenosdiasbcs.com\/wp-content\/uploads\/2026\/03\/uabcs-cumple-50-anos-f07673de-focus-0-0-1479-828.webp","width":1280,"height":720},{"@type":"BreadcrumbList","@id":"https:\/\/buenosdiasbcs.com\/?p=5218#breadcrumb","itemListElement":[{"@type":"ListItem","position":1,"name":"Portada","item":"https:\/\/buenosdiasbcs.com\/"},{"@type":"ListItem","position":2,"name":"UABCS cumple 50 a\u00f1os: de 220 estudiantes a m\u00e1s de 9 mil en Baja California Sur"}]},{"@type":"WebSite","@id":"https:\/\/buenosdiasbcs.com\/#website","url":"https:\/\/buenosdiasbcs.com\/","name":"Buenos D\u00edas BCS","description":"","publisher":{"@id":"https:\/\/buenosdiasbcs.com\/#organization"},"potentialAction":[{"@type":"SearchAction","target":{"@type":"EntryPoint","urlTemplate":"https:\/\/buenosdiasbcs.com\/?s={search_term_string}"},"query-input":{"@type":"PropertyValueSpecification","valueRequired":true,"valueName":"search_term_string"}}],"inLanguage":"es"},{"@type":"Organization","@id":"https:\/\/buenosdiasbcs.com\/#organization","name":"Buenos D\u00edas BCS","url":"https:\/\/buenosdiasbcs.com\/","logo":{"@type":"ImageObject","inLanguage":"es","@id":"https:\/\/buenosdiasbcs.com\/#\/schema\/logo\/image\/","url":"https:\/\/buenosdiasbcs.com\/wp-content\/uploads\/2026\/01\/logo-buenos-dias-40-01.png","contentUrl":"https:\/\/buenosdiasbcs.com\/wp-content\/uploads\/2026\/01\/logo-buenos-dias-40-01.png","width":277,"height":40,"caption":"Buenos D\u00edas BCS"},"image":{"@id":"https:\/\/buenosdiasbcs.com\/#\/schema\/logo\/image\/"}},{"@type":"Person","@id":"https:\/\/buenosdiasbcs.com\/#\/schema\/person\/15aedc247eab7070ee5d76d6d069a821","name":"Edici\u00f3n Buenos D\u00edas","image":{"@type":"ImageObject","inLanguage":"es","@id":"https:\/\/buenosdiasbcs.com\/wp-content\/uploads\/2026\/01\/cropped-sol-96x96.png","url":"https:\/\/buenosdiasbcs.com\/wp-content\/uploads\/2026\/01\/cropped-sol-96x96.png","contentUrl":"https:\/\/buenosdiasbcs.com\/wp-content\/uploads\/2026\/01\/cropped-sol-96x96.png","caption":"Edici\u00f3n Buenos D\u00edas"},"url":"https:\/\/buenosdiasbcs.com\/?author=2"}]}},"amp_enabled":true,"_links":{"self":[{"href":"https:\/\/buenosdiasbcs.com\/index.php?rest_route=\/wp\/v2\/posts\/5218","targetHints":{"allow":["GET"]}}],"collection":[{"href":"https:\/\/buenosdiasbcs.com\/index.php?rest_route=\/wp\/v2\/posts"}],"about":[{"href":"https:\/\/buenosdiasbcs.com\/index.php?rest_route=\/wp\/v2\/types\/post"}],"author":[{"embeddable":true,"href":"https:\/\/buenosdiasbcs.com\/index.php?rest_route=\/wp\/v2\/users\/2"}],"replies":[{"embeddable":true,"href":"https:\/\/buenosdiasbcs.com\/index.php?rest_route=%2Fwp%2Fv2%2Fcomments&post=5218"}],"version-history":[{"count":1,"href":"https:\/\/buenosdiasbcs.com\/index.php?rest_route=\/wp\/v2\/posts\/5218\/revisions"}],"predecessor-version":[{"id":5220,"href":"https:\/\/buenosdiasbcs.com\/index.php?rest_route=\/wp\/v2\/posts\/5218\/revisions\/5220"}],"wp:featuredmedia":[{"embeddable":true,"href":"https:\/\/buenosdiasbcs.com\/index.php?rest_route=\/wp\/v2\/media\/5219"}],"wp:attachment":[{"href":"https:\/\/buenosdiasbcs.com\/index.php?rest_route=%2Fwp%2Fv2%2Fmedia&parent=5218"}],"wp:term":[{"taxonomy":"category","embeddable":true,"href":"https:\/\/buenosdiasbcs.com\/index.php?rest_route=%2Fwp%2Fv2%2Fcategories&post=5218"},{"taxonomy":"post_tag","embeddable":true,"href":"https:\/\/buenosdiasbcs.com\/index.php?rest_route=%2Fwp%2Fv2%2Ftags&post=5218"}],"curies":[{"name":"wp","href":"https:\/\/api.w.org\/{rel}","templated":true}]}}