{"id":5212,"date":"2026-03-16T00:18:00","date_gmt":"2026-03-16T07:18:00","guid":{"rendered":"https:\/\/buenosdiasbcs.com\/?p=5212"},"modified":"2026-03-14T23:19:41","modified_gmt":"2026-03-15T06:19:41","slug":"los-cabos-logra-record-guinness-al-preparar-el-sashimi-mas-largo-del-mundo","status":"publish","type":"post","link":"https:\/\/buenosdiasbcs.com\/?p=5212","title":{"rendered":"Los Cabos logra R\u00e9cord Guinness al preparar el sashimi m\u00e1s largo del mundo"},"content":{"rendered":"\n<h2 class=\"wp-block-heading\" id=\"h-mas-de-600-chefs-estudiantes-y-participantes-elaboraron-el-sashimi-con-mas-de-28-mil-laminitas-de-pescado\">M\u00e1s de 600 chefs, estudiantes y participantes elaboraron el sashimi con m\u00e1s de 28 mil laminitas de pescado.<\/h2>\n\n\n\n<p>Los Cabos logr\u00f3 un R\u00e9cord Guinness al preparar un sashimi de 1.5 kil\u00f3metros durante el Sashimi Fest 2026 en San Jos\u00e9 del Cabo. Foto: NBCS Noticias.<\/p>\n\n\n\n<p>El municipio de&nbsp;<strong><a href=\"https:\/\/www.posta.com.mx\/bcs\/el-sashimi-fest-los-cabos-2026-va-por-un-record-guinness\/vl2157427\">Los Cabos<\/a><\/strong><a href=\"https:\/\/www.posta.com.mx\/bcs\/el-sashimi-fest-los-cabos-2026-va-por-un-record-guinness\/vl2157427\">&nbsp;logr\u00f3 imponer un&nbsp;<strong>R\u00e9cord Guinness<\/strong>&nbsp;durante el&nbsp;<strong>Sashimi Fest 2026<\/strong><\/a>&nbsp;al preparar el&nbsp;<strong>sashimi m\u00e1s largo<\/strong>&nbsp;del mundo.<\/p>\n\n\n\n<p>El platillo fue elaborado con<strong>&nbsp;<\/strong>m\u00e1s de 28 mil laminitas de pescado<strong>&nbsp;<\/strong>y cont\u00f3 con la&nbsp;<strong>participaci\u00f3n de chefs<\/strong>,&nbsp;<strong>estudiantes y personal<\/strong>&nbsp;del evento.<strong><\/strong><\/p>\n\n\n\n<h2 class=\"wp-block-heading\" id=\"h-cual-fue-el-record-guinness-del-sashimi-fest-2026\"><strong>\u00bfCu\u00e1l fue el R\u00e9cord Guinness del Sashimi Fest 2026<\/strong>?<\/h2>\n\n\n\n<p>El reto comenz\u00f3 alrededor de las 14:15 horas de este s\u00e1bado 14 de marzo en la&nbsp;<strong>Plaza P\u00fablica Jos\u00e9 Antonio Mijares<\/strong>, en&nbsp;<strong>San Jos\u00e9 del Cabo<\/strong>, con la colocaci\u00f3n de la primera laminita de pescado que marc\u00f3 el inicio del intento por romper el&nbsp;<strong>r\u00e9cord mundial<\/strong>.<\/p>\n\n\n\n<p>El evento reuni\u00f3 a m\u00e1s de&nbsp;<strong>600 participantes<\/strong>, entre ellos chefs,&nbsp;<strong>estudiantes y personal<\/strong>&nbsp;del festival, adem\u00e1s de contar con la presencia del&nbsp;<strong>chef invitado Carlos Gayt\u00e1n<\/strong>.<\/p>\n\n\n\n<p>La meta planteada por los organizadores fue&nbsp;<a href=\"https:\/\/www.posta.com.mx\/bcs\/sashimi-fest-2026-en-los-cabos-prepara-15-kilometros-de-pescado-para-romper-record-mundial\/vl2170349\">alcanzar una longitud de&nbsp;<strong>1.5 kil\u00f3metros<\/strong>&nbsp;de sashimi<\/a>, superando el&nbsp;<strong>r\u00e9cord anterior<\/strong>&nbsp;que pertenec\u00eda a&nbsp;<strong>Mazatl\u00e1n, Sinaloa<\/strong>&nbsp;establecido en mayo de 2025 con un sashimi de 1 kil\u00f3metro elaborado con alrededor de 19 mil piezas de at\u00fan.<\/p>\n\n\n\n<h2 class=\"wp-block-heading\" id=\"h-sashimi-fest-se-realizo-en-el-marco-de-las-nbsp-fiestas-tradicionales-nbsp-de-nbsp-san-jose-del-cabo\">Sashimi Fest se realiz\u00f3 en el marco de las&nbsp;<strong>Fiestas Tradicionales<\/strong>&nbsp;de&nbsp;<strong>San Jos\u00e9 del Cabo<\/strong><\/h2>\n\n\n\n<p>El evento form\u00f3 parte del&nbsp;<a href=\"https:\/\/www.posta.com.mx\/bcs\/fiestas-tradicionales-san-jose-del-cabo-2026-cartelera-oficial-que-debes-conocer\/vl2170578\">programa de las&nbsp;<strong>Fiestas Tradicionales<\/strong>&nbsp;de&nbsp;<strong>San Jos\u00e9 del Cabo<\/strong>&nbsp;<strong>2026<\/strong><\/a>, que incluyen diversas&nbsp;<strong>actividades culturales<\/strong>, gastron\u00f3micas y musicales en el municipio.<\/p>\n\n\n\n<p>Dentro de estas celebraciones se contemplan&nbsp;<strong>conciertos<\/strong>, presentaciones art\u00edsticas,&nbsp;<strong>actividades culturales<\/strong>,&nbsp;<strong>muestras gastron\u00f3micas<\/strong>&nbsp;y eventos familiares que contin\u00faan despu\u00e9s del 14 de marzo como parte del programa festivo en&nbsp;<strong>San Jos\u00e9 del Cabo<\/strong>.<\/p>\n\n\n\n<h2 class=\"wp-block-heading\" id=\"h-cuantos-record-guinness-tiene-baja-california-sur\">\u00bfCu\u00e1ntos R\u00e9cord Guinness tiene Baja California Sur?<\/h2>\n\n\n\n<p>Baja California Sur tiene&nbsp;<strong>varios R\u00e9cord Guinness<\/strong><strong>,<\/strong>&nbsp;aunque no son muchos y est\u00e1n&nbsp;relacionados principalmente con la gastronom\u00eda y el turismo<\/p>\n\n\n\n<p>Uno de los m\u00e1s conocidos se registr\u00f3 en&nbsp;<strong>2010 en La Paz<\/strong>, cuando se prepar\u00f3&nbsp;el&nbsp;<strong>burrito m\u00e1s grande del mundo<\/strong>, con una tortilla de aproximadamente&nbsp;<strong>2.4 kil\u00f3metros de longitud<\/strong>&nbsp;y un peso cercano a&nbsp;<strong>5 mil 799 kilogramos<\/strong><strong>,<\/strong>&nbsp;elaborado con la participaci\u00f3n de miles de personas.<\/p>\n\n\n\n<p>Otro r\u00e9cord se logr\u00f3 en&nbsp;<strong>Los Cabos<\/strong>, donde una empresa tur\u00edstica&nbsp;<strong>consigui\u00f3 el reconocimiento<\/strong>&nbsp;por&nbsp;<strong>la tirolina para bicicleta m\u00e1s larga del mundo<\/strong>, con una extensi\u00f3n de&nbsp;<strong>339.39 metros<\/strong>, una atracci\u00f3n que forma parte de las actividades de turismo de aventura en el destino.<\/p>\n\n\n\n<p>Y e m\u00e1s recientemente, es el que se hizo este d\u00eda en el&nbsp;<strong>Sashimi Fest<\/strong>, al preparar&nbsp;<strong>el sashimi m\u00e1s largo del mundo<\/strong>.<\/p>\n","protected":false},"excerpt":{"rendered":"<p>M\u00e1s de 600 chefs, estudiantes y participantes elaboraron el sashimi con m\u00e1s de 28 mil laminitas de pescado. Los Cabos&#8230;<\/p>\n","protected":false},"author":2,"featured_media":5213,"comment_status":"open","ping_status":"open","sticky":false,"template":"","format":"standard","meta":{"footnotes":""},"categories":[35],"tags":[],"class_list":["post-5212","post","type-post","status-publish","format-standard","has-post-thumbnail","hentry","category-cocina"],"yoast_head":"<!-- This site is optimized with the Yoast SEO Premium plugin v26.8 (Yoast SEO v27.5) - https:\/\/yoast.com\/product\/yoast-seo-premium-wordpress\/ -->\n<title>Los Cabos logra R\u00e9cord Guinness al preparar el sashimi m\u00e1s largo del mundo - Buenos D&iacute;as BCS<\/title>\n<meta name=\"robots\" content=\"index, follow, max-snippet:-1, max-image-preview:large, max-video-preview:-1\" \/>\n<link rel=\"canonical\" href=\"https:\/\/buenosdiasbcs.com\/?p=5212\" \/>\n<meta property=\"og:locale\" content=\"es_ES\" \/>\n<meta property=\"og:type\" content=\"article\" \/>\n<meta property=\"og:title\" content=\"Los Cabos logra R\u00e9cord Guinness al preparar el sashimi m\u00e1s largo del mundo\" \/>\n<meta property=\"og:description\" content=\"M\u00e1s de 600 chefs, estudiantes y participantes elaboraron el sashimi con m\u00e1s de 28 mil laminitas de pescado. Los Cabos...\" \/>\n<meta property=\"og:url\" content=\"https:\/\/buenosdiasbcs.com\/?p=5212\" \/>\n<meta property=\"og:site_name\" content=\"Buenos D&iacute;as BCS\" \/>\n<meta property=\"article:published_time\" content=\"2026-03-16T07:18:00+00:00\" \/>\n<meta property=\"og:image\" content=\"https:\/\/buenosdiasbcs.com\/wp-content\/uploads\/2026\/03\/los-cabos-logra-record-guinness-al-preparar-el-sashimi-mas-largo-del-mundo-a1e61cad-focus-0-0-1479-828.webp\" \/>\n\t<meta property=\"og:image:width\" content=\"1280\" \/>\n\t<meta property=\"og:image:height\" content=\"720\" \/>\n\t<meta property=\"og:image:type\" content=\"image\/webp\" \/>\n<meta name=\"author\" content=\"Edici\u00f3n Buenos D\u00edas\" \/>\n<meta name=\"twitter:card\" content=\"summary_large_image\" \/>\n<meta name=\"twitter:label1\" content=\"Escrito por\" \/>\n\t<meta name=\"twitter:data1\" content=\"Edici\u00f3n Buenos D\u00edas\" \/>\n\t<meta name=\"twitter:label2\" content=\"Tiempo de lectura\" \/>\n\t<meta name=\"twitter:data2\" content=\"3 minutos\" \/>\n<script type=\"application\/ld+json\" class=\"yoast-schema-graph\">{\"@context\":\"https:\\\/\\\/schema.org\",\"@graph\":[{\"@type\":\"Article\",\"@id\":\"https:\\\/\\\/buenosdiasbcs.com\\\/?p=5212#article\",\"isPartOf\":{\"@id\":\"https:\\\/\\\/buenosdiasbcs.com\\\/?p=5212\"},\"author\":{\"name\":\"Edici\u00f3n Buenos D\u00edas\",\"@id\":\"https:\\\/\\\/buenosdiasbcs.com\\\/#\\\/schema\\\/person\\\/15aedc247eab7070ee5d76d6d069a821\"},\"headline\":\"Los Cabos logra R\u00e9cord Guinness al preparar el sashimi m\u00e1s largo del mundo\",\"datePublished\":\"2026-03-16T07:18:00+00:00\",\"mainEntityOfPage\":{\"@id\":\"https:\\\/\\\/buenosdiasbcs.com\\\/?p=5212\"},\"wordCount\":532,\"commentCount\":0,\"publisher\":{\"@id\":\"https:\\\/\\\/buenosdiasbcs.com\\\/#organization\"},\"image\":{\"@id\":\"https:\\\/\\\/buenosdiasbcs.com\\\/?p=5212#primaryimage\"},\"thumbnailUrl\":\"https:\\\/\\\/buenosdiasbcs.com\\\/wp-content\\\/uploads\\\/2026\\\/03\\\/los-cabos-logra-record-guinness-al-preparar-el-sashimi-mas-largo-del-mundo-a1e61cad-focus-0-0-1479-828.webp\",\"articleSection\":[\"Cocina\"],\"inLanguage\":\"es\",\"potentialAction\":[{\"@type\":\"CommentAction\",\"name\":\"Comment\",\"target\":[\"https:\\\/\\\/buenosdiasbcs.com\\\/?p=5212#respond\"]}]},{\"@type\":\"WebPage\",\"@id\":\"https:\\\/\\\/buenosdiasbcs.com\\\/?p=5212\",\"url\":\"https:\\\/\\\/buenosdiasbcs.com\\\/?p=5212\",\"name\":\"Los Cabos logra R\u00e9cord Guinness al preparar el sashimi m\u00e1s largo del mundo - Buenos D&iacute;as BCS\",\"isPartOf\":{\"@id\":\"https:\\\/\\\/buenosdiasbcs.com\\\/#website\"},\"primaryImageOfPage\":{\"@id\":\"https:\\\/\\\/buenosdiasbcs.com\\\/?p=5212#primaryimage\"},\"image\":{\"@id\":\"https:\\\/\\\/buenosdiasbcs.com\\\/?p=5212#primaryimage\"},\"thumbnailUrl\":\"https:\\\/\\\/buenosdiasbcs.com\\\/wp-content\\\/uploads\\\/2026\\\/03\\\/los-cabos-logra-record-guinness-al-preparar-el-sashimi-mas-largo-del-mundo-a1e61cad-focus-0-0-1479-828.webp\",\"datePublished\":\"2026-03-16T07:18:00+00:00\",\"breadcrumb\":{\"@id\":\"https:\\\/\\\/buenosdiasbcs.com\\\/?p=5212#breadcrumb\"},\"inLanguage\":\"es\",\"potentialAction\":[{\"@type\":\"ReadAction\",\"target\":[\"https:\\\/\\\/buenosdiasbcs.com\\\/?p=5212\"]}]},{\"@type\":\"ImageObject\",\"inLanguage\":\"es\",\"@id\":\"https:\\\/\\\/buenosdiasbcs.com\\\/?p=5212#primaryimage\",\"url\":\"https:\\\/\\\/buenosdiasbcs.com\\\/wp-content\\\/uploads\\\/2026\\\/03\\\/los-cabos-logra-record-guinness-al-preparar-el-sashimi-mas-largo-del-mundo-a1e61cad-focus-0-0-1479-828.webp\",\"contentUrl\":\"https:\\\/\\\/buenosdiasbcs.com\\\/wp-content\\\/uploads\\\/2026\\\/03\\\/los-cabos-logra-record-guinness-al-preparar-el-sashimi-mas-largo-del-mundo-a1e61cad-focus-0-0-1479-828.webp\",\"width\":1280,\"height\":720},{\"@type\":\"BreadcrumbList\",\"@id\":\"https:\\\/\\\/buenosdiasbcs.com\\\/?p=5212#breadcrumb\",\"itemListElement\":[{\"@type\":\"ListItem\",\"position\":1,\"name\":\"Portada\",\"item\":\"https:\\\/\\\/buenosdiasbcs.com\\\/\"},{\"@type\":\"ListItem\",\"position\":2,\"name\":\"Los Cabos logra R\u00e9cord Guinness al preparar el sashimi m\u00e1s largo del mundo\"}]},{\"@type\":\"WebSite\",\"@id\":\"https:\\\/\\\/buenosdiasbcs.com\\\/#website\",\"url\":\"https:\\\/\\\/buenosdiasbcs.com\\\/\",\"name\":\"Buenos D\u00edas BCS\",\"description\":\"\",\"publisher\":{\"@id\":\"https:\\\/\\\/buenosdiasbcs.com\\\/#organization\"},\"potentialAction\":[{\"@type\":\"SearchAction\",\"target\":{\"@type\":\"EntryPoint\",\"urlTemplate\":\"https:\\\/\\\/buenosdiasbcs.com\\\/?s={search_term_string}\"},\"query-input\":{\"@type\":\"PropertyValueSpecification\",\"valueRequired\":true,\"valueName\":\"search_term_string\"}}],\"inLanguage\":\"es\"},{\"@type\":\"Organization\",\"@id\":\"https:\\\/\\\/buenosdiasbcs.com\\\/#organization\",\"name\":\"Buenos D\u00edas BCS\",\"url\":\"https:\\\/\\\/buenosdiasbcs.com\\\/\",\"logo\":{\"@type\":\"ImageObject\",\"inLanguage\":\"es\",\"@id\":\"https:\\\/\\\/buenosdiasbcs.com\\\/#\\\/schema\\\/logo\\\/image\\\/\",\"url\":\"https:\\\/\\\/buenosdiasbcs.com\\\/wp-content\\\/uploads\\\/2026\\\/01\\\/logo-buenos-dias-40-01.png\",\"contentUrl\":\"https:\\\/\\\/buenosdiasbcs.com\\\/wp-content\\\/uploads\\\/2026\\\/01\\\/logo-buenos-dias-40-01.png\",\"width\":277,\"height\":40,\"caption\":\"Buenos D\u00edas BCS\"},\"image\":{\"@id\":\"https:\\\/\\\/buenosdiasbcs.com\\\/#\\\/schema\\\/logo\\\/image\\\/\"}},{\"@type\":\"Person\",\"@id\":\"https:\\\/\\\/buenosdiasbcs.com\\\/#\\\/schema\\\/person\\\/15aedc247eab7070ee5d76d6d069a821\",\"name\":\"Edici\u00f3n Buenos D\u00edas\",\"image\":{\"@type\":\"ImageObject\",\"inLanguage\":\"es\",\"@id\":\"https:\\\/\\\/buenosdiasbcs.com\\\/wp-content\\\/uploads\\\/2026\\\/01\\\/cropped-sol-96x96.png\",\"url\":\"https:\\\/\\\/buenosdiasbcs.com\\\/wp-content\\\/uploads\\\/2026\\\/01\\\/cropped-sol-96x96.png\",\"contentUrl\":\"https:\\\/\\\/buenosdiasbcs.com\\\/wp-content\\\/uploads\\\/2026\\\/01\\\/cropped-sol-96x96.png\",\"caption\":\"Edici\u00f3n Buenos D\u00edas\"},\"url\":\"https:\\\/\\\/buenosdiasbcs.com\\\/?author=2\"}]}<\/script>\n<!-- \/ Yoast SEO Premium plugin. -->","yoast_head_json":{"title":"Los Cabos logra R\u00e9cord Guinness al preparar el sashimi m\u00e1s largo del mundo - Buenos D&iacute;as BCS","robots":{"index":"index","follow":"follow","max-snippet":"max-snippet:-1","max-image-preview":"max-image-preview:large","max-video-preview":"max-video-preview:-1"},"canonical":"https:\/\/buenosdiasbcs.com\/?p=5212","og_locale":"es_ES","og_type":"article","og_title":"Los Cabos logra R\u00e9cord Guinness al preparar el sashimi m\u00e1s largo del mundo","og_description":"M\u00e1s de 600 chefs, estudiantes y participantes elaboraron el sashimi con m\u00e1s de 28 mil laminitas de pescado. Los Cabos...","og_url":"https:\/\/buenosdiasbcs.com\/?p=5212","og_site_name":"Buenos D&iacute;as BCS","article_published_time":"2026-03-16T07:18:00+00:00","og_image":[{"width":1280,"height":720,"url":"https:\/\/buenosdiasbcs.com\/wp-content\/uploads\/2026\/03\/los-cabos-logra-record-guinness-al-preparar-el-sashimi-mas-largo-del-mundo-a1e61cad-focus-0-0-1479-828.webp","type":"image\/webp"}],"author":"Edici\u00f3n Buenos D\u00edas","twitter_card":"summary_large_image","twitter_misc":{"Escrito por":"Edici\u00f3n Buenos D\u00edas","Tiempo de lectura":"3 minutos"},"schema":{"@context":"https:\/\/schema.org","@graph":[{"@type":"Article","@id":"https:\/\/buenosdiasbcs.com\/?p=5212#article","isPartOf":{"@id":"https:\/\/buenosdiasbcs.com\/?p=5212"},"author":{"name":"Edici\u00f3n Buenos D\u00edas","@id":"https:\/\/buenosdiasbcs.com\/#\/schema\/person\/15aedc247eab7070ee5d76d6d069a821"},"headline":"Los Cabos logra R\u00e9cord Guinness al preparar el sashimi m\u00e1s largo del mundo","datePublished":"2026-03-16T07:18:00+00:00","mainEntityOfPage":{"@id":"https:\/\/buenosdiasbcs.com\/?p=5212"},"wordCount":532,"commentCount":0,"publisher":{"@id":"https:\/\/buenosdiasbcs.com\/#organization"},"image":{"@id":"https:\/\/buenosdiasbcs.com\/?p=5212#primaryimage"},"thumbnailUrl":"https:\/\/buenosdiasbcs.com\/wp-content\/uploads\/2026\/03\/los-cabos-logra-record-guinness-al-preparar-el-sashimi-mas-largo-del-mundo-a1e61cad-focus-0-0-1479-828.webp","articleSection":["Cocina"],"inLanguage":"es","potentialAction":[{"@type":"CommentAction","name":"Comment","target":["https:\/\/buenosdiasbcs.com\/?p=5212#respond"]}]},{"@type":"WebPage","@id":"https:\/\/buenosdiasbcs.com\/?p=5212","url":"https:\/\/buenosdiasbcs.com\/?p=5212","name":"Los Cabos logra R\u00e9cord Guinness al preparar el sashimi m\u00e1s largo del mundo - Buenos D&iacute;as BCS","isPartOf":{"@id":"https:\/\/buenosdiasbcs.com\/#website"},"primaryImageOfPage":{"@id":"https:\/\/buenosdiasbcs.com\/?p=5212#primaryimage"},"image":{"@id":"https:\/\/buenosdiasbcs.com\/?p=5212#primaryimage"},"thumbnailUrl":"https:\/\/buenosdiasbcs.com\/wp-content\/uploads\/2026\/03\/los-cabos-logra-record-guinness-al-preparar-el-sashimi-mas-largo-del-mundo-a1e61cad-focus-0-0-1479-828.webp","datePublished":"2026-03-16T07:18:00+00:00","breadcrumb":{"@id":"https:\/\/buenosdiasbcs.com\/?p=5212#breadcrumb"},"inLanguage":"es","potentialAction":[{"@type":"ReadAction","target":["https:\/\/buenosdiasbcs.com\/?p=5212"]}]},{"@type":"ImageObject","inLanguage":"es","@id":"https:\/\/buenosdiasbcs.com\/?p=5212#primaryimage","url":"https:\/\/buenosdiasbcs.com\/wp-content\/uploads\/2026\/03\/los-cabos-logra-record-guinness-al-preparar-el-sashimi-mas-largo-del-mundo-a1e61cad-focus-0-0-1479-828.webp","contentUrl":"https:\/\/buenosdiasbcs.com\/wp-content\/uploads\/2026\/03\/los-cabos-logra-record-guinness-al-preparar-el-sashimi-mas-largo-del-mundo-a1e61cad-focus-0-0-1479-828.webp","width":1280,"height":720},{"@type":"BreadcrumbList","@id":"https:\/\/buenosdiasbcs.com\/?p=5212#breadcrumb","itemListElement":[{"@type":"ListItem","position":1,"name":"Portada","item":"https:\/\/buenosdiasbcs.com\/"},{"@type":"ListItem","position":2,"name":"Los Cabos logra R\u00e9cord Guinness al preparar el sashimi m\u00e1s largo del mundo"}]},{"@type":"WebSite","@id":"https:\/\/buenosdiasbcs.com\/#website","url":"https:\/\/buenosdiasbcs.com\/","name":"Buenos D\u00edas BCS","description":"","publisher":{"@id":"https:\/\/buenosdiasbcs.com\/#organization"},"potentialAction":[{"@type":"SearchAction","target":{"@type":"EntryPoint","urlTemplate":"https:\/\/buenosdiasbcs.com\/?s={search_term_string}"},"query-input":{"@type":"PropertyValueSpecification","valueRequired":true,"valueName":"search_term_string"}}],"inLanguage":"es"},{"@type":"Organization","@id":"https:\/\/buenosdiasbcs.com\/#organization","name":"Buenos D\u00edas BCS","url":"https:\/\/buenosdiasbcs.com\/","logo":{"@type":"ImageObject","inLanguage":"es","@id":"https:\/\/buenosdiasbcs.com\/#\/schema\/logo\/image\/","url":"https:\/\/buenosdiasbcs.com\/wp-content\/uploads\/2026\/01\/logo-buenos-dias-40-01.png","contentUrl":"https:\/\/buenosdiasbcs.com\/wp-content\/uploads\/2026\/01\/logo-buenos-dias-40-01.png","width":277,"height":40,"caption":"Buenos D\u00edas BCS"},"image":{"@id":"https:\/\/buenosdiasbcs.com\/#\/schema\/logo\/image\/"}},{"@type":"Person","@id":"https:\/\/buenosdiasbcs.com\/#\/schema\/person\/15aedc247eab7070ee5d76d6d069a821","name":"Edici\u00f3n Buenos D\u00edas","image":{"@type":"ImageObject","inLanguage":"es","@id":"https:\/\/buenosdiasbcs.com\/wp-content\/uploads\/2026\/01\/cropped-sol-96x96.png","url":"https:\/\/buenosdiasbcs.com\/wp-content\/uploads\/2026\/01\/cropped-sol-96x96.png","contentUrl":"https:\/\/buenosdiasbcs.com\/wp-content\/uploads\/2026\/01\/cropped-sol-96x96.png","caption":"Edici\u00f3n Buenos D\u00edas"},"url":"https:\/\/buenosdiasbcs.com\/?author=2"}]}},"amp_enabled":true,"_links":{"self":[{"href":"https:\/\/buenosdiasbcs.com\/index.php?rest_route=\/wp\/v2\/posts\/5212","targetHints":{"allow":["GET"]}}],"collection":[{"href":"https:\/\/buenosdiasbcs.com\/index.php?rest_route=\/wp\/v2\/posts"}],"about":[{"href":"https:\/\/buenosdiasbcs.com\/index.php?rest_route=\/wp\/v2\/types\/post"}],"author":[{"embeddable":true,"href":"https:\/\/buenosdiasbcs.com\/index.php?rest_route=\/wp\/v2\/users\/2"}],"replies":[{"embeddable":true,"href":"https:\/\/buenosdiasbcs.com\/index.php?rest_route=%2Fwp%2Fv2%2Fcomments&post=5212"}],"version-history":[{"count":1,"href":"https:\/\/buenosdiasbcs.com\/index.php?rest_route=\/wp\/v2\/posts\/5212\/revisions"}],"predecessor-version":[{"id":5214,"href":"https:\/\/buenosdiasbcs.com\/index.php?rest_route=\/wp\/v2\/posts\/5212\/revisions\/5214"}],"wp:featuredmedia":[{"embeddable":true,"href":"https:\/\/buenosdiasbcs.com\/index.php?rest_route=\/wp\/v2\/media\/5213"}],"wp:attachment":[{"href":"https:\/\/buenosdiasbcs.com\/index.php?rest_route=%2Fwp%2Fv2%2Fmedia&parent=5212"}],"wp:term":[{"taxonomy":"category","embeddable":true,"href":"https:\/\/buenosdiasbcs.com\/index.php?rest_route=%2Fwp%2Fv2%2Fcategories&post=5212"},{"taxonomy":"post_tag","embeddable":true,"href":"https:\/\/buenosdiasbcs.com\/index.php?rest_route=%2Fwp%2Fv2%2Ftags&post=5212"}],"curies":[{"name":"wp","href":"https:\/\/api.w.org\/{rel}","templated":true}]}}