{"id":5203,"date":"2026-03-13T00:57:00","date_gmt":"2026-03-13T07:57:00","guid":{"rendered":"https:\/\/buenosdiasbcs.com\/?p=5203"},"modified":"2026-03-12T22:59:41","modified_gmt":"2026-03-13T05:59:41","slug":"todos-los-alimentos-que-no-se-acostumbran-a-comer-en-semana-santa","status":"publish","type":"post","link":"https:\/\/buenosdiasbcs.com\/?p=5203","title":{"rendered":"Todos los alimentos que no se acostumbran a comer en Semana Santa"},"content":{"rendered":"\n<h2 class=\"wp-block-heading\" id=\"h-en-muchos-lugares-de-tradicion-catolica-durante-semana-santa-se-evita-comer-este-tipo-de-alimentos\">En muchos lugares de tradici\u00f3n cat\u00f3lica, durante Semana Santa se evita comer este tipo de alimentos<a href=\"https:\/\/www.eluniversal.com.mx\/tendencias\/bimbo-impulsa-estrategia-de-conservacion-para-el-oso-negro-mexicano\/\" class=\"\"><\/a><\/h2>\n\n\n\n<p>La&nbsp;<strong>Semana<\/strong>&nbsp;<strong>Santa&nbsp;<\/strong>es<strong>&nbsp;<\/strong>periodo que comienza con el Domingo de Ramos y termina en el Domingo de Resurrecci\u00f3n. Y no s\u00f3lo modifica los h\u00e1bitos de los creyentes, sino tambi\u00e9n aspectos b\u00e1sicos como la alimentaci\u00f3n.<\/p>\n\n\n\n<p>Durante estas fechas, en muchos hogares se acostumbra a evitar el consumo de ciertos&nbsp;<a href=\"https:\/\/www.eluniversal.com.mx\/menu\/esta-es-la-informacion-nutricional-del-azucar-morena\/\" target=\"_blank\" rel=\"noreferrer noopener\"><strong>alimentos<\/strong><\/a>&nbsp;por motivos religiosos, simb\u00f3licos y de tradici\u00f3n. Si t\u00fa tambi\u00e9n te apegas a estas pr\u00e1cticas lit\u00fargicas, hoy te decimos qu\u00e9 no debes comer.<img decoding=\"async\" width=\"0\" height=\"620\" data-src=\"https:\/\/www.eluniversal.com.mx\/resizer\/v2\/ZE4EEDJ6A5FMXFD6NQH3WB4QH4.jpg?auth=4440da7ec09ce6001b0aa4bb4cfb1bba38e4a8343af9fcefc808f60b21cdb9c3&amp;smart=true&amp;height=620\" alt=\"La Semana Santa da origen a platillos y bebidas especiales. Foto: Pixabay\" src=\"data:image\/svg+xml;base64,PHN2ZyB3aWR0aD0iMSIgaGVpZ2h0PSIxIiB4bWxucz0iaHR0cDovL3d3dy53My5vcmcvMjAwMC9zdmciPjwvc3ZnPg==\" class=\"lazyload\"><\/p>\n\n\n\n<h2 class=\"wp-block-heading\" id=\"h-que-alimentos-no-se-comen-en-semana-santa\">\u00bfQu\u00e9 alimentos no se comen en Semana Santa?<\/h2>\n\n\n\n<p>De acuerdo con la tradici\u00f3n cat\u00f3lica, en Semana Santa se conmemora la pasi\u00f3n, la muerte y la resurrecci\u00f3n de&nbsp;<strong>Jesucristo<\/strong>. Este 2026, abarcar\u00e1 del 29 de marzo al 5 de abril.<\/p>\n\n\n\n<p>Su misma tradici\u00f3n indica que durante los 7 viernes de Cuaresma se debe abstener el consumo de carne, principalmente roja. Pero hay otros alimentos que tampoco se comen en dichas fechas, as\u00ed como el mi\u00e9rcoles de ceniza y el Viernes Santo:<\/p>\n\n\n\n<ol class=\"wp-block-list\">\n<li>Carne de cerdo\u00a0<\/li>\n\n\n\n<li>Carne de pollo\u00a0<\/li>\n\n\n\n<li>Pavo<\/li>\n\n\n\n<li>Cordero<\/li>\n\n\n\n<li>Chivo<\/li>\n<\/ol>\n\n\n\n<p>La abstinencia de carne es una forma de penitencia y sacrificio, recordando el sufrimiento y la muerte de Jesucristo. Sin embargo, no tienes que romper tus creencias para comer delicioso, pues hay diversas recetas que implican ingredientes frescos y de&nbsp;<strong>temporada<\/strong>.<img decoding=\"async\" width=\"0\" height=\"620\" data-src=\"https:\/\/www.eluniversal.com.mx\/resizer\/v2\/XTOHMY43GVAUHPEAMEJNQWNNGA.jpg?auth=2331f7cfcd771f81d0fbfca9cdf2778cc4c92e060d116bc5c01ad86ac3fa8e2e&amp;smart=true&amp;height=620\" alt=\"Las frutas, verduras y mariscos s\u00ed se pueden consumir en Semana Santa. Foto: Unsplash\" src=\"data:image\/svg+xml;base64,PHN2ZyB3aWR0aD0iMSIgaGVpZ2h0PSIxIiB4bWxucz0iaHR0cDovL3d3dy53My5vcmcvMjAwMC9zdmciPjwvc3ZnPg==\" class=\"lazyload\"><\/p>\n\n\n\n<h2 class=\"wp-block-heading\" id=\"h-que-alimentos-y-bebidas-son-tipicas-de-semana-santa\">\u00bfQu\u00e9 alimentos y bebidas son t\u00edpicas de Semana Santa?<\/h2>\n\n\n\n<p>En cambio, muchas personas optan por alimentos como pescado, mariscos, verduras o platillos tradicionales sin&nbsp;<a href=\"https:\/\/www.eluniversal.com.mx\/menu\/por-que-es-bueno-desayunar-huevo-con-arroz\/\" target=\"_blank\" rel=\"noreferrer noopener\"><strong>carne<\/strong><\/a>. Y esto da origen a platillos de temporada como:<\/p>\n\n\n\n<p id=\"publicidad-tag\">[Publicidad]<\/p>\n\n\n\n<ul class=\"wp-block-list\">\n<li>Pescado a la veracruzana\u00a0<\/li>\n\n\n\n<li>Tortitas de camar\u00f3n\u00a0<\/li>\n\n\n\n<li>Caldo de pescado\u00a0<\/li>\n\n\n\n<li>Empanadas de camar\u00f3n<\/li>\n\n\n\n<li>Bacalao a la vizca\u00edna<\/li>\n\n\n\n<li>Y postres como la capirotada<\/li>\n<\/ul>\n\n\n\n<p>Mientras que de bebidas, tambi\u00e9n aparecen preparaciones con frutas t verduras de temporada como L\u00e1grimas de la Virgen, tinto de verano, Agua de Obispo, Zurracapote,&nbsp;<strong>Pozol<\/strong>&nbsp;y Resol\u00ed.<img decoding=\"async\" width=\"0\" height=\"620\" data-src=\"https:\/\/www.eluniversal.com.mx\/resizer\/v2\/Y7ZDDACMBVG65CK6UJASJI6W4U.jpg?auth=dde72a2906f46e2c1d3007510b9128a2c32f619e568785e34f7259db5f7caa67&amp;smart=true&amp;height=620\" alt=\"El tinto de verano es una bebida refrescante muy popular en Espa\u00f1a durante Semana Santa. Foto: Freepik\" src=\"data:image\/svg+xml;base64,PHN2ZyB3aWR0aD0iMSIgaGVpZ2h0PSIxIiB4bWxucz0iaHR0cDovL3d3dy53My5vcmcvMjAwMC9zdmciPjwvc3ZnPg==\" class=\"lazyload\"><\/p>\n\n\n\n<p>En conjunto, la&nbsp;<strong>gastronom\u00eda<\/strong>&nbsp;de esta temporada refleja una mezcla de tradici\u00f3n, cultura y religi\u00f3n, ya que muchas de las recetas de Semana Santa se han transmitido de generaci\u00f3n en generaci\u00f3n y forman parte importante de las celebraciones familiares.<\/p>\n","protected":false},"excerpt":{"rendered":"<p>En muchos lugares de tradici\u00f3n cat\u00f3lica, durante Semana Santa se evita comer este tipo de alimentos La&nbsp;Semana&nbsp;Santa&nbsp;es&nbsp;periodo que comienza con&#8230;<\/p>\n","protected":false},"author":2,"featured_media":5204,"comment_status":"open","ping_status":"open","sticky":false,"template":"","format":"standard","meta":{"footnotes":""},"categories":[35],"tags":[],"class_list":["post-5203","post","type-post","status-publish","format-standard","has-post-thumbnail","hentry","category-cocina"],"yoast_head":"<!-- This site is optimized with the Yoast SEO Premium plugin v26.8 (Yoast SEO v27.4) - https:\/\/yoast.com\/product\/yoast-seo-premium-wordpress\/ -->\n<title>Todos los alimentos que no se acostumbran a comer en Semana Santa - Buenos D&iacute;as BCS<\/title>\n<meta name=\"robots\" content=\"index, follow, max-snippet:-1, max-image-preview:large, max-video-preview:-1\" \/>\n<link rel=\"canonical\" href=\"https:\/\/buenosdiasbcs.com\/?p=5203\" \/>\n<meta property=\"og:locale\" content=\"es_ES\" \/>\n<meta property=\"og:type\" content=\"article\" \/>\n<meta property=\"og:title\" content=\"Todos los alimentos que no se acostumbran a comer en Semana Santa\" \/>\n<meta property=\"og:description\" content=\"En muchos lugares de tradici\u00f3n cat\u00f3lica, durante Semana Santa se evita comer este tipo de alimentos La&nbsp;Semana&nbsp;Santa&nbsp;es&nbsp;periodo que comienza con...\" \/>\n<meta property=\"og:url\" content=\"https:\/\/buenosdiasbcs.com\/?p=5203\" \/>\n<meta property=\"og:site_name\" content=\"Buenos D&iacute;as BCS\" \/>\n<meta property=\"article:published_time\" content=\"2026-03-13T07:57:00+00:00\" \/>\n<meta name=\"author\" content=\"Edici\u00f3n Buenos D\u00edas\" \/>\n<meta name=\"twitter:card\" content=\"summary_large_image\" \/>\n<meta name=\"twitter:label1\" content=\"Escrito por\" \/>\n\t<meta name=\"twitter:data1\" content=\"Edici\u00f3n Buenos D\u00edas\" \/>\n\t<meta name=\"twitter:label2\" content=\"Tiempo de lectura\" \/>\n\t<meta name=\"twitter:data2\" content=\"3 minutos\" \/>\n<script type=\"application\/ld+json\" class=\"yoast-schema-graph\">{\"@context\":\"https:\\\/\\\/schema.org\",\"@graph\":[{\"@type\":\"Article\",\"@id\":\"https:\\\/\\\/buenosdiasbcs.com\\\/?p=5203#article\",\"isPartOf\":{\"@id\":\"https:\\\/\\\/buenosdiasbcs.com\\\/?p=5203\"},\"author\":{\"name\":\"Edici\u00f3n Buenos D\u00edas\",\"@id\":\"https:\\\/\\\/buenosdiasbcs.com\\\/#\\\/schema\\\/person\\\/15aedc247eab7070ee5d76d6d069a821\"},\"headline\":\"Todos los alimentos que no se acostumbran a comer en Semana Santa\",\"datePublished\":\"2026-03-13T07:57:00+00:00\",\"mainEntityOfPage\":{\"@id\":\"https:\\\/\\\/buenosdiasbcs.com\\\/?p=5203\"},\"wordCount\":394,\"commentCount\":0,\"publisher\":{\"@id\":\"https:\\\/\\\/buenosdiasbcs.com\\\/#organization\"},\"image\":{\"@id\":\"https:\\\/\\\/buenosdiasbcs.com\\\/?p=5203#primaryimage\"},\"thumbnailUrl\":\"https:\\\/\\\/buenosdiasbcs.com\\\/wp-content\\\/uploads\\\/2026\\\/03\\\/E66CMR2CFJHSPO35XDR3CBHP2A.jpg.avif\",\"articleSection\":[\"Cocina\"],\"inLanguage\":\"es\",\"potentialAction\":[{\"@type\":\"CommentAction\",\"name\":\"Comment\",\"target\":[\"https:\\\/\\\/buenosdiasbcs.com\\\/?p=5203#respond\"]}]},{\"@type\":\"WebPage\",\"@id\":\"https:\\\/\\\/buenosdiasbcs.com\\\/?p=5203\",\"url\":\"https:\\\/\\\/buenosdiasbcs.com\\\/?p=5203\",\"name\":\"Todos los alimentos que no se acostumbran a comer en Semana Santa - Buenos D&iacute;as BCS\",\"isPartOf\":{\"@id\":\"https:\\\/\\\/buenosdiasbcs.com\\\/#website\"},\"primaryImageOfPage\":{\"@id\":\"https:\\\/\\\/buenosdiasbcs.com\\\/?p=5203#primaryimage\"},\"image\":{\"@id\":\"https:\\\/\\\/buenosdiasbcs.com\\\/?p=5203#primaryimage\"},\"thumbnailUrl\":\"https:\\\/\\\/buenosdiasbcs.com\\\/wp-content\\\/uploads\\\/2026\\\/03\\\/E66CMR2CFJHSPO35XDR3CBHP2A.jpg.avif\",\"datePublished\":\"2026-03-13T07:57:00+00:00\",\"breadcrumb\":{\"@id\":\"https:\\\/\\\/buenosdiasbcs.com\\\/?p=5203#breadcrumb\"},\"inLanguage\":\"es\",\"potentialAction\":[{\"@type\":\"ReadAction\",\"target\":[\"https:\\\/\\\/buenosdiasbcs.com\\\/?p=5203\"]}]},{\"@type\":\"ImageObject\",\"inLanguage\":\"es\",\"@id\":\"https:\\\/\\\/buenosdiasbcs.com\\\/?p=5203#primaryimage\",\"url\":\"https:\\\/\\\/buenosdiasbcs.com\\\/wp-content\\\/uploads\\\/2026\\\/03\\\/E66CMR2CFJHSPO35XDR3CBHP2A.jpg.avif\",\"contentUrl\":\"https:\\\/\\\/buenosdiasbcs.com\\\/wp-content\\\/uploads\\\/2026\\\/03\\\/E66CMR2CFJHSPO35XDR3CBHP2A.jpg.avif\",\"width\":999,\"height\":666},{\"@type\":\"BreadcrumbList\",\"@id\":\"https:\\\/\\\/buenosdiasbcs.com\\\/?p=5203#breadcrumb\",\"itemListElement\":[{\"@type\":\"ListItem\",\"position\":1,\"name\":\"Portada\",\"item\":\"https:\\\/\\\/buenosdiasbcs.com\\\/\"},{\"@type\":\"ListItem\",\"position\":2,\"name\":\"Todos los alimentos que no se acostumbran a comer en Semana Santa\"}]},{\"@type\":\"WebSite\",\"@id\":\"https:\\\/\\\/buenosdiasbcs.com\\\/#website\",\"url\":\"https:\\\/\\\/buenosdiasbcs.com\\\/\",\"name\":\"Buenos D\u00edas BCS\",\"description\":\"\",\"publisher\":{\"@id\":\"https:\\\/\\\/buenosdiasbcs.com\\\/#organization\"},\"potentialAction\":[{\"@type\":\"SearchAction\",\"target\":{\"@type\":\"EntryPoint\",\"urlTemplate\":\"https:\\\/\\\/buenosdiasbcs.com\\\/?s={search_term_string}\"},\"query-input\":{\"@type\":\"PropertyValueSpecification\",\"valueRequired\":true,\"valueName\":\"search_term_string\"}}],\"inLanguage\":\"es\"},{\"@type\":\"Organization\",\"@id\":\"https:\\\/\\\/buenosdiasbcs.com\\\/#organization\",\"name\":\"Buenos D\u00edas BCS\",\"url\":\"https:\\\/\\\/buenosdiasbcs.com\\\/\",\"logo\":{\"@type\":\"ImageObject\",\"inLanguage\":\"es\",\"@id\":\"https:\\\/\\\/buenosdiasbcs.com\\\/#\\\/schema\\\/logo\\\/image\\\/\",\"url\":\"https:\\\/\\\/buenosdiasbcs.com\\\/wp-content\\\/uploads\\\/2026\\\/01\\\/logo-buenos-dias-40-01.png\",\"contentUrl\":\"https:\\\/\\\/buenosdiasbcs.com\\\/wp-content\\\/uploads\\\/2026\\\/01\\\/logo-buenos-dias-40-01.png\",\"width\":277,\"height\":40,\"caption\":\"Buenos D\u00edas BCS\"},\"image\":{\"@id\":\"https:\\\/\\\/buenosdiasbcs.com\\\/#\\\/schema\\\/logo\\\/image\\\/\"}},{\"@type\":\"Person\",\"@id\":\"https:\\\/\\\/buenosdiasbcs.com\\\/#\\\/schema\\\/person\\\/15aedc247eab7070ee5d76d6d069a821\",\"name\":\"Edici\u00f3n Buenos D\u00edas\",\"image\":{\"@type\":\"ImageObject\",\"inLanguage\":\"es\",\"@id\":\"https:\\\/\\\/buenosdiasbcs.com\\\/wp-content\\\/uploads\\\/2026\\\/01\\\/cropped-sol-96x96.png\",\"url\":\"https:\\\/\\\/buenosdiasbcs.com\\\/wp-content\\\/uploads\\\/2026\\\/01\\\/cropped-sol-96x96.png\",\"contentUrl\":\"https:\\\/\\\/buenosdiasbcs.com\\\/wp-content\\\/uploads\\\/2026\\\/01\\\/cropped-sol-96x96.png\",\"caption\":\"Edici\u00f3n Buenos D\u00edas\"},\"url\":\"https:\\\/\\\/buenosdiasbcs.com\\\/?author=2\"}]}<\/script>\n<!-- \/ Yoast SEO Premium plugin. -->","yoast_head_json":{"title":"Todos los alimentos que no se acostumbran a comer en Semana Santa - Buenos D&iacute;as BCS","robots":{"index":"index","follow":"follow","max-snippet":"max-snippet:-1","max-image-preview":"max-image-preview:large","max-video-preview":"max-video-preview:-1"},"canonical":"https:\/\/buenosdiasbcs.com\/?p=5203","og_locale":"es_ES","og_type":"article","og_title":"Todos los alimentos que no se acostumbran a comer en Semana Santa","og_description":"En muchos lugares de tradici\u00f3n cat\u00f3lica, durante Semana Santa se evita comer este tipo de alimentos La&nbsp;Semana&nbsp;Santa&nbsp;es&nbsp;periodo que comienza con...","og_url":"https:\/\/buenosdiasbcs.com\/?p=5203","og_site_name":"Buenos D&iacute;as BCS","article_published_time":"2026-03-13T07:57:00+00:00","author":"Edici\u00f3n Buenos D\u00edas","twitter_card":"summary_large_image","twitter_misc":{"Escrito por":"Edici\u00f3n Buenos D\u00edas","Tiempo de lectura":"3 minutos"},"schema":{"@context":"https:\/\/schema.org","@graph":[{"@type":"Article","@id":"https:\/\/buenosdiasbcs.com\/?p=5203#article","isPartOf":{"@id":"https:\/\/buenosdiasbcs.com\/?p=5203"},"author":{"name":"Edici\u00f3n Buenos D\u00edas","@id":"https:\/\/buenosdiasbcs.com\/#\/schema\/person\/15aedc247eab7070ee5d76d6d069a821"},"headline":"Todos los alimentos que no se acostumbran a comer en Semana Santa","datePublished":"2026-03-13T07:57:00+00:00","mainEntityOfPage":{"@id":"https:\/\/buenosdiasbcs.com\/?p=5203"},"wordCount":394,"commentCount":0,"publisher":{"@id":"https:\/\/buenosdiasbcs.com\/#organization"},"image":{"@id":"https:\/\/buenosdiasbcs.com\/?p=5203#primaryimage"},"thumbnailUrl":"https:\/\/buenosdiasbcs.com\/wp-content\/uploads\/2026\/03\/E66CMR2CFJHSPO35XDR3CBHP2A.jpg.avif","articleSection":["Cocina"],"inLanguage":"es","potentialAction":[{"@type":"CommentAction","name":"Comment","target":["https:\/\/buenosdiasbcs.com\/?p=5203#respond"]}]},{"@type":"WebPage","@id":"https:\/\/buenosdiasbcs.com\/?p=5203","url":"https:\/\/buenosdiasbcs.com\/?p=5203","name":"Todos los alimentos que no se acostumbran a comer en Semana Santa - Buenos D&iacute;as BCS","isPartOf":{"@id":"https:\/\/buenosdiasbcs.com\/#website"},"primaryImageOfPage":{"@id":"https:\/\/buenosdiasbcs.com\/?p=5203#primaryimage"},"image":{"@id":"https:\/\/buenosdiasbcs.com\/?p=5203#primaryimage"},"thumbnailUrl":"https:\/\/buenosdiasbcs.com\/wp-content\/uploads\/2026\/03\/E66CMR2CFJHSPO35XDR3CBHP2A.jpg.avif","datePublished":"2026-03-13T07:57:00+00:00","breadcrumb":{"@id":"https:\/\/buenosdiasbcs.com\/?p=5203#breadcrumb"},"inLanguage":"es","potentialAction":[{"@type":"ReadAction","target":["https:\/\/buenosdiasbcs.com\/?p=5203"]}]},{"@type":"ImageObject","inLanguage":"es","@id":"https:\/\/buenosdiasbcs.com\/?p=5203#primaryimage","url":"https:\/\/buenosdiasbcs.com\/wp-content\/uploads\/2026\/03\/E66CMR2CFJHSPO35XDR3CBHP2A.jpg.avif","contentUrl":"https:\/\/buenosdiasbcs.com\/wp-content\/uploads\/2026\/03\/E66CMR2CFJHSPO35XDR3CBHP2A.jpg.avif","width":999,"height":666},{"@type":"BreadcrumbList","@id":"https:\/\/buenosdiasbcs.com\/?p=5203#breadcrumb","itemListElement":[{"@type":"ListItem","position":1,"name":"Portada","item":"https:\/\/buenosdiasbcs.com\/"},{"@type":"ListItem","position":2,"name":"Todos los alimentos que no se acostumbran a comer en Semana Santa"}]},{"@type":"WebSite","@id":"https:\/\/buenosdiasbcs.com\/#website","url":"https:\/\/buenosdiasbcs.com\/","name":"Buenos D\u00edas BCS","description":"","publisher":{"@id":"https:\/\/buenosdiasbcs.com\/#organization"},"potentialAction":[{"@type":"SearchAction","target":{"@type":"EntryPoint","urlTemplate":"https:\/\/buenosdiasbcs.com\/?s={search_term_string}"},"query-input":{"@type":"PropertyValueSpecification","valueRequired":true,"valueName":"search_term_string"}}],"inLanguage":"es"},{"@type":"Organization","@id":"https:\/\/buenosdiasbcs.com\/#organization","name":"Buenos D\u00edas BCS","url":"https:\/\/buenosdiasbcs.com\/","logo":{"@type":"ImageObject","inLanguage":"es","@id":"https:\/\/buenosdiasbcs.com\/#\/schema\/logo\/image\/","url":"https:\/\/buenosdiasbcs.com\/wp-content\/uploads\/2026\/01\/logo-buenos-dias-40-01.png","contentUrl":"https:\/\/buenosdiasbcs.com\/wp-content\/uploads\/2026\/01\/logo-buenos-dias-40-01.png","width":277,"height":40,"caption":"Buenos D\u00edas BCS"},"image":{"@id":"https:\/\/buenosdiasbcs.com\/#\/schema\/logo\/image\/"}},{"@type":"Person","@id":"https:\/\/buenosdiasbcs.com\/#\/schema\/person\/15aedc247eab7070ee5d76d6d069a821","name":"Edici\u00f3n Buenos D\u00edas","image":{"@type":"ImageObject","inLanguage":"es","@id":"https:\/\/buenosdiasbcs.com\/wp-content\/uploads\/2026\/01\/cropped-sol-96x96.png","url":"https:\/\/buenosdiasbcs.com\/wp-content\/uploads\/2026\/01\/cropped-sol-96x96.png","contentUrl":"https:\/\/buenosdiasbcs.com\/wp-content\/uploads\/2026\/01\/cropped-sol-96x96.png","caption":"Edici\u00f3n Buenos D\u00edas"},"url":"https:\/\/buenosdiasbcs.com\/?author=2"}]}},"amp_enabled":true,"_links":{"self":[{"href":"https:\/\/buenosdiasbcs.com\/index.php?rest_route=\/wp\/v2\/posts\/5203","targetHints":{"allow":["GET"]}}],"collection":[{"href":"https:\/\/buenosdiasbcs.com\/index.php?rest_route=\/wp\/v2\/posts"}],"about":[{"href":"https:\/\/buenosdiasbcs.com\/index.php?rest_route=\/wp\/v2\/types\/post"}],"author":[{"embeddable":true,"href":"https:\/\/buenosdiasbcs.com\/index.php?rest_route=\/wp\/v2\/users\/2"}],"replies":[{"embeddable":true,"href":"https:\/\/buenosdiasbcs.com\/index.php?rest_route=%2Fwp%2Fv2%2Fcomments&post=5203"}],"version-history":[{"count":1,"href":"https:\/\/buenosdiasbcs.com\/index.php?rest_route=\/wp\/v2\/posts\/5203\/revisions"}],"predecessor-version":[{"id":5205,"href":"https:\/\/buenosdiasbcs.com\/index.php?rest_route=\/wp\/v2\/posts\/5203\/revisions\/5205"}],"wp:featuredmedia":[{"embeddable":true,"href":"https:\/\/buenosdiasbcs.com\/index.php?rest_route=\/wp\/v2\/media\/5204"}],"wp:attachment":[{"href":"https:\/\/buenosdiasbcs.com\/index.php?rest_route=%2Fwp%2Fv2%2Fmedia&parent=5203"}],"wp:term":[{"taxonomy":"category","embeddable":true,"href":"https:\/\/buenosdiasbcs.com\/index.php?rest_route=%2Fwp%2Fv2%2Fcategories&post=5203"},{"taxonomy":"post_tag","embeddable":true,"href":"https:\/\/buenosdiasbcs.com\/index.php?rest_route=%2Fwp%2Fv2%2Ftags&post=5203"}],"curies":[{"name":"wp","href":"https:\/\/api.w.org\/{rel}","templated":true}]}}