{"id":5200,"date":"2026-03-13T00:54:00","date_gmt":"2026-03-13T07:54:00","guid":{"rendered":"https:\/\/buenosdiasbcs.com\/?p=5200"},"modified":"2026-03-12T22:55:36","modified_gmt":"2026-03-13T05:55:36","slug":"sostiene-gobernador-encuentro-con-prestadores-de-servicios-turisticos-de-los-cabos-acuerda-reunion-con-marina","status":"publish","type":"post","link":"https:\/\/buenosdiasbcs.com\/?p=5200","title":{"rendered":"Sostiene Gobernador encuentro con prestadores de servicios tur\u00edsticos de Los Cabos; acuerda reuni\u00f3n con Marina"},"content":{"rendered":"\n<h2 class=\"wp-block-heading\" id=\"h-entre-los-planteamientos-expuestos-durante-dicho-espacio-se-destaco-el-tema-del-muelle-de-la-marina-y-el-movimiento-de-turistas-nauticos-el-cual-tambien-sera-abordado-en-el-acercamiento-con-el-secretario-de-marina\">Entre los planteamientos expuestos durante dicho espacio se destac\u00f3 el tema del muelle de la marina y el movimiento de turistas n\u00e1uticos, el cual tambi\u00e9n ser\u00e1 abordado en el acercamiento con el secretario de Marina.<\/h2>\n\n\n\n<p>Durante un encuentro con prestadores de servicios tur\u00edsticos vinculados a las actividades mar\u00edtimas en el municipio de Los Cabos, el gobernador V\u00edctor Manuel Castro Cos\u00edo inform\u00f3 que sus inquietudes y planteamientos ser\u00e1n atendidos en una reuni\u00f3n de trabajo con el secretario de Marina, almirante Raymundo Pedro Morales \u00c1ngeles.<\/p>\n\n\n\n<p>La sesi\u00f3n de trabajo se realiz\u00f3 este jueves en las instalaciones del Centro de Atenci\u00f3n al Turista de Cabo San Lucas, donde el mandatario sudcaliforniano dialog\u00f3 con empresarios del sector sobre los principales retos que enfrentan para el desarrollo de sus actividades.<\/p>\n\n\n\n<p>Asimismo, convoc\u00f3 a los prestadores de servicios del muelle 1, a fortalecer la organizaci\u00f3n y trabajar de manera conjunta para enfrentar los principales desaf\u00edos que inciden en su actividad.<\/p>\n\n\n\n<p>Al respecto, se\u00f1al\u00f3 que, en los temas que corresponden al \u00e1mbito estatal, existe plena disposici\u00f3n y compromiso para avanzar con orden; mientras que en aquellos de competencia federal se realizar\u00e1n las gestiones necesarias para lograr acuerdos que favorezcan a cada una de las partes.<\/p>\n\n\n\n<p>Entre los planteamientos expuestos durante dicho espacio se destac\u00f3 el tema del muelle de la marina y el movimiento de turistas n\u00e1uticos, el cual tambi\u00e9n ser\u00e1 abordado en el acercamiento con el secretario de Marina.<\/p>\n\n\n\n<p>El Gobernador estuvo acompa\u00f1ado por el titular de la Administraci\u00f3n Portuaria Integral (API), Narciso Ag\u00fandez G\u00f3mez; el representante del Gobierno del Estado en Los Cabos, Ren\u00e9 N\u00fa\u00f1ez Cos\u00edo; y la diputada Cristina Contreras Rebollo.<\/p>\n\n\n\n<p>Finalmente, Castro Cos\u00edo subray\u00f3 que la organizaci\u00f3n y la uni\u00f3n entre quienes integran este sector ser\u00e1n fundamentales para mejorar la imagen del destino y fortalecer la calidad de los servicios que se ofrecen a quienes visitan Baja California Sur.<\/p>\n","protected":false},"excerpt":{"rendered":"<p>Entre los planteamientos expuestos durante dicho espacio se destac\u00f3 el tema del muelle de la marina y el movimiento de&#8230;<\/p>\n","protected":false},"author":2,"featured_media":5201,"comment_status":"open","ping_status":"open","sticky":false,"template":"","format":"standard","meta":{"footnotes":""},"categories":[24],"tags":[],"class_list":["post-5200","post","type-post","status-publish","format-standard","has-post-thumbnail","hentry","category-gobierno"],"yoast_head":"<!-- This site is optimized with the Yoast SEO Premium plugin v26.8 (Yoast SEO v27.4) - https:\/\/yoast.com\/product\/yoast-seo-premium-wordpress\/ -->\n<title>Sostiene Gobernador encuentro con prestadores de servicios tur\u00edsticos de Los Cabos; acuerda reuni\u00f3n con Marina - Buenos D&iacute;as BCS<\/title>\n<meta name=\"robots\" content=\"index, follow, max-snippet:-1, max-image-preview:large, max-video-preview:-1\" \/>\n<link rel=\"canonical\" href=\"https:\/\/buenosdiasbcs.com\/?p=5200\" \/>\n<meta property=\"og:locale\" content=\"es_ES\" \/>\n<meta property=\"og:type\" content=\"article\" \/>\n<meta property=\"og:title\" content=\"Sostiene Gobernador encuentro con prestadores de servicios tur\u00edsticos de Los Cabos; acuerda reuni\u00f3n con Marina\" \/>\n<meta property=\"og:description\" content=\"Entre los planteamientos expuestos durante dicho espacio se destac\u00f3 el tema del muelle de la marina y el movimiento de...\" \/>\n<meta property=\"og:url\" content=\"https:\/\/buenosdiasbcs.com\/?p=5200\" \/>\n<meta property=\"og:site_name\" content=\"Buenos D&iacute;as BCS\" \/>\n<meta property=\"article:published_time\" content=\"2026-03-13T07:54:00+00:00\" \/>\n<meta property=\"og:image\" content=\"https:\/\/buenosdiasbcs.com\/wp-content\/uploads\/2026\/03\/WhatsApp-Image-2026-03-12-at-2.03.01-PM.jpeg\" \/>\n\t<meta property=\"og:image:width\" content=\"1002\" \/>\n\t<meta property=\"og:image:height\" content=\"823\" \/>\n\t<meta property=\"og:image:type\" content=\"image\/jpeg\" \/>\n<meta name=\"author\" content=\"Edici\u00f3n Buenos D\u00edas\" \/>\n<meta name=\"twitter:card\" content=\"summary_large_image\" \/>\n<meta name=\"twitter:label1\" content=\"Escrito por\" \/>\n\t<meta name=\"twitter:data1\" content=\"Edici\u00f3n Buenos D\u00edas\" \/>\n\t<meta name=\"twitter:label2\" content=\"Tiempo de lectura\" \/>\n\t<meta name=\"twitter:data2\" content=\"2 minutos\" \/>\n<script type=\"application\/ld+json\" class=\"yoast-schema-graph\">{\"@context\":\"https:\\\/\\\/schema.org\",\"@graph\":[{\"@type\":\"Article\",\"@id\":\"https:\\\/\\\/buenosdiasbcs.com\\\/?p=5200#article\",\"isPartOf\":{\"@id\":\"https:\\\/\\\/buenosdiasbcs.com\\\/?p=5200\"},\"author\":{\"name\":\"Edici\u00f3n Buenos D\u00edas\",\"@id\":\"https:\\\/\\\/buenosdiasbcs.com\\\/#\\\/schema\\\/person\\\/15aedc247eab7070ee5d76d6d069a821\"},\"headline\":\"Sostiene Gobernador encuentro con prestadores de servicios tur\u00edsticos de Los Cabos; acuerda reuni\u00f3n con Marina\",\"datePublished\":\"2026-03-13T07:54:00+00:00\",\"mainEntityOfPage\":{\"@id\":\"https:\\\/\\\/buenosdiasbcs.com\\\/?p=5200\"},\"wordCount\":349,\"commentCount\":0,\"publisher\":{\"@id\":\"https:\\\/\\\/buenosdiasbcs.com\\\/#organization\"},\"image\":{\"@id\":\"https:\\\/\\\/buenosdiasbcs.com\\\/?p=5200#primaryimage\"},\"thumbnailUrl\":\"https:\\\/\\\/buenosdiasbcs.com\\\/wp-content\\\/uploads\\\/2026\\\/03\\\/WhatsApp-Image-2026-03-12-at-2.03.01-PM.jpeg\",\"articleSection\":[\"Gobierno\"],\"inLanguage\":\"es\",\"potentialAction\":[{\"@type\":\"CommentAction\",\"name\":\"Comment\",\"target\":[\"https:\\\/\\\/buenosdiasbcs.com\\\/?p=5200#respond\"]}]},{\"@type\":\"WebPage\",\"@id\":\"https:\\\/\\\/buenosdiasbcs.com\\\/?p=5200\",\"url\":\"https:\\\/\\\/buenosdiasbcs.com\\\/?p=5200\",\"name\":\"Sostiene Gobernador encuentro con prestadores de servicios tur\u00edsticos de Los Cabos; acuerda reuni\u00f3n con Marina - Buenos D&iacute;as BCS\",\"isPartOf\":{\"@id\":\"https:\\\/\\\/buenosdiasbcs.com\\\/#website\"},\"primaryImageOfPage\":{\"@id\":\"https:\\\/\\\/buenosdiasbcs.com\\\/?p=5200#primaryimage\"},\"image\":{\"@id\":\"https:\\\/\\\/buenosdiasbcs.com\\\/?p=5200#primaryimage\"},\"thumbnailUrl\":\"https:\\\/\\\/buenosdiasbcs.com\\\/wp-content\\\/uploads\\\/2026\\\/03\\\/WhatsApp-Image-2026-03-12-at-2.03.01-PM.jpeg\",\"datePublished\":\"2026-03-13T07:54:00+00:00\",\"breadcrumb\":{\"@id\":\"https:\\\/\\\/buenosdiasbcs.com\\\/?p=5200#breadcrumb\"},\"inLanguage\":\"es\",\"potentialAction\":[{\"@type\":\"ReadAction\",\"target\":[\"https:\\\/\\\/buenosdiasbcs.com\\\/?p=5200\"]}]},{\"@type\":\"ImageObject\",\"inLanguage\":\"es\",\"@id\":\"https:\\\/\\\/buenosdiasbcs.com\\\/?p=5200#primaryimage\",\"url\":\"https:\\\/\\\/buenosdiasbcs.com\\\/wp-content\\\/uploads\\\/2026\\\/03\\\/WhatsApp-Image-2026-03-12-at-2.03.01-PM.jpeg\",\"contentUrl\":\"https:\\\/\\\/buenosdiasbcs.com\\\/wp-content\\\/uploads\\\/2026\\\/03\\\/WhatsApp-Image-2026-03-12-at-2.03.01-PM.jpeg\",\"width\":1002,\"height\":823},{\"@type\":\"BreadcrumbList\",\"@id\":\"https:\\\/\\\/buenosdiasbcs.com\\\/?p=5200#breadcrumb\",\"itemListElement\":[{\"@type\":\"ListItem\",\"position\":1,\"name\":\"Portada\",\"item\":\"https:\\\/\\\/buenosdiasbcs.com\\\/\"},{\"@type\":\"ListItem\",\"position\":2,\"name\":\"Sostiene Gobernador encuentro con prestadores de servicios tur\u00edsticos de Los Cabos; acuerda reuni\u00f3n con Marina\"}]},{\"@type\":\"WebSite\",\"@id\":\"https:\\\/\\\/buenosdiasbcs.com\\\/#website\",\"url\":\"https:\\\/\\\/buenosdiasbcs.com\\\/\",\"name\":\"Buenos D\u00edas BCS\",\"description\":\"\",\"publisher\":{\"@id\":\"https:\\\/\\\/buenosdiasbcs.com\\\/#organization\"},\"potentialAction\":[{\"@type\":\"SearchAction\",\"target\":{\"@type\":\"EntryPoint\",\"urlTemplate\":\"https:\\\/\\\/buenosdiasbcs.com\\\/?s={search_term_string}\"},\"query-input\":{\"@type\":\"PropertyValueSpecification\",\"valueRequired\":true,\"valueName\":\"search_term_string\"}}],\"inLanguage\":\"es\"},{\"@type\":\"Organization\",\"@id\":\"https:\\\/\\\/buenosdiasbcs.com\\\/#organization\",\"name\":\"Buenos D\u00edas BCS\",\"url\":\"https:\\\/\\\/buenosdiasbcs.com\\\/\",\"logo\":{\"@type\":\"ImageObject\",\"inLanguage\":\"es\",\"@id\":\"https:\\\/\\\/buenosdiasbcs.com\\\/#\\\/schema\\\/logo\\\/image\\\/\",\"url\":\"https:\\\/\\\/buenosdiasbcs.com\\\/wp-content\\\/uploads\\\/2026\\\/01\\\/logo-buenos-dias-40-01.png\",\"contentUrl\":\"https:\\\/\\\/buenosdiasbcs.com\\\/wp-content\\\/uploads\\\/2026\\\/01\\\/logo-buenos-dias-40-01.png\",\"width\":277,\"height\":40,\"caption\":\"Buenos D\u00edas BCS\"},\"image\":{\"@id\":\"https:\\\/\\\/buenosdiasbcs.com\\\/#\\\/schema\\\/logo\\\/image\\\/\"}},{\"@type\":\"Person\",\"@id\":\"https:\\\/\\\/buenosdiasbcs.com\\\/#\\\/schema\\\/person\\\/15aedc247eab7070ee5d76d6d069a821\",\"name\":\"Edici\u00f3n Buenos D\u00edas\",\"image\":{\"@type\":\"ImageObject\",\"inLanguage\":\"es\",\"@id\":\"https:\\\/\\\/buenosdiasbcs.com\\\/wp-content\\\/uploads\\\/2026\\\/01\\\/cropped-sol-96x96.png\",\"url\":\"https:\\\/\\\/buenosdiasbcs.com\\\/wp-content\\\/uploads\\\/2026\\\/01\\\/cropped-sol-96x96.png\",\"contentUrl\":\"https:\\\/\\\/buenosdiasbcs.com\\\/wp-content\\\/uploads\\\/2026\\\/01\\\/cropped-sol-96x96.png\",\"caption\":\"Edici\u00f3n Buenos D\u00edas\"},\"url\":\"https:\\\/\\\/buenosdiasbcs.com\\\/?author=2\"}]}<\/script>\n<!-- \/ Yoast SEO Premium plugin. -->","yoast_head_json":{"title":"Sostiene Gobernador encuentro con prestadores de servicios tur\u00edsticos de Los Cabos; acuerda reuni\u00f3n con Marina - Buenos D&iacute;as BCS","robots":{"index":"index","follow":"follow","max-snippet":"max-snippet:-1","max-image-preview":"max-image-preview:large","max-video-preview":"max-video-preview:-1"},"canonical":"https:\/\/buenosdiasbcs.com\/?p=5200","og_locale":"es_ES","og_type":"article","og_title":"Sostiene Gobernador encuentro con prestadores de servicios tur\u00edsticos de Los Cabos; acuerda reuni\u00f3n con Marina","og_description":"Entre los planteamientos expuestos durante dicho espacio se destac\u00f3 el tema del muelle de la marina y el movimiento de...","og_url":"https:\/\/buenosdiasbcs.com\/?p=5200","og_site_name":"Buenos D&iacute;as BCS","article_published_time":"2026-03-13T07:54:00+00:00","og_image":[{"width":1002,"height":823,"url":"https:\/\/buenosdiasbcs.com\/wp-content\/uploads\/2026\/03\/WhatsApp-Image-2026-03-12-at-2.03.01-PM.jpeg","type":"image\/jpeg"}],"author":"Edici\u00f3n Buenos D\u00edas","twitter_card":"summary_large_image","twitter_misc":{"Escrito por":"Edici\u00f3n Buenos D\u00edas","Tiempo de lectura":"2 minutos"},"schema":{"@context":"https:\/\/schema.org","@graph":[{"@type":"Article","@id":"https:\/\/buenosdiasbcs.com\/?p=5200#article","isPartOf":{"@id":"https:\/\/buenosdiasbcs.com\/?p=5200"},"author":{"name":"Edici\u00f3n Buenos D\u00edas","@id":"https:\/\/buenosdiasbcs.com\/#\/schema\/person\/15aedc247eab7070ee5d76d6d069a821"},"headline":"Sostiene Gobernador encuentro con prestadores de servicios tur\u00edsticos de Los Cabos; acuerda reuni\u00f3n con Marina","datePublished":"2026-03-13T07:54:00+00:00","mainEntityOfPage":{"@id":"https:\/\/buenosdiasbcs.com\/?p=5200"},"wordCount":349,"commentCount":0,"publisher":{"@id":"https:\/\/buenosdiasbcs.com\/#organization"},"image":{"@id":"https:\/\/buenosdiasbcs.com\/?p=5200#primaryimage"},"thumbnailUrl":"https:\/\/buenosdiasbcs.com\/wp-content\/uploads\/2026\/03\/WhatsApp-Image-2026-03-12-at-2.03.01-PM.jpeg","articleSection":["Gobierno"],"inLanguage":"es","potentialAction":[{"@type":"CommentAction","name":"Comment","target":["https:\/\/buenosdiasbcs.com\/?p=5200#respond"]}]},{"@type":"WebPage","@id":"https:\/\/buenosdiasbcs.com\/?p=5200","url":"https:\/\/buenosdiasbcs.com\/?p=5200","name":"Sostiene Gobernador encuentro con prestadores de servicios tur\u00edsticos de Los Cabos; acuerda reuni\u00f3n con Marina - Buenos D&iacute;as BCS","isPartOf":{"@id":"https:\/\/buenosdiasbcs.com\/#website"},"primaryImageOfPage":{"@id":"https:\/\/buenosdiasbcs.com\/?p=5200#primaryimage"},"image":{"@id":"https:\/\/buenosdiasbcs.com\/?p=5200#primaryimage"},"thumbnailUrl":"https:\/\/buenosdiasbcs.com\/wp-content\/uploads\/2026\/03\/WhatsApp-Image-2026-03-12-at-2.03.01-PM.jpeg","datePublished":"2026-03-13T07:54:00+00:00","breadcrumb":{"@id":"https:\/\/buenosdiasbcs.com\/?p=5200#breadcrumb"},"inLanguage":"es","potentialAction":[{"@type":"ReadAction","target":["https:\/\/buenosdiasbcs.com\/?p=5200"]}]},{"@type":"ImageObject","inLanguage":"es","@id":"https:\/\/buenosdiasbcs.com\/?p=5200#primaryimage","url":"https:\/\/buenosdiasbcs.com\/wp-content\/uploads\/2026\/03\/WhatsApp-Image-2026-03-12-at-2.03.01-PM.jpeg","contentUrl":"https:\/\/buenosdiasbcs.com\/wp-content\/uploads\/2026\/03\/WhatsApp-Image-2026-03-12-at-2.03.01-PM.jpeg","width":1002,"height":823},{"@type":"BreadcrumbList","@id":"https:\/\/buenosdiasbcs.com\/?p=5200#breadcrumb","itemListElement":[{"@type":"ListItem","position":1,"name":"Portada","item":"https:\/\/buenosdiasbcs.com\/"},{"@type":"ListItem","position":2,"name":"Sostiene Gobernador encuentro con prestadores de servicios tur\u00edsticos de Los Cabos; acuerda reuni\u00f3n con Marina"}]},{"@type":"WebSite","@id":"https:\/\/buenosdiasbcs.com\/#website","url":"https:\/\/buenosdiasbcs.com\/","name":"Buenos D\u00edas BCS","description":"","publisher":{"@id":"https:\/\/buenosdiasbcs.com\/#organization"},"potentialAction":[{"@type":"SearchAction","target":{"@type":"EntryPoint","urlTemplate":"https:\/\/buenosdiasbcs.com\/?s={search_term_string}"},"query-input":{"@type":"PropertyValueSpecification","valueRequired":true,"valueName":"search_term_string"}}],"inLanguage":"es"},{"@type":"Organization","@id":"https:\/\/buenosdiasbcs.com\/#organization","name":"Buenos D\u00edas BCS","url":"https:\/\/buenosdiasbcs.com\/","logo":{"@type":"ImageObject","inLanguage":"es","@id":"https:\/\/buenosdiasbcs.com\/#\/schema\/logo\/image\/","url":"https:\/\/buenosdiasbcs.com\/wp-content\/uploads\/2026\/01\/logo-buenos-dias-40-01.png","contentUrl":"https:\/\/buenosdiasbcs.com\/wp-content\/uploads\/2026\/01\/logo-buenos-dias-40-01.png","width":277,"height":40,"caption":"Buenos D\u00edas BCS"},"image":{"@id":"https:\/\/buenosdiasbcs.com\/#\/schema\/logo\/image\/"}},{"@type":"Person","@id":"https:\/\/buenosdiasbcs.com\/#\/schema\/person\/15aedc247eab7070ee5d76d6d069a821","name":"Edici\u00f3n Buenos D\u00edas","image":{"@type":"ImageObject","inLanguage":"es","@id":"https:\/\/buenosdiasbcs.com\/wp-content\/uploads\/2026\/01\/cropped-sol-96x96.png","url":"https:\/\/buenosdiasbcs.com\/wp-content\/uploads\/2026\/01\/cropped-sol-96x96.png","contentUrl":"https:\/\/buenosdiasbcs.com\/wp-content\/uploads\/2026\/01\/cropped-sol-96x96.png","caption":"Edici\u00f3n Buenos D\u00edas"},"url":"https:\/\/buenosdiasbcs.com\/?author=2"}]}},"amp_enabled":true,"_links":{"self":[{"href":"https:\/\/buenosdiasbcs.com\/index.php?rest_route=\/wp\/v2\/posts\/5200","targetHints":{"allow":["GET"]}}],"collection":[{"href":"https:\/\/buenosdiasbcs.com\/index.php?rest_route=\/wp\/v2\/posts"}],"about":[{"href":"https:\/\/buenosdiasbcs.com\/index.php?rest_route=\/wp\/v2\/types\/post"}],"author":[{"embeddable":true,"href":"https:\/\/buenosdiasbcs.com\/index.php?rest_route=\/wp\/v2\/users\/2"}],"replies":[{"embeddable":true,"href":"https:\/\/buenosdiasbcs.com\/index.php?rest_route=%2Fwp%2Fv2%2Fcomments&post=5200"}],"version-history":[{"count":1,"href":"https:\/\/buenosdiasbcs.com\/index.php?rest_route=\/wp\/v2\/posts\/5200\/revisions"}],"predecessor-version":[{"id":5202,"href":"https:\/\/buenosdiasbcs.com\/index.php?rest_route=\/wp\/v2\/posts\/5200\/revisions\/5202"}],"wp:featuredmedia":[{"embeddable":true,"href":"https:\/\/buenosdiasbcs.com\/index.php?rest_route=\/wp\/v2\/media\/5201"}],"wp:attachment":[{"href":"https:\/\/buenosdiasbcs.com\/index.php?rest_route=%2Fwp%2Fv2%2Fmedia&parent=5200"}],"wp:term":[{"taxonomy":"category","embeddable":true,"href":"https:\/\/buenosdiasbcs.com\/index.php?rest_route=%2Fwp%2Fv2%2Fcategories&post=5200"},{"taxonomy":"post_tag","embeddable":true,"href":"https:\/\/buenosdiasbcs.com\/index.php?rest_route=%2Fwp%2Fv2%2Ftags&post=5200"}],"curies":[{"name":"wp","href":"https:\/\/api.w.org\/{rel}","templated":true}]}}