{"id":5197,"date":"2026-03-13T00:52:00","date_gmt":"2026-03-13T07:52:00","guid":{"rendered":"https:\/\/buenosdiasbcs.com\/?p=5197"},"modified":"2026-03-12T22:53:12","modified_gmt":"2026-03-13T05:53:12","slug":"inician-gobierno-del-estado-y-ayuntamiento-de-la-paz-pavimentacion-del-circuito-urbano-sur-oriente","status":"publish","type":"post","link":"https:\/\/buenosdiasbcs.com\/?p=5197","title":{"rendered":"Inician Gobierno del Estado y Ayuntamiento de La Paz pavimentaci\u00f3n del Circuito Urbano Sur-Oriente"},"content":{"rendered":"\n<h2 class=\"wp-block-heading\" id=\"h-el-proyecto-tambien-incluye-la-construccion-de-guarniciones-banquetas-y-muros-de-proteccion-para-fortalecer-la-seguridad-peatonal-asi-como-la-instalacion-de-alumbrado-publico-y-bolardos-como-parte-del-mobiliario-urbano\">El proyecto tambi\u00e9n incluye la construcci\u00f3n de guarniciones, banquetas y muros de protecci\u00f3n para fortalecer la seguridad peatonal, as\u00ed como la instalaci\u00f3n de alumbrado p\u00fablico y bolardos como parte del mobiliario urbano.<\/h2>\n\n\n\n<p>Con el objetivo de fortalecer la infraestructura social y mejorar la movilidad en zonas de mayor crecimiento de la capital, el Gobierno del Estado y el Ayuntamiento de La Paz dieron el banderazo de inicio a la segunda etapa del Circuito Urbano Sur-Oriente, vialidad estrat\u00e9gica que funcionar\u00e1 como alternativa al bulevar Forjadores.<\/p>\n\n\n\n<p>La secretaria de Planeaci\u00f3n Urbana, Infraestructura, Movilidad, Medio Ambiente y Recursos Naturales (SEPUIMM), Carolina Armenta Cervantes, inform\u00f3 que el proyecto se lleva a cabo de manera coordinada con el Ayuntamiento de La Paz, con una inversi\u00f3n total de 88.25 millones de pesos provenientes del Fideicomiso de Infraestructura Social, Tur\u00edstica y Equipamiento Urbano del Municipio de La Paz (FOIS).<\/p>\n\n\n\n<p>La intervenci\u00f3n contempla tres tramos; por parte de la SEPUIMM iniciaron trabajos preliminares de trazo y delimitaci\u00f3n de carriles en el segmento que va de la entrada a la colonia Valle del Mezquite al acceso del bulevar Pen\u00ednsula Sur, donde se prev\u00e9 pavimentaci\u00f3n con concreto hidr\u00e1ulico de alta resistencia para garantizar mayor durabilidad ante el flujo vehicular.<\/p>\n\n\n\n<p>El proyecto tambi\u00e9n incluye la construcci\u00f3n de guarniciones, banquetas y muros de protecci\u00f3n para fortalecer la seguridad peatonal, as\u00ed como la instalaci\u00f3n de alumbrado p\u00fablico y bolardos como parte del mobiliario urbano.<\/p>\n\n\n\n<p>Finalmente, la servidora p\u00fablica estatal agreg\u00f3 que se encuentra en proceso de licitaci\u00f3n el tramo correspondiente al entronque que permitir\u00e1 la interconexi\u00f3n final con la carretera a Los Planes.<\/p>\n","protected":false},"excerpt":{"rendered":"<p>El proyecto tambi\u00e9n incluye la construcci\u00f3n de guarniciones, banquetas y muros de protecci\u00f3n para fortalecer la seguridad peatonal, as\u00ed como&#8230;<\/p>\n","protected":false},"author":2,"featured_media":5198,"comment_status":"open","ping_status":"open","sticky":false,"template":"","format":"standard","meta":{"footnotes":""},"categories":[24],"tags":[],"class_list":["post-5197","post","type-post","status-publish","format-standard","has-post-thumbnail","hentry","category-gobierno"],"yoast_head":"<!-- This site is optimized with the Yoast SEO Premium plugin v26.8 (Yoast SEO v27.4) - https:\/\/yoast.com\/product\/yoast-seo-premium-wordpress\/ -->\n<title>Inician Gobierno del Estado y Ayuntamiento de La Paz pavimentaci\u00f3n del Circuito Urbano Sur-Oriente - Buenos D&iacute;as BCS<\/title>\n<meta name=\"robots\" content=\"index, follow, max-snippet:-1, max-image-preview:large, max-video-preview:-1\" \/>\n<link rel=\"canonical\" href=\"https:\/\/buenosdiasbcs.com\/?p=5197\" \/>\n<meta property=\"og:locale\" content=\"es_ES\" \/>\n<meta property=\"og:type\" content=\"article\" \/>\n<meta property=\"og:title\" content=\"Inician Gobierno del Estado y Ayuntamiento de La Paz pavimentaci\u00f3n del Circuito Urbano Sur-Oriente\" \/>\n<meta property=\"og:description\" content=\"El proyecto tambi\u00e9n incluye la construcci\u00f3n de guarniciones, banquetas y muros de protecci\u00f3n para fortalecer la seguridad peatonal, as\u00ed como...\" \/>\n<meta property=\"og:url\" content=\"https:\/\/buenosdiasbcs.com\/?p=5197\" \/>\n<meta property=\"og:site_name\" content=\"Buenos D&iacute;as BCS\" \/>\n<meta property=\"article:published_time\" content=\"2026-03-13T07:52:00+00:00\" \/>\n<meta property=\"og:image\" content=\"https:\/\/buenosdiasbcs.com\/wp-content\/uploads\/2026\/03\/WhatsApp-Image-2026-03-12-at-2.01.39-PM.jpeg\" \/>\n\t<meta property=\"og:image:width\" content=\"1600\" \/>\n\t<meta property=\"og:image:height\" content=\"1061\" \/>\n\t<meta property=\"og:image:type\" content=\"image\/jpeg\" \/>\n<meta name=\"author\" content=\"Edici\u00f3n Buenos D\u00edas\" \/>\n<meta name=\"twitter:card\" content=\"summary_large_image\" \/>\n<meta name=\"twitter:label1\" content=\"Escrito por\" \/>\n\t<meta name=\"twitter:data1\" content=\"Edici\u00f3n Buenos D\u00edas\" \/>\n\t<meta name=\"twitter:label2\" content=\"Tiempo de lectura\" \/>\n\t<meta name=\"twitter:data2\" content=\"2 minutos\" \/>\n<script type=\"application\/ld+json\" class=\"yoast-schema-graph\">{\"@context\":\"https:\\\/\\\/schema.org\",\"@graph\":[{\"@type\":\"Article\",\"@id\":\"https:\\\/\\\/buenosdiasbcs.com\\\/?p=5197#article\",\"isPartOf\":{\"@id\":\"https:\\\/\\\/buenosdiasbcs.com\\\/?p=5197\"},\"author\":{\"name\":\"Edici\u00f3n Buenos D\u00edas\",\"@id\":\"https:\\\/\\\/buenosdiasbcs.com\\\/#\\\/schema\\\/person\\\/15aedc247eab7070ee5d76d6d069a821\"},\"headline\":\"Inician Gobierno del Estado y Ayuntamiento de La Paz pavimentaci\u00f3n del Circuito Urbano Sur-Oriente\",\"datePublished\":\"2026-03-13T07:52:00+00:00\",\"mainEntityOfPage\":{\"@id\":\"https:\\\/\\\/buenosdiasbcs.com\\\/?p=5197\"},\"wordCount\":296,\"commentCount\":0,\"publisher\":{\"@id\":\"https:\\\/\\\/buenosdiasbcs.com\\\/#organization\"},\"image\":{\"@id\":\"https:\\\/\\\/buenosdiasbcs.com\\\/?p=5197#primaryimage\"},\"thumbnailUrl\":\"https:\\\/\\\/buenosdiasbcs.com\\\/wp-content\\\/uploads\\\/2026\\\/03\\\/WhatsApp-Image-2026-03-12-at-2.01.39-PM.jpeg\",\"articleSection\":[\"Gobierno\"],\"inLanguage\":\"es\",\"potentialAction\":[{\"@type\":\"CommentAction\",\"name\":\"Comment\",\"target\":[\"https:\\\/\\\/buenosdiasbcs.com\\\/?p=5197#respond\"]}]},{\"@type\":\"WebPage\",\"@id\":\"https:\\\/\\\/buenosdiasbcs.com\\\/?p=5197\",\"url\":\"https:\\\/\\\/buenosdiasbcs.com\\\/?p=5197\",\"name\":\"Inician Gobierno del Estado y Ayuntamiento de La Paz pavimentaci\u00f3n del Circuito Urbano Sur-Oriente - Buenos D&iacute;as BCS\",\"isPartOf\":{\"@id\":\"https:\\\/\\\/buenosdiasbcs.com\\\/#website\"},\"primaryImageOfPage\":{\"@id\":\"https:\\\/\\\/buenosdiasbcs.com\\\/?p=5197#primaryimage\"},\"image\":{\"@id\":\"https:\\\/\\\/buenosdiasbcs.com\\\/?p=5197#primaryimage\"},\"thumbnailUrl\":\"https:\\\/\\\/buenosdiasbcs.com\\\/wp-content\\\/uploads\\\/2026\\\/03\\\/WhatsApp-Image-2026-03-12-at-2.01.39-PM.jpeg\",\"datePublished\":\"2026-03-13T07:52:00+00:00\",\"breadcrumb\":{\"@id\":\"https:\\\/\\\/buenosdiasbcs.com\\\/?p=5197#breadcrumb\"},\"inLanguage\":\"es\",\"potentialAction\":[{\"@type\":\"ReadAction\",\"target\":[\"https:\\\/\\\/buenosdiasbcs.com\\\/?p=5197\"]}]},{\"@type\":\"ImageObject\",\"inLanguage\":\"es\",\"@id\":\"https:\\\/\\\/buenosdiasbcs.com\\\/?p=5197#primaryimage\",\"url\":\"https:\\\/\\\/buenosdiasbcs.com\\\/wp-content\\\/uploads\\\/2026\\\/03\\\/WhatsApp-Image-2026-03-12-at-2.01.39-PM.jpeg\",\"contentUrl\":\"https:\\\/\\\/buenosdiasbcs.com\\\/wp-content\\\/uploads\\\/2026\\\/03\\\/WhatsApp-Image-2026-03-12-at-2.01.39-PM.jpeg\",\"width\":1600,\"height\":1061},{\"@type\":\"BreadcrumbList\",\"@id\":\"https:\\\/\\\/buenosdiasbcs.com\\\/?p=5197#breadcrumb\",\"itemListElement\":[{\"@type\":\"ListItem\",\"position\":1,\"name\":\"Portada\",\"item\":\"https:\\\/\\\/buenosdiasbcs.com\\\/\"},{\"@type\":\"ListItem\",\"position\":2,\"name\":\"Inician Gobierno del Estado y Ayuntamiento de La Paz pavimentaci\u00f3n del Circuito Urbano Sur-Oriente\"}]},{\"@type\":\"WebSite\",\"@id\":\"https:\\\/\\\/buenosdiasbcs.com\\\/#website\",\"url\":\"https:\\\/\\\/buenosdiasbcs.com\\\/\",\"name\":\"Buenos D\u00edas BCS\",\"description\":\"\",\"publisher\":{\"@id\":\"https:\\\/\\\/buenosdiasbcs.com\\\/#organization\"},\"potentialAction\":[{\"@type\":\"SearchAction\",\"target\":{\"@type\":\"EntryPoint\",\"urlTemplate\":\"https:\\\/\\\/buenosdiasbcs.com\\\/?s={search_term_string}\"},\"query-input\":{\"@type\":\"PropertyValueSpecification\",\"valueRequired\":true,\"valueName\":\"search_term_string\"}}],\"inLanguage\":\"es\"},{\"@type\":\"Organization\",\"@id\":\"https:\\\/\\\/buenosdiasbcs.com\\\/#organization\",\"name\":\"Buenos D\u00edas BCS\",\"url\":\"https:\\\/\\\/buenosdiasbcs.com\\\/\",\"logo\":{\"@type\":\"ImageObject\",\"inLanguage\":\"es\",\"@id\":\"https:\\\/\\\/buenosdiasbcs.com\\\/#\\\/schema\\\/logo\\\/image\\\/\",\"url\":\"https:\\\/\\\/buenosdiasbcs.com\\\/wp-content\\\/uploads\\\/2026\\\/01\\\/logo-buenos-dias-40-01.png\",\"contentUrl\":\"https:\\\/\\\/buenosdiasbcs.com\\\/wp-content\\\/uploads\\\/2026\\\/01\\\/logo-buenos-dias-40-01.png\",\"width\":277,\"height\":40,\"caption\":\"Buenos D\u00edas BCS\"},\"image\":{\"@id\":\"https:\\\/\\\/buenosdiasbcs.com\\\/#\\\/schema\\\/logo\\\/image\\\/\"}},{\"@type\":\"Person\",\"@id\":\"https:\\\/\\\/buenosdiasbcs.com\\\/#\\\/schema\\\/person\\\/15aedc247eab7070ee5d76d6d069a821\",\"name\":\"Edici\u00f3n Buenos D\u00edas\",\"image\":{\"@type\":\"ImageObject\",\"inLanguage\":\"es\",\"@id\":\"https:\\\/\\\/buenosdiasbcs.com\\\/wp-content\\\/uploads\\\/2026\\\/01\\\/cropped-sol-96x96.png\",\"url\":\"https:\\\/\\\/buenosdiasbcs.com\\\/wp-content\\\/uploads\\\/2026\\\/01\\\/cropped-sol-96x96.png\",\"contentUrl\":\"https:\\\/\\\/buenosdiasbcs.com\\\/wp-content\\\/uploads\\\/2026\\\/01\\\/cropped-sol-96x96.png\",\"caption\":\"Edici\u00f3n Buenos D\u00edas\"},\"url\":\"https:\\\/\\\/buenosdiasbcs.com\\\/?author=2\"}]}<\/script>\n<!-- \/ Yoast SEO Premium plugin. -->","yoast_head_json":{"title":"Inician Gobierno del Estado y Ayuntamiento de La Paz pavimentaci\u00f3n del Circuito Urbano Sur-Oriente - Buenos D&iacute;as BCS","robots":{"index":"index","follow":"follow","max-snippet":"max-snippet:-1","max-image-preview":"max-image-preview:large","max-video-preview":"max-video-preview:-1"},"canonical":"https:\/\/buenosdiasbcs.com\/?p=5197","og_locale":"es_ES","og_type":"article","og_title":"Inician Gobierno del Estado y Ayuntamiento de La Paz pavimentaci\u00f3n del Circuito Urbano Sur-Oriente","og_description":"El proyecto tambi\u00e9n incluye la construcci\u00f3n de guarniciones, banquetas y muros de protecci\u00f3n para fortalecer la seguridad peatonal, as\u00ed como...","og_url":"https:\/\/buenosdiasbcs.com\/?p=5197","og_site_name":"Buenos D&iacute;as BCS","article_published_time":"2026-03-13T07:52:00+00:00","og_image":[{"width":1600,"height":1061,"url":"https:\/\/buenosdiasbcs.com\/wp-content\/uploads\/2026\/03\/WhatsApp-Image-2026-03-12-at-2.01.39-PM.jpeg","type":"image\/jpeg"}],"author":"Edici\u00f3n Buenos D\u00edas","twitter_card":"summary_large_image","twitter_misc":{"Escrito por":"Edici\u00f3n Buenos D\u00edas","Tiempo de lectura":"2 minutos"},"schema":{"@context":"https:\/\/schema.org","@graph":[{"@type":"Article","@id":"https:\/\/buenosdiasbcs.com\/?p=5197#article","isPartOf":{"@id":"https:\/\/buenosdiasbcs.com\/?p=5197"},"author":{"name":"Edici\u00f3n Buenos D\u00edas","@id":"https:\/\/buenosdiasbcs.com\/#\/schema\/person\/15aedc247eab7070ee5d76d6d069a821"},"headline":"Inician Gobierno del Estado y Ayuntamiento de La Paz pavimentaci\u00f3n del Circuito Urbano Sur-Oriente","datePublished":"2026-03-13T07:52:00+00:00","mainEntityOfPage":{"@id":"https:\/\/buenosdiasbcs.com\/?p=5197"},"wordCount":296,"commentCount":0,"publisher":{"@id":"https:\/\/buenosdiasbcs.com\/#organization"},"image":{"@id":"https:\/\/buenosdiasbcs.com\/?p=5197#primaryimage"},"thumbnailUrl":"https:\/\/buenosdiasbcs.com\/wp-content\/uploads\/2026\/03\/WhatsApp-Image-2026-03-12-at-2.01.39-PM.jpeg","articleSection":["Gobierno"],"inLanguage":"es","potentialAction":[{"@type":"CommentAction","name":"Comment","target":["https:\/\/buenosdiasbcs.com\/?p=5197#respond"]}]},{"@type":"WebPage","@id":"https:\/\/buenosdiasbcs.com\/?p=5197","url":"https:\/\/buenosdiasbcs.com\/?p=5197","name":"Inician Gobierno del Estado y Ayuntamiento de La Paz pavimentaci\u00f3n del Circuito Urbano Sur-Oriente - Buenos D&iacute;as BCS","isPartOf":{"@id":"https:\/\/buenosdiasbcs.com\/#website"},"primaryImageOfPage":{"@id":"https:\/\/buenosdiasbcs.com\/?p=5197#primaryimage"},"image":{"@id":"https:\/\/buenosdiasbcs.com\/?p=5197#primaryimage"},"thumbnailUrl":"https:\/\/buenosdiasbcs.com\/wp-content\/uploads\/2026\/03\/WhatsApp-Image-2026-03-12-at-2.01.39-PM.jpeg","datePublished":"2026-03-13T07:52:00+00:00","breadcrumb":{"@id":"https:\/\/buenosdiasbcs.com\/?p=5197#breadcrumb"},"inLanguage":"es","potentialAction":[{"@type":"ReadAction","target":["https:\/\/buenosdiasbcs.com\/?p=5197"]}]},{"@type":"ImageObject","inLanguage":"es","@id":"https:\/\/buenosdiasbcs.com\/?p=5197#primaryimage","url":"https:\/\/buenosdiasbcs.com\/wp-content\/uploads\/2026\/03\/WhatsApp-Image-2026-03-12-at-2.01.39-PM.jpeg","contentUrl":"https:\/\/buenosdiasbcs.com\/wp-content\/uploads\/2026\/03\/WhatsApp-Image-2026-03-12-at-2.01.39-PM.jpeg","width":1600,"height":1061},{"@type":"BreadcrumbList","@id":"https:\/\/buenosdiasbcs.com\/?p=5197#breadcrumb","itemListElement":[{"@type":"ListItem","position":1,"name":"Portada","item":"https:\/\/buenosdiasbcs.com\/"},{"@type":"ListItem","position":2,"name":"Inician Gobierno del Estado y Ayuntamiento de La Paz pavimentaci\u00f3n del Circuito Urbano Sur-Oriente"}]},{"@type":"WebSite","@id":"https:\/\/buenosdiasbcs.com\/#website","url":"https:\/\/buenosdiasbcs.com\/","name":"Buenos D\u00edas BCS","description":"","publisher":{"@id":"https:\/\/buenosdiasbcs.com\/#organization"},"potentialAction":[{"@type":"SearchAction","target":{"@type":"EntryPoint","urlTemplate":"https:\/\/buenosdiasbcs.com\/?s={search_term_string}"},"query-input":{"@type":"PropertyValueSpecification","valueRequired":true,"valueName":"search_term_string"}}],"inLanguage":"es"},{"@type":"Organization","@id":"https:\/\/buenosdiasbcs.com\/#organization","name":"Buenos D\u00edas BCS","url":"https:\/\/buenosdiasbcs.com\/","logo":{"@type":"ImageObject","inLanguage":"es","@id":"https:\/\/buenosdiasbcs.com\/#\/schema\/logo\/image\/","url":"https:\/\/buenosdiasbcs.com\/wp-content\/uploads\/2026\/01\/logo-buenos-dias-40-01.png","contentUrl":"https:\/\/buenosdiasbcs.com\/wp-content\/uploads\/2026\/01\/logo-buenos-dias-40-01.png","width":277,"height":40,"caption":"Buenos D\u00edas BCS"},"image":{"@id":"https:\/\/buenosdiasbcs.com\/#\/schema\/logo\/image\/"}},{"@type":"Person","@id":"https:\/\/buenosdiasbcs.com\/#\/schema\/person\/15aedc247eab7070ee5d76d6d069a821","name":"Edici\u00f3n Buenos D\u00edas","image":{"@type":"ImageObject","inLanguage":"es","@id":"https:\/\/buenosdiasbcs.com\/wp-content\/uploads\/2026\/01\/cropped-sol-96x96.png","url":"https:\/\/buenosdiasbcs.com\/wp-content\/uploads\/2026\/01\/cropped-sol-96x96.png","contentUrl":"https:\/\/buenosdiasbcs.com\/wp-content\/uploads\/2026\/01\/cropped-sol-96x96.png","caption":"Edici\u00f3n Buenos D\u00edas"},"url":"https:\/\/buenosdiasbcs.com\/?author=2"}]}},"amp_enabled":true,"_links":{"self":[{"href":"https:\/\/buenosdiasbcs.com\/index.php?rest_route=\/wp\/v2\/posts\/5197","targetHints":{"allow":["GET"]}}],"collection":[{"href":"https:\/\/buenosdiasbcs.com\/index.php?rest_route=\/wp\/v2\/posts"}],"about":[{"href":"https:\/\/buenosdiasbcs.com\/index.php?rest_route=\/wp\/v2\/types\/post"}],"author":[{"embeddable":true,"href":"https:\/\/buenosdiasbcs.com\/index.php?rest_route=\/wp\/v2\/users\/2"}],"replies":[{"embeddable":true,"href":"https:\/\/buenosdiasbcs.com\/index.php?rest_route=%2Fwp%2Fv2%2Fcomments&post=5197"}],"version-history":[{"count":1,"href":"https:\/\/buenosdiasbcs.com\/index.php?rest_route=\/wp\/v2\/posts\/5197\/revisions"}],"predecessor-version":[{"id":5199,"href":"https:\/\/buenosdiasbcs.com\/index.php?rest_route=\/wp\/v2\/posts\/5197\/revisions\/5199"}],"wp:featuredmedia":[{"embeddable":true,"href":"https:\/\/buenosdiasbcs.com\/index.php?rest_route=\/wp\/v2\/media\/5198"}],"wp:attachment":[{"href":"https:\/\/buenosdiasbcs.com\/index.php?rest_route=%2Fwp%2Fv2%2Fmedia&parent=5197"}],"wp:term":[{"taxonomy":"category","embeddable":true,"href":"https:\/\/buenosdiasbcs.com\/index.php?rest_route=%2Fwp%2Fv2%2Fcategories&post=5197"},{"taxonomy":"post_tag","embeddable":true,"href":"https:\/\/buenosdiasbcs.com\/index.php?rest_route=%2Fwp%2Fv2%2Ftags&post=5197"}],"curies":[{"name":"wp","href":"https:\/\/api.w.org\/{rel}","templated":true}]}}