{"id":5188,"date":"2026-03-13T00:42:00","date_gmt":"2026-03-13T07:42:00","guid":{"rendered":"https:\/\/buenosdiasbcs.com\/?p=5188"},"modified":"2026-03-12T22:45:13","modified_gmt":"2026-03-13T05:45:13","slug":"promueve-los-cabos-turismo-rural-y-nuevos-mercados-en-expocomer-panama-2026","status":"publish","type":"post","link":"https:\/\/buenosdiasbcs.com\/?p=5188","title":{"rendered":"Promueve Los Cabos turismo rural y nuevos mercados en EXPOCOMER Panam\u00e1 2026"},"content":{"rendered":"\n<h2 class=\"wp-block-heading\" id=\"h-el-regidor-viii-celestino-atienzo-beltran-senalo-que-esta-participacion-permite-seguir-promoviendo-a-los-cabos-mediante-alianzas-institucionales-y-acercamientos-estrategicos-que-fortalezcan-la-presencia-del-municipio-en-centroamerica-y-sudamerica\">El regidor VIII Celestino Atienzo Beltr\u00e1n se\u00f1al\u00f3 que esta participaci\u00f3n permite seguir promoviendo a Los Cabos mediante alianzas institucionales y acercamientos estrat\u00e9gicos que fortalezcan la presencia del municipio en Centroam\u00e9rica y Sudam\u00e9rica.<\/h2>\n\n\n\n<p>Los Cabos, Baja California Sur.\u2013\u00a0En el marco de la Exposici\u00f3n Comercial Internacional (EXPOCOMER) Panam\u00e1 2026, el XV Ayuntamiento de Los Cabos mantiene una agenda de trabajo orientada a la promoci\u00f3n tur\u00edstica y comercial del municipio, con el objetivo de abrir nuevas oportunidades de vinculaci\u00f3n en el mercado centroamericano y ampliar el posicionamiento del destino a nivel internacional.<\/p>\n\n\n\n<p>Durante la segunda jornada de actividades en la Ciudad de Panam\u00e1, la representaci\u00f3n de Los Cabos sostuvo encuentros estrat\u00e9gicos para consolidar alianzas que permitan impulsar la oferta tur\u00edstica del municipio, as\u00ed como fortalecer v\u00ednculos que generen beneficios para la econom\u00eda local. EXPOCOMER re\u00fane a delegaciones de m\u00e1s de 30 pa\u00edses, convirti\u00e9ndose en uno de los principales espacios de intercambio comercial y promoci\u00f3n de la regi\u00f3n.<\/p>\n\n\n\n<p>Como parte de esta agenda, el regidor VIII y presidente de la Comisi\u00f3n de Turismo, Celestino Atienzo Beltr\u00e1n;&nbsp;la directora general de Fomento Econ\u00f3mico, Abril Urueta Mart\u00ednez&nbsp;y&nbsp;la directora municipal de Turismo, Ana Gabriela Navarro Gonz\u00e1lez,&nbsp;sostuvieron una reuni\u00f3n de trabajo con Leydis Murillo, representante de PROMTUR Panam\u00e1, organismo responsable de la promoci\u00f3n tur\u00edstica internacional de ese pa\u00eds.<\/p>\n\n\n\n<p>Durante el encuentro se analizaron \u00e1reas de colaboraci\u00f3n para impulsar segmentos estrat\u00e9gicos como el turismo rural, el turismo sustentable y el turismo de aventura, con la intenci\u00f3n de diversificar la oferta de Los Cabos y proyectar nuevas experiencias que involucren a comunidades de distintas zonas del municipio.<\/p>\n\n\n\n<p>El regidor VIII Celestino Atienzo Beltr\u00e1n se\u00f1al\u00f3 que esta participaci\u00f3n permite seguir promoviendo a Los Cabos mediante alianzas institucionales y acercamientos estrat\u00e9gicos que fortalezcan la presencia del municipio en Centroam\u00e9rica y Sudam\u00e9rica.<\/p>\n\n\n\n<p>Asimismo, la embajadora de M\u00e9xico en Panam\u00e1, Claudia Pavlovich Arellano, reconoci\u00f3 el trabajo de promoci\u00f3n que realiza Los Cabos en esta feria internacional, destacando el inter\u00e9s de proyectar al destino m\u00e1s all\u00e1 de sus mercados tradicionales y ampliar su presencia en nuevas regiones.<\/p>\n\n\n\n<p>La directora municipal de Turismo, Ana Gabriela Navarro Gonz\u00e1lez, destac\u00f3 que la conectividad a\u00e9rea directa con Panam\u00e1 representa una oportunidad importante para promover a Los Cabos en nuevos mercados, acercando al destino a visitantes interesados&nbsp;en experiencias aut\u00e9nticas, en el contacto con la naturaleza y en una oferta tur\u00edstica m\u00e1s amplia.<\/p>\n\n\n\n<p>La comitiva oficial del Ayuntamiento de Los Cabos tambi\u00e9n est\u00e1 integrada por el jefe de Gabinete, Guillermo S\u00e1nchez Flores, quien junto con las \u00e1reas de Turismo y Fomento Econ\u00f3mico da seguimiento a esta estrategia de promoci\u00f3n internacional impulsada por el presidente municipal Christian Ag\u00fandez G\u00f3mez.<\/p>\n","protected":false},"excerpt":{"rendered":"<p>El regidor VIII Celestino Atienzo Beltr\u00e1n se\u00f1al\u00f3 que esta participaci\u00f3n permite seguir promoviendo a Los Cabos mediante alianzas institucionales y&#8230;<\/p>\n","protected":false},"author":2,"featured_media":5189,"comment_status":"open","ping_status":"open","sticky":false,"template":"","format":"standard","meta":{"footnotes":""},"categories":[31],"tags":[],"class_list":["post-5188","post","type-post","status-publish","format-standard","has-post-thumbnail","hentry","category-los-cabos"],"yoast_head":"<!-- This site is optimized with the Yoast SEO Premium plugin v26.8 (Yoast SEO v27.4) - https:\/\/yoast.com\/product\/yoast-seo-premium-wordpress\/ -->\n<title>Promueve Los Cabos turismo rural y nuevos mercados en EXPOCOMER Panam\u00e1 2026 - Buenos D&iacute;as BCS<\/title>\n<meta name=\"robots\" content=\"index, follow, max-snippet:-1, max-image-preview:large, max-video-preview:-1\" \/>\n<link rel=\"canonical\" href=\"https:\/\/buenosdiasbcs.com\/?p=5188\" \/>\n<meta property=\"og:locale\" content=\"es_ES\" \/>\n<meta property=\"og:type\" content=\"article\" \/>\n<meta property=\"og:title\" content=\"Promueve Los Cabos turismo rural y nuevos mercados en EXPOCOMER Panam\u00e1 2026\" \/>\n<meta property=\"og:description\" content=\"El regidor VIII Celestino Atienzo Beltr\u00e1n se\u00f1al\u00f3 que esta participaci\u00f3n permite seguir promoviendo a Los Cabos mediante alianzas institucionales y...\" \/>\n<meta property=\"og:url\" content=\"https:\/\/buenosdiasbcs.com\/?p=5188\" \/>\n<meta property=\"og:site_name\" content=\"Buenos D&iacute;as BCS\" \/>\n<meta property=\"article:published_time\" content=\"2026-03-13T07:42:00+00:00\" \/>\n<meta property=\"og:image\" content=\"https:\/\/buenosdiasbcs.com\/wp-content\/uploads\/2026\/03\/WhatsApp-Image-2026-03-11-at-10.28.25-p.m.-1-scaled-1.jpeg\" \/>\n\t<meta property=\"og:image:width\" content=\"1024\" \/>\n\t<meta property=\"og:image:height\" content=\"618\" \/>\n\t<meta property=\"og:image:type\" content=\"image\/jpeg\" \/>\n<meta name=\"author\" content=\"Edici\u00f3n Buenos D\u00edas\" \/>\n<meta name=\"twitter:card\" content=\"summary_large_image\" \/>\n<meta name=\"twitter:label1\" content=\"Escrito por\" \/>\n\t<meta name=\"twitter:data1\" content=\"Edici\u00f3n Buenos D\u00edas\" \/>\n\t<meta name=\"twitter:label2\" content=\"Tiempo de lectura\" \/>\n\t<meta name=\"twitter:data2\" content=\"3 minutos\" \/>\n<script type=\"application\/ld+json\" class=\"yoast-schema-graph\">{\"@context\":\"https:\\\/\\\/schema.org\",\"@graph\":[{\"@type\":\"Article\",\"@id\":\"https:\\\/\\\/buenosdiasbcs.com\\\/?p=5188#article\",\"isPartOf\":{\"@id\":\"https:\\\/\\\/buenosdiasbcs.com\\\/?p=5188\"},\"author\":{\"name\":\"Edici\u00f3n Buenos D\u00edas\",\"@id\":\"https:\\\/\\\/buenosdiasbcs.com\\\/#\\\/schema\\\/person\\\/15aedc247eab7070ee5d76d6d069a821\"},\"headline\":\"Promueve Los Cabos turismo rural y nuevos mercados en EXPOCOMER Panam\u00e1 2026\",\"datePublished\":\"2026-03-13T07:42:00+00:00\",\"mainEntityOfPage\":{\"@id\":\"https:\\\/\\\/buenosdiasbcs.com\\\/?p=5188\"},\"wordCount\":500,\"commentCount\":0,\"publisher\":{\"@id\":\"https:\\\/\\\/buenosdiasbcs.com\\\/#organization\"},\"image\":{\"@id\":\"https:\\\/\\\/buenosdiasbcs.com\\\/?p=5188#primaryimage\"},\"thumbnailUrl\":\"https:\\\/\\\/buenosdiasbcs.com\\\/wp-content\\\/uploads\\\/2026\\\/03\\\/WhatsApp-Image-2026-03-11-at-10.28.25-p.m.-1-scaled-1.jpeg\",\"articleSection\":[\"Los Cabos\"],\"inLanguage\":\"es\",\"potentialAction\":[{\"@type\":\"CommentAction\",\"name\":\"Comment\",\"target\":[\"https:\\\/\\\/buenosdiasbcs.com\\\/?p=5188#respond\"]}]},{\"@type\":\"WebPage\",\"@id\":\"https:\\\/\\\/buenosdiasbcs.com\\\/?p=5188\",\"url\":\"https:\\\/\\\/buenosdiasbcs.com\\\/?p=5188\",\"name\":\"Promueve Los Cabos turismo rural y nuevos mercados en EXPOCOMER Panam\u00e1 2026 - Buenos D&iacute;as BCS\",\"isPartOf\":{\"@id\":\"https:\\\/\\\/buenosdiasbcs.com\\\/#website\"},\"primaryImageOfPage\":{\"@id\":\"https:\\\/\\\/buenosdiasbcs.com\\\/?p=5188#primaryimage\"},\"image\":{\"@id\":\"https:\\\/\\\/buenosdiasbcs.com\\\/?p=5188#primaryimage\"},\"thumbnailUrl\":\"https:\\\/\\\/buenosdiasbcs.com\\\/wp-content\\\/uploads\\\/2026\\\/03\\\/WhatsApp-Image-2026-03-11-at-10.28.25-p.m.-1-scaled-1.jpeg\",\"datePublished\":\"2026-03-13T07:42:00+00:00\",\"breadcrumb\":{\"@id\":\"https:\\\/\\\/buenosdiasbcs.com\\\/?p=5188#breadcrumb\"},\"inLanguage\":\"es\",\"potentialAction\":[{\"@type\":\"ReadAction\",\"target\":[\"https:\\\/\\\/buenosdiasbcs.com\\\/?p=5188\"]}]},{\"@type\":\"ImageObject\",\"inLanguage\":\"es\",\"@id\":\"https:\\\/\\\/buenosdiasbcs.com\\\/?p=5188#primaryimage\",\"url\":\"https:\\\/\\\/buenosdiasbcs.com\\\/wp-content\\\/uploads\\\/2026\\\/03\\\/WhatsApp-Image-2026-03-11-at-10.28.25-p.m.-1-scaled-1.jpeg\",\"contentUrl\":\"https:\\\/\\\/buenosdiasbcs.com\\\/wp-content\\\/uploads\\\/2026\\\/03\\\/WhatsApp-Image-2026-03-11-at-10.28.25-p.m.-1-scaled-1.jpeg\",\"width\":1024,\"height\":618},{\"@type\":\"BreadcrumbList\",\"@id\":\"https:\\\/\\\/buenosdiasbcs.com\\\/?p=5188#breadcrumb\",\"itemListElement\":[{\"@type\":\"ListItem\",\"position\":1,\"name\":\"Portada\",\"item\":\"https:\\\/\\\/buenosdiasbcs.com\\\/\"},{\"@type\":\"ListItem\",\"position\":2,\"name\":\"Promueve Los Cabos turismo rural y nuevos mercados en EXPOCOMER Panam\u00e1 2026\"}]},{\"@type\":\"WebSite\",\"@id\":\"https:\\\/\\\/buenosdiasbcs.com\\\/#website\",\"url\":\"https:\\\/\\\/buenosdiasbcs.com\\\/\",\"name\":\"Buenos D\u00edas BCS\",\"description\":\"\",\"publisher\":{\"@id\":\"https:\\\/\\\/buenosdiasbcs.com\\\/#organization\"},\"potentialAction\":[{\"@type\":\"SearchAction\",\"target\":{\"@type\":\"EntryPoint\",\"urlTemplate\":\"https:\\\/\\\/buenosdiasbcs.com\\\/?s={search_term_string}\"},\"query-input\":{\"@type\":\"PropertyValueSpecification\",\"valueRequired\":true,\"valueName\":\"search_term_string\"}}],\"inLanguage\":\"es\"},{\"@type\":\"Organization\",\"@id\":\"https:\\\/\\\/buenosdiasbcs.com\\\/#organization\",\"name\":\"Buenos D\u00edas BCS\",\"url\":\"https:\\\/\\\/buenosdiasbcs.com\\\/\",\"logo\":{\"@type\":\"ImageObject\",\"inLanguage\":\"es\",\"@id\":\"https:\\\/\\\/buenosdiasbcs.com\\\/#\\\/schema\\\/logo\\\/image\\\/\",\"url\":\"https:\\\/\\\/buenosdiasbcs.com\\\/wp-content\\\/uploads\\\/2026\\\/01\\\/logo-buenos-dias-40-01.png\",\"contentUrl\":\"https:\\\/\\\/buenosdiasbcs.com\\\/wp-content\\\/uploads\\\/2026\\\/01\\\/logo-buenos-dias-40-01.png\",\"width\":277,\"height\":40,\"caption\":\"Buenos D\u00edas BCS\"},\"image\":{\"@id\":\"https:\\\/\\\/buenosdiasbcs.com\\\/#\\\/schema\\\/logo\\\/image\\\/\"}},{\"@type\":\"Person\",\"@id\":\"https:\\\/\\\/buenosdiasbcs.com\\\/#\\\/schema\\\/person\\\/15aedc247eab7070ee5d76d6d069a821\",\"name\":\"Edici\u00f3n Buenos D\u00edas\",\"image\":{\"@type\":\"ImageObject\",\"inLanguage\":\"es\",\"@id\":\"https:\\\/\\\/buenosdiasbcs.com\\\/wp-content\\\/uploads\\\/2026\\\/01\\\/cropped-sol-96x96.png\",\"url\":\"https:\\\/\\\/buenosdiasbcs.com\\\/wp-content\\\/uploads\\\/2026\\\/01\\\/cropped-sol-96x96.png\",\"contentUrl\":\"https:\\\/\\\/buenosdiasbcs.com\\\/wp-content\\\/uploads\\\/2026\\\/01\\\/cropped-sol-96x96.png\",\"caption\":\"Edici\u00f3n Buenos D\u00edas\"},\"url\":\"https:\\\/\\\/buenosdiasbcs.com\\\/?author=2\"}]}<\/script>\n<!-- \/ Yoast SEO Premium plugin. -->","yoast_head_json":{"title":"Promueve Los Cabos turismo rural y nuevos mercados en EXPOCOMER Panam\u00e1 2026 - Buenos D&iacute;as BCS","robots":{"index":"index","follow":"follow","max-snippet":"max-snippet:-1","max-image-preview":"max-image-preview:large","max-video-preview":"max-video-preview:-1"},"canonical":"https:\/\/buenosdiasbcs.com\/?p=5188","og_locale":"es_ES","og_type":"article","og_title":"Promueve Los Cabos turismo rural y nuevos mercados en EXPOCOMER Panam\u00e1 2026","og_description":"El regidor VIII Celestino Atienzo Beltr\u00e1n se\u00f1al\u00f3 que esta participaci\u00f3n permite seguir promoviendo a Los Cabos mediante alianzas institucionales y...","og_url":"https:\/\/buenosdiasbcs.com\/?p=5188","og_site_name":"Buenos D&iacute;as BCS","article_published_time":"2026-03-13T07:42:00+00:00","og_image":[{"width":1024,"height":618,"url":"https:\/\/buenosdiasbcs.com\/wp-content\/uploads\/2026\/03\/WhatsApp-Image-2026-03-11-at-10.28.25-p.m.-1-scaled-1.jpeg","type":"image\/jpeg"}],"author":"Edici\u00f3n Buenos D\u00edas","twitter_card":"summary_large_image","twitter_misc":{"Escrito por":"Edici\u00f3n Buenos D\u00edas","Tiempo de lectura":"3 minutos"},"schema":{"@context":"https:\/\/schema.org","@graph":[{"@type":"Article","@id":"https:\/\/buenosdiasbcs.com\/?p=5188#article","isPartOf":{"@id":"https:\/\/buenosdiasbcs.com\/?p=5188"},"author":{"name":"Edici\u00f3n Buenos D\u00edas","@id":"https:\/\/buenosdiasbcs.com\/#\/schema\/person\/15aedc247eab7070ee5d76d6d069a821"},"headline":"Promueve Los Cabos turismo rural y nuevos mercados en EXPOCOMER Panam\u00e1 2026","datePublished":"2026-03-13T07:42:00+00:00","mainEntityOfPage":{"@id":"https:\/\/buenosdiasbcs.com\/?p=5188"},"wordCount":500,"commentCount":0,"publisher":{"@id":"https:\/\/buenosdiasbcs.com\/#organization"},"image":{"@id":"https:\/\/buenosdiasbcs.com\/?p=5188#primaryimage"},"thumbnailUrl":"https:\/\/buenosdiasbcs.com\/wp-content\/uploads\/2026\/03\/WhatsApp-Image-2026-03-11-at-10.28.25-p.m.-1-scaled-1.jpeg","articleSection":["Los Cabos"],"inLanguage":"es","potentialAction":[{"@type":"CommentAction","name":"Comment","target":["https:\/\/buenosdiasbcs.com\/?p=5188#respond"]}]},{"@type":"WebPage","@id":"https:\/\/buenosdiasbcs.com\/?p=5188","url":"https:\/\/buenosdiasbcs.com\/?p=5188","name":"Promueve Los Cabos turismo rural y nuevos mercados en EXPOCOMER Panam\u00e1 2026 - Buenos D&iacute;as BCS","isPartOf":{"@id":"https:\/\/buenosdiasbcs.com\/#website"},"primaryImageOfPage":{"@id":"https:\/\/buenosdiasbcs.com\/?p=5188#primaryimage"},"image":{"@id":"https:\/\/buenosdiasbcs.com\/?p=5188#primaryimage"},"thumbnailUrl":"https:\/\/buenosdiasbcs.com\/wp-content\/uploads\/2026\/03\/WhatsApp-Image-2026-03-11-at-10.28.25-p.m.-1-scaled-1.jpeg","datePublished":"2026-03-13T07:42:00+00:00","breadcrumb":{"@id":"https:\/\/buenosdiasbcs.com\/?p=5188#breadcrumb"},"inLanguage":"es","potentialAction":[{"@type":"ReadAction","target":["https:\/\/buenosdiasbcs.com\/?p=5188"]}]},{"@type":"ImageObject","inLanguage":"es","@id":"https:\/\/buenosdiasbcs.com\/?p=5188#primaryimage","url":"https:\/\/buenosdiasbcs.com\/wp-content\/uploads\/2026\/03\/WhatsApp-Image-2026-03-11-at-10.28.25-p.m.-1-scaled-1.jpeg","contentUrl":"https:\/\/buenosdiasbcs.com\/wp-content\/uploads\/2026\/03\/WhatsApp-Image-2026-03-11-at-10.28.25-p.m.-1-scaled-1.jpeg","width":1024,"height":618},{"@type":"BreadcrumbList","@id":"https:\/\/buenosdiasbcs.com\/?p=5188#breadcrumb","itemListElement":[{"@type":"ListItem","position":1,"name":"Portada","item":"https:\/\/buenosdiasbcs.com\/"},{"@type":"ListItem","position":2,"name":"Promueve Los Cabos turismo rural y nuevos mercados en EXPOCOMER Panam\u00e1 2026"}]},{"@type":"WebSite","@id":"https:\/\/buenosdiasbcs.com\/#website","url":"https:\/\/buenosdiasbcs.com\/","name":"Buenos D\u00edas BCS","description":"","publisher":{"@id":"https:\/\/buenosdiasbcs.com\/#organization"},"potentialAction":[{"@type":"SearchAction","target":{"@type":"EntryPoint","urlTemplate":"https:\/\/buenosdiasbcs.com\/?s={search_term_string}"},"query-input":{"@type":"PropertyValueSpecification","valueRequired":true,"valueName":"search_term_string"}}],"inLanguage":"es"},{"@type":"Organization","@id":"https:\/\/buenosdiasbcs.com\/#organization","name":"Buenos D\u00edas BCS","url":"https:\/\/buenosdiasbcs.com\/","logo":{"@type":"ImageObject","inLanguage":"es","@id":"https:\/\/buenosdiasbcs.com\/#\/schema\/logo\/image\/","url":"https:\/\/buenosdiasbcs.com\/wp-content\/uploads\/2026\/01\/logo-buenos-dias-40-01.png","contentUrl":"https:\/\/buenosdiasbcs.com\/wp-content\/uploads\/2026\/01\/logo-buenos-dias-40-01.png","width":277,"height":40,"caption":"Buenos D\u00edas BCS"},"image":{"@id":"https:\/\/buenosdiasbcs.com\/#\/schema\/logo\/image\/"}},{"@type":"Person","@id":"https:\/\/buenosdiasbcs.com\/#\/schema\/person\/15aedc247eab7070ee5d76d6d069a821","name":"Edici\u00f3n Buenos D\u00edas","image":{"@type":"ImageObject","inLanguage":"es","@id":"https:\/\/buenosdiasbcs.com\/wp-content\/uploads\/2026\/01\/cropped-sol-96x96.png","url":"https:\/\/buenosdiasbcs.com\/wp-content\/uploads\/2026\/01\/cropped-sol-96x96.png","contentUrl":"https:\/\/buenosdiasbcs.com\/wp-content\/uploads\/2026\/01\/cropped-sol-96x96.png","caption":"Edici\u00f3n Buenos D\u00edas"},"url":"https:\/\/buenosdiasbcs.com\/?author=2"}]}},"amp_enabled":true,"_links":{"self":[{"href":"https:\/\/buenosdiasbcs.com\/index.php?rest_route=\/wp\/v2\/posts\/5188","targetHints":{"allow":["GET"]}}],"collection":[{"href":"https:\/\/buenosdiasbcs.com\/index.php?rest_route=\/wp\/v2\/posts"}],"about":[{"href":"https:\/\/buenosdiasbcs.com\/index.php?rest_route=\/wp\/v2\/types\/post"}],"author":[{"embeddable":true,"href":"https:\/\/buenosdiasbcs.com\/index.php?rest_route=\/wp\/v2\/users\/2"}],"replies":[{"embeddable":true,"href":"https:\/\/buenosdiasbcs.com\/index.php?rest_route=%2Fwp%2Fv2%2Fcomments&post=5188"}],"version-history":[{"count":1,"href":"https:\/\/buenosdiasbcs.com\/index.php?rest_route=\/wp\/v2\/posts\/5188\/revisions"}],"predecessor-version":[{"id":5190,"href":"https:\/\/buenosdiasbcs.com\/index.php?rest_route=\/wp\/v2\/posts\/5188\/revisions\/5190"}],"wp:featuredmedia":[{"embeddable":true,"href":"https:\/\/buenosdiasbcs.com\/index.php?rest_route=\/wp\/v2\/media\/5189"}],"wp:attachment":[{"href":"https:\/\/buenosdiasbcs.com\/index.php?rest_route=%2Fwp%2Fv2%2Fmedia&parent=5188"}],"wp:term":[{"taxonomy":"category","embeddable":true,"href":"https:\/\/buenosdiasbcs.com\/index.php?rest_route=%2Fwp%2Fv2%2Fcategories&post=5188"},{"taxonomy":"post_tag","embeddable":true,"href":"https:\/\/buenosdiasbcs.com\/index.php?rest_route=%2Fwp%2Fv2%2Ftags&post=5188"}],"curies":[{"name":"wp","href":"https:\/\/api.w.org\/{rel}","templated":true}]}}