{"id":5182,"date":"2026-03-13T00:34:00","date_gmt":"2026-03-13T07:34:00","guid":{"rendered":"https:\/\/buenosdiasbcs.com\/?p=5182"},"modified":"2026-03-12T22:36:37","modified_gmt":"2026-03-13T05:36:37","slug":"crisis-diplomatica-espana-cesa-a-su-embajadora-en-israel","status":"publish","type":"post","link":"https:\/\/buenosdiasbcs.com\/?p=5182","title":{"rendered":"Crisis diplom\u00e1tica: Espa\u00f1a cesa a su embajadora en Israel"},"content":{"rendered":"\n<h2 class=\"wp-block-heading\" id=\"h-ana-maria-salomon-redujo-su-representacion-diplomatica-en-tel-aviv-en-medio-del-deterioro-de-relaciones-con-el-gobierno-de-benjamin-netanyahu\">Ana Mar\u00eda S\u00e1lomon, redujo su representaci\u00f3n diplom\u00e1tica en Tel Aviv en medio del deterioro de relaciones con el gobierno de Benjamin Netanyahu.<\/h2>\n\n\n\n<p>El gobierno de Espa\u00f1a decidi\u00f3 cesar a&nbsp;<strong>Ana Mar\u00eda S\u00e1lomon<\/strong>, quien se desempe\u00f1aba como embajadora en Israel, en una medida que refleja el deterioro de las relaciones diplom\u00e1ticas entre Madrid y el gobierno encabezado por&nbsp;<strong>Benjamin Netanyahu<\/strong>.<\/p>\n\n\n\n<p>La decisi\u00f3n fue aprobada por el Consejo de Ministros y publicada en el Bolet\u00edn Oficial del Estado, con lo que se formaliza la salida de la diplom\u00e1tica que hab\u00eda sido llamada a consultas meses atr\u00e1s debido a la creciente tensi\u00f3n entre ambos pa\u00edses.&nbsp;<\/p>\n\n\n\n<h2 class=\"wp-block-heading\" id=\"h-una-representacion-diplomatica-reducida\">Una representaci\u00f3n diplom\u00e1tica reducida<\/h2>\n\n\n\n<p>Con el cese de S\u00e1lomon, la embajada espa\u00f1ola en Tel Aviv queda temporalmente dirigida por un&nbsp;<strong>encargado de negocios<\/strong>, un nivel inferior dentro de la jerarqu\u00eda diplom\u00e1tica.<\/p>\n\n\n\n<p>La medida mantiene una situaci\u00f3n similar a la existente entre ambos pa\u00edses, ya que Israel tampoco cuenta actualmente con un embajador en Madrid y su representaci\u00f3n tambi\u00e9n est\u00e1 a cargo de un funcionario de menor rango.&nbsp;<\/p>\n\n\n\n<h2 class=\"wp-block-heading\" id=\"h-meses-de-fricciones-entre-madrid-y-tel-aviv\">Meses de fricciones entre Madrid y Tel Aviv<\/h2>\n\n\n\n<p>La salida de la embajadora ocurre despu\u00e9s de varios episodios de tensi\u00f3n diplom\u00e1tica entre Espa\u00f1a e Israel.<\/p>\n\n\n\n<p>S\u00e1lomon hab\u00eda sido llamada a consultas en septiembre de 2025 tras un intercambio de acusaciones entre ambos gobiernos y cr\u00edticas del Ejecutivo israel\u00ed hacia autoridades espa\u00f1olas.&nbsp;<\/p>\n\n\n\n<p>Las diferencias se profundizaron desde que el gobierno espa\u00f1ol reconoci\u00f3 oficialmente al&nbsp;<strong>Estado palestino en 2024<\/strong>, lo que llev\u00f3 a Israel a retirar tambi\u00e9n a su embajadora en Madrid.&nbsp;<\/p>\n\n\n\n<h2 class=\"wp-block-heading\" id=\"h-una-relacion-bilateral-en-un-momento-delicado\">Una relaci\u00f3n bilateral en un momento delicado<\/h2>\n\n\n\n<p>La decisi\u00f3n del Ejecutivo espa\u00f1ol consolida una etapa de&nbsp;<strong>distanciamiento diplom\u00e1tico entre ambos pa\u00edses<\/strong>, marcada por desacuerdos sobre la situaci\u00f3n en Medio Oriente y las posturas pol\u00edticas adoptadas por cada gobierno.<\/p>\n\n\n\n<p>Por ahora, Espa\u00f1a mantiene su misi\u00f3n diplom\u00e1tica en Israel sin un embajador designado, mientras contin\u00faan las tensiones con el gobierno israel\u00ed en el plano pol\u00edtico y diplom\u00e1tico.&nbsp;<\/p>\n\n\n\n<p><em>Con informaci\u00f3n de El Espa\u00f1ol.<\/em><\/p>\n","protected":false},"excerpt":{"rendered":"<p>Ana Mar\u00eda S\u00e1lomon, redujo su representaci\u00f3n diplom\u00e1tica en Tel Aviv en medio del deterioro de relaciones con el gobierno de&#8230;<\/p>\n","protected":false},"author":2,"featured_media":5183,"comment_status":"open","ping_status":"open","sticky":false,"template":"","format":"standard","meta":{"footnotes":""},"categories":[29],"tags":[],"class_list":["post-5182","post","type-post","status-publish","format-standard","has-post-thumbnail","hentry","category-internacional"],"yoast_head":"<!-- This site is optimized with the Yoast SEO Premium plugin v26.8 (Yoast SEO v27.4) - https:\/\/yoast.com\/product\/yoast-seo-premium-wordpress\/ -->\n<title>Crisis diplom\u00e1tica: Espa\u00f1a cesa a su embajadora en Israel - Buenos D&iacute;as BCS<\/title>\n<meta name=\"robots\" content=\"index, follow, max-snippet:-1, max-image-preview:large, max-video-preview:-1\" \/>\n<link rel=\"canonical\" href=\"https:\/\/buenosdiasbcs.com\/?p=5182\" \/>\n<meta property=\"og:locale\" content=\"es_ES\" \/>\n<meta property=\"og:type\" content=\"article\" \/>\n<meta property=\"og:title\" content=\"Crisis diplom\u00e1tica: Espa\u00f1a cesa a su embajadora en Israel\" \/>\n<meta property=\"og:description\" content=\"Ana Mar\u00eda S\u00e1lomon, redujo su representaci\u00f3n diplom\u00e1tica en Tel Aviv en medio del deterioro de relaciones con el gobierno de...\" \/>\n<meta property=\"og:url\" content=\"https:\/\/buenosdiasbcs.com\/?p=5182\" \/>\n<meta property=\"og:site_name\" content=\"Buenos D&iacute;as BCS\" \/>\n<meta property=\"article:published_time\" content=\"2026-03-13T07:34:00+00:00\" \/>\n<meta property=\"og:image\" content=\"https:\/\/buenosdiasbcs.com\/wp-content\/uploads\/2026\/03\/Espana-cesa-a-la-embajadora-en-Tel-Aviv-y-rebaja-su-representacion-diplomatica-en-Israel.jpg\" \/>\n\t<meta property=\"og:image:width\" content=\"1200\" \/>\n\t<meta property=\"og:image:height\" content=\"800\" \/>\n\t<meta property=\"og:image:type\" content=\"image\/jpeg\" \/>\n<meta name=\"author\" content=\"Edici\u00f3n Buenos D\u00edas\" \/>\n<meta name=\"twitter:card\" content=\"summary_large_image\" \/>\n<meta name=\"twitter:label1\" content=\"Escrito por\" \/>\n\t<meta name=\"twitter:data1\" content=\"Edici\u00f3n Buenos D\u00edas\" \/>\n\t<meta name=\"twitter:label2\" content=\"Tiempo de lectura\" \/>\n\t<meta name=\"twitter:data2\" content=\"2 minutos\" \/>\n<script type=\"application\/ld+json\" class=\"yoast-schema-graph\">{\"@context\":\"https:\\\/\\\/schema.org\",\"@graph\":[{\"@type\":\"Article\",\"@id\":\"https:\\\/\\\/buenosdiasbcs.com\\\/?p=5182#article\",\"isPartOf\":{\"@id\":\"https:\\\/\\\/buenosdiasbcs.com\\\/?p=5182\"},\"author\":{\"name\":\"Edici\u00f3n Buenos D\u00edas\",\"@id\":\"https:\\\/\\\/buenosdiasbcs.com\\\/#\\\/schema\\\/person\\\/15aedc247eab7070ee5d76d6d069a821\"},\"headline\":\"Crisis diplom\u00e1tica: Espa\u00f1a cesa a su embajadora en Israel\",\"datePublished\":\"2026-03-13T07:34:00+00:00\",\"mainEntityOfPage\":{\"@id\":\"https:\\\/\\\/buenosdiasbcs.com\\\/?p=5182\"},\"wordCount\":389,\"commentCount\":0,\"publisher\":{\"@id\":\"https:\\\/\\\/buenosdiasbcs.com\\\/#organization\"},\"image\":{\"@id\":\"https:\\\/\\\/buenosdiasbcs.com\\\/?p=5182#primaryimage\"},\"thumbnailUrl\":\"https:\\\/\\\/buenosdiasbcs.com\\\/wp-content\\\/uploads\\\/2026\\\/03\\\/Espana-cesa-a-la-embajadora-en-Tel-Aviv-y-rebaja-su-representacion-diplomatica-en-Israel.jpg\",\"articleSection\":[\"Internacional\"],\"inLanguage\":\"es\",\"potentialAction\":[{\"@type\":\"CommentAction\",\"name\":\"Comment\",\"target\":[\"https:\\\/\\\/buenosdiasbcs.com\\\/?p=5182#respond\"]}]},{\"@type\":\"WebPage\",\"@id\":\"https:\\\/\\\/buenosdiasbcs.com\\\/?p=5182\",\"url\":\"https:\\\/\\\/buenosdiasbcs.com\\\/?p=5182\",\"name\":\"Crisis diplom\u00e1tica: Espa\u00f1a cesa a su embajadora en Israel - Buenos D&iacute;as BCS\",\"isPartOf\":{\"@id\":\"https:\\\/\\\/buenosdiasbcs.com\\\/#website\"},\"primaryImageOfPage\":{\"@id\":\"https:\\\/\\\/buenosdiasbcs.com\\\/?p=5182#primaryimage\"},\"image\":{\"@id\":\"https:\\\/\\\/buenosdiasbcs.com\\\/?p=5182#primaryimage\"},\"thumbnailUrl\":\"https:\\\/\\\/buenosdiasbcs.com\\\/wp-content\\\/uploads\\\/2026\\\/03\\\/Espana-cesa-a-la-embajadora-en-Tel-Aviv-y-rebaja-su-representacion-diplomatica-en-Israel.jpg\",\"datePublished\":\"2026-03-13T07:34:00+00:00\",\"breadcrumb\":{\"@id\":\"https:\\\/\\\/buenosdiasbcs.com\\\/?p=5182#breadcrumb\"},\"inLanguage\":\"es\",\"potentialAction\":[{\"@type\":\"ReadAction\",\"target\":[\"https:\\\/\\\/buenosdiasbcs.com\\\/?p=5182\"]}]},{\"@type\":\"ImageObject\",\"inLanguage\":\"es\",\"@id\":\"https:\\\/\\\/buenosdiasbcs.com\\\/?p=5182#primaryimage\",\"url\":\"https:\\\/\\\/buenosdiasbcs.com\\\/wp-content\\\/uploads\\\/2026\\\/03\\\/Espana-cesa-a-la-embajadora-en-Tel-Aviv-y-rebaja-su-representacion-diplomatica-en-Israel.jpg\",\"contentUrl\":\"https:\\\/\\\/buenosdiasbcs.com\\\/wp-content\\\/uploads\\\/2026\\\/03\\\/Espana-cesa-a-la-embajadora-en-Tel-Aviv-y-rebaja-su-representacion-diplomatica-en-Israel.jpg\",\"width\":1200,\"height\":800},{\"@type\":\"BreadcrumbList\",\"@id\":\"https:\\\/\\\/buenosdiasbcs.com\\\/?p=5182#breadcrumb\",\"itemListElement\":[{\"@type\":\"ListItem\",\"position\":1,\"name\":\"Portada\",\"item\":\"https:\\\/\\\/buenosdiasbcs.com\\\/\"},{\"@type\":\"ListItem\",\"position\":2,\"name\":\"Crisis diplom\u00e1tica: Espa\u00f1a cesa a su embajadora en Israel\"}]},{\"@type\":\"WebSite\",\"@id\":\"https:\\\/\\\/buenosdiasbcs.com\\\/#website\",\"url\":\"https:\\\/\\\/buenosdiasbcs.com\\\/\",\"name\":\"Buenos D\u00edas BCS\",\"description\":\"\",\"publisher\":{\"@id\":\"https:\\\/\\\/buenosdiasbcs.com\\\/#organization\"},\"potentialAction\":[{\"@type\":\"SearchAction\",\"target\":{\"@type\":\"EntryPoint\",\"urlTemplate\":\"https:\\\/\\\/buenosdiasbcs.com\\\/?s={search_term_string}\"},\"query-input\":{\"@type\":\"PropertyValueSpecification\",\"valueRequired\":true,\"valueName\":\"search_term_string\"}}],\"inLanguage\":\"es\"},{\"@type\":\"Organization\",\"@id\":\"https:\\\/\\\/buenosdiasbcs.com\\\/#organization\",\"name\":\"Buenos D\u00edas BCS\",\"url\":\"https:\\\/\\\/buenosdiasbcs.com\\\/\",\"logo\":{\"@type\":\"ImageObject\",\"inLanguage\":\"es\",\"@id\":\"https:\\\/\\\/buenosdiasbcs.com\\\/#\\\/schema\\\/logo\\\/image\\\/\",\"url\":\"https:\\\/\\\/buenosdiasbcs.com\\\/wp-content\\\/uploads\\\/2026\\\/01\\\/logo-buenos-dias-40-01.png\",\"contentUrl\":\"https:\\\/\\\/buenosdiasbcs.com\\\/wp-content\\\/uploads\\\/2026\\\/01\\\/logo-buenos-dias-40-01.png\",\"width\":277,\"height\":40,\"caption\":\"Buenos D\u00edas BCS\"},\"image\":{\"@id\":\"https:\\\/\\\/buenosdiasbcs.com\\\/#\\\/schema\\\/logo\\\/image\\\/\"}},{\"@type\":\"Person\",\"@id\":\"https:\\\/\\\/buenosdiasbcs.com\\\/#\\\/schema\\\/person\\\/15aedc247eab7070ee5d76d6d069a821\",\"name\":\"Edici\u00f3n Buenos D\u00edas\",\"image\":{\"@type\":\"ImageObject\",\"inLanguage\":\"es\",\"@id\":\"https:\\\/\\\/buenosdiasbcs.com\\\/wp-content\\\/uploads\\\/2026\\\/01\\\/cropped-sol-96x96.png\",\"url\":\"https:\\\/\\\/buenosdiasbcs.com\\\/wp-content\\\/uploads\\\/2026\\\/01\\\/cropped-sol-96x96.png\",\"contentUrl\":\"https:\\\/\\\/buenosdiasbcs.com\\\/wp-content\\\/uploads\\\/2026\\\/01\\\/cropped-sol-96x96.png\",\"caption\":\"Edici\u00f3n Buenos D\u00edas\"},\"url\":\"https:\\\/\\\/buenosdiasbcs.com\\\/?author=2\"}]}<\/script>\n<!-- \/ Yoast SEO Premium plugin. -->","yoast_head_json":{"title":"Crisis diplom\u00e1tica: Espa\u00f1a cesa a su embajadora en Israel - Buenos D&iacute;as BCS","robots":{"index":"index","follow":"follow","max-snippet":"max-snippet:-1","max-image-preview":"max-image-preview:large","max-video-preview":"max-video-preview:-1"},"canonical":"https:\/\/buenosdiasbcs.com\/?p=5182","og_locale":"es_ES","og_type":"article","og_title":"Crisis diplom\u00e1tica: Espa\u00f1a cesa a su embajadora en Israel","og_description":"Ana Mar\u00eda S\u00e1lomon, redujo su representaci\u00f3n diplom\u00e1tica en Tel Aviv en medio del deterioro de relaciones con el gobierno de...","og_url":"https:\/\/buenosdiasbcs.com\/?p=5182","og_site_name":"Buenos D&iacute;as BCS","article_published_time":"2026-03-13T07:34:00+00:00","og_image":[{"width":1200,"height":800,"url":"https:\/\/buenosdiasbcs.com\/wp-content\/uploads\/2026\/03\/Espana-cesa-a-la-embajadora-en-Tel-Aviv-y-rebaja-su-representacion-diplomatica-en-Israel.jpg","type":"image\/jpeg"}],"author":"Edici\u00f3n Buenos D\u00edas","twitter_card":"summary_large_image","twitter_misc":{"Escrito por":"Edici\u00f3n Buenos D\u00edas","Tiempo de lectura":"2 minutos"},"schema":{"@context":"https:\/\/schema.org","@graph":[{"@type":"Article","@id":"https:\/\/buenosdiasbcs.com\/?p=5182#article","isPartOf":{"@id":"https:\/\/buenosdiasbcs.com\/?p=5182"},"author":{"name":"Edici\u00f3n Buenos D\u00edas","@id":"https:\/\/buenosdiasbcs.com\/#\/schema\/person\/15aedc247eab7070ee5d76d6d069a821"},"headline":"Crisis diplom\u00e1tica: Espa\u00f1a cesa a su embajadora en Israel","datePublished":"2026-03-13T07:34:00+00:00","mainEntityOfPage":{"@id":"https:\/\/buenosdiasbcs.com\/?p=5182"},"wordCount":389,"commentCount":0,"publisher":{"@id":"https:\/\/buenosdiasbcs.com\/#organization"},"image":{"@id":"https:\/\/buenosdiasbcs.com\/?p=5182#primaryimage"},"thumbnailUrl":"https:\/\/buenosdiasbcs.com\/wp-content\/uploads\/2026\/03\/Espana-cesa-a-la-embajadora-en-Tel-Aviv-y-rebaja-su-representacion-diplomatica-en-Israel.jpg","articleSection":["Internacional"],"inLanguage":"es","potentialAction":[{"@type":"CommentAction","name":"Comment","target":["https:\/\/buenosdiasbcs.com\/?p=5182#respond"]}]},{"@type":"WebPage","@id":"https:\/\/buenosdiasbcs.com\/?p=5182","url":"https:\/\/buenosdiasbcs.com\/?p=5182","name":"Crisis diplom\u00e1tica: Espa\u00f1a cesa a su embajadora en Israel - Buenos D&iacute;as BCS","isPartOf":{"@id":"https:\/\/buenosdiasbcs.com\/#website"},"primaryImageOfPage":{"@id":"https:\/\/buenosdiasbcs.com\/?p=5182#primaryimage"},"image":{"@id":"https:\/\/buenosdiasbcs.com\/?p=5182#primaryimage"},"thumbnailUrl":"https:\/\/buenosdiasbcs.com\/wp-content\/uploads\/2026\/03\/Espana-cesa-a-la-embajadora-en-Tel-Aviv-y-rebaja-su-representacion-diplomatica-en-Israel.jpg","datePublished":"2026-03-13T07:34:00+00:00","breadcrumb":{"@id":"https:\/\/buenosdiasbcs.com\/?p=5182#breadcrumb"},"inLanguage":"es","potentialAction":[{"@type":"ReadAction","target":["https:\/\/buenosdiasbcs.com\/?p=5182"]}]},{"@type":"ImageObject","inLanguage":"es","@id":"https:\/\/buenosdiasbcs.com\/?p=5182#primaryimage","url":"https:\/\/buenosdiasbcs.com\/wp-content\/uploads\/2026\/03\/Espana-cesa-a-la-embajadora-en-Tel-Aviv-y-rebaja-su-representacion-diplomatica-en-Israel.jpg","contentUrl":"https:\/\/buenosdiasbcs.com\/wp-content\/uploads\/2026\/03\/Espana-cesa-a-la-embajadora-en-Tel-Aviv-y-rebaja-su-representacion-diplomatica-en-Israel.jpg","width":1200,"height":800},{"@type":"BreadcrumbList","@id":"https:\/\/buenosdiasbcs.com\/?p=5182#breadcrumb","itemListElement":[{"@type":"ListItem","position":1,"name":"Portada","item":"https:\/\/buenosdiasbcs.com\/"},{"@type":"ListItem","position":2,"name":"Crisis diplom\u00e1tica: Espa\u00f1a cesa a su embajadora en Israel"}]},{"@type":"WebSite","@id":"https:\/\/buenosdiasbcs.com\/#website","url":"https:\/\/buenosdiasbcs.com\/","name":"Buenos D\u00edas BCS","description":"","publisher":{"@id":"https:\/\/buenosdiasbcs.com\/#organization"},"potentialAction":[{"@type":"SearchAction","target":{"@type":"EntryPoint","urlTemplate":"https:\/\/buenosdiasbcs.com\/?s={search_term_string}"},"query-input":{"@type":"PropertyValueSpecification","valueRequired":true,"valueName":"search_term_string"}}],"inLanguage":"es"},{"@type":"Organization","@id":"https:\/\/buenosdiasbcs.com\/#organization","name":"Buenos D\u00edas BCS","url":"https:\/\/buenosdiasbcs.com\/","logo":{"@type":"ImageObject","inLanguage":"es","@id":"https:\/\/buenosdiasbcs.com\/#\/schema\/logo\/image\/","url":"https:\/\/buenosdiasbcs.com\/wp-content\/uploads\/2026\/01\/logo-buenos-dias-40-01.png","contentUrl":"https:\/\/buenosdiasbcs.com\/wp-content\/uploads\/2026\/01\/logo-buenos-dias-40-01.png","width":277,"height":40,"caption":"Buenos D\u00edas BCS"},"image":{"@id":"https:\/\/buenosdiasbcs.com\/#\/schema\/logo\/image\/"}},{"@type":"Person","@id":"https:\/\/buenosdiasbcs.com\/#\/schema\/person\/15aedc247eab7070ee5d76d6d069a821","name":"Edici\u00f3n Buenos D\u00edas","image":{"@type":"ImageObject","inLanguage":"es","@id":"https:\/\/buenosdiasbcs.com\/wp-content\/uploads\/2026\/01\/cropped-sol-96x96.png","url":"https:\/\/buenosdiasbcs.com\/wp-content\/uploads\/2026\/01\/cropped-sol-96x96.png","contentUrl":"https:\/\/buenosdiasbcs.com\/wp-content\/uploads\/2026\/01\/cropped-sol-96x96.png","caption":"Edici\u00f3n Buenos D\u00edas"},"url":"https:\/\/buenosdiasbcs.com\/?author=2"}]}},"amp_enabled":true,"_links":{"self":[{"href":"https:\/\/buenosdiasbcs.com\/index.php?rest_route=\/wp\/v2\/posts\/5182","targetHints":{"allow":["GET"]}}],"collection":[{"href":"https:\/\/buenosdiasbcs.com\/index.php?rest_route=\/wp\/v2\/posts"}],"about":[{"href":"https:\/\/buenosdiasbcs.com\/index.php?rest_route=\/wp\/v2\/types\/post"}],"author":[{"embeddable":true,"href":"https:\/\/buenosdiasbcs.com\/index.php?rest_route=\/wp\/v2\/users\/2"}],"replies":[{"embeddable":true,"href":"https:\/\/buenosdiasbcs.com\/index.php?rest_route=%2Fwp%2Fv2%2Fcomments&post=5182"}],"version-history":[{"count":1,"href":"https:\/\/buenosdiasbcs.com\/index.php?rest_route=\/wp\/v2\/posts\/5182\/revisions"}],"predecessor-version":[{"id":5184,"href":"https:\/\/buenosdiasbcs.com\/index.php?rest_route=\/wp\/v2\/posts\/5182\/revisions\/5184"}],"wp:featuredmedia":[{"embeddable":true,"href":"https:\/\/buenosdiasbcs.com\/index.php?rest_route=\/wp\/v2\/media\/5183"}],"wp:attachment":[{"href":"https:\/\/buenosdiasbcs.com\/index.php?rest_route=%2Fwp%2Fv2%2Fmedia&parent=5182"}],"wp:term":[{"taxonomy":"category","embeddable":true,"href":"https:\/\/buenosdiasbcs.com\/index.php?rest_route=%2Fwp%2Fv2%2Fcategories&post=5182"},{"taxonomy":"post_tag","embeddable":true,"href":"https:\/\/buenosdiasbcs.com\/index.php?rest_route=%2Fwp%2Fv2%2Ftags&post=5182"}],"curies":[{"name":"wp","href":"https:\/\/api.w.org\/{rel}","templated":true}]}}