{"id":5176,"date":"2026-03-13T00:26:00","date_gmt":"2026-03-13T07:26:00","guid":{"rendered":"https:\/\/buenosdiasbcs.com\/?p=5176"},"modified":"2026-03-12T22:28:34","modified_gmt":"2026-03-13T05:28:34","slug":"corte-suprema-de-brasil-veta-visita-de-asesor-de-donald-trump-a-jair-bolsonaro-en-prision","status":"publish","type":"post","link":"https:\/\/buenosdiasbcs.com\/?p=5176","title":{"rendered":"Corte Suprema de Brasil veta visita de asesor de Donald Trump a Jair Bolsonaro en prisi\u00f3n"},"content":{"rendered":"\n<h2 class=\"wp-block-heading\" id=\"h-el-encuentro-estaba-pactado-para-el-proximo-miercoles-pero-la-defensa-de-bolsonaro-solicito-adelantar-la-fecha-por-motivos-de-agenda\">El encuentro estaba pactado para el pr\u00f3ximo mi\u00e9rcoles, pero la defensa de Bolsonaro solicit\u00f3 adelantar la fecha por &#8220;motivos de agenda&#8221;<\/h2>\n\n\n\n<p><strong>Brasil.\u2013&nbsp;<\/strong>En un giro inesperado, el Tribunal Supremo de Brasil revoc\u00f3 este jueves la autorizaci\u00f3n para que Darren Beattie, asesor senior del presidente estadounidense Donald Trump, se reuniera con el exmandatario Jair Bolsonaro en la c\u00e1rcel de Brasilia. La decisi\u00f3n se produce apenas 48 horas despu\u00e9s de haber concedido el permiso inicial.<\/p>\n\n\n\n<h3 class=\"wp-block-heading\" id=\"h-los-motivos-del-reves-judicial\">Los motivos del rev\u00e9s judicial<\/h3>\n\n\n\n<p>El magistrado&nbsp;<strong>Alexandre de Moraes<\/strong>, relator del caso, fundament\u00f3 la prohibici\u00f3n en un informe de la Canciller\u00eda brasile\u00f1a que revel\u00f3 irregularidades en los protocolos diplom\u00e1ticos del funcionario norteamericano. Seg\u00fan el fallo, Beattie omiti\u00f3 su intenci\u00f3n de visitar al l\u00edder ultraderechista al tramitar su ingreso al pa\u00eds.<\/p>\n\n\n\n<blockquote class=\"wp-block-quote is-layout-flow wp-block-quote-is-layout-flow\">\n<p>\u201d&nbsp;\u201cLa visita no est\u00e1 incluida en el contexto diplom\u00e1tico que autoriz\u00f3 su visado y no fue comunicada previamente a las autoridades brasile\u00f1as\u201d, se\u00f1al\u00f3 De Moraes, advirtiendo que esta omisi\u00f3n podr\u00eda derivar en la reevaluaci\u00f3n de la estancia del asesor en territorio nacional.<\/p>\n<\/blockquote>\n\n\n\n<h3 class=\"wp-block-heading\" id=\"h-alerta-por-injerencia-electoral\">Alerta por injerencia electoral<\/h3>\n\n\n\n<p>El Ministerio de Relaciones Exteriores de Brasil, encabezado por&nbsp;<strong>Mauro Vieira<\/strong>, intervino en el proceso advirtiendo sobre el impacto pol\u00edtico del encuentro. El canciller subray\u00f3 que la visita de un funcionario extranjero a un exmandatario preso \u2014en pleno a\u00f1o electoral\u2014 podr\u00eda interpretarse como una&nbsp;<strong>injerencia indebida<\/strong>&nbsp;en los asuntos internos de Brasil.<\/p>\n\n\n\n<p>Cabe recordar que Brasil celebrar\u00e1 elecciones presidenciales en octubre, donde el actual presidente Luiz In\u00e1cio Lula da Silva y el senador&nbsp;<strong>Fl\u00e1vio Bolsonaro<\/strong>&nbsp;(hijo del exmandatario) se perfilan como los principales contendientes.<\/p>\n\n\n\n<h3 class=\"wp-block-heading\" id=\"h-el-factor-diplomatico-y-judicial\">El factor diplom\u00e1tico y judicial<\/h3>\n\n\n\n<p>Originalmente, el encuentro estaba pactado para el pr\u00f3ximo mi\u00e9rcoles, pero la defensa de Bolsonaro solicit\u00f3 adelantar la fecha por \u201cmotivos de agenda\u201d, lo que alert\u00f3 a la Corte y motiv\u00f3 la solicitud de informes adicionales a la Canciller\u00eda.<\/p>\n\n\n\n<p><strong>Contexto de la condena:<\/strong><\/p>\n\n\n\n<p><strong>\u2013 Situaci\u00f3n de Bolsonaro:<\/strong>&nbsp;Cumple una condena de&nbsp;<strong>27 a\u00f1os de prisi\u00f3n<\/strong>&nbsp;por su participaci\u00f3n en un complot golpista tras las elecciones de 2022.<\/p>\n\n\n\n<p><strong>\u2013 Inhabilitaci\u00f3n:<\/strong>&nbsp;El exl\u00edder brasile\u00f1o se encuentra legalmente impedido para postularse a cargos p\u00fablicos.<\/p>\n\n\n\n<p>Pese al veto en la prisi\u00f3n, medios locales informaron que Beattie \u2014quien ha criticado abiertamente a De Moraes en el pasado\u2014 mantiene en su agenda una reuni\u00f3n privada con el senador Fl\u00e1vio Bolsonaro durante su estancia en el pa\u00eds.<\/p>\n","protected":false},"excerpt":{"rendered":"<p>El encuentro estaba pactado para el pr\u00f3ximo mi\u00e9rcoles, pero la defensa de Bolsonaro solicit\u00f3 adelantar la fecha por &#8220;motivos de&#8230;<\/p>\n","protected":false},"author":2,"featured_media":5177,"comment_status":"open","ping_status":"open","sticky":false,"template":"","format":"standard","meta":{"footnotes":""},"categories":[29],"tags":[],"class_list":["post-5176","post","type-post","status-publish","format-standard","has-post-thumbnail","hentry","category-internacional"],"yoast_head":"<!-- This site is optimized with the Yoast SEO Premium plugin v26.8 (Yoast SEO v27.4) - https:\/\/yoast.com\/product\/yoast-seo-premium-wordpress\/ -->\n<title>Corte Suprema de Brasil veta visita de asesor de Donald Trump a Jair Bolsonaro en prisi\u00f3n - Buenos D&iacute;as BCS<\/title>\n<meta name=\"robots\" content=\"index, follow, max-snippet:-1, max-image-preview:large, max-video-preview:-1\" \/>\n<link rel=\"canonical\" href=\"https:\/\/buenosdiasbcs.com\/?p=5176\" \/>\n<meta property=\"og:locale\" content=\"es_ES\" \/>\n<meta property=\"og:type\" content=\"article\" \/>\n<meta property=\"og:title\" content=\"Corte Suprema de Brasil veta visita de asesor de Donald Trump a Jair Bolsonaro en prisi\u00f3n\" \/>\n<meta property=\"og:description\" content=\"El encuentro estaba pactado para el pr\u00f3ximo mi\u00e9rcoles, pero la defensa de Bolsonaro solicit\u00f3 adelantar la fecha por &#8220;motivos de...\" \/>\n<meta property=\"og:url\" content=\"https:\/\/buenosdiasbcs.com\/?p=5176\" \/>\n<meta property=\"og:site_name\" content=\"Buenos D&iacute;as BCS\" \/>\n<meta property=\"article:published_time\" content=\"2026-03-13T07:26:00+00:00\" \/>\n<meta name=\"author\" content=\"Edici\u00f3n Buenos D\u00edas\" \/>\n<meta name=\"twitter:card\" content=\"summary_large_image\" \/>\n<meta name=\"twitter:label1\" content=\"Escrito por\" \/>\n\t<meta name=\"twitter:data1\" content=\"Edici\u00f3n Buenos D\u00edas\" \/>\n\t<meta name=\"twitter:label2\" content=\"Tiempo de lectura\" \/>\n\t<meta name=\"twitter:data2\" content=\"2 minutos\" \/>\n<script type=\"application\/ld+json\" class=\"yoast-schema-graph\">{\"@context\":\"https:\\\/\\\/schema.org\",\"@graph\":[{\"@type\":\"Article\",\"@id\":\"https:\\\/\\\/buenosdiasbcs.com\\\/?p=5176#article\",\"isPartOf\":{\"@id\":\"https:\\\/\\\/buenosdiasbcs.com\\\/?p=5176\"},\"author\":{\"name\":\"Edici\u00f3n Buenos D\u00edas\",\"@id\":\"https:\\\/\\\/buenosdiasbcs.com\\\/#\\\/schema\\\/person\\\/15aedc247eab7070ee5d76d6d069a821\"},\"headline\":\"Corte Suprema de Brasil veta visita de asesor de Donald Trump a Jair Bolsonaro en prisi\u00f3n\",\"datePublished\":\"2026-03-13T07:26:00+00:00\",\"mainEntityOfPage\":{\"@id\":\"https:\\\/\\\/buenosdiasbcs.com\\\/?p=5176\"},\"wordCount\":444,\"commentCount\":0,\"publisher\":{\"@id\":\"https:\\\/\\\/buenosdiasbcs.com\\\/#organization\"},\"image\":{\"@id\":\"https:\\\/\\\/buenosdiasbcs.com\\\/?p=5176#primaryimage\"},\"thumbnailUrl\":\"https:\\\/\\\/buenosdiasbcs.com\\\/wp-content\\\/uploads\\\/2026\\\/03\\\/F536WCGA7JB2NBTMMDTNG44EXM.jpg.avif\",\"articleSection\":[\"Internacional\"],\"inLanguage\":\"es\",\"potentialAction\":[{\"@type\":\"CommentAction\",\"name\":\"Comment\",\"target\":[\"https:\\\/\\\/buenosdiasbcs.com\\\/?p=5176#respond\"]}]},{\"@type\":\"WebPage\",\"@id\":\"https:\\\/\\\/buenosdiasbcs.com\\\/?p=5176\",\"url\":\"https:\\\/\\\/buenosdiasbcs.com\\\/?p=5176\",\"name\":\"Corte Suprema de Brasil veta visita de asesor de Donald Trump a Jair Bolsonaro en prisi\u00f3n - Buenos D&iacute;as BCS\",\"isPartOf\":{\"@id\":\"https:\\\/\\\/buenosdiasbcs.com\\\/#website\"},\"primaryImageOfPage\":{\"@id\":\"https:\\\/\\\/buenosdiasbcs.com\\\/?p=5176#primaryimage\"},\"image\":{\"@id\":\"https:\\\/\\\/buenosdiasbcs.com\\\/?p=5176#primaryimage\"},\"thumbnailUrl\":\"https:\\\/\\\/buenosdiasbcs.com\\\/wp-content\\\/uploads\\\/2026\\\/03\\\/F536WCGA7JB2NBTMMDTNG44EXM.jpg.avif\",\"datePublished\":\"2026-03-13T07:26:00+00:00\",\"breadcrumb\":{\"@id\":\"https:\\\/\\\/buenosdiasbcs.com\\\/?p=5176#breadcrumb\"},\"inLanguage\":\"es\",\"potentialAction\":[{\"@type\":\"ReadAction\",\"target\":[\"https:\\\/\\\/buenosdiasbcs.com\\\/?p=5176\"]}]},{\"@type\":\"ImageObject\",\"inLanguage\":\"es\",\"@id\":\"https:\\\/\\\/buenosdiasbcs.com\\\/?p=5176#primaryimage\",\"url\":\"https:\\\/\\\/buenosdiasbcs.com\\\/wp-content\\\/uploads\\\/2026\\\/03\\\/F536WCGA7JB2NBTMMDTNG44EXM.jpg.avif\",\"contentUrl\":\"https:\\\/\\\/buenosdiasbcs.com\\\/wp-content\\\/uploads\\\/2026\\\/03\\\/F536WCGA7JB2NBTMMDTNG44EXM.jpg.avif\",\"width\":1081,\"height\":666},{\"@type\":\"BreadcrumbList\",\"@id\":\"https:\\\/\\\/buenosdiasbcs.com\\\/?p=5176#breadcrumb\",\"itemListElement\":[{\"@type\":\"ListItem\",\"position\":1,\"name\":\"Portada\",\"item\":\"https:\\\/\\\/buenosdiasbcs.com\\\/\"},{\"@type\":\"ListItem\",\"position\":2,\"name\":\"Corte Suprema de Brasil veta visita de asesor de Donald Trump a Jair Bolsonaro en prisi\u00f3n\"}]},{\"@type\":\"WebSite\",\"@id\":\"https:\\\/\\\/buenosdiasbcs.com\\\/#website\",\"url\":\"https:\\\/\\\/buenosdiasbcs.com\\\/\",\"name\":\"Buenos D\u00edas BCS\",\"description\":\"\",\"publisher\":{\"@id\":\"https:\\\/\\\/buenosdiasbcs.com\\\/#organization\"},\"potentialAction\":[{\"@type\":\"SearchAction\",\"target\":{\"@type\":\"EntryPoint\",\"urlTemplate\":\"https:\\\/\\\/buenosdiasbcs.com\\\/?s={search_term_string}\"},\"query-input\":{\"@type\":\"PropertyValueSpecification\",\"valueRequired\":true,\"valueName\":\"search_term_string\"}}],\"inLanguage\":\"es\"},{\"@type\":\"Organization\",\"@id\":\"https:\\\/\\\/buenosdiasbcs.com\\\/#organization\",\"name\":\"Buenos D\u00edas BCS\",\"url\":\"https:\\\/\\\/buenosdiasbcs.com\\\/\",\"logo\":{\"@type\":\"ImageObject\",\"inLanguage\":\"es\",\"@id\":\"https:\\\/\\\/buenosdiasbcs.com\\\/#\\\/schema\\\/logo\\\/image\\\/\",\"url\":\"https:\\\/\\\/buenosdiasbcs.com\\\/wp-content\\\/uploads\\\/2026\\\/01\\\/logo-buenos-dias-40-01.png\",\"contentUrl\":\"https:\\\/\\\/buenosdiasbcs.com\\\/wp-content\\\/uploads\\\/2026\\\/01\\\/logo-buenos-dias-40-01.png\",\"width\":277,\"height\":40,\"caption\":\"Buenos D\u00edas BCS\"},\"image\":{\"@id\":\"https:\\\/\\\/buenosdiasbcs.com\\\/#\\\/schema\\\/logo\\\/image\\\/\"}},{\"@type\":\"Person\",\"@id\":\"https:\\\/\\\/buenosdiasbcs.com\\\/#\\\/schema\\\/person\\\/15aedc247eab7070ee5d76d6d069a821\",\"name\":\"Edici\u00f3n Buenos D\u00edas\",\"image\":{\"@type\":\"ImageObject\",\"inLanguage\":\"es\",\"@id\":\"https:\\\/\\\/buenosdiasbcs.com\\\/wp-content\\\/uploads\\\/2026\\\/01\\\/cropped-sol-96x96.png\",\"url\":\"https:\\\/\\\/buenosdiasbcs.com\\\/wp-content\\\/uploads\\\/2026\\\/01\\\/cropped-sol-96x96.png\",\"contentUrl\":\"https:\\\/\\\/buenosdiasbcs.com\\\/wp-content\\\/uploads\\\/2026\\\/01\\\/cropped-sol-96x96.png\",\"caption\":\"Edici\u00f3n Buenos D\u00edas\"},\"url\":\"https:\\\/\\\/buenosdiasbcs.com\\\/?author=2\"}]}<\/script>\n<!-- \/ Yoast SEO Premium plugin. -->","yoast_head_json":{"title":"Corte Suprema de Brasil veta visita de asesor de Donald Trump a Jair Bolsonaro en prisi\u00f3n - Buenos D&iacute;as BCS","robots":{"index":"index","follow":"follow","max-snippet":"max-snippet:-1","max-image-preview":"max-image-preview:large","max-video-preview":"max-video-preview:-1"},"canonical":"https:\/\/buenosdiasbcs.com\/?p=5176","og_locale":"es_ES","og_type":"article","og_title":"Corte Suprema de Brasil veta visita de asesor de Donald Trump a Jair Bolsonaro en prisi\u00f3n","og_description":"El encuentro estaba pactado para el pr\u00f3ximo mi\u00e9rcoles, pero la defensa de Bolsonaro solicit\u00f3 adelantar la fecha por &#8220;motivos de...","og_url":"https:\/\/buenosdiasbcs.com\/?p=5176","og_site_name":"Buenos D&iacute;as BCS","article_published_time":"2026-03-13T07:26:00+00:00","author":"Edici\u00f3n Buenos D\u00edas","twitter_card":"summary_large_image","twitter_misc":{"Escrito por":"Edici\u00f3n Buenos D\u00edas","Tiempo de lectura":"2 minutos"},"schema":{"@context":"https:\/\/schema.org","@graph":[{"@type":"Article","@id":"https:\/\/buenosdiasbcs.com\/?p=5176#article","isPartOf":{"@id":"https:\/\/buenosdiasbcs.com\/?p=5176"},"author":{"name":"Edici\u00f3n Buenos D\u00edas","@id":"https:\/\/buenosdiasbcs.com\/#\/schema\/person\/15aedc247eab7070ee5d76d6d069a821"},"headline":"Corte Suprema de Brasil veta visita de asesor de Donald Trump a Jair Bolsonaro en prisi\u00f3n","datePublished":"2026-03-13T07:26:00+00:00","mainEntityOfPage":{"@id":"https:\/\/buenosdiasbcs.com\/?p=5176"},"wordCount":444,"commentCount":0,"publisher":{"@id":"https:\/\/buenosdiasbcs.com\/#organization"},"image":{"@id":"https:\/\/buenosdiasbcs.com\/?p=5176#primaryimage"},"thumbnailUrl":"https:\/\/buenosdiasbcs.com\/wp-content\/uploads\/2026\/03\/F536WCGA7JB2NBTMMDTNG44EXM.jpg.avif","articleSection":["Internacional"],"inLanguage":"es","potentialAction":[{"@type":"CommentAction","name":"Comment","target":["https:\/\/buenosdiasbcs.com\/?p=5176#respond"]}]},{"@type":"WebPage","@id":"https:\/\/buenosdiasbcs.com\/?p=5176","url":"https:\/\/buenosdiasbcs.com\/?p=5176","name":"Corte Suprema de Brasil veta visita de asesor de Donald Trump a Jair Bolsonaro en prisi\u00f3n - Buenos D&iacute;as BCS","isPartOf":{"@id":"https:\/\/buenosdiasbcs.com\/#website"},"primaryImageOfPage":{"@id":"https:\/\/buenosdiasbcs.com\/?p=5176#primaryimage"},"image":{"@id":"https:\/\/buenosdiasbcs.com\/?p=5176#primaryimage"},"thumbnailUrl":"https:\/\/buenosdiasbcs.com\/wp-content\/uploads\/2026\/03\/F536WCGA7JB2NBTMMDTNG44EXM.jpg.avif","datePublished":"2026-03-13T07:26:00+00:00","breadcrumb":{"@id":"https:\/\/buenosdiasbcs.com\/?p=5176#breadcrumb"},"inLanguage":"es","potentialAction":[{"@type":"ReadAction","target":["https:\/\/buenosdiasbcs.com\/?p=5176"]}]},{"@type":"ImageObject","inLanguage":"es","@id":"https:\/\/buenosdiasbcs.com\/?p=5176#primaryimage","url":"https:\/\/buenosdiasbcs.com\/wp-content\/uploads\/2026\/03\/F536WCGA7JB2NBTMMDTNG44EXM.jpg.avif","contentUrl":"https:\/\/buenosdiasbcs.com\/wp-content\/uploads\/2026\/03\/F536WCGA7JB2NBTMMDTNG44EXM.jpg.avif","width":1081,"height":666},{"@type":"BreadcrumbList","@id":"https:\/\/buenosdiasbcs.com\/?p=5176#breadcrumb","itemListElement":[{"@type":"ListItem","position":1,"name":"Portada","item":"https:\/\/buenosdiasbcs.com\/"},{"@type":"ListItem","position":2,"name":"Corte Suprema de Brasil veta visita de asesor de Donald Trump a Jair Bolsonaro en prisi\u00f3n"}]},{"@type":"WebSite","@id":"https:\/\/buenosdiasbcs.com\/#website","url":"https:\/\/buenosdiasbcs.com\/","name":"Buenos D\u00edas BCS","description":"","publisher":{"@id":"https:\/\/buenosdiasbcs.com\/#organization"},"potentialAction":[{"@type":"SearchAction","target":{"@type":"EntryPoint","urlTemplate":"https:\/\/buenosdiasbcs.com\/?s={search_term_string}"},"query-input":{"@type":"PropertyValueSpecification","valueRequired":true,"valueName":"search_term_string"}}],"inLanguage":"es"},{"@type":"Organization","@id":"https:\/\/buenosdiasbcs.com\/#organization","name":"Buenos D\u00edas BCS","url":"https:\/\/buenosdiasbcs.com\/","logo":{"@type":"ImageObject","inLanguage":"es","@id":"https:\/\/buenosdiasbcs.com\/#\/schema\/logo\/image\/","url":"https:\/\/buenosdiasbcs.com\/wp-content\/uploads\/2026\/01\/logo-buenos-dias-40-01.png","contentUrl":"https:\/\/buenosdiasbcs.com\/wp-content\/uploads\/2026\/01\/logo-buenos-dias-40-01.png","width":277,"height":40,"caption":"Buenos D\u00edas BCS"},"image":{"@id":"https:\/\/buenosdiasbcs.com\/#\/schema\/logo\/image\/"}},{"@type":"Person","@id":"https:\/\/buenosdiasbcs.com\/#\/schema\/person\/15aedc247eab7070ee5d76d6d069a821","name":"Edici\u00f3n Buenos D\u00edas","image":{"@type":"ImageObject","inLanguage":"es","@id":"https:\/\/buenosdiasbcs.com\/wp-content\/uploads\/2026\/01\/cropped-sol-96x96.png","url":"https:\/\/buenosdiasbcs.com\/wp-content\/uploads\/2026\/01\/cropped-sol-96x96.png","contentUrl":"https:\/\/buenosdiasbcs.com\/wp-content\/uploads\/2026\/01\/cropped-sol-96x96.png","caption":"Edici\u00f3n Buenos D\u00edas"},"url":"https:\/\/buenosdiasbcs.com\/?author=2"}]}},"amp_enabled":true,"_links":{"self":[{"href":"https:\/\/buenosdiasbcs.com\/index.php?rest_route=\/wp\/v2\/posts\/5176","targetHints":{"allow":["GET"]}}],"collection":[{"href":"https:\/\/buenosdiasbcs.com\/index.php?rest_route=\/wp\/v2\/posts"}],"about":[{"href":"https:\/\/buenosdiasbcs.com\/index.php?rest_route=\/wp\/v2\/types\/post"}],"author":[{"embeddable":true,"href":"https:\/\/buenosdiasbcs.com\/index.php?rest_route=\/wp\/v2\/users\/2"}],"replies":[{"embeddable":true,"href":"https:\/\/buenosdiasbcs.com\/index.php?rest_route=%2Fwp%2Fv2%2Fcomments&post=5176"}],"version-history":[{"count":1,"href":"https:\/\/buenosdiasbcs.com\/index.php?rest_route=\/wp\/v2\/posts\/5176\/revisions"}],"predecessor-version":[{"id":5178,"href":"https:\/\/buenosdiasbcs.com\/index.php?rest_route=\/wp\/v2\/posts\/5176\/revisions\/5178"}],"wp:featuredmedia":[{"embeddable":true,"href":"https:\/\/buenosdiasbcs.com\/index.php?rest_route=\/wp\/v2\/media\/5177"}],"wp:attachment":[{"href":"https:\/\/buenosdiasbcs.com\/index.php?rest_route=%2Fwp%2Fv2%2Fmedia&parent=5176"}],"wp:term":[{"taxonomy":"category","embeddable":true,"href":"https:\/\/buenosdiasbcs.com\/index.php?rest_route=%2Fwp%2Fv2%2Fcategories&post=5176"},{"taxonomy":"post_tag","embeddable":true,"href":"https:\/\/buenosdiasbcs.com\/index.php?rest_route=%2Fwp%2Fv2%2Ftags&post=5176"}],"curies":[{"name":"wp","href":"https:\/\/api.w.org\/{rel}","templated":true}]}}