{"id":5173,"date":"2026-03-13T00:22:00","date_gmt":"2026-03-13T07:22:00","guid":{"rendered":"https:\/\/buenosdiasbcs.com\/?p=5173"},"modified":"2026-03-12T22:24:19","modified_gmt":"2026-03-13T05:24:19","slug":"avion-de-eu-se-estrella-en-irak-iran-responsabiliza-a-grupos-iraquies","status":"publish","type":"post","link":"https:\/\/buenosdiasbcs.com\/?p=5173","title":{"rendered":"Avi\u00f3n de EU se estrella en Irak; Ir\u00e1n responsabiliza a grupos iraqu\u00edes"},"content":{"rendered":"\n<h2 class=\"wp-block-heading\" id=\"h-el-comando-central-del-ejercito-estadounidense-informo-en-un-comunicado-que-las-labores-de-rescate-continuan-pero-no-ofrecio-cifras-del-numero-de-tripulantes-en-la-aeronave\">El Comando Central del Ej\u00e9rcito estadounidense inform\u00f3 en un comunicado que las labores de rescate contin\u00faan, pero no ofreci\u00f3 cifras del n\u00famero de tripulantes en la aeronave.<\/h2>\n\n\n\n<p>Un&nbsp;<strong>avi\u00f3n cisterna KC-135 de Estados Unidos<\/strong>&nbsp;se&nbsp;<strong>estrell\u00f3<\/strong>&nbsp;en el oeste de&nbsp;<strong>Irak<\/strong>&nbsp;mientras apoyaba a la ofensiva contra Ir\u00e1n.<\/p>\n\n\n\n<p>El Comando Central del Ej\u00e9rcito estadounidense inform\u00f3 en un comunicado que las labores de rescate contin\u00faan, pero no ofreci\u00f3 cifras del n\u00famero de tripulantes en la aeronave.<\/p>\n\n\n\n<p>El Pent\u00e1gono subray\u00f3 que el accidente se produjo \u201cen espacio a\u00e9reo aliado\u201d y que \u201cno se debi\u00f3 a fuego hostil ni a fuego amigo\u201d.<\/p>\n\n\n\n<p>Seg\u00fan la nota, dos aeronaves estuvieron involucradas en el suceso, en el que una se estrell\u00f3 y la otra logr\u00f3 aterrizar sin problemas.<\/p>\n\n\n\n<p>Este mismo jueves, el portaaviones\u00a0<strong>USS Gerald Ford<\/strong>, el m\u00e1s grande de la flota estadounidense y que ofrece apoyo a la guerra de Ir\u00e1n desde el mar Rojo, sufri\u00f3 un\u00a0<strong>incendio<\/strong>\u00a0que caus\u00f3 heridas a dos tripulantes.<\/p>\n\n\n\n<h2 class=\"wp-block-heading\" id=\"h-iran-dice-que-grupos-iraquies-atacaron-el-avion-de-eu-y-mataron-a-6-tripulantes\">Ir\u00e1n dice que grupos iraqu\u00edes atacaron el avi\u00f3n de EU y mataron a 6 tripulantes<\/h2>\n\n\n\n<p>Ir\u00e1n asegur\u00f3 que el avi\u00f3n cisterna estadounidense que se estrell\u00f3 en el oeste de Irak fue<strong>atacado por un misil lanzado por grupos iraqu\u00edes<\/strong>&nbsp;y afirm\u00f3 que&nbsp;<strong>toda su tripulaci\u00f3n muri\u00f3<\/strong>, seg\u00fan declaraciones recogidas por la agencia iran\u00ed&nbsp;<em>Tasnim.<\/em><\/p>\n\n\n\n<p>Un portavoz del Comando Unificado de Operaciones Khatam al-Anbiya inform\u00f3 de que el avi\u00f3n del Ej\u00e9rcito estadounidense fue \u201c<strong>alcanzado por un misil de los grupos de resistencia en el oeste de Irak<\/strong>\u201c, lo que provoc\u00f3 que se estrellara y que fallecieran todos los que iban a bordo, en declaraciones citadas tambi\u00e9n por la agencia iran\u00ed Fars.<\/p>\n\n\n\n<p>Posteriormente, la Guardia Revolucionaria emiti\u00f3 un comunicado asegurando que las&nbsp;<strong>v\u00edctimas mortales del ataque fueron seis<\/strong>, la tripulaci\u00f3n completa, y que el disparo se produjo mientras el avi\u00f3n estaba abasteciendo un avi\u00f3n de combate \u201cenemigo\u201d.<\/p>\n\n\n\n<p>Las declaraciones del portavavoz del Ej\u00e9rcito iran\u00ed no especifican con mayor detalle el origen del misil, pero desde la escalada de tensiones en Oriente Medio las milicias de las Fuerzas de Movilizaci\u00f3n Popular, integradas en las Fuerzas Armadas iraqu\u00edes, han recibido varios ataques de origen desconocido.<\/p>\n\n\n\n<p>Las Fuerzas de Movilizaci\u00f3n Popular son una agrupaci\u00f3n de decenas de milicias iraqu\u00edes de distinto signo, en su gran mayor\u00eda chi\u00edes y simpatizantes de Ir\u00e1n, formadas en 2014 con el objetivo de combatir al grupo terrorista Estado Isl\u00e1mico (EI).<\/p>\n\n\n\n<p>Desde 2016 quedaron integradas en las Fuerzas Armadas y pasaron a formar parte del sistema oficial de seguridad iraqu\u00ed, pese a que algunas de sus facciones han sido acusadas por Estados Unidos de lanzar ataques contra intereses estadounidenses en Irak, hasta el punto de que determinadas milicias integrantes han sido designadas como organizaciones terroristas por Washington. (EFE)<\/p>\n","protected":false},"excerpt":{"rendered":"<p>El Comando Central del Ej\u00e9rcito estadounidense inform\u00f3 en un comunicado que las labores de rescate contin\u00faan, pero no ofreci\u00f3 cifras&#8230;<\/p>\n","protected":false},"author":2,"featured_media":5174,"comment_status":"open","ping_status":"open","sticky":false,"template":"","format":"standard","meta":{"footnotes":""},"categories":[29],"tags":[],"class_list":["post-5173","post","type-post","status-publish","format-standard","has-post-thumbnail","hentry","category-internacional"],"yoast_head":"<!-- This site is optimized with the Yoast SEO Premium plugin v26.8 (Yoast SEO v27.4) - https:\/\/yoast.com\/product\/yoast-seo-premium-wordpress\/ -->\n<title>Avi\u00f3n de EU se estrella en Irak; Ir\u00e1n responsabiliza a grupos iraqu\u00edes - Buenos D&iacute;as BCS<\/title>\n<meta name=\"robots\" content=\"index, follow, max-snippet:-1, max-image-preview:large, max-video-preview:-1\" \/>\n<link rel=\"canonical\" href=\"https:\/\/buenosdiasbcs.com\/?p=5173\" \/>\n<meta property=\"og:locale\" content=\"es_ES\" \/>\n<meta property=\"og:type\" content=\"article\" \/>\n<meta property=\"og:title\" content=\"Avi\u00f3n de EU se estrella en Irak; Ir\u00e1n responsabiliza a grupos iraqu\u00edes\" \/>\n<meta property=\"og:description\" content=\"El Comando Central del Ej\u00e9rcito estadounidense inform\u00f3 en un comunicado que las labores de rescate contin\u00faan, pero no ofreci\u00f3 cifras...\" \/>\n<meta property=\"og:url\" content=\"https:\/\/buenosdiasbcs.com\/?p=5173\" \/>\n<meta property=\"og:site_name\" content=\"Buenos D&iacute;as BCS\" \/>\n<meta property=\"article:published_time\" content=\"2026-03-13T07:22:00+00:00\" \/>\n<meta property=\"og:image\" content=\"https:\/\/buenosdiasbcs.com\/wp-content\/uploads\/2026\/03\/avion-eu-estrella-irak-iran-12032026-700x438-1.webp\" \/>\n\t<meta property=\"og:image:width\" content=\"700\" \/>\n\t<meta property=\"og:image:height\" content=\"438\" \/>\n\t<meta property=\"og:image:type\" content=\"image\/webp\" \/>\n<meta name=\"author\" content=\"Edici\u00f3n Buenos D\u00edas\" \/>\n<meta name=\"twitter:card\" content=\"summary_large_image\" \/>\n<meta name=\"twitter:label1\" content=\"Escrito por\" \/>\n\t<meta name=\"twitter:data1\" content=\"Edici\u00f3n Buenos D\u00edas\" \/>\n\t<meta name=\"twitter:label2\" content=\"Tiempo de lectura\" \/>\n\t<meta name=\"twitter:data2\" content=\"3 minutos\" \/>\n<script type=\"application\/ld+json\" class=\"yoast-schema-graph\">{\"@context\":\"https:\\\/\\\/schema.org\",\"@graph\":[{\"@type\":\"Article\",\"@id\":\"https:\\\/\\\/buenosdiasbcs.com\\\/?p=5173#article\",\"isPartOf\":{\"@id\":\"https:\\\/\\\/buenosdiasbcs.com\\\/?p=5173\"},\"author\":{\"name\":\"Edici\u00f3n Buenos D\u00edas\",\"@id\":\"https:\\\/\\\/buenosdiasbcs.com\\\/#\\\/schema\\\/person\\\/15aedc247eab7070ee5d76d6d069a821\"},\"headline\":\"Avi\u00f3n de EU se estrella en Irak; Ir\u00e1n responsabiliza a grupos iraqu\u00edes\",\"datePublished\":\"2026-03-13T07:22:00+00:00\",\"mainEntityOfPage\":{\"@id\":\"https:\\\/\\\/buenosdiasbcs.com\\\/?p=5173\"},\"wordCount\":505,\"commentCount\":0,\"publisher\":{\"@id\":\"https:\\\/\\\/buenosdiasbcs.com\\\/#organization\"},\"image\":{\"@id\":\"https:\\\/\\\/buenosdiasbcs.com\\\/?p=5173#primaryimage\"},\"thumbnailUrl\":\"https:\\\/\\\/buenosdiasbcs.com\\\/wp-content\\\/uploads\\\/2026\\\/03\\\/avion-eu-estrella-irak-iran-12032026-700x438-1.webp\",\"articleSection\":[\"Internacional\"],\"inLanguage\":\"es\",\"potentialAction\":[{\"@type\":\"CommentAction\",\"name\":\"Comment\",\"target\":[\"https:\\\/\\\/buenosdiasbcs.com\\\/?p=5173#respond\"]}]},{\"@type\":\"WebPage\",\"@id\":\"https:\\\/\\\/buenosdiasbcs.com\\\/?p=5173\",\"url\":\"https:\\\/\\\/buenosdiasbcs.com\\\/?p=5173\",\"name\":\"Avi\u00f3n de EU se estrella en Irak; Ir\u00e1n responsabiliza a grupos iraqu\u00edes - Buenos D&iacute;as BCS\",\"isPartOf\":{\"@id\":\"https:\\\/\\\/buenosdiasbcs.com\\\/#website\"},\"primaryImageOfPage\":{\"@id\":\"https:\\\/\\\/buenosdiasbcs.com\\\/?p=5173#primaryimage\"},\"image\":{\"@id\":\"https:\\\/\\\/buenosdiasbcs.com\\\/?p=5173#primaryimage\"},\"thumbnailUrl\":\"https:\\\/\\\/buenosdiasbcs.com\\\/wp-content\\\/uploads\\\/2026\\\/03\\\/avion-eu-estrella-irak-iran-12032026-700x438-1.webp\",\"datePublished\":\"2026-03-13T07:22:00+00:00\",\"breadcrumb\":{\"@id\":\"https:\\\/\\\/buenosdiasbcs.com\\\/?p=5173#breadcrumb\"},\"inLanguage\":\"es\",\"potentialAction\":[{\"@type\":\"ReadAction\",\"target\":[\"https:\\\/\\\/buenosdiasbcs.com\\\/?p=5173\"]}]},{\"@type\":\"ImageObject\",\"inLanguage\":\"es\",\"@id\":\"https:\\\/\\\/buenosdiasbcs.com\\\/?p=5173#primaryimage\",\"url\":\"https:\\\/\\\/buenosdiasbcs.com\\\/wp-content\\\/uploads\\\/2026\\\/03\\\/avion-eu-estrella-irak-iran-12032026-700x438-1.webp\",\"contentUrl\":\"https:\\\/\\\/buenosdiasbcs.com\\\/wp-content\\\/uploads\\\/2026\\\/03\\\/avion-eu-estrella-irak-iran-12032026-700x438-1.webp\",\"width\":700,\"height\":438},{\"@type\":\"BreadcrumbList\",\"@id\":\"https:\\\/\\\/buenosdiasbcs.com\\\/?p=5173#breadcrumb\",\"itemListElement\":[{\"@type\":\"ListItem\",\"position\":1,\"name\":\"Portada\",\"item\":\"https:\\\/\\\/buenosdiasbcs.com\\\/\"},{\"@type\":\"ListItem\",\"position\":2,\"name\":\"Avi\u00f3n de EU se estrella en Irak; Ir\u00e1n responsabiliza a grupos iraqu\u00edes\"}]},{\"@type\":\"WebSite\",\"@id\":\"https:\\\/\\\/buenosdiasbcs.com\\\/#website\",\"url\":\"https:\\\/\\\/buenosdiasbcs.com\\\/\",\"name\":\"Buenos D\u00edas BCS\",\"description\":\"\",\"publisher\":{\"@id\":\"https:\\\/\\\/buenosdiasbcs.com\\\/#organization\"},\"potentialAction\":[{\"@type\":\"SearchAction\",\"target\":{\"@type\":\"EntryPoint\",\"urlTemplate\":\"https:\\\/\\\/buenosdiasbcs.com\\\/?s={search_term_string}\"},\"query-input\":{\"@type\":\"PropertyValueSpecification\",\"valueRequired\":true,\"valueName\":\"search_term_string\"}}],\"inLanguage\":\"es\"},{\"@type\":\"Organization\",\"@id\":\"https:\\\/\\\/buenosdiasbcs.com\\\/#organization\",\"name\":\"Buenos D\u00edas BCS\",\"url\":\"https:\\\/\\\/buenosdiasbcs.com\\\/\",\"logo\":{\"@type\":\"ImageObject\",\"inLanguage\":\"es\",\"@id\":\"https:\\\/\\\/buenosdiasbcs.com\\\/#\\\/schema\\\/logo\\\/image\\\/\",\"url\":\"https:\\\/\\\/buenosdiasbcs.com\\\/wp-content\\\/uploads\\\/2026\\\/01\\\/logo-buenos-dias-40-01.png\",\"contentUrl\":\"https:\\\/\\\/buenosdiasbcs.com\\\/wp-content\\\/uploads\\\/2026\\\/01\\\/logo-buenos-dias-40-01.png\",\"width\":277,\"height\":40,\"caption\":\"Buenos D\u00edas BCS\"},\"image\":{\"@id\":\"https:\\\/\\\/buenosdiasbcs.com\\\/#\\\/schema\\\/logo\\\/image\\\/\"}},{\"@type\":\"Person\",\"@id\":\"https:\\\/\\\/buenosdiasbcs.com\\\/#\\\/schema\\\/person\\\/15aedc247eab7070ee5d76d6d069a821\",\"name\":\"Edici\u00f3n Buenos D\u00edas\",\"image\":{\"@type\":\"ImageObject\",\"inLanguage\":\"es\",\"@id\":\"https:\\\/\\\/buenosdiasbcs.com\\\/wp-content\\\/uploads\\\/2026\\\/01\\\/cropped-sol-96x96.png\",\"url\":\"https:\\\/\\\/buenosdiasbcs.com\\\/wp-content\\\/uploads\\\/2026\\\/01\\\/cropped-sol-96x96.png\",\"contentUrl\":\"https:\\\/\\\/buenosdiasbcs.com\\\/wp-content\\\/uploads\\\/2026\\\/01\\\/cropped-sol-96x96.png\",\"caption\":\"Edici\u00f3n Buenos D\u00edas\"},\"url\":\"https:\\\/\\\/buenosdiasbcs.com\\\/?author=2\"}]}<\/script>\n<!-- \/ Yoast SEO Premium plugin. -->","yoast_head_json":{"title":"Avi\u00f3n de EU se estrella en Irak; Ir\u00e1n responsabiliza a grupos iraqu\u00edes - Buenos D&iacute;as BCS","robots":{"index":"index","follow":"follow","max-snippet":"max-snippet:-1","max-image-preview":"max-image-preview:large","max-video-preview":"max-video-preview:-1"},"canonical":"https:\/\/buenosdiasbcs.com\/?p=5173","og_locale":"es_ES","og_type":"article","og_title":"Avi\u00f3n de EU se estrella en Irak; Ir\u00e1n responsabiliza a grupos iraqu\u00edes","og_description":"El Comando Central del Ej\u00e9rcito estadounidense inform\u00f3 en un comunicado que las labores de rescate contin\u00faan, pero no ofreci\u00f3 cifras...","og_url":"https:\/\/buenosdiasbcs.com\/?p=5173","og_site_name":"Buenos D&iacute;as BCS","article_published_time":"2026-03-13T07:22:00+00:00","og_image":[{"width":700,"height":438,"url":"https:\/\/buenosdiasbcs.com\/wp-content\/uploads\/2026\/03\/avion-eu-estrella-irak-iran-12032026-700x438-1.webp","type":"image\/webp"}],"author":"Edici\u00f3n Buenos D\u00edas","twitter_card":"summary_large_image","twitter_misc":{"Escrito por":"Edici\u00f3n Buenos D\u00edas","Tiempo de lectura":"3 minutos"},"schema":{"@context":"https:\/\/schema.org","@graph":[{"@type":"Article","@id":"https:\/\/buenosdiasbcs.com\/?p=5173#article","isPartOf":{"@id":"https:\/\/buenosdiasbcs.com\/?p=5173"},"author":{"name":"Edici\u00f3n Buenos D\u00edas","@id":"https:\/\/buenosdiasbcs.com\/#\/schema\/person\/15aedc247eab7070ee5d76d6d069a821"},"headline":"Avi\u00f3n de EU se estrella en Irak; Ir\u00e1n responsabiliza a grupos iraqu\u00edes","datePublished":"2026-03-13T07:22:00+00:00","mainEntityOfPage":{"@id":"https:\/\/buenosdiasbcs.com\/?p=5173"},"wordCount":505,"commentCount":0,"publisher":{"@id":"https:\/\/buenosdiasbcs.com\/#organization"},"image":{"@id":"https:\/\/buenosdiasbcs.com\/?p=5173#primaryimage"},"thumbnailUrl":"https:\/\/buenosdiasbcs.com\/wp-content\/uploads\/2026\/03\/avion-eu-estrella-irak-iran-12032026-700x438-1.webp","articleSection":["Internacional"],"inLanguage":"es","potentialAction":[{"@type":"CommentAction","name":"Comment","target":["https:\/\/buenosdiasbcs.com\/?p=5173#respond"]}]},{"@type":"WebPage","@id":"https:\/\/buenosdiasbcs.com\/?p=5173","url":"https:\/\/buenosdiasbcs.com\/?p=5173","name":"Avi\u00f3n de EU se estrella en Irak; Ir\u00e1n responsabiliza a grupos iraqu\u00edes - Buenos D&iacute;as BCS","isPartOf":{"@id":"https:\/\/buenosdiasbcs.com\/#website"},"primaryImageOfPage":{"@id":"https:\/\/buenosdiasbcs.com\/?p=5173#primaryimage"},"image":{"@id":"https:\/\/buenosdiasbcs.com\/?p=5173#primaryimage"},"thumbnailUrl":"https:\/\/buenosdiasbcs.com\/wp-content\/uploads\/2026\/03\/avion-eu-estrella-irak-iran-12032026-700x438-1.webp","datePublished":"2026-03-13T07:22:00+00:00","breadcrumb":{"@id":"https:\/\/buenosdiasbcs.com\/?p=5173#breadcrumb"},"inLanguage":"es","potentialAction":[{"@type":"ReadAction","target":["https:\/\/buenosdiasbcs.com\/?p=5173"]}]},{"@type":"ImageObject","inLanguage":"es","@id":"https:\/\/buenosdiasbcs.com\/?p=5173#primaryimage","url":"https:\/\/buenosdiasbcs.com\/wp-content\/uploads\/2026\/03\/avion-eu-estrella-irak-iran-12032026-700x438-1.webp","contentUrl":"https:\/\/buenosdiasbcs.com\/wp-content\/uploads\/2026\/03\/avion-eu-estrella-irak-iran-12032026-700x438-1.webp","width":700,"height":438},{"@type":"BreadcrumbList","@id":"https:\/\/buenosdiasbcs.com\/?p=5173#breadcrumb","itemListElement":[{"@type":"ListItem","position":1,"name":"Portada","item":"https:\/\/buenosdiasbcs.com\/"},{"@type":"ListItem","position":2,"name":"Avi\u00f3n de EU se estrella en Irak; Ir\u00e1n responsabiliza a grupos iraqu\u00edes"}]},{"@type":"WebSite","@id":"https:\/\/buenosdiasbcs.com\/#website","url":"https:\/\/buenosdiasbcs.com\/","name":"Buenos D\u00edas BCS","description":"","publisher":{"@id":"https:\/\/buenosdiasbcs.com\/#organization"},"potentialAction":[{"@type":"SearchAction","target":{"@type":"EntryPoint","urlTemplate":"https:\/\/buenosdiasbcs.com\/?s={search_term_string}"},"query-input":{"@type":"PropertyValueSpecification","valueRequired":true,"valueName":"search_term_string"}}],"inLanguage":"es"},{"@type":"Organization","@id":"https:\/\/buenosdiasbcs.com\/#organization","name":"Buenos D\u00edas BCS","url":"https:\/\/buenosdiasbcs.com\/","logo":{"@type":"ImageObject","inLanguage":"es","@id":"https:\/\/buenosdiasbcs.com\/#\/schema\/logo\/image\/","url":"https:\/\/buenosdiasbcs.com\/wp-content\/uploads\/2026\/01\/logo-buenos-dias-40-01.png","contentUrl":"https:\/\/buenosdiasbcs.com\/wp-content\/uploads\/2026\/01\/logo-buenos-dias-40-01.png","width":277,"height":40,"caption":"Buenos D\u00edas BCS"},"image":{"@id":"https:\/\/buenosdiasbcs.com\/#\/schema\/logo\/image\/"}},{"@type":"Person","@id":"https:\/\/buenosdiasbcs.com\/#\/schema\/person\/15aedc247eab7070ee5d76d6d069a821","name":"Edici\u00f3n Buenos D\u00edas","image":{"@type":"ImageObject","inLanguage":"es","@id":"https:\/\/buenosdiasbcs.com\/wp-content\/uploads\/2026\/01\/cropped-sol-96x96.png","url":"https:\/\/buenosdiasbcs.com\/wp-content\/uploads\/2026\/01\/cropped-sol-96x96.png","contentUrl":"https:\/\/buenosdiasbcs.com\/wp-content\/uploads\/2026\/01\/cropped-sol-96x96.png","caption":"Edici\u00f3n Buenos D\u00edas"},"url":"https:\/\/buenosdiasbcs.com\/?author=2"}]}},"amp_enabled":true,"_links":{"self":[{"href":"https:\/\/buenosdiasbcs.com\/index.php?rest_route=\/wp\/v2\/posts\/5173","targetHints":{"allow":["GET"]}}],"collection":[{"href":"https:\/\/buenosdiasbcs.com\/index.php?rest_route=\/wp\/v2\/posts"}],"about":[{"href":"https:\/\/buenosdiasbcs.com\/index.php?rest_route=\/wp\/v2\/types\/post"}],"author":[{"embeddable":true,"href":"https:\/\/buenosdiasbcs.com\/index.php?rest_route=\/wp\/v2\/users\/2"}],"replies":[{"embeddable":true,"href":"https:\/\/buenosdiasbcs.com\/index.php?rest_route=%2Fwp%2Fv2%2Fcomments&post=5173"}],"version-history":[{"count":1,"href":"https:\/\/buenosdiasbcs.com\/index.php?rest_route=\/wp\/v2\/posts\/5173\/revisions"}],"predecessor-version":[{"id":5175,"href":"https:\/\/buenosdiasbcs.com\/index.php?rest_route=\/wp\/v2\/posts\/5173\/revisions\/5175"}],"wp:featuredmedia":[{"embeddable":true,"href":"https:\/\/buenosdiasbcs.com\/index.php?rest_route=\/wp\/v2\/media\/5174"}],"wp:attachment":[{"href":"https:\/\/buenosdiasbcs.com\/index.php?rest_route=%2Fwp%2Fv2%2Fmedia&parent=5173"}],"wp:term":[{"taxonomy":"category","embeddable":true,"href":"https:\/\/buenosdiasbcs.com\/index.php?rest_route=%2Fwp%2Fv2%2Fcategories&post=5173"},{"taxonomy":"post_tag","embeddable":true,"href":"https:\/\/buenosdiasbcs.com\/index.php?rest_route=%2Fwp%2Fv2%2Ftags&post=5173"}],"curies":[{"name":"wp","href":"https:\/\/api.w.org\/{rel}","templated":true}]}}