{"id":5167,"date":"2026-03-13T00:59:00","date_gmt":"2026-03-13T07:59:00","guid":{"rendered":"https:\/\/buenosdiasbcs.com\/?p=5167"},"modified":"2026-03-12T22:00:59","modified_gmt":"2026-03-13T05:00:59","slug":"escala-tension-iran-pide-postura-de-mexico-ante-ataques-de-eu","status":"publish","type":"post","link":"https:\/\/buenosdiasbcs.com\/?p=5167","title":{"rendered":"Escala tensi\u00f3n: Ir\u00e1n pide postura de M\u00e9xico ante ataques de EU"},"content":{"rendered":"\n<h2 class=\"wp-block-heading\" id=\"h-el-gobierno-de-nbsp-iran-nbsp-pidio-a-la-presidenta-de-mexico-nbsp-claudia-sheinbaum-que-condene-publicamente-los-ataques-ordenados-por-el-mandatario-estadounidense-nbsp-donald-trump-nbsp-contra-teheran-nbsp\">El gobierno de&nbsp;<strong>Ir\u00e1n<\/strong>&nbsp;pidi\u00f3 a la presidenta de M\u00e9xico,&nbsp;<strong>Claudia Sheinbaum<\/strong>, que condene p\u00fablicamente los ataques ordenados por el mandatario estadounidense&nbsp;<strong>Donald Trump<\/strong>&nbsp;contra Teher\u00e1n.&nbsp;<\/h2>\n\n\n\n<p>De acuerdo con autoridades iran\u00edes, los bombardeos realizados por Estados Unidos forman parte de una&nbsp;<strong>escalada militar en Medio Oriente<\/strong>que, aseguran, viola el derecho internacional.<\/p>\n\n\n\n<p>La petici\u00f3n se realiz\u00f3 en medio del aumento de tensiones entre Washington y Teher\u00e1n, tras ataques militares que han elevado el riesgo de un conflicto regional m\u00e1s amplio.<\/p>\n\n\n\n<h2 class=\"wp-block-heading\" id=\"h-advertencia-sobre-posibles-repercusiones\">Advertencia sobre posibles repercusiones<\/h2>\n\n\n\n<p>Funcionarios iran\u00edes se\u00f1alaron que, si&nbsp;<strong>Estados Unidos logra imponerse militarmente<\/strong>, podr\u00eda tener mayor facilidad para intervenir en otros pa\u00edses.<\/p>\n\n\n\n<p>En ese contexto, mencionaron que&nbsp;<strong>M\u00e9xico o Cuba podr\u00edan convertirse en objetivos futuros<\/strong>, como parte de una pol\u00edtica exterior m\u00e1s agresiva por parte de Washington.&nbsp;<\/p>\n\n\n\n<p>La advertencia fue planteada como un llamado a la comunidad internacional para&nbsp;<strong>rechazar los ataques y exigir una salida diplom\u00e1tica<\/strong>&nbsp;al conflicto.<\/p>\n\n\n\n<h2 class=\"wp-block-heading\" id=\"h-tensiones-crecientes-entre-washington-y-teheran\">Tensiones crecientes entre Washington y Teher\u00e1n<\/h2>\n\n\n\n<p>Las relaciones entre Estados Unidos e Ir\u00e1n se han deteriorado en los \u00faltimos meses debido a&nbsp;<strong>operaciones militares, sanciones econ\u00f3micas y acusaciones sobre el programa nuclear iran\u00ed<\/strong>.<\/p>\n\n\n\n<p>Autoridades iran\u00edes sostienen que su programa nuclear tiene&nbsp;<strong>fines pac\u00edficos<\/strong>, mientras que Washington y sus aliados han acusado al pa\u00eds de desarrollar capacidades que podr\u00edan usarse para fabricar armas nucleares.<\/p>\n\n\n\n<p>Los ataques recientes y las declaraciones cruzadas han incrementado la preocupaci\u00f3n internacional por&nbsp;<strong>una posible ampliaci\u00f3n del conflicto en la regi\u00f3n<\/strong>.<\/p>\n\n\n\n<h2 class=\"wp-block-heading\" id=\"h-la-postura-de-mexico-ante-conflictos-internacionales\">La postura de M\u00e9xico ante conflictos internacionales<\/h2>\n\n\n\n<p>El gobierno de M\u00e9xico ha reiterado en diversas ocasiones su postura de&nbsp;<strong>respeto al derecho internacional y a la autodeterminaci\u00f3n de los pueblos<\/strong>, principios que hist\u00f3ricamente han guiado su pol\u00edtica exterior.&nbsp;<\/p>\n\n\n\n<p>La presidenta Claudia Sheinbaum tambi\u00e9n ha criticado anteriormente&nbsp;<strong>intervenciones militares en otros pa\u00edses<\/strong>, al considerar que las guerras representan un fracaso de la diplomacia y deben resolverse mediante di\u00e1logo y negociaci\u00f3n.<\/p>\n\n\n\n<p><em>Con informaci\u00f3n de El Financiero.<\/em><\/p>\n","protected":false},"excerpt":{"rendered":"<p>El gobierno de&nbsp;Ir\u00e1n&nbsp;pidi\u00f3 a la presidenta de M\u00e9xico,&nbsp;Claudia Sheinbaum, que condene p\u00fablicamente los ataques ordenados por el mandatario estadounidense&nbsp;Donald Trump&nbsp;contra&#8230;<\/p>\n","protected":false},"author":2,"featured_media":5168,"comment_status":"open","ping_status":"open","sticky":false,"template":"","format":"standard","meta":{"footnotes":""},"categories":[32],"tags":[],"class_list":["post-5167","post","type-post","status-publish","format-standard","has-post-thumbnail","hentry","category-la-nacion"],"yoast_head":"<!-- This site is optimized with the Yoast SEO Premium plugin v26.8 (Yoast SEO v27.4) - https:\/\/yoast.com\/product\/yoast-seo-premium-wordpress\/ -->\n<title>Escala tensi\u00f3n: Ir\u00e1n pide postura de M\u00e9xico ante ataques de EU - Buenos D&iacute;as BCS<\/title>\n<meta name=\"robots\" content=\"index, follow, max-snippet:-1, max-image-preview:large, max-video-preview:-1\" \/>\n<link rel=\"canonical\" href=\"https:\/\/buenosdiasbcs.com\/?p=5167\" \/>\n<meta property=\"og:locale\" content=\"es_ES\" \/>\n<meta property=\"og:type\" content=\"article\" \/>\n<meta property=\"og:title\" content=\"Escala tensi\u00f3n: Ir\u00e1n pide postura de M\u00e9xico ante ataques de EU\" \/>\n<meta property=\"og:description\" content=\"El gobierno de&nbsp;Ir\u00e1n&nbsp;pidi\u00f3 a la presidenta de M\u00e9xico,&nbsp;Claudia Sheinbaum, que condene p\u00fablicamente los ataques ordenados por el mandatario estadounidense&nbsp;Donald Trump&nbsp;contra...\" \/>\n<meta property=\"og:url\" content=\"https:\/\/buenosdiasbcs.com\/?p=5167\" \/>\n<meta property=\"og:site_name\" content=\"Buenos D&iacute;as BCS\" \/>\n<meta property=\"article:published_time\" content=\"2026-03-13T07:59:00+00:00\" \/>\n<meta property=\"og:image\" content=\"https:\/\/buenosdiasbcs.com\/wp-content\/uploads\/2026\/03\/postura-mexico-iran.jpg\" \/>\n\t<meta property=\"og:image:width\" content=\"1120\" \/>\n\t<meta property=\"og:image:height\" content=\"581\" \/>\n\t<meta property=\"og:image:type\" content=\"image\/jpeg\" \/>\n<meta name=\"author\" content=\"Edici\u00f3n Buenos D\u00edas\" \/>\n<meta name=\"twitter:card\" content=\"summary_large_image\" \/>\n<meta name=\"twitter:label1\" content=\"Escrito por\" \/>\n\t<meta name=\"twitter:data1\" content=\"Edici\u00f3n Buenos D\u00edas\" \/>\n\t<meta name=\"twitter:label2\" content=\"Tiempo de lectura\" \/>\n\t<meta name=\"twitter:data2\" content=\"2 minutos\" \/>\n<script type=\"application\/ld+json\" class=\"yoast-schema-graph\">{\"@context\":\"https:\\\/\\\/schema.org\",\"@graph\":[{\"@type\":\"Article\",\"@id\":\"https:\\\/\\\/buenosdiasbcs.com\\\/?p=5167#article\",\"isPartOf\":{\"@id\":\"https:\\\/\\\/buenosdiasbcs.com\\\/?p=5167\"},\"author\":{\"name\":\"Edici\u00f3n Buenos D\u00edas\",\"@id\":\"https:\\\/\\\/buenosdiasbcs.com\\\/#\\\/schema\\\/person\\\/15aedc247eab7070ee5d76d6d069a821\"},\"headline\":\"Escala tensi\u00f3n: Ir\u00e1n pide postura de M\u00e9xico ante ataques de EU\",\"datePublished\":\"2026-03-13T07:59:00+00:00\",\"mainEntityOfPage\":{\"@id\":\"https:\\\/\\\/buenosdiasbcs.com\\\/?p=5167\"},\"wordCount\":376,\"commentCount\":0,\"publisher\":{\"@id\":\"https:\\\/\\\/buenosdiasbcs.com\\\/#organization\"},\"image\":{\"@id\":\"https:\\\/\\\/buenosdiasbcs.com\\\/?p=5167#primaryimage\"},\"thumbnailUrl\":\"https:\\\/\\\/buenosdiasbcs.com\\\/wp-content\\\/uploads\\\/2026\\\/03\\\/postura-mexico-iran.jpg\",\"articleSection\":[\"La Naci\u00f3n\"],\"inLanguage\":\"es\",\"potentialAction\":[{\"@type\":\"CommentAction\",\"name\":\"Comment\",\"target\":[\"https:\\\/\\\/buenosdiasbcs.com\\\/?p=5167#respond\"]}]},{\"@type\":\"WebPage\",\"@id\":\"https:\\\/\\\/buenosdiasbcs.com\\\/?p=5167\",\"url\":\"https:\\\/\\\/buenosdiasbcs.com\\\/?p=5167\",\"name\":\"Escala tensi\u00f3n: Ir\u00e1n pide postura de M\u00e9xico ante ataques de EU - Buenos D&iacute;as BCS\",\"isPartOf\":{\"@id\":\"https:\\\/\\\/buenosdiasbcs.com\\\/#website\"},\"primaryImageOfPage\":{\"@id\":\"https:\\\/\\\/buenosdiasbcs.com\\\/?p=5167#primaryimage\"},\"image\":{\"@id\":\"https:\\\/\\\/buenosdiasbcs.com\\\/?p=5167#primaryimage\"},\"thumbnailUrl\":\"https:\\\/\\\/buenosdiasbcs.com\\\/wp-content\\\/uploads\\\/2026\\\/03\\\/postura-mexico-iran.jpg\",\"datePublished\":\"2026-03-13T07:59:00+00:00\",\"breadcrumb\":{\"@id\":\"https:\\\/\\\/buenosdiasbcs.com\\\/?p=5167#breadcrumb\"},\"inLanguage\":\"es\",\"potentialAction\":[{\"@type\":\"ReadAction\",\"target\":[\"https:\\\/\\\/buenosdiasbcs.com\\\/?p=5167\"]}]},{\"@type\":\"ImageObject\",\"inLanguage\":\"es\",\"@id\":\"https:\\\/\\\/buenosdiasbcs.com\\\/?p=5167#primaryimage\",\"url\":\"https:\\\/\\\/buenosdiasbcs.com\\\/wp-content\\\/uploads\\\/2026\\\/03\\\/postura-mexico-iran.jpg\",\"contentUrl\":\"https:\\\/\\\/buenosdiasbcs.com\\\/wp-content\\\/uploads\\\/2026\\\/03\\\/postura-mexico-iran.jpg\",\"width\":1120,\"height\":581},{\"@type\":\"BreadcrumbList\",\"@id\":\"https:\\\/\\\/buenosdiasbcs.com\\\/?p=5167#breadcrumb\",\"itemListElement\":[{\"@type\":\"ListItem\",\"position\":1,\"name\":\"Portada\",\"item\":\"https:\\\/\\\/buenosdiasbcs.com\\\/\"},{\"@type\":\"ListItem\",\"position\":2,\"name\":\"Escala tensi\u00f3n: Ir\u00e1n pide postura de M\u00e9xico ante ataques de EU\"}]},{\"@type\":\"WebSite\",\"@id\":\"https:\\\/\\\/buenosdiasbcs.com\\\/#website\",\"url\":\"https:\\\/\\\/buenosdiasbcs.com\\\/\",\"name\":\"Buenos D\u00edas BCS\",\"description\":\"\",\"publisher\":{\"@id\":\"https:\\\/\\\/buenosdiasbcs.com\\\/#organization\"},\"potentialAction\":[{\"@type\":\"SearchAction\",\"target\":{\"@type\":\"EntryPoint\",\"urlTemplate\":\"https:\\\/\\\/buenosdiasbcs.com\\\/?s={search_term_string}\"},\"query-input\":{\"@type\":\"PropertyValueSpecification\",\"valueRequired\":true,\"valueName\":\"search_term_string\"}}],\"inLanguage\":\"es\"},{\"@type\":\"Organization\",\"@id\":\"https:\\\/\\\/buenosdiasbcs.com\\\/#organization\",\"name\":\"Buenos D\u00edas BCS\",\"url\":\"https:\\\/\\\/buenosdiasbcs.com\\\/\",\"logo\":{\"@type\":\"ImageObject\",\"inLanguage\":\"es\",\"@id\":\"https:\\\/\\\/buenosdiasbcs.com\\\/#\\\/schema\\\/logo\\\/image\\\/\",\"url\":\"https:\\\/\\\/buenosdiasbcs.com\\\/wp-content\\\/uploads\\\/2026\\\/01\\\/logo-buenos-dias-40-01.png\",\"contentUrl\":\"https:\\\/\\\/buenosdiasbcs.com\\\/wp-content\\\/uploads\\\/2026\\\/01\\\/logo-buenos-dias-40-01.png\",\"width\":277,\"height\":40,\"caption\":\"Buenos D\u00edas BCS\"},\"image\":{\"@id\":\"https:\\\/\\\/buenosdiasbcs.com\\\/#\\\/schema\\\/logo\\\/image\\\/\"}},{\"@type\":\"Person\",\"@id\":\"https:\\\/\\\/buenosdiasbcs.com\\\/#\\\/schema\\\/person\\\/15aedc247eab7070ee5d76d6d069a821\",\"name\":\"Edici\u00f3n Buenos D\u00edas\",\"image\":{\"@type\":\"ImageObject\",\"inLanguage\":\"es\",\"@id\":\"https:\\\/\\\/buenosdiasbcs.com\\\/wp-content\\\/uploads\\\/2026\\\/01\\\/cropped-sol-96x96.png\",\"url\":\"https:\\\/\\\/buenosdiasbcs.com\\\/wp-content\\\/uploads\\\/2026\\\/01\\\/cropped-sol-96x96.png\",\"contentUrl\":\"https:\\\/\\\/buenosdiasbcs.com\\\/wp-content\\\/uploads\\\/2026\\\/01\\\/cropped-sol-96x96.png\",\"caption\":\"Edici\u00f3n Buenos D\u00edas\"},\"url\":\"https:\\\/\\\/buenosdiasbcs.com\\\/?author=2\"}]}<\/script>\n<!-- \/ Yoast SEO Premium plugin. -->","yoast_head_json":{"title":"Escala tensi\u00f3n: Ir\u00e1n pide postura de M\u00e9xico ante ataques de EU - Buenos D&iacute;as BCS","robots":{"index":"index","follow":"follow","max-snippet":"max-snippet:-1","max-image-preview":"max-image-preview:large","max-video-preview":"max-video-preview:-1"},"canonical":"https:\/\/buenosdiasbcs.com\/?p=5167","og_locale":"es_ES","og_type":"article","og_title":"Escala tensi\u00f3n: Ir\u00e1n pide postura de M\u00e9xico ante ataques de EU","og_description":"El gobierno de&nbsp;Ir\u00e1n&nbsp;pidi\u00f3 a la presidenta de M\u00e9xico,&nbsp;Claudia Sheinbaum, que condene p\u00fablicamente los ataques ordenados por el mandatario estadounidense&nbsp;Donald Trump&nbsp;contra...","og_url":"https:\/\/buenosdiasbcs.com\/?p=5167","og_site_name":"Buenos D&iacute;as BCS","article_published_time":"2026-03-13T07:59:00+00:00","og_image":[{"width":1120,"height":581,"url":"https:\/\/buenosdiasbcs.com\/wp-content\/uploads\/2026\/03\/postura-mexico-iran.jpg","type":"image\/jpeg"}],"author":"Edici\u00f3n Buenos D\u00edas","twitter_card":"summary_large_image","twitter_misc":{"Escrito por":"Edici\u00f3n Buenos D\u00edas","Tiempo de lectura":"2 minutos"},"schema":{"@context":"https:\/\/schema.org","@graph":[{"@type":"Article","@id":"https:\/\/buenosdiasbcs.com\/?p=5167#article","isPartOf":{"@id":"https:\/\/buenosdiasbcs.com\/?p=5167"},"author":{"name":"Edici\u00f3n Buenos D\u00edas","@id":"https:\/\/buenosdiasbcs.com\/#\/schema\/person\/15aedc247eab7070ee5d76d6d069a821"},"headline":"Escala tensi\u00f3n: Ir\u00e1n pide postura de M\u00e9xico ante ataques de EU","datePublished":"2026-03-13T07:59:00+00:00","mainEntityOfPage":{"@id":"https:\/\/buenosdiasbcs.com\/?p=5167"},"wordCount":376,"commentCount":0,"publisher":{"@id":"https:\/\/buenosdiasbcs.com\/#organization"},"image":{"@id":"https:\/\/buenosdiasbcs.com\/?p=5167#primaryimage"},"thumbnailUrl":"https:\/\/buenosdiasbcs.com\/wp-content\/uploads\/2026\/03\/postura-mexico-iran.jpg","articleSection":["La Naci\u00f3n"],"inLanguage":"es","potentialAction":[{"@type":"CommentAction","name":"Comment","target":["https:\/\/buenosdiasbcs.com\/?p=5167#respond"]}]},{"@type":"WebPage","@id":"https:\/\/buenosdiasbcs.com\/?p=5167","url":"https:\/\/buenosdiasbcs.com\/?p=5167","name":"Escala tensi\u00f3n: Ir\u00e1n pide postura de M\u00e9xico ante ataques de EU - Buenos D&iacute;as BCS","isPartOf":{"@id":"https:\/\/buenosdiasbcs.com\/#website"},"primaryImageOfPage":{"@id":"https:\/\/buenosdiasbcs.com\/?p=5167#primaryimage"},"image":{"@id":"https:\/\/buenosdiasbcs.com\/?p=5167#primaryimage"},"thumbnailUrl":"https:\/\/buenosdiasbcs.com\/wp-content\/uploads\/2026\/03\/postura-mexico-iran.jpg","datePublished":"2026-03-13T07:59:00+00:00","breadcrumb":{"@id":"https:\/\/buenosdiasbcs.com\/?p=5167#breadcrumb"},"inLanguage":"es","potentialAction":[{"@type":"ReadAction","target":["https:\/\/buenosdiasbcs.com\/?p=5167"]}]},{"@type":"ImageObject","inLanguage":"es","@id":"https:\/\/buenosdiasbcs.com\/?p=5167#primaryimage","url":"https:\/\/buenosdiasbcs.com\/wp-content\/uploads\/2026\/03\/postura-mexico-iran.jpg","contentUrl":"https:\/\/buenosdiasbcs.com\/wp-content\/uploads\/2026\/03\/postura-mexico-iran.jpg","width":1120,"height":581},{"@type":"BreadcrumbList","@id":"https:\/\/buenosdiasbcs.com\/?p=5167#breadcrumb","itemListElement":[{"@type":"ListItem","position":1,"name":"Portada","item":"https:\/\/buenosdiasbcs.com\/"},{"@type":"ListItem","position":2,"name":"Escala tensi\u00f3n: Ir\u00e1n pide postura de M\u00e9xico ante ataques de EU"}]},{"@type":"WebSite","@id":"https:\/\/buenosdiasbcs.com\/#website","url":"https:\/\/buenosdiasbcs.com\/","name":"Buenos D\u00edas BCS","description":"","publisher":{"@id":"https:\/\/buenosdiasbcs.com\/#organization"},"potentialAction":[{"@type":"SearchAction","target":{"@type":"EntryPoint","urlTemplate":"https:\/\/buenosdiasbcs.com\/?s={search_term_string}"},"query-input":{"@type":"PropertyValueSpecification","valueRequired":true,"valueName":"search_term_string"}}],"inLanguage":"es"},{"@type":"Organization","@id":"https:\/\/buenosdiasbcs.com\/#organization","name":"Buenos D\u00edas BCS","url":"https:\/\/buenosdiasbcs.com\/","logo":{"@type":"ImageObject","inLanguage":"es","@id":"https:\/\/buenosdiasbcs.com\/#\/schema\/logo\/image\/","url":"https:\/\/buenosdiasbcs.com\/wp-content\/uploads\/2026\/01\/logo-buenos-dias-40-01.png","contentUrl":"https:\/\/buenosdiasbcs.com\/wp-content\/uploads\/2026\/01\/logo-buenos-dias-40-01.png","width":277,"height":40,"caption":"Buenos D\u00edas BCS"},"image":{"@id":"https:\/\/buenosdiasbcs.com\/#\/schema\/logo\/image\/"}},{"@type":"Person","@id":"https:\/\/buenosdiasbcs.com\/#\/schema\/person\/15aedc247eab7070ee5d76d6d069a821","name":"Edici\u00f3n Buenos D\u00edas","image":{"@type":"ImageObject","inLanguage":"es","@id":"https:\/\/buenosdiasbcs.com\/wp-content\/uploads\/2026\/01\/cropped-sol-96x96.png","url":"https:\/\/buenosdiasbcs.com\/wp-content\/uploads\/2026\/01\/cropped-sol-96x96.png","contentUrl":"https:\/\/buenosdiasbcs.com\/wp-content\/uploads\/2026\/01\/cropped-sol-96x96.png","caption":"Edici\u00f3n Buenos D\u00edas"},"url":"https:\/\/buenosdiasbcs.com\/?author=2"}]}},"amp_enabled":true,"_links":{"self":[{"href":"https:\/\/buenosdiasbcs.com\/index.php?rest_route=\/wp\/v2\/posts\/5167","targetHints":{"allow":["GET"]}}],"collection":[{"href":"https:\/\/buenosdiasbcs.com\/index.php?rest_route=\/wp\/v2\/posts"}],"about":[{"href":"https:\/\/buenosdiasbcs.com\/index.php?rest_route=\/wp\/v2\/types\/post"}],"author":[{"embeddable":true,"href":"https:\/\/buenosdiasbcs.com\/index.php?rest_route=\/wp\/v2\/users\/2"}],"replies":[{"embeddable":true,"href":"https:\/\/buenosdiasbcs.com\/index.php?rest_route=%2Fwp%2Fv2%2Fcomments&post=5167"}],"version-history":[{"count":1,"href":"https:\/\/buenosdiasbcs.com\/index.php?rest_route=\/wp\/v2\/posts\/5167\/revisions"}],"predecessor-version":[{"id":5169,"href":"https:\/\/buenosdiasbcs.com\/index.php?rest_route=\/wp\/v2\/posts\/5167\/revisions\/5169"}],"wp:featuredmedia":[{"embeddable":true,"href":"https:\/\/buenosdiasbcs.com\/index.php?rest_route=\/wp\/v2\/media\/5168"}],"wp:attachment":[{"href":"https:\/\/buenosdiasbcs.com\/index.php?rest_route=%2Fwp%2Fv2%2Fmedia&parent=5167"}],"wp:term":[{"taxonomy":"category","embeddable":true,"href":"https:\/\/buenosdiasbcs.com\/index.php?rest_route=%2Fwp%2Fv2%2Fcategories&post=5167"},{"taxonomy":"post_tag","embeddable":true,"href":"https:\/\/buenosdiasbcs.com\/index.php?rest_route=%2Fwp%2Fv2%2Ftags&post=5167"}],"curies":[{"name":"wp","href":"https:\/\/api.w.org\/{rel}","templated":true}]}}