{"id":5164,"date":"2026-03-13T00:56:00","date_gmt":"2026-03-13T07:56:00","guid":{"rendered":"https:\/\/buenosdiasbcs.com\/?p=5164"},"modified":"2026-03-12T21:58:04","modified_gmt":"2026-03-13T04:58:04","slug":"sandra-cuevas-acusa-a-monreal-de-sabotear-reforma-electoral","status":"publish","type":"post","link":"https:\/\/buenosdiasbcs.com\/?p=5164","title":{"rendered":"Sandra Cuevas acusa a Monreal de sabotear reforma electoral"},"content":{"rendered":"\n<h2 class=\"wp-block-heading\" id=\"h-la-exalcaldesa-sandra-cuevas-senalo-a-ricardo-monreal-de-operar-politicamente-para-impedir-que-avanzara-la-reforma-electoral-impulsada-por-la-presidenta-claudia-sheinbaum\">La exalcaldesa Sandra Cuevas se\u00f1al\u00f3 a Ricardo Monreal de operar pol\u00edticamente para impedir que avanzara la reforma electoral impulsada por la presidenta Claudia Sheinbaum.<\/h2>\n\n\n\n<p>La exalcaldesa de Cuauht\u00e9moc,&nbsp;<strong>Sandra Cuevas<\/strong>, acus\u00f3 al diputado&nbsp;<strong>Ricardo Monreal<\/strong>&nbsp;de haber orquestado el fracaso de la reforma electoral impulsada por la presidenta&nbsp;<strong>Claudia Sheinbaum<\/strong>&nbsp;en la C\u00e1mara de Diputados.&nbsp;<\/p>\n\n\n\n<p>A trav\u00e9s de un mensaje difundido en redes sociales, Cuevas asegur\u00f3 que Monreal habr\u00eda coordinado acciones pol\u00edticas con diversos partidos para impedir que la iniciativa obtuviera la mayor\u00eda necesaria en el Congreso.&nbsp;<\/p>\n\n\n\n<p>La exfuncionaria calific\u00f3 al legislador como&nbsp;<strong>\u201ctraidor a la patria\u201d<\/strong>&nbsp;y lo responsabiliz\u00f3 de haber actuado en contra del proyecto pol\u00edtico del gobierno federal.<\/p>\n\n\n\n<h2 class=\"wp-block-heading\" id=\"h-criticas-a-la-oposicion-y-aliados-politicos\">Cr\u00edticas a la oposici\u00f3n y aliados pol\u00edticos<\/h2>\n\n\n\n<p>Durante su mensaje, Cuevas se\u00f1al\u00f3 que en la votaci\u00f3n legislativa salieron a relucir, seg\u00fan sus palabras, las \u201ccabezas de los principales traidores\u201d al pa\u00eds y al proyecto de la presidenta.<\/p>\n\n\n\n<p>Entre los actores pol\u00edticos que mencion\u00f3 se encuentran dirigentes y representantes de distintos partidos que, asegur\u00f3, se habr\u00edan alineado para impedir el avance de la iniciativa.&nbsp;<\/p>\n\n\n\n<p>La exalcaldesa sostuvo que esta presunta coordinaci\u00f3n entre fuerzas pol\u00edticas fue clave para que la reforma no alcanzara el respaldo suficiente en San L\u00e1zaro.<\/p>\n\n\n\n<h2 class=\"wp-block-heading\" id=\"h-reforma-electoral-no-alcanzo-mayoria-en-el-congreso\">Reforma electoral no alcanz\u00f3 mayor\u00eda en el Congreso<\/h2>\n\n\n\n<p>La iniciativa impulsada por el gobierno federal buscaba modificar diversos aspectos del sistema electoral, incluyendo cambios en la integraci\u00f3n del Congreso y una reducci\u00f3n en los costos del proceso electoral.&nbsp;<\/p>\n\n\n\n<p>Sin embargo, la propuesta no logr\u00f3 reunir la mayor\u00eda calificada necesaria para aprobar una reforma constitucional, lo que represent\u00f3 uno de los reveses legislativos m\u00e1s importantes para el oficialismo.&nbsp;<\/p>\n\n\n\n<p>La votaci\u00f3n evidenci\u00f3 diferencias entre partidos aliados y gener\u00f3 tensiones dentro del bloque gobernante.<\/p>\n\n\n\n<h2 class=\"wp-block-heading\" id=\"h-debate-politico-tras-la-votacion\">Debate pol\u00edtico tras la votaci\u00f3n<\/h2>\n\n\n\n<p>Las declaraciones de Cuevas se suman a la pol\u00e9mica generada tras la votaci\u00f3n en la C\u00e1mara de Diputados, donde legisladores intercambiaron acusaciones por la ca\u00edda de la iniciativa.<\/p>\n\n\n\n<p>Analistas se\u00f1alan que el fracaso de la reforma tambi\u00e9n reflej\u00f3 divisiones dentro de la coalici\u00f3n oficialista y las dificultades para reunir los votos necesarios en temas constitucionales.&nbsp;<\/p>\n\n\n\n<p>Mientras tanto, el gobierno federal ha se\u00f1alado que podr\u00eda impulsar nuevas propuestas o modificaciones legislativas para retomar algunos de los objetivos de la reforma.<\/p>\n\n\n\n<h2 class=\"wp-block-heading\" id=\"h-nbsp-que-proponia-la-reforma-electoral\">&nbsp;Qu\u00e9 propon\u00eda la reforma electoral<\/h2>\n\n\n\n<p>La reforma electoral presentada en 2026 inclu\u00eda cambios como la&nbsp;<strong>reducci\u00f3n del n\u00famero de senadores<\/strong>, ajustes en el sistema de representaci\u00f3n proporcional y recortes al financiamiento p\u00fablico destinado a procesos electorales.&nbsp;<\/p>\n\n\n\n<p>Tambi\u00e9n contemplaba modificaciones en la organizaci\u00f3n de elecciones y nuevas reglas para el uso de tecnolog\u00edas y herramientas digitales durante las campa\u00f1as.<\/p>\n\n\n\n<p><em>Con informaci\u00f3n de El Financiero.<\/em><\/p>\n","protected":false},"excerpt":{"rendered":"<p>La exalcaldesa Sandra Cuevas se\u00f1al\u00f3 a Ricardo Monreal de operar pol\u00edticamente para impedir que avanzara la reforma electoral impulsada por&#8230;<\/p>\n","protected":false},"author":2,"featured_media":5165,"comment_status":"open","ping_status":"open","sticky":false,"template":"","format":"standard","meta":{"footnotes":""},"categories":[32],"tags":[],"class_list":["post-5164","post","type-post","status-publish","format-standard","has-post-thumbnail","hentry","category-la-nacion"],"yoast_head":"<!-- This site is optimized with the Yoast SEO Premium plugin v26.8 (Yoast SEO v27.4) - https:\/\/yoast.com\/product\/yoast-seo-premium-wordpress\/ -->\n<title>Sandra Cuevas acusa a Monreal de sabotear reforma electoral - Buenos D&iacute;as BCS<\/title>\n<meta name=\"robots\" content=\"index, follow, max-snippet:-1, max-image-preview:large, max-video-preview:-1\" \/>\n<link rel=\"canonical\" href=\"https:\/\/buenosdiasbcs.com\/?p=5164\" \/>\n<meta property=\"og:locale\" content=\"es_ES\" \/>\n<meta property=\"og:type\" content=\"article\" \/>\n<meta property=\"og:title\" content=\"Sandra Cuevas acusa a Monreal de sabotear reforma electoral\" \/>\n<meta property=\"og:description\" content=\"La exalcaldesa Sandra Cuevas se\u00f1al\u00f3 a Ricardo Monreal de operar pol\u00edticamente para impedir que avanzara la reforma electoral impulsada por...\" \/>\n<meta property=\"og:url\" content=\"https:\/\/buenosdiasbcs.com\/?p=5164\" \/>\n<meta property=\"og:site_name\" content=\"Buenos D&iacute;as BCS\" \/>\n<meta property=\"article:published_time\" content=\"2026-03-13T07:56:00+00:00\" \/>\n<meta name=\"author\" content=\"Edici\u00f3n Buenos D\u00edas\" \/>\n<meta name=\"twitter:card\" content=\"summary_large_image\" \/>\n<meta name=\"twitter:label1\" content=\"Escrito por\" \/>\n\t<meta name=\"twitter:data1\" content=\"Edici\u00f3n Buenos D\u00edas\" \/>\n\t<meta name=\"twitter:label2\" content=\"Tiempo de lectura\" \/>\n\t<meta name=\"twitter:data2\" content=\"3 minutos\" \/>\n<script type=\"application\/ld+json\" class=\"yoast-schema-graph\">{\"@context\":\"https:\\\/\\\/schema.org\",\"@graph\":[{\"@type\":\"Article\",\"@id\":\"https:\\\/\\\/buenosdiasbcs.com\\\/?p=5164#article\",\"isPartOf\":{\"@id\":\"https:\\\/\\\/buenosdiasbcs.com\\\/?p=5164\"},\"author\":{\"name\":\"Edici\u00f3n Buenos D\u00edas\",\"@id\":\"https:\\\/\\\/buenosdiasbcs.com\\\/#\\\/schema\\\/person\\\/15aedc247eab7070ee5d76d6d069a821\"},\"headline\":\"Sandra Cuevas acusa a Monreal de sabotear reforma electoral\",\"datePublished\":\"2026-03-13T07:56:00+00:00\",\"mainEntityOfPage\":{\"@id\":\"https:\\\/\\\/buenosdiasbcs.com\\\/?p=5164\"},\"wordCount\":499,\"commentCount\":0,\"publisher\":{\"@id\":\"https:\\\/\\\/buenosdiasbcs.com\\\/#organization\"},\"image\":{\"@id\":\"https:\\\/\\\/buenosdiasbcs.com\\\/?p=5164#primaryimage\"},\"thumbnailUrl\":\"https:\\\/\\\/buenosdiasbcs.com\\\/wp-content\\\/uploads\\\/2026\\\/03\\\/AW6Y4XJRWVF35G6RUSFAXX7IIM.png.avif\",\"articleSection\":[\"La Naci\u00f3n\"],\"inLanguage\":\"es\",\"potentialAction\":[{\"@type\":\"CommentAction\",\"name\":\"Comment\",\"target\":[\"https:\\\/\\\/buenosdiasbcs.com\\\/?p=5164#respond\"]}]},{\"@type\":\"WebPage\",\"@id\":\"https:\\\/\\\/buenosdiasbcs.com\\\/?p=5164\",\"url\":\"https:\\\/\\\/buenosdiasbcs.com\\\/?p=5164\",\"name\":\"Sandra Cuevas acusa a Monreal de sabotear reforma electoral - Buenos D&iacute;as BCS\",\"isPartOf\":{\"@id\":\"https:\\\/\\\/buenosdiasbcs.com\\\/#website\"},\"primaryImageOfPage\":{\"@id\":\"https:\\\/\\\/buenosdiasbcs.com\\\/?p=5164#primaryimage\"},\"image\":{\"@id\":\"https:\\\/\\\/buenosdiasbcs.com\\\/?p=5164#primaryimage\"},\"thumbnailUrl\":\"https:\\\/\\\/buenosdiasbcs.com\\\/wp-content\\\/uploads\\\/2026\\\/03\\\/AW6Y4XJRWVF35G6RUSFAXX7IIM.png.avif\",\"datePublished\":\"2026-03-13T07:56:00+00:00\",\"breadcrumb\":{\"@id\":\"https:\\\/\\\/buenosdiasbcs.com\\\/?p=5164#breadcrumb\"},\"inLanguage\":\"es\",\"potentialAction\":[{\"@type\":\"ReadAction\",\"target\":[\"https:\\\/\\\/buenosdiasbcs.com\\\/?p=5164\"]}]},{\"@type\":\"ImageObject\",\"inLanguage\":\"es\",\"@id\":\"https:\\\/\\\/buenosdiasbcs.com\\\/?p=5164#primaryimage\",\"url\":\"https:\\\/\\\/buenosdiasbcs.com\\\/wp-content\\\/uploads\\\/2026\\\/03\\\/AW6Y4XJRWVF35G6RUSFAXX7IIM.png.avif\",\"contentUrl\":\"https:\\\/\\\/buenosdiasbcs.com\\\/wp-content\\\/uploads\\\/2026\\\/03\\\/AW6Y4XJRWVF35G6RUSFAXX7IIM.png.avif\",\"width\":1200,\"height\":630},{\"@type\":\"BreadcrumbList\",\"@id\":\"https:\\\/\\\/buenosdiasbcs.com\\\/?p=5164#breadcrumb\",\"itemListElement\":[{\"@type\":\"ListItem\",\"position\":1,\"name\":\"Portada\",\"item\":\"https:\\\/\\\/buenosdiasbcs.com\\\/\"},{\"@type\":\"ListItem\",\"position\":2,\"name\":\"Sandra Cuevas acusa a Monreal de sabotear reforma electoral\"}]},{\"@type\":\"WebSite\",\"@id\":\"https:\\\/\\\/buenosdiasbcs.com\\\/#website\",\"url\":\"https:\\\/\\\/buenosdiasbcs.com\\\/\",\"name\":\"Buenos D\u00edas BCS\",\"description\":\"\",\"publisher\":{\"@id\":\"https:\\\/\\\/buenosdiasbcs.com\\\/#organization\"},\"potentialAction\":[{\"@type\":\"SearchAction\",\"target\":{\"@type\":\"EntryPoint\",\"urlTemplate\":\"https:\\\/\\\/buenosdiasbcs.com\\\/?s={search_term_string}\"},\"query-input\":{\"@type\":\"PropertyValueSpecification\",\"valueRequired\":true,\"valueName\":\"search_term_string\"}}],\"inLanguage\":\"es\"},{\"@type\":\"Organization\",\"@id\":\"https:\\\/\\\/buenosdiasbcs.com\\\/#organization\",\"name\":\"Buenos D\u00edas BCS\",\"url\":\"https:\\\/\\\/buenosdiasbcs.com\\\/\",\"logo\":{\"@type\":\"ImageObject\",\"inLanguage\":\"es\",\"@id\":\"https:\\\/\\\/buenosdiasbcs.com\\\/#\\\/schema\\\/logo\\\/image\\\/\",\"url\":\"https:\\\/\\\/buenosdiasbcs.com\\\/wp-content\\\/uploads\\\/2026\\\/01\\\/logo-buenos-dias-40-01.png\",\"contentUrl\":\"https:\\\/\\\/buenosdiasbcs.com\\\/wp-content\\\/uploads\\\/2026\\\/01\\\/logo-buenos-dias-40-01.png\",\"width\":277,\"height\":40,\"caption\":\"Buenos D\u00edas BCS\"},\"image\":{\"@id\":\"https:\\\/\\\/buenosdiasbcs.com\\\/#\\\/schema\\\/logo\\\/image\\\/\"}},{\"@type\":\"Person\",\"@id\":\"https:\\\/\\\/buenosdiasbcs.com\\\/#\\\/schema\\\/person\\\/15aedc247eab7070ee5d76d6d069a821\",\"name\":\"Edici\u00f3n Buenos D\u00edas\",\"image\":{\"@type\":\"ImageObject\",\"inLanguage\":\"es\",\"@id\":\"https:\\\/\\\/buenosdiasbcs.com\\\/wp-content\\\/uploads\\\/2026\\\/01\\\/cropped-sol-96x96.png\",\"url\":\"https:\\\/\\\/buenosdiasbcs.com\\\/wp-content\\\/uploads\\\/2026\\\/01\\\/cropped-sol-96x96.png\",\"contentUrl\":\"https:\\\/\\\/buenosdiasbcs.com\\\/wp-content\\\/uploads\\\/2026\\\/01\\\/cropped-sol-96x96.png\",\"caption\":\"Edici\u00f3n Buenos D\u00edas\"},\"url\":\"https:\\\/\\\/buenosdiasbcs.com\\\/?author=2\"}]}<\/script>\n<!-- \/ Yoast SEO Premium plugin. -->","yoast_head_json":{"title":"Sandra Cuevas acusa a Monreal de sabotear reforma electoral - Buenos D&iacute;as BCS","robots":{"index":"index","follow":"follow","max-snippet":"max-snippet:-1","max-image-preview":"max-image-preview:large","max-video-preview":"max-video-preview:-1"},"canonical":"https:\/\/buenosdiasbcs.com\/?p=5164","og_locale":"es_ES","og_type":"article","og_title":"Sandra Cuevas acusa a Monreal de sabotear reforma electoral","og_description":"La exalcaldesa Sandra Cuevas se\u00f1al\u00f3 a Ricardo Monreal de operar pol\u00edticamente para impedir que avanzara la reforma electoral impulsada por...","og_url":"https:\/\/buenosdiasbcs.com\/?p=5164","og_site_name":"Buenos D&iacute;as BCS","article_published_time":"2026-03-13T07:56:00+00:00","author":"Edici\u00f3n Buenos D\u00edas","twitter_card":"summary_large_image","twitter_misc":{"Escrito por":"Edici\u00f3n Buenos D\u00edas","Tiempo de lectura":"3 minutos"},"schema":{"@context":"https:\/\/schema.org","@graph":[{"@type":"Article","@id":"https:\/\/buenosdiasbcs.com\/?p=5164#article","isPartOf":{"@id":"https:\/\/buenosdiasbcs.com\/?p=5164"},"author":{"name":"Edici\u00f3n Buenos D\u00edas","@id":"https:\/\/buenosdiasbcs.com\/#\/schema\/person\/15aedc247eab7070ee5d76d6d069a821"},"headline":"Sandra Cuevas acusa a Monreal de sabotear reforma electoral","datePublished":"2026-03-13T07:56:00+00:00","mainEntityOfPage":{"@id":"https:\/\/buenosdiasbcs.com\/?p=5164"},"wordCount":499,"commentCount":0,"publisher":{"@id":"https:\/\/buenosdiasbcs.com\/#organization"},"image":{"@id":"https:\/\/buenosdiasbcs.com\/?p=5164#primaryimage"},"thumbnailUrl":"https:\/\/buenosdiasbcs.com\/wp-content\/uploads\/2026\/03\/AW6Y4XJRWVF35G6RUSFAXX7IIM.png.avif","articleSection":["La Naci\u00f3n"],"inLanguage":"es","potentialAction":[{"@type":"CommentAction","name":"Comment","target":["https:\/\/buenosdiasbcs.com\/?p=5164#respond"]}]},{"@type":"WebPage","@id":"https:\/\/buenosdiasbcs.com\/?p=5164","url":"https:\/\/buenosdiasbcs.com\/?p=5164","name":"Sandra Cuevas acusa a Monreal de sabotear reforma electoral - Buenos D&iacute;as BCS","isPartOf":{"@id":"https:\/\/buenosdiasbcs.com\/#website"},"primaryImageOfPage":{"@id":"https:\/\/buenosdiasbcs.com\/?p=5164#primaryimage"},"image":{"@id":"https:\/\/buenosdiasbcs.com\/?p=5164#primaryimage"},"thumbnailUrl":"https:\/\/buenosdiasbcs.com\/wp-content\/uploads\/2026\/03\/AW6Y4XJRWVF35G6RUSFAXX7IIM.png.avif","datePublished":"2026-03-13T07:56:00+00:00","breadcrumb":{"@id":"https:\/\/buenosdiasbcs.com\/?p=5164#breadcrumb"},"inLanguage":"es","potentialAction":[{"@type":"ReadAction","target":["https:\/\/buenosdiasbcs.com\/?p=5164"]}]},{"@type":"ImageObject","inLanguage":"es","@id":"https:\/\/buenosdiasbcs.com\/?p=5164#primaryimage","url":"https:\/\/buenosdiasbcs.com\/wp-content\/uploads\/2026\/03\/AW6Y4XJRWVF35G6RUSFAXX7IIM.png.avif","contentUrl":"https:\/\/buenosdiasbcs.com\/wp-content\/uploads\/2026\/03\/AW6Y4XJRWVF35G6RUSFAXX7IIM.png.avif","width":1200,"height":630},{"@type":"BreadcrumbList","@id":"https:\/\/buenosdiasbcs.com\/?p=5164#breadcrumb","itemListElement":[{"@type":"ListItem","position":1,"name":"Portada","item":"https:\/\/buenosdiasbcs.com\/"},{"@type":"ListItem","position":2,"name":"Sandra Cuevas acusa a Monreal de sabotear reforma electoral"}]},{"@type":"WebSite","@id":"https:\/\/buenosdiasbcs.com\/#website","url":"https:\/\/buenosdiasbcs.com\/","name":"Buenos D\u00edas BCS","description":"","publisher":{"@id":"https:\/\/buenosdiasbcs.com\/#organization"},"potentialAction":[{"@type":"SearchAction","target":{"@type":"EntryPoint","urlTemplate":"https:\/\/buenosdiasbcs.com\/?s={search_term_string}"},"query-input":{"@type":"PropertyValueSpecification","valueRequired":true,"valueName":"search_term_string"}}],"inLanguage":"es"},{"@type":"Organization","@id":"https:\/\/buenosdiasbcs.com\/#organization","name":"Buenos D\u00edas BCS","url":"https:\/\/buenosdiasbcs.com\/","logo":{"@type":"ImageObject","inLanguage":"es","@id":"https:\/\/buenosdiasbcs.com\/#\/schema\/logo\/image\/","url":"https:\/\/buenosdiasbcs.com\/wp-content\/uploads\/2026\/01\/logo-buenos-dias-40-01.png","contentUrl":"https:\/\/buenosdiasbcs.com\/wp-content\/uploads\/2026\/01\/logo-buenos-dias-40-01.png","width":277,"height":40,"caption":"Buenos D\u00edas BCS"},"image":{"@id":"https:\/\/buenosdiasbcs.com\/#\/schema\/logo\/image\/"}},{"@type":"Person","@id":"https:\/\/buenosdiasbcs.com\/#\/schema\/person\/15aedc247eab7070ee5d76d6d069a821","name":"Edici\u00f3n Buenos D\u00edas","image":{"@type":"ImageObject","inLanguage":"es","@id":"https:\/\/buenosdiasbcs.com\/wp-content\/uploads\/2026\/01\/cropped-sol-96x96.png","url":"https:\/\/buenosdiasbcs.com\/wp-content\/uploads\/2026\/01\/cropped-sol-96x96.png","contentUrl":"https:\/\/buenosdiasbcs.com\/wp-content\/uploads\/2026\/01\/cropped-sol-96x96.png","caption":"Edici\u00f3n Buenos D\u00edas"},"url":"https:\/\/buenosdiasbcs.com\/?author=2"}]}},"amp_enabled":true,"_links":{"self":[{"href":"https:\/\/buenosdiasbcs.com\/index.php?rest_route=\/wp\/v2\/posts\/5164","targetHints":{"allow":["GET"]}}],"collection":[{"href":"https:\/\/buenosdiasbcs.com\/index.php?rest_route=\/wp\/v2\/posts"}],"about":[{"href":"https:\/\/buenosdiasbcs.com\/index.php?rest_route=\/wp\/v2\/types\/post"}],"author":[{"embeddable":true,"href":"https:\/\/buenosdiasbcs.com\/index.php?rest_route=\/wp\/v2\/users\/2"}],"replies":[{"embeddable":true,"href":"https:\/\/buenosdiasbcs.com\/index.php?rest_route=%2Fwp%2Fv2%2Fcomments&post=5164"}],"version-history":[{"count":1,"href":"https:\/\/buenosdiasbcs.com\/index.php?rest_route=\/wp\/v2\/posts\/5164\/revisions"}],"predecessor-version":[{"id":5166,"href":"https:\/\/buenosdiasbcs.com\/index.php?rest_route=\/wp\/v2\/posts\/5164\/revisions\/5166"}],"wp:featuredmedia":[{"embeddable":true,"href":"https:\/\/buenosdiasbcs.com\/index.php?rest_route=\/wp\/v2\/media\/5165"}],"wp:attachment":[{"href":"https:\/\/buenosdiasbcs.com\/index.php?rest_route=%2Fwp%2Fv2%2Fmedia&parent=5164"}],"wp:term":[{"taxonomy":"category","embeddable":true,"href":"https:\/\/buenosdiasbcs.com\/index.php?rest_route=%2Fwp%2Fv2%2Fcategories&post=5164"},{"taxonomy":"post_tag","embeddable":true,"href":"https:\/\/buenosdiasbcs.com\/index.php?rest_route=%2Fwp%2Fv2%2Ftags&post=5164"}],"curies":[{"name":"wp","href":"https:\/\/api.w.org\/{rel}","templated":true}]}}