{"id":5159,"date":"2026-03-13T00:52:00","date_gmt":"2026-03-13T07:52:00","guid":{"rendered":"https:\/\/buenosdiasbcs.com\/?p=5159"},"modified":"2026-03-12T21:55:58","modified_gmt":"2026-03-13T04:55:58","slug":"sheinbaum-pide-que-revocacion-de-mandato-se-realice-en-el-tercer-o-cuarto-ano","status":"publish","type":"post","link":"https:\/\/buenosdiasbcs.com\/?p=5159","title":{"rendered":"Sheinbaum pide que revocaci\u00f3n de mandato se realice en el tercer o cuarto a\u00f1o"},"content":{"rendered":"\n<h2 class=\"wp-block-heading\" id=\"h-sheinbaum-pidio-que-revocacion-de-mandato-sea-en-tercer-o-cuarto-ano-como-parte-del-plan-b-de-reforma-electoral-que-propondra-al-congreso\">Sheinbaum pidi\u00f3 que revocaci\u00f3n de mandato sea en tercer o cuarto a\u00f1o, como parte del Plan B de reforma electoral que propondr\u00e1 al Congreso<\/h2>\n\n\n\n<p><strong>Ciudad de M\u00e9xico.-&nbsp;<\/strong>La presidenta Claudia Sheinbaum pidi\u00f3 que el ejercicio de&nbsp;<strong>revocaci\u00f3n de mandato sea en el tercer o cuarto a\u00f1o<\/strong>, como parte del&nbsp;<strong>Plan B<\/strong>de la reforma electoral que propondr\u00e1 al Congreso, en el que hasta ahora se mantiene hasta el cuarto a\u00f1o.<\/p>\n\n\n\n<blockquote class=\"wp-block-quote is-layout-flow wp-block-quote-is-layout-flow\">\n<p>\u201c&nbsp;No se aprob\u00f3 lo de ayer porque no le preguntamos a la gente. Entonces que se permiten la consulta popular, algunos temas electorales. Y en su momento que se le pregunt\u00e9 a la gente, que la gente decida. Eso es la democracia. La otra, que&nbsp;<strong>la revocaci\u00f3n de mandato pueda hacer en el tercero o en el cuarto a\u00f1o<\/strong>, en este momento, es solo en el cuarto a\u00f1o\u201d, dijo.&nbsp;<\/p>\n<\/blockquote>\n\n\n\n<blockquote class=\"wp-block-quote is-layout-flow wp-block-quote-is-layout-flow\">\n<p>\u201c&nbsp;La propuesta es que se pueda hacer, que se abra, que se pueda hacer en el tercero o en el cuarto a\u00f1o. La revocaci\u00f3n de mandato tiene que ver con que la gente solicite la revocaci\u00f3n de mandato, entonces que se permita a cualquier Presidente, que si as\u00ed lo desea, o la gente lo desea, pueda hacer en el 27 o en el 28, pueda ser en el siguiente sexenio en el 33, o en el 34\u2033, agreg\u00f3.&nbsp;<\/p>\n<\/blockquote>\n\n\n\n<p><strong>La presidenta adelant\u00f3 que se enviar\u00e1 el lunes<\/strong>, y mencion\u00f3 que espera que esta vez s\u00ed apruebe su iniciativa de propuesta.<\/p>\n\n\n\n<blockquote class=\"wp-block-quote is-layout-flow wp-block-quote-is-layout-flow\">\n<p>\u201c&nbsp;La vamos a enviar el lunes tan terminando la redacci\u00f3n.&nbsp;<strong>Y pues ya vamos a ver a qu\u00e9 C\u00e1mara la enviamos<\/strong>, y yo espero que pase, y si no pasa, tampoco pasa nada. Pero nosotros tenemos un mandato, y una convicci\u00f3n, y un principio. A nosotros no se nos olvida de d\u00f3nde vinimos\u201d, se\u00f1al\u00f3.&nbsp;<\/p>\n<\/blockquote>\n\n\n\n<p>Dirigentes y legisladores de Morena, el Partido Verde y el Partido del Trabajo revisaron anoche durante m\u00e1s de cinco horas en Palacio Nacional el contenido de un eventual Plan B en materia electoral, luego de que la C\u00e1mara de Diputados desech\u00f3 la reforma constitucional impulsada por la presidenta Claudia Sheinbaum.<\/p>\n\n\n\n<p>La reuni\u00f3n comenz\u00f3 alrededor de las 19:00 horas del mi\u00e9rcoles y se prolong\u00f3 hasta pasada la medianoche, tras el rev\u00e9s legislativo sufrido por la iniciativa presidencial al no alcanzar la mayor\u00eda calificada en San L\u00e1zaro.<\/p>\n\n\n\n<p>Al t\u00e9rmino del encuentro, los participantes reconocieron que no hubo avances ni acuerdos concretos sobre una nueva propuesta electoral.<\/p>\n","protected":false},"excerpt":{"rendered":"<p>Sheinbaum pidi\u00f3 que revocaci\u00f3n de mandato sea en tercer o cuarto a\u00f1o, como parte del Plan B de reforma electoral&#8230;<\/p>\n","protected":false},"author":2,"featured_media":5162,"comment_status":"open","ping_status":"open","sticky":false,"template":"","format":"standard","meta":{"footnotes":""},"categories":[32],"tags":[],"class_list":["post-5159","post","type-post","status-publish","format-standard","has-post-thumbnail","hentry","category-la-nacion"],"yoast_head":"<!-- This site is optimized with the Yoast SEO Premium plugin v26.8 (Yoast SEO v27.4) - https:\/\/yoast.com\/product\/yoast-seo-premium-wordpress\/ -->\n<title>Sheinbaum pide que revocaci\u00f3n de mandato se realice en el tercer o cuarto a\u00f1o - Buenos D&iacute;as BCS<\/title>\n<meta name=\"robots\" content=\"index, follow, max-snippet:-1, max-image-preview:large, max-video-preview:-1\" \/>\n<link rel=\"canonical\" href=\"https:\/\/buenosdiasbcs.com\/?p=5159\" \/>\n<meta property=\"og:locale\" content=\"es_ES\" \/>\n<meta property=\"og:type\" content=\"article\" \/>\n<meta property=\"og:title\" content=\"Sheinbaum pide que revocaci\u00f3n de mandato se realice en el tercer o cuarto a\u00f1o\" \/>\n<meta property=\"og:description\" content=\"Sheinbaum pidi\u00f3 que revocaci\u00f3n de mandato sea en tercer o cuarto a\u00f1o, como parte del Plan B de reforma electoral...\" \/>\n<meta property=\"og:url\" content=\"https:\/\/buenosdiasbcs.com\/?p=5159\" \/>\n<meta property=\"og:site_name\" content=\"Buenos D&iacute;as BCS\" \/>\n<meta property=\"article:published_time\" content=\"2026-03-13T07:52:00+00:00\" \/>\n<meta property=\"og:image\" content=\"https:\/\/buenosdiasbcs.com\/wp-content\/uploads\/2026\/03\/f960x540-826263_900338_4919.jpg\" \/>\n\t<meta property=\"og:image:width\" content=\"960\" \/>\n\t<meta property=\"og:image:height\" content=\"540\" \/>\n\t<meta property=\"og:image:type\" content=\"image\/jpeg\" \/>\n<meta name=\"author\" content=\"Edici\u00f3n Buenos D\u00edas\" \/>\n<meta name=\"twitter:card\" content=\"summary_large_image\" \/>\n<meta name=\"twitter:label1\" content=\"Escrito por\" \/>\n\t<meta name=\"twitter:data1\" content=\"Edici\u00f3n Buenos D\u00edas\" \/>\n\t<meta name=\"twitter:label2\" content=\"Tiempo de lectura\" \/>\n\t<meta name=\"twitter:data2\" content=\"2 minutos\" \/>\n<script type=\"application\/ld+json\" class=\"yoast-schema-graph\">{\"@context\":\"https:\\\/\\\/schema.org\",\"@graph\":[{\"@type\":\"Article\",\"@id\":\"https:\\\/\\\/buenosdiasbcs.com\\\/?p=5159#article\",\"isPartOf\":{\"@id\":\"https:\\\/\\\/buenosdiasbcs.com\\\/?p=5159\"},\"author\":{\"name\":\"Edici\u00f3n Buenos D\u00edas\",\"@id\":\"https:\\\/\\\/buenosdiasbcs.com\\\/#\\\/schema\\\/person\\\/15aedc247eab7070ee5d76d6d069a821\"},\"headline\":\"Sheinbaum pide que revocaci\u00f3n de mandato se realice en el tercer o cuarto a\u00f1o\",\"datePublished\":\"2026-03-13T07:52:00+00:00\",\"mainEntityOfPage\":{\"@id\":\"https:\\\/\\\/buenosdiasbcs.com\\\/?p=5159\"},\"wordCount\":443,\"commentCount\":0,\"publisher\":{\"@id\":\"https:\\\/\\\/buenosdiasbcs.com\\\/#organization\"},\"image\":{\"@id\":\"https:\\\/\\\/buenosdiasbcs.com\\\/?p=5159#primaryimage\"},\"thumbnailUrl\":\"https:\\\/\\\/buenosdiasbcs.com\\\/wp-content\\\/uploads\\\/2026\\\/03\\\/f960x540-826263_900338_4919.jpg\",\"articleSection\":[\"La Naci\u00f3n\"],\"inLanguage\":\"es\",\"potentialAction\":[{\"@type\":\"CommentAction\",\"name\":\"Comment\",\"target\":[\"https:\\\/\\\/buenosdiasbcs.com\\\/?p=5159#respond\"]}]},{\"@type\":\"WebPage\",\"@id\":\"https:\\\/\\\/buenosdiasbcs.com\\\/?p=5159\",\"url\":\"https:\\\/\\\/buenosdiasbcs.com\\\/?p=5159\",\"name\":\"Sheinbaum pide que revocaci\u00f3n de mandato se realice en el tercer o cuarto a\u00f1o - Buenos D&iacute;as BCS\",\"isPartOf\":{\"@id\":\"https:\\\/\\\/buenosdiasbcs.com\\\/#website\"},\"primaryImageOfPage\":{\"@id\":\"https:\\\/\\\/buenosdiasbcs.com\\\/?p=5159#primaryimage\"},\"image\":{\"@id\":\"https:\\\/\\\/buenosdiasbcs.com\\\/?p=5159#primaryimage\"},\"thumbnailUrl\":\"https:\\\/\\\/buenosdiasbcs.com\\\/wp-content\\\/uploads\\\/2026\\\/03\\\/f960x540-826263_900338_4919.jpg\",\"datePublished\":\"2026-03-13T07:52:00+00:00\",\"breadcrumb\":{\"@id\":\"https:\\\/\\\/buenosdiasbcs.com\\\/?p=5159#breadcrumb\"},\"inLanguage\":\"es\",\"potentialAction\":[{\"@type\":\"ReadAction\",\"target\":[\"https:\\\/\\\/buenosdiasbcs.com\\\/?p=5159\"]}]},{\"@type\":\"ImageObject\",\"inLanguage\":\"es\",\"@id\":\"https:\\\/\\\/buenosdiasbcs.com\\\/?p=5159#primaryimage\",\"url\":\"https:\\\/\\\/buenosdiasbcs.com\\\/wp-content\\\/uploads\\\/2026\\\/03\\\/f960x540-826263_900338_4919.jpg\",\"contentUrl\":\"https:\\\/\\\/buenosdiasbcs.com\\\/wp-content\\\/uploads\\\/2026\\\/03\\\/f960x540-826263_900338_4919.jpg\",\"width\":960,\"height\":540},{\"@type\":\"BreadcrumbList\",\"@id\":\"https:\\\/\\\/buenosdiasbcs.com\\\/?p=5159#breadcrumb\",\"itemListElement\":[{\"@type\":\"ListItem\",\"position\":1,\"name\":\"Portada\",\"item\":\"https:\\\/\\\/buenosdiasbcs.com\\\/\"},{\"@type\":\"ListItem\",\"position\":2,\"name\":\"Sheinbaum pide que revocaci\u00f3n de mandato se realice en el tercer o cuarto a\u00f1o\"}]},{\"@type\":\"WebSite\",\"@id\":\"https:\\\/\\\/buenosdiasbcs.com\\\/#website\",\"url\":\"https:\\\/\\\/buenosdiasbcs.com\\\/\",\"name\":\"Buenos D\u00edas BCS\",\"description\":\"\",\"publisher\":{\"@id\":\"https:\\\/\\\/buenosdiasbcs.com\\\/#organization\"},\"potentialAction\":[{\"@type\":\"SearchAction\",\"target\":{\"@type\":\"EntryPoint\",\"urlTemplate\":\"https:\\\/\\\/buenosdiasbcs.com\\\/?s={search_term_string}\"},\"query-input\":{\"@type\":\"PropertyValueSpecification\",\"valueRequired\":true,\"valueName\":\"search_term_string\"}}],\"inLanguage\":\"es\"},{\"@type\":\"Organization\",\"@id\":\"https:\\\/\\\/buenosdiasbcs.com\\\/#organization\",\"name\":\"Buenos D\u00edas BCS\",\"url\":\"https:\\\/\\\/buenosdiasbcs.com\\\/\",\"logo\":{\"@type\":\"ImageObject\",\"inLanguage\":\"es\",\"@id\":\"https:\\\/\\\/buenosdiasbcs.com\\\/#\\\/schema\\\/logo\\\/image\\\/\",\"url\":\"https:\\\/\\\/buenosdiasbcs.com\\\/wp-content\\\/uploads\\\/2026\\\/01\\\/logo-buenos-dias-40-01.png\",\"contentUrl\":\"https:\\\/\\\/buenosdiasbcs.com\\\/wp-content\\\/uploads\\\/2026\\\/01\\\/logo-buenos-dias-40-01.png\",\"width\":277,\"height\":40,\"caption\":\"Buenos D\u00edas BCS\"},\"image\":{\"@id\":\"https:\\\/\\\/buenosdiasbcs.com\\\/#\\\/schema\\\/logo\\\/image\\\/\"}},{\"@type\":\"Person\",\"@id\":\"https:\\\/\\\/buenosdiasbcs.com\\\/#\\\/schema\\\/person\\\/15aedc247eab7070ee5d76d6d069a821\",\"name\":\"Edici\u00f3n Buenos D\u00edas\",\"image\":{\"@type\":\"ImageObject\",\"inLanguage\":\"es\",\"@id\":\"https:\\\/\\\/buenosdiasbcs.com\\\/wp-content\\\/uploads\\\/2026\\\/01\\\/cropped-sol-96x96.png\",\"url\":\"https:\\\/\\\/buenosdiasbcs.com\\\/wp-content\\\/uploads\\\/2026\\\/01\\\/cropped-sol-96x96.png\",\"contentUrl\":\"https:\\\/\\\/buenosdiasbcs.com\\\/wp-content\\\/uploads\\\/2026\\\/01\\\/cropped-sol-96x96.png\",\"caption\":\"Edici\u00f3n Buenos D\u00edas\"},\"url\":\"https:\\\/\\\/buenosdiasbcs.com\\\/?author=2\"}]}<\/script>\n<!-- \/ Yoast SEO Premium plugin. -->","yoast_head_json":{"title":"Sheinbaum pide que revocaci\u00f3n de mandato se realice en el tercer o cuarto a\u00f1o - Buenos D&iacute;as BCS","robots":{"index":"index","follow":"follow","max-snippet":"max-snippet:-1","max-image-preview":"max-image-preview:large","max-video-preview":"max-video-preview:-1"},"canonical":"https:\/\/buenosdiasbcs.com\/?p=5159","og_locale":"es_ES","og_type":"article","og_title":"Sheinbaum pide que revocaci\u00f3n de mandato se realice en el tercer o cuarto a\u00f1o","og_description":"Sheinbaum pidi\u00f3 que revocaci\u00f3n de mandato sea en tercer o cuarto a\u00f1o, como parte del Plan B de reforma electoral...","og_url":"https:\/\/buenosdiasbcs.com\/?p=5159","og_site_name":"Buenos D&iacute;as BCS","article_published_time":"2026-03-13T07:52:00+00:00","og_image":[{"width":960,"height":540,"url":"https:\/\/buenosdiasbcs.com\/wp-content\/uploads\/2026\/03\/f960x540-826263_900338_4919.jpg","type":"image\/jpeg"}],"author":"Edici\u00f3n Buenos D\u00edas","twitter_card":"summary_large_image","twitter_misc":{"Escrito por":"Edici\u00f3n Buenos D\u00edas","Tiempo de lectura":"2 minutos"},"schema":{"@context":"https:\/\/schema.org","@graph":[{"@type":"Article","@id":"https:\/\/buenosdiasbcs.com\/?p=5159#article","isPartOf":{"@id":"https:\/\/buenosdiasbcs.com\/?p=5159"},"author":{"name":"Edici\u00f3n Buenos D\u00edas","@id":"https:\/\/buenosdiasbcs.com\/#\/schema\/person\/15aedc247eab7070ee5d76d6d069a821"},"headline":"Sheinbaum pide que revocaci\u00f3n de mandato se realice en el tercer o cuarto a\u00f1o","datePublished":"2026-03-13T07:52:00+00:00","mainEntityOfPage":{"@id":"https:\/\/buenosdiasbcs.com\/?p=5159"},"wordCount":443,"commentCount":0,"publisher":{"@id":"https:\/\/buenosdiasbcs.com\/#organization"},"image":{"@id":"https:\/\/buenosdiasbcs.com\/?p=5159#primaryimage"},"thumbnailUrl":"https:\/\/buenosdiasbcs.com\/wp-content\/uploads\/2026\/03\/f960x540-826263_900338_4919.jpg","articleSection":["La Naci\u00f3n"],"inLanguage":"es","potentialAction":[{"@type":"CommentAction","name":"Comment","target":["https:\/\/buenosdiasbcs.com\/?p=5159#respond"]}]},{"@type":"WebPage","@id":"https:\/\/buenosdiasbcs.com\/?p=5159","url":"https:\/\/buenosdiasbcs.com\/?p=5159","name":"Sheinbaum pide que revocaci\u00f3n de mandato se realice en el tercer o cuarto a\u00f1o - Buenos D&iacute;as BCS","isPartOf":{"@id":"https:\/\/buenosdiasbcs.com\/#website"},"primaryImageOfPage":{"@id":"https:\/\/buenosdiasbcs.com\/?p=5159#primaryimage"},"image":{"@id":"https:\/\/buenosdiasbcs.com\/?p=5159#primaryimage"},"thumbnailUrl":"https:\/\/buenosdiasbcs.com\/wp-content\/uploads\/2026\/03\/f960x540-826263_900338_4919.jpg","datePublished":"2026-03-13T07:52:00+00:00","breadcrumb":{"@id":"https:\/\/buenosdiasbcs.com\/?p=5159#breadcrumb"},"inLanguage":"es","potentialAction":[{"@type":"ReadAction","target":["https:\/\/buenosdiasbcs.com\/?p=5159"]}]},{"@type":"ImageObject","inLanguage":"es","@id":"https:\/\/buenosdiasbcs.com\/?p=5159#primaryimage","url":"https:\/\/buenosdiasbcs.com\/wp-content\/uploads\/2026\/03\/f960x540-826263_900338_4919.jpg","contentUrl":"https:\/\/buenosdiasbcs.com\/wp-content\/uploads\/2026\/03\/f960x540-826263_900338_4919.jpg","width":960,"height":540},{"@type":"BreadcrumbList","@id":"https:\/\/buenosdiasbcs.com\/?p=5159#breadcrumb","itemListElement":[{"@type":"ListItem","position":1,"name":"Portada","item":"https:\/\/buenosdiasbcs.com\/"},{"@type":"ListItem","position":2,"name":"Sheinbaum pide que revocaci\u00f3n de mandato se realice en el tercer o cuarto a\u00f1o"}]},{"@type":"WebSite","@id":"https:\/\/buenosdiasbcs.com\/#website","url":"https:\/\/buenosdiasbcs.com\/","name":"Buenos D\u00edas BCS","description":"","publisher":{"@id":"https:\/\/buenosdiasbcs.com\/#organization"},"potentialAction":[{"@type":"SearchAction","target":{"@type":"EntryPoint","urlTemplate":"https:\/\/buenosdiasbcs.com\/?s={search_term_string}"},"query-input":{"@type":"PropertyValueSpecification","valueRequired":true,"valueName":"search_term_string"}}],"inLanguage":"es"},{"@type":"Organization","@id":"https:\/\/buenosdiasbcs.com\/#organization","name":"Buenos D\u00edas BCS","url":"https:\/\/buenosdiasbcs.com\/","logo":{"@type":"ImageObject","inLanguage":"es","@id":"https:\/\/buenosdiasbcs.com\/#\/schema\/logo\/image\/","url":"https:\/\/buenosdiasbcs.com\/wp-content\/uploads\/2026\/01\/logo-buenos-dias-40-01.png","contentUrl":"https:\/\/buenosdiasbcs.com\/wp-content\/uploads\/2026\/01\/logo-buenos-dias-40-01.png","width":277,"height":40,"caption":"Buenos D\u00edas BCS"},"image":{"@id":"https:\/\/buenosdiasbcs.com\/#\/schema\/logo\/image\/"}},{"@type":"Person","@id":"https:\/\/buenosdiasbcs.com\/#\/schema\/person\/15aedc247eab7070ee5d76d6d069a821","name":"Edici\u00f3n Buenos D\u00edas","image":{"@type":"ImageObject","inLanguage":"es","@id":"https:\/\/buenosdiasbcs.com\/wp-content\/uploads\/2026\/01\/cropped-sol-96x96.png","url":"https:\/\/buenosdiasbcs.com\/wp-content\/uploads\/2026\/01\/cropped-sol-96x96.png","contentUrl":"https:\/\/buenosdiasbcs.com\/wp-content\/uploads\/2026\/01\/cropped-sol-96x96.png","caption":"Edici\u00f3n Buenos D\u00edas"},"url":"https:\/\/buenosdiasbcs.com\/?author=2"}]}},"amp_enabled":true,"_links":{"self":[{"href":"https:\/\/buenosdiasbcs.com\/index.php?rest_route=\/wp\/v2\/posts\/5159","targetHints":{"allow":["GET"]}}],"collection":[{"href":"https:\/\/buenosdiasbcs.com\/index.php?rest_route=\/wp\/v2\/posts"}],"about":[{"href":"https:\/\/buenosdiasbcs.com\/index.php?rest_route=\/wp\/v2\/types\/post"}],"author":[{"embeddable":true,"href":"https:\/\/buenosdiasbcs.com\/index.php?rest_route=\/wp\/v2\/users\/2"}],"replies":[{"embeddable":true,"href":"https:\/\/buenosdiasbcs.com\/index.php?rest_route=%2Fwp%2Fv2%2Fcomments&post=5159"}],"version-history":[{"count":1,"href":"https:\/\/buenosdiasbcs.com\/index.php?rest_route=\/wp\/v2\/posts\/5159\/revisions"}],"predecessor-version":[{"id":5163,"href":"https:\/\/buenosdiasbcs.com\/index.php?rest_route=\/wp\/v2\/posts\/5159\/revisions\/5163"}],"wp:featuredmedia":[{"embeddable":true,"href":"https:\/\/buenosdiasbcs.com\/index.php?rest_route=\/wp\/v2\/media\/5162"}],"wp:attachment":[{"href":"https:\/\/buenosdiasbcs.com\/index.php?rest_route=%2Fwp%2Fv2%2Fmedia&parent=5159"}],"wp:term":[{"taxonomy":"category","embeddable":true,"href":"https:\/\/buenosdiasbcs.com\/index.php?rest_route=%2Fwp%2Fv2%2Fcategories&post=5159"},{"taxonomy":"post_tag","embeddable":true,"href":"https:\/\/buenosdiasbcs.com\/index.php?rest_route=%2Fwp%2Fv2%2Ftags&post=5159"}],"curies":[{"name":"wp","href":"https:\/\/api.w.org\/{rel}","templated":true}]}}