{"id":5155,"date":"2026-03-13T00:49:00","date_gmt":"2026-03-13T07:49:00","guid":{"rendered":"https:\/\/buenosdiasbcs.com\/?p=5155"},"modified":"2026-03-12T21:51:38","modified_gmt":"2026-03-13T04:51:38","slug":"descarta-sheinbaum-suspension-de-mundial-y-ve-muy-bajo-riesgo-de-terrorismo-en-mexico","status":"publish","type":"post","link":"https:\/\/buenosdiasbcs.com\/?p=5155","title":{"rendered":"Descarta Sheinbaum suspensi\u00f3n de Mundial y ve \u2018muy bajo\u2019 riesgo de terrorismo en M\u00e9xico"},"content":{"rendered":"\n<h2 class=\"wp-block-heading\" id=\"h-la-presidenta-aseguro-que-las-reuniones-de-organizacion-y-coordinacion-siguen-activas\">La presidenta asegur\u00f3 que las reuniones de organizaci\u00f3n y coordinaci\u00f3n siguen activas<\/h2>\n\n\n\n<p><strong>Ciudad de M\u00e9xico.-<\/strong>&nbsp;La presidenta de M\u00e9xico, Claudia Sheinbaum, descart\u00f3 este jueves que exista alguna notificaci\u00f3n de suspensi\u00f3n del Mundial de F\u00fatbol y afirm\u00f3 que&nbsp;<strong>los preparativos contin\u00faan con normalidad<\/strong>, mientras el Gobierno mantiene un esquema de seguridad que contempla diversos escenarios, aunque se\u00f1al\u00f3 que existe riesgo \u201cmuy bajo\u201d de terrorismo en el pa\u00eds.<\/p>\n\n\n\n<blockquote class=\"wp-block-quote is-layout-flow wp-block-quote-is-layout-flow\">\n<p>\u201c&nbsp;No tenemos ninguna notificaci\u00f3n de que se vaya a suspender el Mundial. Nada, al rev\u00e9s\u201d, dijo la mandataria sobre el torneo que M\u00e9xico organizar\u00e1 junto con Estados Unidos y Canad\u00e1 en junio y julio.<\/p>\n<\/blockquote>\n\n\n\n<p>La presidenta asegur\u00f3 que las&nbsp;<strong>reuniones<\/strong>&nbsp;de organizaci\u00f3n y coordinaci\u00f3n siguen activas entre autoridades federales, locales y la FIFA<\/p>\n\n\n\n<blockquote class=\"wp-block-quote is-layout-flow wp-block-quote-is-layout-flow\">\n<p>\u201c&nbsp;Sigue marchando todo, siguen las reuniones, sigue todo normal sin ning\u00fan problema. Entonces, se va a desarrollar el Mundial\u201d, afirm\u00f3.<\/p>\n<\/blockquote>\n\n\n\n<p>M\u00e9xico ser\u00e1 una de las sedes del Mundial 2026, que se disputar\u00e1 por primera vez en tres pa\u00edses y contar\u00e1 con varias ciudades anfitrionas, entre ellas la capital mexicana,&nbsp;<strong>Guadalajara<\/strong>&nbsp;y&nbsp;<strong>Monterrey<\/strong>.<\/p>\n\n\n\n<p>Como parte de las actividades relacionadas con el torneo, Sheinbaum adelant\u00f3 un evento p\u00fablico en el centro de la capital.<\/p>\n\n\n\n<blockquote class=\"wp-block-quote is-layout-flow wp-block-quote-is-layout-flow\">\n<p>\u201c&nbsp;Aprovecho para decirles que el domingo la Secretar\u00eda de Turismo y la jefa de Gobierno est\u00e1n organizando la clase de f\u00fatbol m\u00e1s grande del mundo aqu\u00ed en el Z\u00f3calo. Todos los que quieran venir va a ser algo muy bonito\u201d, coment\u00f3.<\/p>\n<\/blockquote>\n\n\n\n<p>Tambi\u00e9n explic\u00f3 que el Gobierno trabaja desde hace m\u00e1s de un a\u00f1o en la&nbsp;<strong>estrategia de seguridad<\/strong>&nbsp;para el evento, que incluye la evaluaci\u00f3n de distintos riesgos potenciales.<\/p>\n\n\n\n<blockquote class=\"wp-block-quote is-layout-flow wp-block-quote-is-layout-flow\">\n<p>\u201c&nbsp;No consideramos ese riesgo (de ataques terroristas en M\u00e9xico)\u201d, se\u00f1al\u00f3 al ser consultada sobre la posibilidad de atentados relacionados con tensiones internacionales.<\/p>\n<\/blockquote>\n\n\n\n<p>Seg\u00fan detall\u00f3, el plan de seguridad contempla&nbsp;<strong>diversos<\/strong>&nbsp;<strong>escenarios<\/strong>&nbsp;<strong>analizados<\/strong>por autoridades militares y navales encargadas del operativo para el torneo.<\/p>\n\n\n\n<blockquote class=\"wp-block-quote is-layout-flow wp-block-quote-is-layout-flow\">\n<p>\u201c&nbsp;Est\u00e1 en todos los escenarios, cualquier tipo de riesgo. Lo present\u00f3 el general encargado de la seguridad para el Mundial y el almirante. Est\u00e1n todos los escenarios, est\u00e1 trabajando. Llevamos m\u00e1s de un a\u00f1o trabajando\u201d, afirm\u00f3.<\/p>\n<\/blockquote>\n\n\n\n<p>La mandataria sostuvo que la probabilidad de un&nbsp;<strong>ataque<\/strong>&nbsp;<strong>terrorista<\/strong>&nbsp;vinculado con tensiones en Medio Oriente es muy baja para M\u00e9xico.<\/p>\n\n\n\n<blockquote class=\"wp-block-quote is-layout-flow wp-block-quote-is-layout-flow\">\n<p>\u201c&nbsp;Un riesgo de algo que tuviera que ver con terrorismo en Ir\u00e1n se considera muy, muy, muy bajo en M\u00e9xico. Porque M\u00e9xico no est\u00e1 involucrado con ninguno de los dos pa\u00edses\u201d, indic\u00f3.<\/p>\n<\/blockquote>\n\n\n\n<p>Sheinbaum a\u00f1adi\u00f3 que el objetivo de las autoridades es garantizar la&nbsp;<strong>seguridad<\/strong>de los asistentes y de la poblaci\u00f3n durante el desarrollo de la Copa del Mundo.<\/p>\n\n\n\n<p>El&nbsp;<strong>partido<\/strong>&nbsp;<strong>inaugural<\/strong>&nbsp;del Mundial de F\u00fatbol 2026, entre M\u00e9xico y Sud\u00e1frica, se disputar\u00e1 el 11 de junio en el Estadio Azteca de Ciudad de M\u00e9xico.<\/p>\n","protected":false},"excerpt":{"rendered":"<p>La presidenta asegur\u00f3 que las reuniones de organizaci\u00f3n y coordinaci\u00f3n siguen activas Ciudad de M\u00e9xico.-&nbsp;La presidenta de M\u00e9xico, Claudia Sheinbaum,&#8230;<\/p>\n","protected":false},"author":2,"featured_media":5157,"comment_status":"open","ping_status":"open","sticky":false,"template":"","format":"standard","meta":{"footnotes":""},"categories":[32],"tags":[],"class_list":["post-5155","post","type-post","status-publish","format-standard","has-post-thumbnail","hentry","category-la-nacion"],"yoast_head":"<!-- This site is optimized with the Yoast SEO Premium plugin v26.8 (Yoast SEO v27.4) - https:\/\/yoast.com\/product\/yoast-seo-premium-wordpress\/ -->\n<title>Descarta Sheinbaum suspensi\u00f3n de Mundial y ve \u2018muy bajo\u2019 riesgo de terrorismo en M\u00e9xico - Buenos D&iacute;as BCS<\/title>\n<meta name=\"robots\" content=\"index, follow, max-snippet:-1, max-image-preview:large, max-video-preview:-1\" \/>\n<link rel=\"canonical\" href=\"https:\/\/buenosdiasbcs.com\/?p=5155\" \/>\n<meta property=\"og:locale\" content=\"es_ES\" \/>\n<meta property=\"og:type\" content=\"article\" \/>\n<meta property=\"og:title\" content=\"Descarta Sheinbaum suspensi\u00f3n de Mundial y ve \u2018muy bajo\u2019 riesgo de terrorismo en M\u00e9xico\" \/>\n<meta property=\"og:description\" content=\"La presidenta asegur\u00f3 que las reuniones de organizaci\u00f3n y coordinaci\u00f3n siguen activas Ciudad de M\u00e9xico.-&nbsp;La presidenta de M\u00e9xico, Claudia Sheinbaum,...\" \/>\n<meta property=\"og:url\" content=\"https:\/\/buenosdiasbcs.com\/?p=5155\" \/>\n<meta property=\"og:site_name\" content=\"Buenos D&iacute;as BCS\" \/>\n<meta property=\"article:published_time\" content=\"2026-03-13T07:49:00+00:00\" \/>\n<meta property=\"og:image\" content=\"https:\/\/buenosdiasbcs.com\/wp-content\/uploads\/2026\/03\/images-5.jpeg\" \/>\n\t<meta property=\"og:image:width\" content=\"299\" \/>\n\t<meta property=\"og:image:height\" content=\"168\" \/>\n\t<meta property=\"og:image:type\" content=\"image\/jpeg\" \/>\n<meta name=\"author\" content=\"Edici\u00f3n Buenos D\u00edas\" \/>\n<meta name=\"twitter:card\" content=\"summary_large_image\" \/>\n<meta name=\"twitter:label1\" content=\"Escrito por\" \/>\n\t<meta name=\"twitter:data1\" content=\"Edici\u00f3n Buenos D\u00edas\" \/>\n\t<meta name=\"twitter:label2\" content=\"Tiempo de lectura\" \/>\n\t<meta name=\"twitter:data2\" content=\"2 minutos\" \/>\n<script type=\"application\/ld+json\" class=\"yoast-schema-graph\">{\"@context\":\"https:\\\/\\\/schema.org\",\"@graph\":[{\"@type\":\"Article\",\"@id\":\"https:\\\/\\\/buenosdiasbcs.com\\\/?p=5155#article\",\"isPartOf\":{\"@id\":\"https:\\\/\\\/buenosdiasbcs.com\\\/?p=5155\"},\"author\":{\"name\":\"Edici\u00f3n Buenos D\u00edas\",\"@id\":\"https:\\\/\\\/buenosdiasbcs.com\\\/#\\\/schema\\\/person\\\/15aedc247eab7070ee5d76d6d069a821\"},\"headline\":\"Descarta Sheinbaum suspensi\u00f3n de Mundial y ve \u2018muy bajo\u2019 riesgo de terrorismo en M\u00e9xico\",\"datePublished\":\"2026-03-13T07:49:00+00:00\",\"mainEntityOfPage\":{\"@id\":\"https:\\\/\\\/buenosdiasbcs.com\\\/?p=5155\"},\"wordCount\":527,\"commentCount\":0,\"publisher\":{\"@id\":\"https:\\\/\\\/buenosdiasbcs.com\\\/#organization\"},\"image\":{\"@id\":\"https:\\\/\\\/buenosdiasbcs.com\\\/?p=5155#primaryimage\"},\"thumbnailUrl\":\"https:\\\/\\\/buenosdiasbcs.com\\\/wp-content\\\/uploads\\\/2026\\\/03\\\/images-5.jpeg\",\"articleSection\":[\"La Naci\u00f3n\"],\"inLanguage\":\"es\",\"potentialAction\":[{\"@type\":\"CommentAction\",\"name\":\"Comment\",\"target\":[\"https:\\\/\\\/buenosdiasbcs.com\\\/?p=5155#respond\"]}]},{\"@type\":\"WebPage\",\"@id\":\"https:\\\/\\\/buenosdiasbcs.com\\\/?p=5155\",\"url\":\"https:\\\/\\\/buenosdiasbcs.com\\\/?p=5155\",\"name\":\"Descarta Sheinbaum suspensi\u00f3n de Mundial y ve \u2018muy bajo\u2019 riesgo de terrorismo en M\u00e9xico - Buenos D&iacute;as BCS\",\"isPartOf\":{\"@id\":\"https:\\\/\\\/buenosdiasbcs.com\\\/#website\"},\"primaryImageOfPage\":{\"@id\":\"https:\\\/\\\/buenosdiasbcs.com\\\/?p=5155#primaryimage\"},\"image\":{\"@id\":\"https:\\\/\\\/buenosdiasbcs.com\\\/?p=5155#primaryimage\"},\"thumbnailUrl\":\"https:\\\/\\\/buenosdiasbcs.com\\\/wp-content\\\/uploads\\\/2026\\\/03\\\/images-5.jpeg\",\"datePublished\":\"2026-03-13T07:49:00+00:00\",\"breadcrumb\":{\"@id\":\"https:\\\/\\\/buenosdiasbcs.com\\\/?p=5155#breadcrumb\"},\"inLanguage\":\"es\",\"potentialAction\":[{\"@type\":\"ReadAction\",\"target\":[\"https:\\\/\\\/buenosdiasbcs.com\\\/?p=5155\"]}]},{\"@type\":\"ImageObject\",\"inLanguage\":\"es\",\"@id\":\"https:\\\/\\\/buenosdiasbcs.com\\\/?p=5155#primaryimage\",\"url\":\"https:\\\/\\\/buenosdiasbcs.com\\\/wp-content\\\/uploads\\\/2026\\\/03\\\/images-5.jpeg\",\"contentUrl\":\"https:\\\/\\\/buenosdiasbcs.com\\\/wp-content\\\/uploads\\\/2026\\\/03\\\/images-5.jpeg\",\"width\":299,\"height\":168},{\"@type\":\"BreadcrumbList\",\"@id\":\"https:\\\/\\\/buenosdiasbcs.com\\\/?p=5155#breadcrumb\",\"itemListElement\":[{\"@type\":\"ListItem\",\"position\":1,\"name\":\"Portada\",\"item\":\"https:\\\/\\\/buenosdiasbcs.com\\\/\"},{\"@type\":\"ListItem\",\"position\":2,\"name\":\"Descarta Sheinbaum suspensi\u00f3n de Mundial y ve \u2018muy bajo\u2019 riesgo de terrorismo en M\u00e9xico\"}]},{\"@type\":\"WebSite\",\"@id\":\"https:\\\/\\\/buenosdiasbcs.com\\\/#website\",\"url\":\"https:\\\/\\\/buenosdiasbcs.com\\\/\",\"name\":\"Buenos D\u00edas BCS\",\"description\":\"\",\"publisher\":{\"@id\":\"https:\\\/\\\/buenosdiasbcs.com\\\/#organization\"},\"potentialAction\":[{\"@type\":\"SearchAction\",\"target\":{\"@type\":\"EntryPoint\",\"urlTemplate\":\"https:\\\/\\\/buenosdiasbcs.com\\\/?s={search_term_string}\"},\"query-input\":{\"@type\":\"PropertyValueSpecification\",\"valueRequired\":true,\"valueName\":\"search_term_string\"}}],\"inLanguage\":\"es\"},{\"@type\":\"Organization\",\"@id\":\"https:\\\/\\\/buenosdiasbcs.com\\\/#organization\",\"name\":\"Buenos D\u00edas BCS\",\"url\":\"https:\\\/\\\/buenosdiasbcs.com\\\/\",\"logo\":{\"@type\":\"ImageObject\",\"inLanguage\":\"es\",\"@id\":\"https:\\\/\\\/buenosdiasbcs.com\\\/#\\\/schema\\\/logo\\\/image\\\/\",\"url\":\"https:\\\/\\\/buenosdiasbcs.com\\\/wp-content\\\/uploads\\\/2026\\\/01\\\/logo-buenos-dias-40-01.png\",\"contentUrl\":\"https:\\\/\\\/buenosdiasbcs.com\\\/wp-content\\\/uploads\\\/2026\\\/01\\\/logo-buenos-dias-40-01.png\",\"width\":277,\"height\":40,\"caption\":\"Buenos D\u00edas BCS\"},\"image\":{\"@id\":\"https:\\\/\\\/buenosdiasbcs.com\\\/#\\\/schema\\\/logo\\\/image\\\/\"}},{\"@type\":\"Person\",\"@id\":\"https:\\\/\\\/buenosdiasbcs.com\\\/#\\\/schema\\\/person\\\/15aedc247eab7070ee5d76d6d069a821\",\"name\":\"Edici\u00f3n Buenos D\u00edas\",\"image\":{\"@type\":\"ImageObject\",\"inLanguage\":\"es\",\"@id\":\"https:\\\/\\\/buenosdiasbcs.com\\\/wp-content\\\/uploads\\\/2026\\\/01\\\/cropped-sol-96x96.png\",\"url\":\"https:\\\/\\\/buenosdiasbcs.com\\\/wp-content\\\/uploads\\\/2026\\\/01\\\/cropped-sol-96x96.png\",\"contentUrl\":\"https:\\\/\\\/buenosdiasbcs.com\\\/wp-content\\\/uploads\\\/2026\\\/01\\\/cropped-sol-96x96.png\",\"caption\":\"Edici\u00f3n Buenos D\u00edas\"},\"url\":\"https:\\\/\\\/buenosdiasbcs.com\\\/?author=2\"}]}<\/script>\n<!-- \/ Yoast SEO Premium plugin. -->","yoast_head_json":{"title":"Descarta Sheinbaum suspensi\u00f3n de Mundial y ve \u2018muy bajo\u2019 riesgo de terrorismo en M\u00e9xico - Buenos D&iacute;as BCS","robots":{"index":"index","follow":"follow","max-snippet":"max-snippet:-1","max-image-preview":"max-image-preview:large","max-video-preview":"max-video-preview:-1"},"canonical":"https:\/\/buenosdiasbcs.com\/?p=5155","og_locale":"es_ES","og_type":"article","og_title":"Descarta Sheinbaum suspensi\u00f3n de Mundial y ve \u2018muy bajo\u2019 riesgo de terrorismo en M\u00e9xico","og_description":"La presidenta asegur\u00f3 que las reuniones de organizaci\u00f3n y coordinaci\u00f3n siguen activas Ciudad de M\u00e9xico.-&nbsp;La presidenta de M\u00e9xico, Claudia Sheinbaum,...","og_url":"https:\/\/buenosdiasbcs.com\/?p=5155","og_site_name":"Buenos D&iacute;as BCS","article_published_time":"2026-03-13T07:49:00+00:00","og_image":[{"width":299,"height":168,"url":"https:\/\/buenosdiasbcs.com\/wp-content\/uploads\/2026\/03\/images-5.jpeg","type":"image\/jpeg"}],"author":"Edici\u00f3n Buenos D\u00edas","twitter_card":"summary_large_image","twitter_misc":{"Escrito por":"Edici\u00f3n Buenos D\u00edas","Tiempo de lectura":"2 minutos"},"schema":{"@context":"https:\/\/schema.org","@graph":[{"@type":"Article","@id":"https:\/\/buenosdiasbcs.com\/?p=5155#article","isPartOf":{"@id":"https:\/\/buenosdiasbcs.com\/?p=5155"},"author":{"name":"Edici\u00f3n Buenos D\u00edas","@id":"https:\/\/buenosdiasbcs.com\/#\/schema\/person\/15aedc247eab7070ee5d76d6d069a821"},"headline":"Descarta Sheinbaum suspensi\u00f3n de Mundial y ve \u2018muy bajo\u2019 riesgo de terrorismo en M\u00e9xico","datePublished":"2026-03-13T07:49:00+00:00","mainEntityOfPage":{"@id":"https:\/\/buenosdiasbcs.com\/?p=5155"},"wordCount":527,"commentCount":0,"publisher":{"@id":"https:\/\/buenosdiasbcs.com\/#organization"},"image":{"@id":"https:\/\/buenosdiasbcs.com\/?p=5155#primaryimage"},"thumbnailUrl":"https:\/\/buenosdiasbcs.com\/wp-content\/uploads\/2026\/03\/images-5.jpeg","articleSection":["La Naci\u00f3n"],"inLanguage":"es","potentialAction":[{"@type":"CommentAction","name":"Comment","target":["https:\/\/buenosdiasbcs.com\/?p=5155#respond"]}]},{"@type":"WebPage","@id":"https:\/\/buenosdiasbcs.com\/?p=5155","url":"https:\/\/buenosdiasbcs.com\/?p=5155","name":"Descarta Sheinbaum suspensi\u00f3n de Mundial y ve \u2018muy bajo\u2019 riesgo de terrorismo en M\u00e9xico - Buenos D&iacute;as BCS","isPartOf":{"@id":"https:\/\/buenosdiasbcs.com\/#website"},"primaryImageOfPage":{"@id":"https:\/\/buenosdiasbcs.com\/?p=5155#primaryimage"},"image":{"@id":"https:\/\/buenosdiasbcs.com\/?p=5155#primaryimage"},"thumbnailUrl":"https:\/\/buenosdiasbcs.com\/wp-content\/uploads\/2026\/03\/images-5.jpeg","datePublished":"2026-03-13T07:49:00+00:00","breadcrumb":{"@id":"https:\/\/buenosdiasbcs.com\/?p=5155#breadcrumb"},"inLanguage":"es","potentialAction":[{"@type":"ReadAction","target":["https:\/\/buenosdiasbcs.com\/?p=5155"]}]},{"@type":"ImageObject","inLanguage":"es","@id":"https:\/\/buenosdiasbcs.com\/?p=5155#primaryimage","url":"https:\/\/buenosdiasbcs.com\/wp-content\/uploads\/2026\/03\/images-5.jpeg","contentUrl":"https:\/\/buenosdiasbcs.com\/wp-content\/uploads\/2026\/03\/images-5.jpeg","width":299,"height":168},{"@type":"BreadcrumbList","@id":"https:\/\/buenosdiasbcs.com\/?p=5155#breadcrumb","itemListElement":[{"@type":"ListItem","position":1,"name":"Portada","item":"https:\/\/buenosdiasbcs.com\/"},{"@type":"ListItem","position":2,"name":"Descarta Sheinbaum suspensi\u00f3n de Mundial y ve \u2018muy bajo\u2019 riesgo de terrorismo en M\u00e9xico"}]},{"@type":"WebSite","@id":"https:\/\/buenosdiasbcs.com\/#website","url":"https:\/\/buenosdiasbcs.com\/","name":"Buenos D\u00edas BCS","description":"","publisher":{"@id":"https:\/\/buenosdiasbcs.com\/#organization"},"potentialAction":[{"@type":"SearchAction","target":{"@type":"EntryPoint","urlTemplate":"https:\/\/buenosdiasbcs.com\/?s={search_term_string}"},"query-input":{"@type":"PropertyValueSpecification","valueRequired":true,"valueName":"search_term_string"}}],"inLanguage":"es"},{"@type":"Organization","@id":"https:\/\/buenosdiasbcs.com\/#organization","name":"Buenos D\u00edas BCS","url":"https:\/\/buenosdiasbcs.com\/","logo":{"@type":"ImageObject","inLanguage":"es","@id":"https:\/\/buenosdiasbcs.com\/#\/schema\/logo\/image\/","url":"https:\/\/buenosdiasbcs.com\/wp-content\/uploads\/2026\/01\/logo-buenos-dias-40-01.png","contentUrl":"https:\/\/buenosdiasbcs.com\/wp-content\/uploads\/2026\/01\/logo-buenos-dias-40-01.png","width":277,"height":40,"caption":"Buenos D\u00edas BCS"},"image":{"@id":"https:\/\/buenosdiasbcs.com\/#\/schema\/logo\/image\/"}},{"@type":"Person","@id":"https:\/\/buenosdiasbcs.com\/#\/schema\/person\/15aedc247eab7070ee5d76d6d069a821","name":"Edici\u00f3n Buenos D\u00edas","image":{"@type":"ImageObject","inLanguage":"es","@id":"https:\/\/buenosdiasbcs.com\/wp-content\/uploads\/2026\/01\/cropped-sol-96x96.png","url":"https:\/\/buenosdiasbcs.com\/wp-content\/uploads\/2026\/01\/cropped-sol-96x96.png","contentUrl":"https:\/\/buenosdiasbcs.com\/wp-content\/uploads\/2026\/01\/cropped-sol-96x96.png","caption":"Edici\u00f3n Buenos D\u00edas"},"url":"https:\/\/buenosdiasbcs.com\/?author=2"}]}},"amp_enabled":true,"_links":{"self":[{"href":"https:\/\/buenosdiasbcs.com\/index.php?rest_route=\/wp\/v2\/posts\/5155","targetHints":{"allow":["GET"]}}],"collection":[{"href":"https:\/\/buenosdiasbcs.com\/index.php?rest_route=\/wp\/v2\/posts"}],"about":[{"href":"https:\/\/buenosdiasbcs.com\/index.php?rest_route=\/wp\/v2\/types\/post"}],"author":[{"embeddable":true,"href":"https:\/\/buenosdiasbcs.com\/index.php?rest_route=\/wp\/v2\/users\/2"}],"replies":[{"embeddable":true,"href":"https:\/\/buenosdiasbcs.com\/index.php?rest_route=%2Fwp%2Fv2%2Fcomments&post=5155"}],"version-history":[{"count":1,"href":"https:\/\/buenosdiasbcs.com\/index.php?rest_route=\/wp\/v2\/posts\/5155\/revisions"}],"predecessor-version":[{"id":5158,"href":"https:\/\/buenosdiasbcs.com\/index.php?rest_route=\/wp\/v2\/posts\/5155\/revisions\/5158"}],"wp:featuredmedia":[{"embeddable":true,"href":"https:\/\/buenosdiasbcs.com\/index.php?rest_route=\/wp\/v2\/media\/5157"}],"wp:attachment":[{"href":"https:\/\/buenosdiasbcs.com\/index.php?rest_route=%2Fwp%2Fv2%2Fmedia&parent=5155"}],"wp:term":[{"taxonomy":"category","embeddable":true,"href":"https:\/\/buenosdiasbcs.com\/index.php?rest_route=%2Fwp%2Fv2%2Fcategories&post=5155"},{"taxonomy":"post_tag","embeddable":true,"href":"https:\/\/buenosdiasbcs.com\/index.php?rest_route=%2Fwp%2Fv2%2Ftags&post=5155"}],"curies":[{"name":"wp","href":"https:\/\/api.w.org\/{rel}","templated":true}]}}