{"id":5152,"date":"2026-03-13T00:46:00","date_gmt":"2026-03-13T07:46:00","guid":{"rendered":"https:\/\/buenosdiasbcs.com\/?p=5152"},"modified":"2026-03-12T21:47:30","modified_gmt":"2026-03-13T04:47:30","slug":"arquidiocesis-realiza-exorcismo-en-iglesia-danada-en-marcha","status":"publish","type":"post","link":"https:\/\/buenosdiasbcs.com\/?p=5152","title":{"rendered":"Arquidi\u00f3cesis realiza exorcismo en iglesia da\u00f1ada en marcha"},"content":{"rendered":"\n<h2 class=\"wp-block-heading\" id=\"h-la-iglesia-catolica-realizo-un-ritual-de-exorcismo-en-el-templo-de-la-compania-en-san-luis-potosi-tras-los-danos-registrados-durante-la-marcha-del-8-de-marzo\">La Iglesia cat\u00f3lica realiz\u00f3 un ritual de exorcismo en el Templo de la Compa\u00f1\u00eda en San Luis Potos\u00ed tras los da\u00f1os registrados durante la marcha del 8 de marzo.<\/h2>\n\n\n\n<p>La Arquidi\u00f3cesis de San Luis Potos\u00ed realiz\u00f3 un&nbsp;<strong>ritual de exorcismo y purificaci\u00f3n en el Templo de la Compa\u00f1\u00eda<\/strong>, luego de los da\u00f1os ocasionados durante la marcha del D\u00eda Internacional de la Mujer el pasado 8 de marzo.<\/p>\n\n\n\n<p>El acto religioso se llev\u00f3 a cabo en el emblem\u00e1tico recinto ubicado en el Centro Hist\u00f3rico de la ciudad, donde fieles cat\u00f3licos se reunieron para participar en oraciones y actos simb\u00f3licos tras las afectaciones registradas en el inmueble.&nbsp;<\/p>\n\n\n\n<h2 class=\"wp-block-heading\" id=\"h-un-ritual-tras-los-danos-al-templo\">Un ritual tras los da\u00f1os al templo<\/h2>\n\n\n\n<p>De acuerdo con autoridades religiosas, el ritual fue encabezado por el&nbsp;<strong>arzobispo Jorge Alberto Cavazos Arispe<\/strong>, quien realiz\u00f3 oraciones y roci\u00f3 agua bendita mezclada con sal tanto en el exterior como en el interior del templo.&nbsp;<\/p>\n\n\n\n<p>Durante la ceremonia tambi\u00e9n se utiliz\u00f3 incienso y se realiz\u00f3 un momento de silencio como parte de la jornada de oraci\u00f3n. Integrantes de la Iglesia se\u00f1alaron que el acto busc\u00f3&nbsp;<strong>purificar el recinto religioso<\/strong>&nbsp;despu\u00e9s de lo ocurrido durante las protestas.&nbsp;<\/p>\n\n\n\n<h2 class=\"wp-block-heading\" id=\"h-danos-durante-la-marcha-del-8-de-marzo\">Da\u00f1os durante la marcha del 8 de marzo<\/h2>\n\n\n\n<p>El templo registr\u00f3 afectaciones durante la movilizaci\u00f3n por el&nbsp;<strong>D\u00eda Internacional de la Mujer<\/strong>, cuando manifestantes realizaron pintas en la fachada y provocaron da\u00f1os en la estructura.&nbsp;<\/p>\n\n\n\n<p>Seg\u00fan reportes,&nbsp;<strong>una cruz de cantera fue derribada, una puerta de madera fue incendiada y se rompieron cristales<\/strong>, adem\u00e1s de consignas escritas en el exterior del inmueble.&nbsp;<\/p>\n\n\n\n<p>Los hechos generaron inconformidad entre miembros de la comunidad cat\u00f3lica, quienes consideraron que se trat\u00f3 de una profanaci\u00f3n de un espacio religioso.&nbsp;<\/p>\n\n\n\n<h2 class=\"wp-block-heading\" id=\"h-evaluacion-de-danos-en-el-centro-historico\">Evaluaci\u00f3n de da\u00f1os en el Centro Hist\u00f3rico<\/h2>\n\n\n\n<p>Tras los incidentes, el&nbsp;<strong>Instituto Nacional de Antropolog\u00eda e Historia (INAH)<\/strong>&nbsp;inici\u00f3 un censo para evaluar las afectaciones en el templo y en otros edificios hist\u00f3ricos de la zona.&nbsp;<\/p>\n\n\n\n<p>Las autoridades se\u00f1alaron que, una vez concluido el dictamen, se presentar\u00e1 la denuncia correspondiente para determinar responsabilidades por los da\u00f1os al patrimonio cultural del Centro Hist\u00f3rico de San Luis Potos\u00ed.&nbsp;<\/p>\n\n\n\n<p>Mientras tanto, feligreses han celebrado&nbsp;<strong>misas al aire libre frente al templo<\/strong>&nbsp;como parte de actos religiosos de desagravio tras lo ocurrido durante la manifestaci\u00f3n.&nbsp;<\/p>\n\n\n\n<p><em>Con informaci\u00f3n de Uno TV.<\/em><\/p>\n","protected":false},"excerpt":{"rendered":"<p>La Iglesia cat\u00f3lica realiz\u00f3 un ritual de exorcismo en el Templo de la Compa\u00f1\u00eda en San Luis Potos\u00ed tras los&#8230;<\/p>\n","protected":false},"author":2,"featured_media":5153,"comment_status":"open","ping_status":"open","sticky":false,"template":"","format":"standard","meta":{"footnotes":""},"categories":[32],"tags":[],"class_list":["post-5152","post","type-post","status-publish","format-standard","has-post-thumbnail","hentry","category-la-nacion"],"yoast_head":"<!-- This site is optimized with the Yoast SEO Premium plugin v26.8 (Yoast SEO v27.4) - https:\/\/yoast.com\/product\/yoast-seo-premium-wordpress\/ -->\n<title>Arquidi\u00f3cesis realiza exorcismo en iglesia da\u00f1ada en marcha - Buenos D&iacute;as BCS<\/title>\n<meta name=\"robots\" content=\"index, follow, max-snippet:-1, max-image-preview:large, max-video-preview:-1\" \/>\n<link rel=\"canonical\" href=\"https:\/\/buenosdiasbcs.com\/?p=5152\" \/>\n<meta property=\"og:locale\" content=\"es_ES\" \/>\n<meta property=\"og:type\" content=\"article\" \/>\n<meta property=\"og:title\" content=\"Arquidi\u00f3cesis realiza exorcismo en iglesia da\u00f1ada en marcha\" \/>\n<meta property=\"og:description\" content=\"La Iglesia cat\u00f3lica realiz\u00f3 un ritual de exorcismo en el Templo de la Compa\u00f1\u00eda en San Luis Potos\u00ed tras los...\" \/>\n<meta property=\"og:url\" content=\"https:\/\/buenosdiasbcs.com\/?p=5152\" \/>\n<meta property=\"og:site_name\" content=\"Buenos D&iacute;as BCS\" \/>\n<meta property=\"article:published_time\" content=\"2026-03-13T07:46:00+00:00\" \/>\n<meta property=\"og:image\" content=\"https:\/\/buenosdiasbcs.com\/wp-content\/uploads\/2026\/03\/ritual-exorcismo-iglesia-slp-captura.jpg\" \/>\n\t<meta property=\"og:image:width\" content=\"1127\" \/>\n\t<meta property=\"og:image:height\" content=\"639\" \/>\n\t<meta property=\"og:image:type\" content=\"image\/jpeg\" \/>\n<meta name=\"author\" content=\"Edici\u00f3n Buenos D\u00edas\" \/>\n<meta name=\"twitter:card\" content=\"summary_large_image\" \/>\n<meta name=\"twitter:label1\" content=\"Escrito por\" \/>\n\t<meta name=\"twitter:data1\" content=\"Edici\u00f3n Buenos D\u00edas\" \/>\n\t<meta name=\"twitter:label2\" content=\"Tiempo de lectura\" \/>\n\t<meta name=\"twitter:data2\" content=\"2 minutos\" \/>\n<script type=\"application\/ld+json\" class=\"yoast-schema-graph\">{\"@context\":\"https:\\\/\\\/schema.org\",\"@graph\":[{\"@type\":\"Article\",\"@id\":\"https:\\\/\\\/buenosdiasbcs.com\\\/?p=5152#article\",\"isPartOf\":{\"@id\":\"https:\\\/\\\/buenosdiasbcs.com\\\/?p=5152\"},\"author\":{\"name\":\"Edici\u00f3n Buenos D\u00edas\",\"@id\":\"https:\\\/\\\/buenosdiasbcs.com\\\/#\\\/schema\\\/person\\\/15aedc247eab7070ee5d76d6d069a821\"},\"headline\":\"Arquidi\u00f3cesis realiza exorcismo en iglesia da\u00f1ada en marcha\",\"datePublished\":\"2026-03-13T07:46:00+00:00\",\"mainEntityOfPage\":{\"@id\":\"https:\\\/\\\/buenosdiasbcs.com\\\/?p=5152\"},\"wordCount\":430,\"commentCount\":0,\"publisher\":{\"@id\":\"https:\\\/\\\/buenosdiasbcs.com\\\/#organization\"},\"image\":{\"@id\":\"https:\\\/\\\/buenosdiasbcs.com\\\/?p=5152#primaryimage\"},\"thumbnailUrl\":\"https:\\\/\\\/buenosdiasbcs.com\\\/wp-content\\\/uploads\\\/2026\\\/03\\\/ritual-exorcismo-iglesia-slp-captura.jpg\",\"articleSection\":[\"La Naci\u00f3n\"],\"inLanguage\":\"es\",\"potentialAction\":[{\"@type\":\"CommentAction\",\"name\":\"Comment\",\"target\":[\"https:\\\/\\\/buenosdiasbcs.com\\\/?p=5152#respond\"]}]},{\"@type\":\"WebPage\",\"@id\":\"https:\\\/\\\/buenosdiasbcs.com\\\/?p=5152\",\"url\":\"https:\\\/\\\/buenosdiasbcs.com\\\/?p=5152\",\"name\":\"Arquidi\u00f3cesis realiza exorcismo en iglesia da\u00f1ada en marcha - Buenos D&iacute;as BCS\",\"isPartOf\":{\"@id\":\"https:\\\/\\\/buenosdiasbcs.com\\\/#website\"},\"primaryImageOfPage\":{\"@id\":\"https:\\\/\\\/buenosdiasbcs.com\\\/?p=5152#primaryimage\"},\"image\":{\"@id\":\"https:\\\/\\\/buenosdiasbcs.com\\\/?p=5152#primaryimage\"},\"thumbnailUrl\":\"https:\\\/\\\/buenosdiasbcs.com\\\/wp-content\\\/uploads\\\/2026\\\/03\\\/ritual-exorcismo-iglesia-slp-captura.jpg\",\"datePublished\":\"2026-03-13T07:46:00+00:00\",\"breadcrumb\":{\"@id\":\"https:\\\/\\\/buenosdiasbcs.com\\\/?p=5152#breadcrumb\"},\"inLanguage\":\"es\",\"potentialAction\":[{\"@type\":\"ReadAction\",\"target\":[\"https:\\\/\\\/buenosdiasbcs.com\\\/?p=5152\"]}]},{\"@type\":\"ImageObject\",\"inLanguage\":\"es\",\"@id\":\"https:\\\/\\\/buenosdiasbcs.com\\\/?p=5152#primaryimage\",\"url\":\"https:\\\/\\\/buenosdiasbcs.com\\\/wp-content\\\/uploads\\\/2026\\\/03\\\/ritual-exorcismo-iglesia-slp-captura.jpg\",\"contentUrl\":\"https:\\\/\\\/buenosdiasbcs.com\\\/wp-content\\\/uploads\\\/2026\\\/03\\\/ritual-exorcismo-iglesia-slp-captura.jpg\",\"width\":1127,\"height\":639},{\"@type\":\"BreadcrumbList\",\"@id\":\"https:\\\/\\\/buenosdiasbcs.com\\\/?p=5152#breadcrumb\",\"itemListElement\":[{\"@type\":\"ListItem\",\"position\":1,\"name\":\"Portada\",\"item\":\"https:\\\/\\\/buenosdiasbcs.com\\\/\"},{\"@type\":\"ListItem\",\"position\":2,\"name\":\"Arquidi\u00f3cesis realiza exorcismo en iglesia da\u00f1ada en marcha\"}]},{\"@type\":\"WebSite\",\"@id\":\"https:\\\/\\\/buenosdiasbcs.com\\\/#website\",\"url\":\"https:\\\/\\\/buenosdiasbcs.com\\\/\",\"name\":\"Buenos D\u00edas BCS\",\"description\":\"\",\"publisher\":{\"@id\":\"https:\\\/\\\/buenosdiasbcs.com\\\/#organization\"},\"potentialAction\":[{\"@type\":\"SearchAction\",\"target\":{\"@type\":\"EntryPoint\",\"urlTemplate\":\"https:\\\/\\\/buenosdiasbcs.com\\\/?s={search_term_string}\"},\"query-input\":{\"@type\":\"PropertyValueSpecification\",\"valueRequired\":true,\"valueName\":\"search_term_string\"}}],\"inLanguage\":\"es\"},{\"@type\":\"Organization\",\"@id\":\"https:\\\/\\\/buenosdiasbcs.com\\\/#organization\",\"name\":\"Buenos D\u00edas BCS\",\"url\":\"https:\\\/\\\/buenosdiasbcs.com\\\/\",\"logo\":{\"@type\":\"ImageObject\",\"inLanguage\":\"es\",\"@id\":\"https:\\\/\\\/buenosdiasbcs.com\\\/#\\\/schema\\\/logo\\\/image\\\/\",\"url\":\"https:\\\/\\\/buenosdiasbcs.com\\\/wp-content\\\/uploads\\\/2026\\\/01\\\/logo-buenos-dias-40-01.png\",\"contentUrl\":\"https:\\\/\\\/buenosdiasbcs.com\\\/wp-content\\\/uploads\\\/2026\\\/01\\\/logo-buenos-dias-40-01.png\",\"width\":277,\"height\":40,\"caption\":\"Buenos D\u00edas BCS\"},\"image\":{\"@id\":\"https:\\\/\\\/buenosdiasbcs.com\\\/#\\\/schema\\\/logo\\\/image\\\/\"}},{\"@type\":\"Person\",\"@id\":\"https:\\\/\\\/buenosdiasbcs.com\\\/#\\\/schema\\\/person\\\/15aedc247eab7070ee5d76d6d069a821\",\"name\":\"Edici\u00f3n Buenos D\u00edas\",\"image\":{\"@type\":\"ImageObject\",\"inLanguage\":\"es\",\"@id\":\"https:\\\/\\\/buenosdiasbcs.com\\\/wp-content\\\/uploads\\\/2026\\\/01\\\/cropped-sol-96x96.png\",\"url\":\"https:\\\/\\\/buenosdiasbcs.com\\\/wp-content\\\/uploads\\\/2026\\\/01\\\/cropped-sol-96x96.png\",\"contentUrl\":\"https:\\\/\\\/buenosdiasbcs.com\\\/wp-content\\\/uploads\\\/2026\\\/01\\\/cropped-sol-96x96.png\",\"caption\":\"Edici\u00f3n Buenos D\u00edas\"},\"url\":\"https:\\\/\\\/buenosdiasbcs.com\\\/?author=2\"}]}<\/script>\n<!-- \/ Yoast SEO Premium plugin. -->","yoast_head_json":{"title":"Arquidi\u00f3cesis realiza exorcismo en iglesia da\u00f1ada en marcha - Buenos D&iacute;as BCS","robots":{"index":"index","follow":"follow","max-snippet":"max-snippet:-1","max-image-preview":"max-image-preview:large","max-video-preview":"max-video-preview:-1"},"canonical":"https:\/\/buenosdiasbcs.com\/?p=5152","og_locale":"es_ES","og_type":"article","og_title":"Arquidi\u00f3cesis realiza exorcismo en iglesia da\u00f1ada en marcha","og_description":"La Iglesia cat\u00f3lica realiz\u00f3 un ritual de exorcismo en el Templo de la Compa\u00f1\u00eda en San Luis Potos\u00ed tras los...","og_url":"https:\/\/buenosdiasbcs.com\/?p=5152","og_site_name":"Buenos D&iacute;as BCS","article_published_time":"2026-03-13T07:46:00+00:00","og_image":[{"width":1127,"height":639,"url":"https:\/\/buenosdiasbcs.com\/wp-content\/uploads\/2026\/03\/ritual-exorcismo-iglesia-slp-captura.jpg","type":"image\/jpeg"}],"author":"Edici\u00f3n Buenos D\u00edas","twitter_card":"summary_large_image","twitter_misc":{"Escrito por":"Edici\u00f3n Buenos D\u00edas","Tiempo de lectura":"2 minutos"},"schema":{"@context":"https:\/\/schema.org","@graph":[{"@type":"Article","@id":"https:\/\/buenosdiasbcs.com\/?p=5152#article","isPartOf":{"@id":"https:\/\/buenosdiasbcs.com\/?p=5152"},"author":{"name":"Edici\u00f3n Buenos D\u00edas","@id":"https:\/\/buenosdiasbcs.com\/#\/schema\/person\/15aedc247eab7070ee5d76d6d069a821"},"headline":"Arquidi\u00f3cesis realiza exorcismo en iglesia da\u00f1ada en marcha","datePublished":"2026-03-13T07:46:00+00:00","mainEntityOfPage":{"@id":"https:\/\/buenosdiasbcs.com\/?p=5152"},"wordCount":430,"commentCount":0,"publisher":{"@id":"https:\/\/buenosdiasbcs.com\/#organization"},"image":{"@id":"https:\/\/buenosdiasbcs.com\/?p=5152#primaryimage"},"thumbnailUrl":"https:\/\/buenosdiasbcs.com\/wp-content\/uploads\/2026\/03\/ritual-exorcismo-iglesia-slp-captura.jpg","articleSection":["La Naci\u00f3n"],"inLanguage":"es","potentialAction":[{"@type":"CommentAction","name":"Comment","target":["https:\/\/buenosdiasbcs.com\/?p=5152#respond"]}]},{"@type":"WebPage","@id":"https:\/\/buenosdiasbcs.com\/?p=5152","url":"https:\/\/buenosdiasbcs.com\/?p=5152","name":"Arquidi\u00f3cesis realiza exorcismo en iglesia da\u00f1ada en marcha - Buenos D&iacute;as BCS","isPartOf":{"@id":"https:\/\/buenosdiasbcs.com\/#website"},"primaryImageOfPage":{"@id":"https:\/\/buenosdiasbcs.com\/?p=5152#primaryimage"},"image":{"@id":"https:\/\/buenosdiasbcs.com\/?p=5152#primaryimage"},"thumbnailUrl":"https:\/\/buenosdiasbcs.com\/wp-content\/uploads\/2026\/03\/ritual-exorcismo-iglesia-slp-captura.jpg","datePublished":"2026-03-13T07:46:00+00:00","breadcrumb":{"@id":"https:\/\/buenosdiasbcs.com\/?p=5152#breadcrumb"},"inLanguage":"es","potentialAction":[{"@type":"ReadAction","target":["https:\/\/buenosdiasbcs.com\/?p=5152"]}]},{"@type":"ImageObject","inLanguage":"es","@id":"https:\/\/buenosdiasbcs.com\/?p=5152#primaryimage","url":"https:\/\/buenosdiasbcs.com\/wp-content\/uploads\/2026\/03\/ritual-exorcismo-iglesia-slp-captura.jpg","contentUrl":"https:\/\/buenosdiasbcs.com\/wp-content\/uploads\/2026\/03\/ritual-exorcismo-iglesia-slp-captura.jpg","width":1127,"height":639},{"@type":"BreadcrumbList","@id":"https:\/\/buenosdiasbcs.com\/?p=5152#breadcrumb","itemListElement":[{"@type":"ListItem","position":1,"name":"Portada","item":"https:\/\/buenosdiasbcs.com\/"},{"@type":"ListItem","position":2,"name":"Arquidi\u00f3cesis realiza exorcismo en iglesia da\u00f1ada en marcha"}]},{"@type":"WebSite","@id":"https:\/\/buenosdiasbcs.com\/#website","url":"https:\/\/buenosdiasbcs.com\/","name":"Buenos D\u00edas BCS","description":"","publisher":{"@id":"https:\/\/buenosdiasbcs.com\/#organization"},"potentialAction":[{"@type":"SearchAction","target":{"@type":"EntryPoint","urlTemplate":"https:\/\/buenosdiasbcs.com\/?s={search_term_string}"},"query-input":{"@type":"PropertyValueSpecification","valueRequired":true,"valueName":"search_term_string"}}],"inLanguage":"es"},{"@type":"Organization","@id":"https:\/\/buenosdiasbcs.com\/#organization","name":"Buenos D\u00edas BCS","url":"https:\/\/buenosdiasbcs.com\/","logo":{"@type":"ImageObject","inLanguage":"es","@id":"https:\/\/buenosdiasbcs.com\/#\/schema\/logo\/image\/","url":"https:\/\/buenosdiasbcs.com\/wp-content\/uploads\/2026\/01\/logo-buenos-dias-40-01.png","contentUrl":"https:\/\/buenosdiasbcs.com\/wp-content\/uploads\/2026\/01\/logo-buenos-dias-40-01.png","width":277,"height":40,"caption":"Buenos D\u00edas BCS"},"image":{"@id":"https:\/\/buenosdiasbcs.com\/#\/schema\/logo\/image\/"}},{"@type":"Person","@id":"https:\/\/buenosdiasbcs.com\/#\/schema\/person\/15aedc247eab7070ee5d76d6d069a821","name":"Edici\u00f3n Buenos D\u00edas","image":{"@type":"ImageObject","inLanguage":"es","@id":"https:\/\/buenosdiasbcs.com\/wp-content\/uploads\/2026\/01\/cropped-sol-96x96.png","url":"https:\/\/buenosdiasbcs.com\/wp-content\/uploads\/2026\/01\/cropped-sol-96x96.png","contentUrl":"https:\/\/buenosdiasbcs.com\/wp-content\/uploads\/2026\/01\/cropped-sol-96x96.png","caption":"Edici\u00f3n Buenos D\u00edas"},"url":"https:\/\/buenosdiasbcs.com\/?author=2"}]}},"amp_enabled":true,"_links":{"self":[{"href":"https:\/\/buenosdiasbcs.com\/index.php?rest_route=\/wp\/v2\/posts\/5152","targetHints":{"allow":["GET"]}}],"collection":[{"href":"https:\/\/buenosdiasbcs.com\/index.php?rest_route=\/wp\/v2\/posts"}],"about":[{"href":"https:\/\/buenosdiasbcs.com\/index.php?rest_route=\/wp\/v2\/types\/post"}],"author":[{"embeddable":true,"href":"https:\/\/buenosdiasbcs.com\/index.php?rest_route=\/wp\/v2\/users\/2"}],"replies":[{"embeddable":true,"href":"https:\/\/buenosdiasbcs.com\/index.php?rest_route=%2Fwp%2Fv2%2Fcomments&post=5152"}],"version-history":[{"count":1,"href":"https:\/\/buenosdiasbcs.com\/index.php?rest_route=\/wp\/v2\/posts\/5152\/revisions"}],"predecessor-version":[{"id":5154,"href":"https:\/\/buenosdiasbcs.com\/index.php?rest_route=\/wp\/v2\/posts\/5152\/revisions\/5154"}],"wp:featuredmedia":[{"embeddable":true,"href":"https:\/\/buenosdiasbcs.com\/index.php?rest_route=\/wp\/v2\/media\/5153"}],"wp:attachment":[{"href":"https:\/\/buenosdiasbcs.com\/index.php?rest_route=%2Fwp%2Fv2%2Fmedia&parent=5152"}],"wp:term":[{"taxonomy":"category","embeddable":true,"href":"https:\/\/buenosdiasbcs.com\/index.php?rest_route=%2Fwp%2Fv2%2Fcategories&post=5152"},{"taxonomy":"post_tag","embeddable":true,"href":"https:\/\/buenosdiasbcs.com\/index.php?rest_route=%2Fwp%2Fv2%2Ftags&post=5152"}],"curies":[{"name":"wp","href":"https:\/\/api.w.org\/{rel}","templated":true}]}}