{"id":5146,"date":"2026-03-13T00:38:00","date_gmt":"2026-03-13T07:38:00","guid":{"rendered":"https:\/\/buenosdiasbcs.com\/?p=5146"},"modified":"2026-03-12T21:40:35","modified_gmt":"2026-03-13T04:40:35","slug":"teoria-fisica-propone-que-la-muerte-no-seria-el-final-sino-el-retorno-a-un-supuesto-campo-de-conciencia-mayor","status":"publish","type":"post","link":"https:\/\/buenosdiasbcs.com\/?p=5146","title":{"rendered":"Teor\u00eda f\u00edsica propone que la muerte no ser\u00eda el final, sino el retorno a un supuesto campo de conciencia mayor"},"content":{"rendered":"\n<h2 class=\"wp-block-heading\" id=\"h-una-nueva-propuesta-teorica-intenta-conectar-fisica-cuantica-cosmologia-y-filosofia-para-abordar-uno-de-los-mayores-misterios-cientificos-la-naturaleza-de-la-conciencia\">Una nueva propuesta te\u00f3rica intenta conectar f\u00edsica cu\u00e1ntica, cosmolog\u00eda y filosof\u00eda para abordar uno de los mayores misterios cient\u00edficos: la naturaleza de la conciencia.<\/h2>\n\n\n\n<p>La conciencia humana sigue siendo uno de los grandes enigmas de la ciencia.<strong>&nbsp;A pesar de los enormes avances en neurociencia y f\u00edsica, a\u00fan no existe una explicaci\u00f3n definitiva sobre&nbsp;<a href=\"https:\/\/muyinteresante.okdiario.com\/ciencia\/63433.html\" target=\"_blank\" rel=\"noreferrer noopener\">qu\u00e9 es exactamente la conciencia ni c\u00f3mo surge<\/a><\/strong>. Durante d\u00e9cadas, el enfoque dominante ha sido considerar que aparece como resultado de la actividad del cerebro: una propiedad emergente de redes neuronales extremadamente complejas.<\/p>\n\n\n\n<p>Sin embargo, algunos investigadores exploran enfoques distintos. Un reciente trabajo te\u00f3rico publicado en la revista cient\u00edfica&nbsp;<em>AIP Advances<\/em>&nbsp;propone un marco conceptual que<strong>&nbsp;intenta conectar f\u00edsica cu\u00e1ntica, cosmolog\u00eda y tradiciones filos\u00f3ficas no duales<\/strong>. El art\u00edculo, firmado por la investigadora Maria Str\u00f8mme, plantea un modelo matem\u00e1tico que busca describir c\u00f3mo la conciencia podr\u00eda relacionarse con la estructura fundamental de la realidad.&nbsp;<strong>Se trata de una propuesta especulativa y a\u00fan no demostrada<\/strong>, pero que intenta abrir una nueva l\u00ednea de reflexi\u00f3n sobre uno de los problemas m\u00e1s profundos de la ciencia.<\/p>\n\n\n\n<h2 class=\"wp-block-heading\" id=\"h-un-problema-abierto-que-es-realmente-la-conciencia\">Un problema abierto: qu\u00e9 es realmente la conciencia<\/h2>\n\n\n\n<p>La ciencia moderna ha logrado explicar con enorme precisi\u00f3n muchos fen\u00f3menos naturales, desde el comportamiento de las part\u00edculas subat\u00f3micas hasta la evoluci\u00f3n del universo. Sin embargo,&nbsp;<strong>la conciencia sigue siendo un problema dif\u00edcil<\/strong>. \u00bfEs simplemente un proceso biol\u00f3gico generado por el cerebro o algo m\u00e1s fundamental?<\/p>\n\n\n\n<p>En la mayor parte de la investigaci\u00f3n contempor\u00e1nea, la respuesta es clara: la conciencia se considera un producto del funcionamiento neuronal. Modelos como la teor\u00eda de la informaci\u00f3n integrada o los estudios de neurociencia cognitiva intentan describir c\u00f3mo determinadas configuraciones de actividad cerebral producen experiencia consciente.<\/p>\n\n\n\n<p>El art\u00edculo de Str\u00f8mme parte precisamente de esta discusi\u00f3n. Seg\u00fan explica el propio trabajo,&nbsp;<strong>\u201cla naturaleza de la conciencia y su relaci\u00f3n con la realidad f\u00edsica siguen siendo uno de los desaf\u00edos cient\u00edficos y filos\u00f3ficos m\u00e1s profundos\u201d<\/strong>.&nbsp;<\/p>\n\n\n\n<p>A lo largo del texto, la autora se\u00f1ala que el enfoque materialista ha generado avances importantes, pero tambi\u00e9n deja preguntas abiertas. Entre ellas:&nbsp;<strong>por qu\u00e9 existe la experiencia subjetiva o c\u00f3mo se relaciona con las leyes f\u00edsicas que describen el universo.<\/strong><\/p>\n\n\n\n<figure class=\"wp-block-image\"><img decoding=\"async\" data-src=\"https:\/\/muyinteresante.okdiario.com\/wp-content\/uploads\/sites\/5\/2026\/03\/conc1.jpg?resize=1024,1024\" alt=\"\" src=\"data:image\/svg+xml;base64,PHN2ZyB3aWR0aD0iMSIgaGVpZ2h0PSIxIiB4bWxucz0iaHR0cDovL3d3dy53My5vcmcvMjAwMC9zdmciPjwvc3ZnPg==\" class=\"lazyload\" \/><figcaption class=\"wp-element-caption\">Esquema conceptual del modelo propuesto, donde tres principios \u2014mente, conciencia y pensamiento\u2014 interact\u00faan para dar lugar a la realidad percibida. Fuente: AIP Advances<\/figcaption><\/figure>\n\n\n\n<h2 class=\"wp-block-heading\" id=\"h-una-propuesta-teorica-tratar-la-conciencia-como-un-campo-fundamental\">Una propuesta te\u00f3rica: tratar la conciencia como un campo fundamental<\/h2>\n\n\n\n<p>El n\u00facleo del art\u00edculo consiste en proponer&nbsp;<strong>un modelo matem\u00e1tico en el que la conciencia no surge del cerebro, sino que ser\u00eda un componente b\u00e1sico de la realidad, comparable a los campos fundamentales de la f\u00edsica<\/strong>.<\/p>\n\n\n\n<p>En f\u00edsica moderna, muchas propiedades del universo se describen mediante campos: el campo electromagn\u00e9tico, el campo gravitatorio o el campo de Higgs. La propuesta de Str\u00f8mme consiste en imaginar algo similar aplicado a la conciencia.<\/p>\n\n\n\n<p>En su propio resumen cient\u00edfico, el art\u00edculo afirma que&nbsp;<strong>\u201cla conciencia no es una propiedad emergente de procesos neuronales, sino un aspecto fundacional de la realidad\u201d<\/strong>.&nbsp;<\/p>\n\n\n\n<p>En este modelo hipot\u00e9tico, la conciencia se representar\u00eda mediante un campo universal \u2014denominado \u03a6 en las ecuaciones\u2014 que estar\u00eda presente antes incluso de la aparici\u00f3n del espacio y del tiempo.<\/p>\n\n\n\n<p>Es importante subrayar que&nbsp;<strong>no existe evidencia experimental que confirme esta idea<\/strong>. Se trata de una construcci\u00f3n te\u00f3rica que utiliza herramientas matem\u00e1ticas similares a las de la f\u00edsica de campos para explorar una posibilidad conceptual.<\/p>\n\n\n\n<h2 class=\"wp-block-heading\" id=\"h-tres-principios-para-describir-la-realidad\">Tres principios para describir la realidad<\/h2>\n\n\n\n<p>Para construir su modelo, la autora utiliza un marco filos\u00f3fico conocido como \u201clos tres principios\u201d:<strong>&nbsp;mente universal, conciencia universal y pensamiento universal<\/strong>.<\/p>\n\n\n\n<p>Seg\u00fan el art\u00edculo, estos principios describen tres funciones distintas dentro del sistema te\u00f3rico. La mente universal representar\u00eda una inteligencia creativa fundamental; la conciencia universal ser\u00eda la capacidad de experimentar; y el pensamiento actuar\u00eda como el mecanismo que convierte el potencial en experiencias concretas.<\/p>\n\n\n\n<p>El propio trabajo lo resume de forma directa:&nbsp;<strong>\u201cmente representa la inteligencia creativa universal\u2026 conciencia es la capacidad universal de conciencia\u2026 y pensamiento es el mecanismo creativo que transforma ese potencial en realidades estructuradas de experiencia individual\u201d<\/strong>.&nbsp;<\/p>\n\n\n\n<p>Desde el punto de vista cient\u00edfico convencional, estas ideas pertenecen m\u00e1s al terreno de la filosof\u00eda que al de la f\u00edsica emp\u00edrica. No obstante, el objetivo del art\u00edculo es intentar traducirlas a lenguaje matem\u00e1tico para explorar si podr\u00edan integrarse en modelos cosmol\u00f3gicos o cu\u00e1nticos.<\/p>\n\n\n\n<figure class=\"wp-block-image\"><img decoding=\"async\" data-src=\"https:\/\/muyinteresante.okdiario.com\/wp-content\/uploads\/sites\/5\/2026\/03\/conc2.jpg?resize=1024,576\" alt=\"\" src=\"data:image\/svg+xml;base64,PHN2ZyB3aWR0aD0iMSIgaGVpZ2h0PSIxIiB4bWxucz0iaHR0cDovL3d3dy53My5vcmcvMjAwMC9zdmciPjwvc3ZnPg==\" class=\"lazyload\" \/><figcaption class=\"wp-element-caption\">Fuente: ChatGPT<\/figcaption><\/figure>\n\n\n\n<h2 class=\"wp-block-heading\" id=\"h-como-podria-surgir-el-universo-segun-el-modelo\">C\u00f3mo podr\u00eda surgir el universo seg\u00fan el modelo<\/h2>\n\n\n\n<p>Una parte central del trabajo intenta describir c\u00f3mo aparecer\u00edan el espacio, el tiempo y la materia a partir de ese supuesto campo de conciencia.<\/p>\n\n\n\n<p>En el modelo, el universo comenzar\u00eda en un estado indiferenciado representado por una funci\u00f3n matem\u00e1tica que contiene todas las posibilidades de realidad. A partir de ah\u00ed, distintos procesos f\u00edsicos conocidos \u2014como fluctuaciones cu\u00e1nticas o rupturas de simetr\u00eda\u2014 producir\u00edan estados diferenciados.<\/p>\n\n\n\n<p>Este tipo de mecanismos s\u00ed existen en f\u00edsica. Por ejemplo, la ruptura de simetr\u00eda es un proceso fundamental en cosmolog\u00eda y en teor\u00eda cu\u00e1ntica de campos. El art\u00edculo utiliza estos conceptos como analog\u00edas para explicar c\u00f3mo podr\u00eda surgir la estructura del universo dentro de su marco te\u00f3rico.<\/p>\n\n\n\n<p>Seg\u00fan el propio texto,&nbsp;<strong>\u201cla diferenciaci\u00f3n en experiencias individuales ocurre mediante mecanismos como ruptura de simetr\u00eda, fluctuaciones cu\u00e1nticas y selecci\u00f3n de estados discretos\u201d<\/strong>.&nbsp;<\/p>\n\n\n\n<p>De nuevo, es crucial insistir en que&nbsp;<strong>esto no es una teor\u00eda confirmada del origen del universo<\/strong>, sino una hip\u00f3tesis conceptual que intenta combinar f\u00edsica y filosof\u00eda.<\/p>\n\n\n\n<h2 class=\"wp-block-heading\" id=\"h-la-conciencia-individual-como-una-excitacion-del-campo\">La conciencia individual como una excitaci\u00f3n del campo<\/h2>\n\n\n\n<p>Una vez que el universo existe, el modelo propone que los seres conscientes aparecer\u00edan como \u201cexcitaciones localizadas\u201d dentro del campo universal.<\/p>\n\n\n\n<p>Este lenguaje procede directamente de la f\u00edsica de part\u00edculas. En teor\u00eda cu\u00e1ntica de campos, una part\u00edcula puede interpretarse como una perturbaci\u00f3n localizada en un campo fundamental.<\/p>\n\n\n\n<p>Siguiendo esta analog\u00eda, el art\u00edculo plantea que&nbsp;<strong>la conciencia individual ser\u00eda una manifestaci\u00f3n local dentro de un campo m\u00e1s amplio<\/strong>. El propio trabajo lo expresa as\u00ed:&nbsp;<strong>\u201cla aparente separaci\u00f3n de la conciencia individual es una ilusi\u00f3n, y toda experiencia surge de un sustrato unificado y sin forma\u201d<\/strong>.&nbsp;<\/p>\n\n\n\n<p>En el texto tambi\u00e9n se menciona una consecuencia especulativa de esta idea: si la conciencia individual es solo una excitaci\u00f3n temporal del campo, su desaparici\u00f3n no implicar\u00eda necesariamente la desaparici\u00f3n del campo mismo.<\/p>\n\n\n\n<p>Por ello, el art\u00edculo se\u00f1ala que&nbsp;<strong>\u201cla disoluci\u00f3n de la individualidad\u2026 no implica aniquilaci\u00f3n, sino reintegraci\u00f3n en el campo universal\u201d<\/strong>.&nbsp;<\/p>\n\n\n\n<p>Este punto es precisamente el que ha llamado m\u00e1s la atenci\u00f3n en algunos art\u00edculos de divulgaci\u00f3n. Sin embargo,&nbsp;<strong>no se trata de una afirmaci\u00f3n comprobada ni de una conclusi\u00f3n cient\u00edfica establecida<\/strong>, sino de una implicaci\u00f3n filos\u00f3fica dentro del modelo te\u00f3rico.<\/p>\n\n\n\n<h2 class=\"wp-block-heading\" id=\"h-una-hipotesis-altamente-especulativa\">Una hip\u00f3tesis altamente especulativa<\/h2>\n\n\n\n<p>Aunque el art\u00edculo intenta formular predicciones experimentales \u2014por ejemplo sobre posibles correlaciones en sistemas cu\u00e1nticos o biol\u00f3gicos\u2014,&nbsp;<strong>por ahora no existen pruebas que respalden el modelo<\/strong>.<\/p>\n\n\n\n<p>De hecho, la propia naturaleza del trabajo es puramente te\u00f3rica. No presenta experimentos ni datos emp\u00edricos nuevos, sino un marco conceptual que intenta integrar f\u00edsica, cosmolog\u00eda y filosof\u00eda de la mente.<\/p>\n\n\n\n<p>En el campo de la ciencia, propuestas como esta suelen interpretarse como&nbsp;<strong>exploraciones especulativas<\/strong>. Algunas terminan siendo descartadas, mientras que otras pueden inspirar nuevas preguntas o enfoques.<\/p>\n\n\n\n<p>Lo que s\u00ed refleja el art\u00edculo es una cuesti\u00f3n profunda que sigue abierta: c\u00f3mo encaja la conciencia en el universo f\u00edsico. En palabras del propio estudio,&nbsp;<strong>comprender la conciencia sigue siendo uno de los retos m\u00e1s fundamentales para la ciencia<\/strong>.<\/p>\n\n\n\n<h2 class=\"wp-block-heading\" id=\"h-referencias\">Referencias<\/h2>\n\n\n\n<ul class=\"wp-block-list\">\n<li>Maria Str\u00f8mme. Universal consciousness as foundational field: A theoretical bridge between quantum physics and non-dual philosophy.\u00a0<em>AIP Advances<\/em>(2025).\u00a0<a href=\"https:\/\/pubs.aip.org\/aip\/adv\/article\/15\/11\/115319\/3372193\/Universal-consciousness-as-foundational-field-A\" target=\"_blank\" rel=\"noreferrer noopener\">DOI: https:\/\/doi.org\/10.1063\/5.0290984<\/a>.<\/li>\n<\/ul>\n","protected":false},"excerpt":{"rendered":"<p>Una nueva propuesta te\u00f3rica intenta conectar f\u00edsica cu\u00e1ntica, cosmolog\u00eda y filosof\u00eda para abordar uno de los mayores misterios cient\u00edficos: la&#8230;<\/p>\n","protected":false},"author":2,"featured_media":5147,"comment_status":"open","ping_status":"open","sticky":false,"template":"","format":"standard","meta":{"footnotes":""},"categories":[22],"tags":[],"class_list":["post-5146","post","type-post","status-publish","format-standard","has-post-thumbnail","hentry","category-ciencia"],"yoast_head":"<!-- This site is optimized with the Yoast SEO Premium plugin v26.8 (Yoast SEO v27.4) - https:\/\/yoast.com\/product\/yoast-seo-premium-wordpress\/ -->\n<title>Teor\u00eda f\u00edsica propone que la muerte no ser\u00eda el final, sino el retorno a un supuesto campo de conciencia mayor - Buenos D&iacute;as BCS<\/title>\n<meta name=\"robots\" content=\"index, follow, max-snippet:-1, max-image-preview:large, max-video-preview:-1\" \/>\n<link rel=\"canonical\" href=\"https:\/\/buenosdiasbcs.com\/?p=5146\" \/>\n<meta property=\"og:locale\" content=\"es_ES\" \/>\n<meta property=\"og:type\" content=\"article\" \/>\n<meta property=\"og:title\" content=\"Teor\u00eda f\u00edsica propone que la muerte no ser\u00eda el final, sino el retorno a un supuesto campo de conciencia mayor\" \/>\n<meta property=\"og:description\" content=\"Una nueva propuesta te\u00f3rica intenta conectar f\u00edsica cu\u00e1ntica, cosmolog\u00eda y filosof\u00eda para abordar uno de los mayores misterios cient\u00edficos: la...\" \/>\n<meta property=\"og:url\" content=\"https:\/\/buenosdiasbcs.com\/?p=5146\" \/>\n<meta property=\"og:site_name\" content=\"Buenos D&iacute;as BCS\" \/>\n<meta property=\"article:published_time\" content=\"2026-03-13T07:38:00+00:00\" \/>\n<meta property=\"og:image\" content=\"https:\/\/buenosdiasbcs.com\/wp-content\/uploads\/2026\/03\/conc6.jpg.webp\" \/>\n\t<meta property=\"og:image:width\" content=\"1920\" \/>\n\t<meta property=\"og:image:height\" content=\"1080\" \/>\n\t<meta property=\"og:image:type\" content=\"image\/webp\" \/>\n<meta name=\"author\" content=\"Edici\u00f3n Buenos D\u00edas\" \/>\n<meta name=\"twitter:card\" content=\"summary_large_image\" \/>\n<meta name=\"twitter:label1\" content=\"Escrito por\" \/>\n\t<meta name=\"twitter:data1\" content=\"Edici\u00f3n Buenos D\u00edas\" \/>\n\t<meta name=\"twitter:label2\" content=\"Tiempo de lectura\" \/>\n\t<meta name=\"twitter:data2\" content=\"7 minutos\" \/>\n<script type=\"application\/ld+json\" class=\"yoast-schema-graph\">{\"@context\":\"https:\\\/\\\/schema.org\",\"@graph\":[{\"@type\":\"Article\",\"@id\":\"https:\\\/\\\/buenosdiasbcs.com\\\/?p=5146#article\",\"isPartOf\":{\"@id\":\"https:\\\/\\\/buenosdiasbcs.com\\\/?p=5146\"},\"author\":{\"name\":\"Edici\u00f3n Buenos D\u00edas\",\"@id\":\"https:\\\/\\\/buenosdiasbcs.com\\\/#\\\/schema\\\/person\\\/15aedc247eab7070ee5d76d6d069a821\"},\"headline\":\"Teor\u00eda f\u00edsica propone que la muerte no ser\u00eda el final, sino el retorno a un supuesto campo de conciencia mayor\",\"datePublished\":\"2026-03-13T07:38:00+00:00\",\"mainEntityOfPage\":{\"@id\":\"https:\\\/\\\/buenosdiasbcs.com\\\/?p=5146\"},\"wordCount\":1441,\"commentCount\":0,\"publisher\":{\"@id\":\"https:\\\/\\\/buenosdiasbcs.com\\\/#organization\"},\"image\":{\"@id\":\"https:\\\/\\\/buenosdiasbcs.com\\\/?p=5146#primaryimage\"},\"thumbnailUrl\":\"https:\\\/\\\/buenosdiasbcs.com\\\/wp-content\\\/uploads\\\/2026\\\/03\\\/conc6.jpg.webp\",\"articleSection\":[\"Ciencia\"],\"inLanguage\":\"es\",\"potentialAction\":[{\"@type\":\"CommentAction\",\"name\":\"Comment\",\"target\":[\"https:\\\/\\\/buenosdiasbcs.com\\\/?p=5146#respond\"]}]},{\"@type\":\"WebPage\",\"@id\":\"https:\\\/\\\/buenosdiasbcs.com\\\/?p=5146\",\"url\":\"https:\\\/\\\/buenosdiasbcs.com\\\/?p=5146\",\"name\":\"Teor\u00eda f\u00edsica propone que la muerte no ser\u00eda el final, sino el retorno a un supuesto campo de conciencia mayor - Buenos D&iacute;as BCS\",\"isPartOf\":{\"@id\":\"https:\\\/\\\/buenosdiasbcs.com\\\/#website\"},\"primaryImageOfPage\":{\"@id\":\"https:\\\/\\\/buenosdiasbcs.com\\\/?p=5146#primaryimage\"},\"image\":{\"@id\":\"https:\\\/\\\/buenosdiasbcs.com\\\/?p=5146#primaryimage\"},\"thumbnailUrl\":\"https:\\\/\\\/buenosdiasbcs.com\\\/wp-content\\\/uploads\\\/2026\\\/03\\\/conc6.jpg.webp\",\"datePublished\":\"2026-03-13T07:38:00+00:00\",\"breadcrumb\":{\"@id\":\"https:\\\/\\\/buenosdiasbcs.com\\\/?p=5146#breadcrumb\"},\"inLanguage\":\"es\",\"potentialAction\":[{\"@type\":\"ReadAction\",\"target\":[\"https:\\\/\\\/buenosdiasbcs.com\\\/?p=5146\"]}]},{\"@type\":\"ImageObject\",\"inLanguage\":\"es\",\"@id\":\"https:\\\/\\\/buenosdiasbcs.com\\\/?p=5146#primaryimage\",\"url\":\"https:\\\/\\\/buenosdiasbcs.com\\\/wp-content\\\/uploads\\\/2026\\\/03\\\/conc6.jpg.webp\",\"contentUrl\":\"https:\\\/\\\/buenosdiasbcs.com\\\/wp-content\\\/uploads\\\/2026\\\/03\\\/conc6.jpg.webp\",\"width\":1920,\"height\":1080},{\"@type\":\"BreadcrumbList\",\"@id\":\"https:\\\/\\\/buenosdiasbcs.com\\\/?p=5146#breadcrumb\",\"itemListElement\":[{\"@type\":\"ListItem\",\"position\":1,\"name\":\"Portada\",\"item\":\"https:\\\/\\\/buenosdiasbcs.com\\\/\"},{\"@type\":\"ListItem\",\"position\":2,\"name\":\"Teor\u00eda f\u00edsica propone que la muerte no ser\u00eda el final, sino el retorno a un supuesto campo de conciencia mayor\"}]},{\"@type\":\"WebSite\",\"@id\":\"https:\\\/\\\/buenosdiasbcs.com\\\/#website\",\"url\":\"https:\\\/\\\/buenosdiasbcs.com\\\/\",\"name\":\"Buenos D\u00edas BCS\",\"description\":\"\",\"publisher\":{\"@id\":\"https:\\\/\\\/buenosdiasbcs.com\\\/#organization\"},\"potentialAction\":[{\"@type\":\"SearchAction\",\"target\":{\"@type\":\"EntryPoint\",\"urlTemplate\":\"https:\\\/\\\/buenosdiasbcs.com\\\/?s={search_term_string}\"},\"query-input\":{\"@type\":\"PropertyValueSpecification\",\"valueRequired\":true,\"valueName\":\"search_term_string\"}}],\"inLanguage\":\"es\"},{\"@type\":\"Organization\",\"@id\":\"https:\\\/\\\/buenosdiasbcs.com\\\/#organization\",\"name\":\"Buenos D\u00edas BCS\",\"url\":\"https:\\\/\\\/buenosdiasbcs.com\\\/\",\"logo\":{\"@type\":\"ImageObject\",\"inLanguage\":\"es\",\"@id\":\"https:\\\/\\\/buenosdiasbcs.com\\\/#\\\/schema\\\/logo\\\/image\\\/\",\"url\":\"https:\\\/\\\/buenosdiasbcs.com\\\/wp-content\\\/uploads\\\/2026\\\/01\\\/logo-buenos-dias-40-01.png\",\"contentUrl\":\"https:\\\/\\\/buenosdiasbcs.com\\\/wp-content\\\/uploads\\\/2026\\\/01\\\/logo-buenos-dias-40-01.png\",\"width\":277,\"height\":40,\"caption\":\"Buenos D\u00edas BCS\"},\"image\":{\"@id\":\"https:\\\/\\\/buenosdiasbcs.com\\\/#\\\/schema\\\/logo\\\/image\\\/\"}},{\"@type\":\"Person\",\"@id\":\"https:\\\/\\\/buenosdiasbcs.com\\\/#\\\/schema\\\/person\\\/15aedc247eab7070ee5d76d6d069a821\",\"name\":\"Edici\u00f3n Buenos D\u00edas\",\"image\":{\"@type\":\"ImageObject\",\"inLanguage\":\"es\",\"@id\":\"https:\\\/\\\/buenosdiasbcs.com\\\/wp-content\\\/uploads\\\/2026\\\/01\\\/cropped-sol-96x96.png\",\"url\":\"https:\\\/\\\/buenosdiasbcs.com\\\/wp-content\\\/uploads\\\/2026\\\/01\\\/cropped-sol-96x96.png\",\"contentUrl\":\"https:\\\/\\\/buenosdiasbcs.com\\\/wp-content\\\/uploads\\\/2026\\\/01\\\/cropped-sol-96x96.png\",\"caption\":\"Edici\u00f3n Buenos D\u00edas\"},\"url\":\"https:\\\/\\\/buenosdiasbcs.com\\\/?author=2\"}]}<\/script>\n<!-- \/ Yoast SEO Premium plugin. -->","yoast_head_json":{"title":"Teor\u00eda f\u00edsica propone que la muerte no ser\u00eda el final, sino el retorno a un supuesto campo de conciencia mayor - Buenos D&iacute;as BCS","robots":{"index":"index","follow":"follow","max-snippet":"max-snippet:-1","max-image-preview":"max-image-preview:large","max-video-preview":"max-video-preview:-1"},"canonical":"https:\/\/buenosdiasbcs.com\/?p=5146","og_locale":"es_ES","og_type":"article","og_title":"Teor\u00eda f\u00edsica propone que la muerte no ser\u00eda el final, sino el retorno a un supuesto campo de conciencia mayor","og_description":"Una nueva propuesta te\u00f3rica intenta conectar f\u00edsica cu\u00e1ntica, cosmolog\u00eda y filosof\u00eda para abordar uno de los mayores misterios cient\u00edficos: la...","og_url":"https:\/\/buenosdiasbcs.com\/?p=5146","og_site_name":"Buenos D&iacute;as BCS","article_published_time":"2026-03-13T07:38:00+00:00","og_image":[{"width":1920,"height":1080,"url":"https:\/\/buenosdiasbcs.com\/wp-content\/uploads\/2026\/03\/conc6.jpg.webp","type":"image\/webp"}],"author":"Edici\u00f3n Buenos D\u00edas","twitter_card":"summary_large_image","twitter_misc":{"Escrito por":"Edici\u00f3n Buenos D\u00edas","Tiempo de lectura":"7 minutos"},"schema":{"@context":"https:\/\/schema.org","@graph":[{"@type":"Article","@id":"https:\/\/buenosdiasbcs.com\/?p=5146#article","isPartOf":{"@id":"https:\/\/buenosdiasbcs.com\/?p=5146"},"author":{"name":"Edici\u00f3n Buenos D\u00edas","@id":"https:\/\/buenosdiasbcs.com\/#\/schema\/person\/15aedc247eab7070ee5d76d6d069a821"},"headline":"Teor\u00eda f\u00edsica propone que la muerte no ser\u00eda el final, sino el retorno a un supuesto campo de conciencia mayor","datePublished":"2026-03-13T07:38:00+00:00","mainEntityOfPage":{"@id":"https:\/\/buenosdiasbcs.com\/?p=5146"},"wordCount":1441,"commentCount":0,"publisher":{"@id":"https:\/\/buenosdiasbcs.com\/#organization"},"image":{"@id":"https:\/\/buenosdiasbcs.com\/?p=5146#primaryimage"},"thumbnailUrl":"https:\/\/buenosdiasbcs.com\/wp-content\/uploads\/2026\/03\/conc6.jpg.webp","articleSection":["Ciencia"],"inLanguage":"es","potentialAction":[{"@type":"CommentAction","name":"Comment","target":["https:\/\/buenosdiasbcs.com\/?p=5146#respond"]}]},{"@type":"WebPage","@id":"https:\/\/buenosdiasbcs.com\/?p=5146","url":"https:\/\/buenosdiasbcs.com\/?p=5146","name":"Teor\u00eda f\u00edsica propone que la muerte no ser\u00eda el final, sino el retorno a un supuesto campo de conciencia mayor - Buenos D&iacute;as BCS","isPartOf":{"@id":"https:\/\/buenosdiasbcs.com\/#website"},"primaryImageOfPage":{"@id":"https:\/\/buenosdiasbcs.com\/?p=5146#primaryimage"},"image":{"@id":"https:\/\/buenosdiasbcs.com\/?p=5146#primaryimage"},"thumbnailUrl":"https:\/\/buenosdiasbcs.com\/wp-content\/uploads\/2026\/03\/conc6.jpg.webp","datePublished":"2026-03-13T07:38:00+00:00","breadcrumb":{"@id":"https:\/\/buenosdiasbcs.com\/?p=5146#breadcrumb"},"inLanguage":"es","potentialAction":[{"@type":"ReadAction","target":["https:\/\/buenosdiasbcs.com\/?p=5146"]}]},{"@type":"ImageObject","inLanguage":"es","@id":"https:\/\/buenosdiasbcs.com\/?p=5146#primaryimage","url":"https:\/\/buenosdiasbcs.com\/wp-content\/uploads\/2026\/03\/conc6.jpg.webp","contentUrl":"https:\/\/buenosdiasbcs.com\/wp-content\/uploads\/2026\/03\/conc6.jpg.webp","width":1920,"height":1080},{"@type":"BreadcrumbList","@id":"https:\/\/buenosdiasbcs.com\/?p=5146#breadcrumb","itemListElement":[{"@type":"ListItem","position":1,"name":"Portada","item":"https:\/\/buenosdiasbcs.com\/"},{"@type":"ListItem","position":2,"name":"Teor\u00eda f\u00edsica propone que la muerte no ser\u00eda el final, sino el retorno a un supuesto campo de conciencia mayor"}]},{"@type":"WebSite","@id":"https:\/\/buenosdiasbcs.com\/#website","url":"https:\/\/buenosdiasbcs.com\/","name":"Buenos D\u00edas BCS","description":"","publisher":{"@id":"https:\/\/buenosdiasbcs.com\/#organization"},"potentialAction":[{"@type":"SearchAction","target":{"@type":"EntryPoint","urlTemplate":"https:\/\/buenosdiasbcs.com\/?s={search_term_string}"},"query-input":{"@type":"PropertyValueSpecification","valueRequired":true,"valueName":"search_term_string"}}],"inLanguage":"es"},{"@type":"Organization","@id":"https:\/\/buenosdiasbcs.com\/#organization","name":"Buenos D\u00edas BCS","url":"https:\/\/buenosdiasbcs.com\/","logo":{"@type":"ImageObject","inLanguage":"es","@id":"https:\/\/buenosdiasbcs.com\/#\/schema\/logo\/image\/","url":"https:\/\/buenosdiasbcs.com\/wp-content\/uploads\/2026\/01\/logo-buenos-dias-40-01.png","contentUrl":"https:\/\/buenosdiasbcs.com\/wp-content\/uploads\/2026\/01\/logo-buenos-dias-40-01.png","width":277,"height":40,"caption":"Buenos D\u00edas BCS"},"image":{"@id":"https:\/\/buenosdiasbcs.com\/#\/schema\/logo\/image\/"}},{"@type":"Person","@id":"https:\/\/buenosdiasbcs.com\/#\/schema\/person\/15aedc247eab7070ee5d76d6d069a821","name":"Edici\u00f3n Buenos D\u00edas","image":{"@type":"ImageObject","inLanguage":"es","@id":"https:\/\/buenosdiasbcs.com\/wp-content\/uploads\/2026\/01\/cropped-sol-96x96.png","url":"https:\/\/buenosdiasbcs.com\/wp-content\/uploads\/2026\/01\/cropped-sol-96x96.png","contentUrl":"https:\/\/buenosdiasbcs.com\/wp-content\/uploads\/2026\/01\/cropped-sol-96x96.png","caption":"Edici\u00f3n Buenos D\u00edas"},"url":"https:\/\/buenosdiasbcs.com\/?author=2"}]}},"amp_enabled":true,"_links":{"self":[{"href":"https:\/\/buenosdiasbcs.com\/index.php?rest_route=\/wp\/v2\/posts\/5146","targetHints":{"allow":["GET"]}}],"collection":[{"href":"https:\/\/buenosdiasbcs.com\/index.php?rest_route=\/wp\/v2\/posts"}],"about":[{"href":"https:\/\/buenosdiasbcs.com\/index.php?rest_route=\/wp\/v2\/types\/post"}],"author":[{"embeddable":true,"href":"https:\/\/buenosdiasbcs.com\/index.php?rest_route=\/wp\/v2\/users\/2"}],"replies":[{"embeddable":true,"href":"https:\/\/buenosdiasbcs.com\/index.php?rest_route=%2Fwp%2Fv2%2Fcomments&post=5146"}],"version-history":[{"count":1,"href":"https:\/\/buenosdiasbcs.com\/index.php?rest_route=\/wp\/v2\/posts\/5146\/revisions"}],"predecessor-version":[{"id":5148,"href":"https:\/\/buenosdiasbcs.com\/index.php?rest_route=\/wp\/v2\/posts\/5146\/revisions\/5148"}],"wp:featuredmedia":[{"embeddable":true,"href":"https:\/\/buenosdiasbcs.com\/index.php?rest_route=\/wp\/v2\/media\/5147"}],"wp:attachment":[{"href":"https:\/\/buenosdiasbcs.com\/index.php?rest_route=%2Fwp%2Fv2%2Fmedia&parent=5146"}],"wp:term":[{"taxonomy":"category","embeddable":true,"href":"https:\/\/buenosdiasbcs.com\/index.php?rest_route=%2Fwp%2Fv2%2Fcategories&post=5146"},{"taxonomy":"post_tag","embeddable":true,"href":"https:\/\/buenosdiasbcs.com\/index.php?rest_route=%2Fwp%2Fv2%2Ftags&post=5146"}],"curies":[{"name":"wp","href":"https:\/\/api.w.org\/{rel}","templated":true}]}}