{"id":5136,"date":"2026-03-13T00:25:00","date_gmt":"2026-03-13T07:25:00","guid":{"rendered":"https:\/\/buenosdiasbcs.com\/?p=5136"},"modified":"2026-03-12T21:27:15","modified_gmt":"2026-03-13T04:27:15","slug":"cancer-colorrectal-crece-numero-de-afectados-menores-de-50-anos","status":"publish","type":"post","link":"https:\/\/buenosdiasbcs.com\/?p=5136","title":{"rendered":"C\u00e1ncer colorrectal: crece n\u00famero de afectados menores de 50 a\u00f1os"},"content":{"rendered":"\n<h2 class=\"wp-block-heading\" id=\"h-el-actor-chadwick-boseman-conocido-por-haber-dado-vida-al-rey-t-challa-en-black-panther-fallecio-debido-a-esta-enfermedad-en-2020-tenia-43-anos\">El actor Chadwick Boseman, conocido por haber dado vida al rey T\u2019Challa en \u2018Black Panther\u2019, falleci\u00f3 debido a esta enfermedad en 2020; ten\u00eda 43 a\u00f1os.<a href=\"https:\/\/images.sipse.com\/ZLMSIlir74v-21e9-AAg1oOzidw=\/1640x1016\/smart\/filters:format(webp)\/2026\/03\/11\/1773241325628.png\"><\/a><\/h2>\n\n\n\n<p>En 2020, Hollywood llor\u00f3 la muerte del actor Chadwick Boseman, conocido por haber dado vida al rey T\u2019Challa en&nbsp;<em>Black Panther<\/em>. La causa:&nbsp;<strong>c\u00e1ncer colorrectal<\/strong>&nbsp;avanzado, una enfermedad que ha aumentado entre los adultos menores de 50 a\u00f1os.<\/p>\n\n\n\n<h2 class=\"wp-block-heading\" id=\"h-aumento-de-casos-de-cancer-colorrectal\">Aumento de casos de c\u00e1ncer colorrectal<\/h2>\n\n\n\n<p>En Estados Unidos ya se ha convertido en la principal causa de muerte por c\u00e1ncer en este grupo de edad, superando incluso a los tumores de mama y de cerebro, tras un incremento sostenido durante las \u00faltimas dos d\u00e9cadas.<\/p>\n\n\n\n<p>El caso de la estrella de Marvel gener\u00f3 un fuerte aumento en la conciencia p\u00fablica sobre la enfermedad, fen\u00f3meno al que se nombr\u00f3 como el \u201cefecto Boseman\u201d, el cual impuls\u00f3 a muchas personas a informarse y someterse a pruebas de detecci\u00f3n.<\/p>\n\n\n\n<p>M\u00e1s recientemente, la muerte del actor James Van Der Beek a los 48 a\u00f1os volvi\u00f3 a encender las alertas sobre este tipo de c\u00e1ncer que cada vez aparece a edades m\u00e1s tempranas. Sin embargo, los especialistas aseguran que hasta la mitad de los casos de c\u00e1ncer colorrectal podr\u00edan prevenirse mediante cambios en el estilo de vida y detecci\u00f3n temprana.<\/p>\n\n\n\n<p>La doctora T. Cristina Sardinha, jefa del servicio de cirug\u00eda de colon y recto del sistema Catholic Health, comparti\u00f3 cuatro recomendaciones para reducir el riesgo, especialmente entre los adultos j\u00f3venes.<\/p>\n\n\n\n<h2 class=\"wp-block-heading\" id=\"h-deteccion-temprana-no-esperar-hasta-los-50\">Detecci\u00f3n temprana: no esperar hasta los 50<\/h2>\n\n\n\n<p>Durante a\u00f1os, las pruebas de detecci\u00f3n se recomendaban a partir de los 50 a\u00f1os, pero ahora las gu\u00edas han cambiado. El Grupo de Trabajo Multisociedad sobre C\u00e1ncer Colorrectal de Estados Unidos aconseja comenzar los estudios entre los 45 y 49 a\u00f1os en personas con riesgo promedio.<\/p>\n\n\n\n<p>Quienes tienen antecedentes familiares de c\u00e1ncer colorrectal podr\u00edan necesitar iniciar revisiones incluso desde los 40 a\u00f1os. En casos de predisposici\u00f3n gen\u00e9tica, como el s\u00edndrome de Lynch, las colonoscopias pueden empezar entre los 20 y 25 a\u00f1os, mientras que quienes padecen poliposis adenomatosa familiar suelen iniciar vigilancia desde los 10 o 12 a\u00f1os.<\/p>\n\n\n\n<p>Existen diversas pruebas de detecci\u00f3n, como an\u00e1lisis de sangre o de heces, pero Sardinha explica que la colonoscopia sigue siendo el \u201cest\u00e1ndar de oro\u201d.<\/p>\n\n\n\n<blockquote class=\"wp-block-quote is-layout-flow wp-block-quote-is-layout-flow\">\n<p><em>\u201cDebemos tener en cuenta que es una prueba invasiva, requiere anestesia y puede causar complicaciones como sangrado y perforaci\u00f3n accidental\u201d,<\/em>&nbsp;aclar\u00f3.<\/p>\n<\/blockquote>\n\n\n\n<h2 class=\"wp-block-heading\" id=\"h-come-saludable-para-reducir-la-inflamacion\">Come saludable para reducir la inflamaci\u00f3n<\/h2>\n\n\n\n<p>Comer de forma balanceada puede ayudar a disminuir la inflamaci\u00f3n cr\u00f3nica, uno de los factores que favorecen el desarrollo de c\u00e1ncer. Se recomienda consumir entre 20 y 30 gramos de fibra al d\u00eda, presentes en cereales integrales, frutas y verduras.&nbsp;<\/p>\n\n\n\n<p>Tambi\u00e9n se aconseja limitar las carnes rojas y procesadas, como la carne de res, el tocino y las salchichas, as\u00ed como los alimentos ultraprocesados; el consumo de alcohol tambi\u00e9n est\u00e1 asociado con un mayor riesgo.<\/p>\n\n\n\n<h2 class=\"wp-block-heading\" id=\"h-estira-las-piernas-y-descansa-nbsp\">Estira las piernas y descansa&nbsp;<\/h2>\n\n\n\n<p>Mantenerse activo es sumamente importante. El sedentarismo, muchas veces relacionado con la obesidad, aumenta el riesgo de c\u00e1ncer colorrectal al menos en un 20%. Realizar al menos 150 minutos de actividad f\u00edsica moderada o intensa por semana puede reducir el riesgo entre un 20% y 25%, seg\u00fan la especialista.<\/p>\n\n\n\n<p>Adem\u00e1s, dormir bien tambi\u00e9n influye. La falta de sue\u00f1o puede alterar el equilibrio hormonal y aumentar los niveles de cortisol, lo que podr\u00eda afectar el riesgo de desarrollar c\u00e1ncer, aunque la evidencia cient\u00edfica a\u00fan sigue en estudio.<\/p>\n\n\n\n<h2 class=\"wp-block-heading\" id=\"h-no-ignores-las-senales-del-cuerpo\">No ignores las se\u00f1ales del cuerpo<\/h2>\n\n\n\n<p>Uno de los problemas m\u00e1s frecuentes es que los s\u00edntomas suelen confundirse con otras afecciones. Entre los s\u00edntomas que no deben ignorarse est\u00e1n:<\/p>\n\n\n\n<ul class=\"wp-block-list\">\n<li>Cambios persistentes en el h\u00e1bito intestinal (estre\u00f1imiento, diarrea o ambos) durante dos o tres semanas.<\/li>\n\n\n\n<li>Sangrado rectal.<\/li>\n\n\n\n<li>Dolor o calambres abdominales.<\/li>\n\n\n\n<li>Sensaci\u00f3n de evacuaci\u00f3n incompleta.<\/li>\n\n\n\n<li>P\u00e9rdida de peso inexplicable.<\/li>\n<\/ul>\n\n\n\n<p>En algunos casos, estos signos se confunden con hemorroides, s\u00edndrome del intestino irritable o estr\u00e9s. En mujeres, la p\u00e9rdida de sangre puede incluso atribuirse err\u00f3neamente a menstruaciones abundantes.<\/p>\n\n\n\n<p>Con informaci\u00f3n de New York Post<\/p>\n\n\n\n<p><\/p>\n","protected":false},"excerpt":{"rendered":"<p>El actor Chadwick Boseman, conocido por haber dado vida al rey T\u2019Challa en \u2018Black Panther\u2019, falleci\u00f3 debido a esta enfermedad&#8230;<\/p>\n","protected":false},"author":2,"featured_media":5137,"comment_status":"open","ping_status":"open","sticky":false,"template":"","format":"standard","meta":{"footnotes":""},"categories":[20],"tags":[],"class_list":["post-5136","post","type-post","status-publish","format-standard","has-post-thumbnail","hentry","category-salud"],"yoast_head":"<!-- This site is optimized with the Yoast SEO Premium plugin v26.8 (Yoast SEO v27.4) - https:\/\/yoast.com\/product\/yoast-seo-premium-wordpress\/ -->\n<title>C\u00e1ncer colorrectal: crece n\u00famero de afectados menores de 50 a\u00f1os - Buenos D&iacute;as BCS<\/title>\n<meta name=\"robots\" content=\"index, follow, max-snippet:-1, max-image-preview:large, max-video-preview:-1\" \/>\n<link rel=\"canonical\" href=\"https:\/\/buenosdiasbcs.com\/?p=5136\" \/>\n<meta property=\"og:locale\" content=\"es_ES\" \/>\n<meta property=\"og:type\" content=\"article\" \/>\n<meta property=\"og:title\" content=\"C\u00e1ncer colorrectal: crece n\u00famero de afectados menores de 50 a\u00f1os\" \/>\n<meta property=\"og:description\" content=\"El actor Chadwick Boseman, conocido por haber dado vida al rey T\u2019Challa en \u2018Black Panther\u2019, falleci\u00f3 debido a esta enfermedad...\" \/>\n<meta property=\"og:url\" content=\"https:\/\/buenosdiasbcs.com\/?p=5136\" \/>\n<meta property=\"og:site_name\" content=\"Buenos D&iacute;as BCS\" \/>\n<meta property=\"article:published_time\" content=\"2026-03-13T07:25:00+00:00\" \/>\n<meta property=\"og:image\" content=\"https:\/\/buenosdiasbcs.com\/wp-content\/uploads\/2026\/03\/1773241325628.png.webp\" \/>\n\t<meta property=\"og:image:width\" content=\"820\" \/>\n\t<meta property=\"og:image:height\" content=\"508\" \/>\n\t<meta property=\"og:image:type\" content=\"image\/webp\" \/>\n<meta name=\"author\" content=\"Edici\u00f3n Buenos D\u00edas\" \/>\n<meta name=\"twitter:card\" content=\"summary_large_image\" \/>\n<meta name=\"twitter:label1\" content=\"Escrito por\" \/>\n\t<meta name=\"twitter:data1\" content=\"Edici\u00f3n Buenos D\u00edas\" \/>\n\t<meta name=\"twitter:label2\" content=\"Tiempo de lectura\" \/>\n\t<meta name=\"twitter:data2\" content=\"4 minutos\" \/>\n<script type=\"application\/ld+json\" class=\"yoast-schema-graph\">{\"@context\":\"https:\\\/\\\/schema.org\",\"@graph\":[{\"@type\":\"Article\",\"@id\":\"https:\\\/\\\/buenosdiasbcs.com\\\/?p=5136#article\",\"isPartOf\":{\"@id\":\"https:\\\/\\\/buenosdiasbcs.com\\\/?p=5136\"},\"author\":{\"name\":\"Edici\u00f3n Buenos D\u00edas\",\"@id\":\"https:\\\/\\\/buenosdiasbcs.com\\\/#\\\/schema\\\/person\\\/15aedc247eab7070ee5d76d6d069a821\"},\"headline\":\"C\u00e1ncer colorrectal: crece n\u00famero de afectados menores de 50 a\u00f1os\",\"datePublished\":\"2026-03-13T07:25:00+00:00\",\"mainEntityOfPage\":{\"@id\":\"https:\\\/\\\/buenosdiasbcs.com\\\/?p=5136\"},\"wordCount\":722,\"commentCount\":0,\"publisher\":{\"@id\":\"https:\\\/\\\/buenosdiasbcs.com\\\/#organization\"},\"image\":{\"@id\":\"https:\\\/\\\/buenosdiasbcs.com\\\/?p=5136#primaryimage\"},\"thumbnailUrl\":\"https:\\\/\\\/buenosdiasbcs.com\\\/wp-content\\\/uploads\\\/2026\\\/03\\\/1773241325628.png.webp\",\"articleSection\":[\"Salud\"],\"inLanguage\":\"es\",\"potentialAction\":[{\"@type\":\"CommentAction\",\"name\":\"Comment\",\"target\":[\"https:\\\/\\\/buenosdiasbcs.com\\\/?p=5136#respond\"]}]},{\"@type\":\"WebPage\",\"@id\":\"https:\\\/\\\/buenosdiasbcs.com\\\/?p=5136\",\"url\":\"https:\\\/\\\/buenosdiasbcs.com\\\/?p=5136\",\"name\":\"C\u00e1ncer colorrectal: crece n\u00famero de afectados menores de 50 a\u00f1os - Buenos D&iacute;as BCS\",\"isPartOf\":{\"@id\":\"https:\\\/\\\/buenosdiasbcs.com\\\/#website\"},\"primaryImageOfPage\":{\"@id\":\"https:\\\/\\\/buenosdiasbcs.com\\\/?p=5136#primaryimage\"},\"image\":{\"@id\":\"https:\\\/\\\/buenosdiasbcs.com\\\/?p=5136#primaryimage\"},\"thumbnailUrl\":\"https:\\\/\\\/buenosdiasbcs.com\\\/wp-content\\\/uploads\\\/2026\\\/03\\\/1773241325628.png.webp\",\"datePublished\":\"2026-03-13T07:25:00+00:00\",\"breadcrumb\":{\"@id\":\"https:\\\/\\\/buenosdiasbcs.com\\\/?p=5136#breadcrumb\"},\"inLanguage\":\"es\",\"potentialAction\":[{\"@type\":\"ReadAction\",\"target\":[\"https:\\\/\\\/buenosdiasbcs.com\\\/?p=5136\"]}]},{\"@type\":\"ImageObject\",\"inLanguage\":\"es\",\"@id\":\"https:\\\/\\\/buenosdiasbcs.com\\\/?p=5136#primaryimage\",\"url\":\"https:\\\/\\\/buenosdiasbcs.com\\\/wp-content\\\/uploads\\\/2026\\\/03\\\/1773241325628.png.webp\",\"contentUrl\":\"https:\\\/\\\/buenosdiasbcs.com\\\/wp-content\\\/uploads\\\/2026\\\/03\\\/1773241325628.png.webp\",\"width\":820,\"height\":508},{\"@type\":\"BreadcrumbList\",\"@id\":\"https:\\\/\\\/buenosdiasbcs.com\\\/?p=5136#breadcrumb\",\"itemListElement\":[{\"@type\":\"ListItem\",\"position\":1,\"name\":\"Portada\",\"item\":\"https:\\\/\\\/buenosdiasbcs.com\\\/\"},{\"@type\":\"ListItem\",\"position\":2,\"name\":\"C\u00e1ncer colorrectal: crece n\u00famero de afectados menores de 50 a\u00f1os\"}]},{\"@type\":\"WebSite\",\"@id\":\"https:\\\/\\\/buenosdiasbcs.com\\\/#website\",\"url\":\"https:\\\/\\\/buenosdiasbcs.com\\\/\",\"name\":\"Buenos D\u00edas BCS\",\"description\":\"\",\"publisher\":{\"@id\":\"https:\\\/\\\/buenosdiasbcs.com\\\/#organization\"},\"potentialAction\":[{\"@type\":\"SearchAction\",\"target\":{\"@type\":\"EntryPoint\",\"urlTemplate\":\"https:\\\/\\\/buenosdiasbcs.com\\\/?s={search_term_string}\"},\"query-input\":{\"@type\":\"PropertyValueSpecification\",\"valueRequired\":true,\"valueName\":\"search_term_string\"}}],\"inLanguage\":\"es\"},{\"@type\":\"Organization\",\"@id\":\"https:\\\/\\\/buenosdiasbcs.com\\\/#organization\",\"name\":\"Buenos D\u00edas BCS\",\"url\":\"https:\\\/\\\/buenosdiasbcs.com\\\/\",\"logo\":{\"@type\":\"ImageObject\",\"inLanguage\":\"es\",\"@id\":\"https:\\\/\\\/buenosdiasbcs.com\\\/#\\\/schema\\\/logo\\\/image\\\/\",\"url\":\"https:\\\/\\\/buenosdiasbcs.com\\\/wp-content\\\/uploads\\\/2026\\\/01\\\/logo-buenos-dias-40-01.png\",\"contentUrl\":\"https:\\\/\\\/buenosdiasbcs.com\\\/wp-content\\\/uploads\\\/2026\\\/01\\\/logo-buenos-dias-40-01.png\",\"width\":277,\"height\":40,\"caption\":\"Buenos D\u00edas BCS\"},\"image\":{\"@id\":\"https:\\\/\\\/buenosdiasbcs.com\\\/#\\\/schema\\\/logo\\\/image\\\/\"}},{\"@type\":\"Person\",\"@id\":\"https:\\\/\\\/buenosdiasbcs.com\\\/#\\\/schema\\\/person\\\/15aedc247eab7070ee5d76d6d069a821\",\"name\":\"Edici\u00f3n Buenos D\u00edas\",\"image\":{\"@type\":\"ImageObject\",\"inLanguage\":\"es\",\"@id\":\"https:\\\/\\\/buenosdiasbcs.com\\\/wp-content\\\/uploads\\\/2026\\\/01\\\/cropped-sol-96x96.png\",\"url\":\"https:\\\/\\\/buenosdiasbcs.com\\\/wp-content\\\/uploads\\\/2026\\\/01\\\/cropped-sol-96x96.png\",\"contentUrl\":\"https:\\\/\\\/buenosdiasbcs.com\\\/wp-content\\\/uploads\\\/2026\\\/01\\\/cropped-sol-96x96.png\",\"caption\":\"Edici\u00f3n Buenos D\u00edas\"},\"url\":\"https:\\\/\\\/buenosdiasbcs.com\\\/?author=2\"}]}<\/script>\n<!-- \/ Yoast SEO Premium plugin. -->","yoast_head_json":{"title":"C\u00e1ncer colorrectal: crece n\u00famero de afectados menores de 50 a\u00f1os - Buenos D&iacute;as BCS","robots":{"index":"index","follow":"follow","max-snippet":"max-snippet:-1","max-image-preview":"max-image-preview:large","max-video-preview":"max-video-preview:-1"},"canonical":"https:\/\/buenosdiasbcs.com\/?p=5136","og_locale":"es_ES","og_type":"article","og_title":"C\u00e1ncer colorrectal: crece n\u00famero de afectados menores de 50 a\u00f1os","og_description":"El actor Chadwick Boseman, conocido por haber dado vida al rey T\u2019Challa en \u2018Black Panther\u2019, falleci\u00f3 debido a esta enfermedad...","og_url":"https:\/\/buenosdiasbcs.com\/?p=5136","og_site_name":"Buenos D&iacute;as BCS","article_published_time":"2026-03-13T07:25:00+00:00","og_image":[{"width":820,"height":508,"url":"https:\/\/buenosdiasbcs.com\/wp-content\/uploads\/2026\/03\/1773241325628.png.webp","type":"image\/webp"}],"author":"Edici\u00f3n Buenos D\u00edas","twitter_card":"summary_large_image","twitter_misc":{"Escrito por":"Edici\u00f3n Buenos D\u00edas","Tiempo de lectura":"4 minutos"},"schema":{"@context":"https:\/\/schema.org","@graph":[{"@type":"Article","@id":"https:\/\/buenosdiasbcs.com\/?p=5136#article","isPartOf":{"@id":"https:\/\/buenosdiasbcs.com\/?p=5136"},"author":{"name":"Edici\u00f3n Buenos D\u00edas","@id":"https:\/\/buenosdiasbcs.com\/#\/schema\/person\/15aedc247eab7070ee5d76d6d069a821"},"headline":"C\u00e1ncer colorrectal: crece n\u00famero de afectados menores de 50 a\u00f1os","datePublished":"2026-03-13T07:25:00+00:00","mainEntityOfPage":{"@id":"https:\/\/buenosdiasbcs.com\/?p=5136"},"wordCount":722,"commentCount":0,"publisher":{"@id":"https:\/\/buenosdiasbcs.com\/#organization"},"image":{"@id":"https:\/\/buenosdiasbcs.com\/?p=5136#primaryimage"},"thumbnailUrl":"https:\/\/buenosdiasbcs.com\/wp-content\/uploads\/2026\/03\/1773241325628.png.webp","articleSection":["Salud"],"inLanguage":"es","potentialAction":[{"@type":"CommentAction","name":"Comment","target":["https:\/\/buenosdiasbcs.com\/?p=5136#respond"]}]},{"@type":"WebPage","@id":"https:\/\/buenosdiasbcs.com\/?p=5136","url":"https:\/\/buenosdiasbcs.com\/?p=5136","name":"C\u00e1ncer colorrectal: crece n\u00famero de afectados menores de 50 a\u00f1os - Buenos D&iacute;as BCS","isPartOf":{"@id":"https:\/\/buenosdiasbcs.com\/#website"},"primaryImageOfPage":{"@id":"https:\/\/buenosdiasbcs.com\/?p=5136#primaryimage"},"image":{"@id":"https:\/\/buenosdiasbcs.com\/?p=5136#primaryimage"},"thumbnailUrl":"https:\/\/buenosdiasbcs.com\/wp-content\/uploads\/2026\/03\/1773241325628.png.webp","datePublished":"2026-03-13T07:25:00+00:00","breadcrumb":{"@id":"https:\/\/buenosdiasbcs.com\/?p=5136#breadcrumb"},"inLanguage":"es","potentialAction":[{"@type":"ReadAction","target":["https:\/\/buenosdiasbcs.com\/?p=5136"]}]},{"@type":"ImageObject","inLanguage":"es","@id":"https:\/\/buenosdiasbcs.com\/?p=5136#primaryimage","url":"https:\/\/buenosdiasbcs.com\/wp-content\/uploads\/2026\/03\/1773241325628.png.webp","contentUrl":"https:\/\/buenosdiasbcs.com\/wp-content\/uploads\/2026\/03\/1773241325628.png.webp","width":820,"height":508},{"@type":"BreadcrumbList","@id":"https:\/\/buenosdiasbcs.com\/?p=5136#breadcrumb","itemListElement":[{"@type":"ListItem","position":1,"name":"Portada","item":"https:\/\/buenosdiasbcs.com\/"},{"@type":"ListItem","position":2,"name":"C\u00e1ncer colorrectal: crece n\u00famero de afectados menores de 50 a\u00f1os"}]},{"@type":"WebSite","@id":"https:\/\/buenosdiasbcs.com\/#website","url":"https:\/\/buenosdiasbcs.com\/","name":"Buenos D\u00edas BCS","description":"","publisher":{"@id":"https:\/\/buenosdiasbcs.com\/#organization"},"potentialAction":[{"@type":"SearchAction","target":{"@type":"EntryPoint","urlTemplate":"https:\/\/buenosdiasbcs.com\/?s={search_term_string}"},"query-input":{"@type":"PropertyValueSpecification","valueRequired":true,"valueName":"search_term_string"}}],"inLanguage":"es"},{"@type":"Organization","@id":"https:\/\/buenosdiasbcs.com\/#organization","name":"Buenos D\u00edas BCS","url":"https:\/\/buenosdiasbcs.com\/","logo":{"@type":"ImageObject","inLanguage":"es","@id":"https:\/\/buenosdiasbcs.com\/#\/schema\/logo\/image\/","url":"https:\/\/buenosdiasbcs.com\/wp-content\/uploads\/2026\/01\/logo-buenos-dias-40-01.png","contentUrl":"https:\/\/buenosdiasbcs.com\/wp-content\/uploads\/2026\/01\/logo-buenos-dias-40-01.png","width":277,"height":40,"caption":"Buenos D\u00edas BCS"},"image":{"@id":"https:\/\/buenosdiasbcs.com\/#\/schema\/logo\/image\/"}},{"@type":"Person","@id":"https:\/\/buenosdiasbcs.com\/#\/schema\/person\/15aedc247eab7070ee5d76d6d069a821","name":"Edici\u00f3n Buenos D\u00edas","image":{"@type":"ImageObject","inLanguage":"es","@id":"https:\/\/buenosdiasbcs.com\/wp-content\/uploads\/2026\/01\/cropped-sol-96x96.png","url":"https:\/\/buenosdiasbcs.com\/wp-content\/uploads\/2026\/01\/cropped-sol-96x96.png","contentUrl":"https:\/\/buenosdiasbcs.com\/wp-content\/uploads\/2026\/01\/cropped-sol-96x96.png","caption":"Edici\u00f3n Buenos D\u00edas"},"url":"https:\/\/buenosdiasbcs.com\/?author=2"}]}},"amp_enabled":true,"_links":{"self":[{"href":"https:\/\/buenosdiasbcs.com\/index.php?rest_route=\/wp\/v2\/posts\/5136","targetHints":{"allow":["GET"]}}],"collection":[{"href":"https:\/\/buenosdiasbcs.com\/index.php?rest_route=\/wp\/v2\/posts"}],"about":[{"href":"https:\/\/buenosdiasbcs.com\/index.php?rest_route=\/wp\/v2\/types\/post"}],"author":[{"embeddable":true,"href":"https:\/\/buenosdiasbcs.com\/index.php?rest_route=\/wp\/v2\/users\/2"}],"replies":[{"embeddable":true,"href":"https:\/\/buenosdiasbcs.com\/index.php?rest_route=%2Fwp%2Fv2%2Fcomments&post=5136"}],"version-history":[{"count":1,"href":"https:\/\/buenosdiasbcs.com\/index.php?rest_route=\/wp\/v2\/posts\/5136\/revisions"}],"predecessor-version":[{"id":5138,"href":"https:\/\/buenosdiasbcs.com\/index.php?rest_route=\/wp\/v2\/posts\/5136\/revisions\/5138"}],"wp:featuredmedia":[{"embeddable":true,"href":"https:\/\/buenosdiasbcs.com\/index.php?rest_route=\/wp\/v2\/media\/5137"}],"wp:attachment":[{"href":"https:\/\/buenosdiasbcs.com\/index.php?rest_route=%2Fwp%2Fv2%2Fmedia&parent=5136"}],"wp:term":[{"taxonomy":"category","embeddable":true,"href":"https:\/\/buenosdiasbcs.com\/index.php?rest_route=%2Fwp%2Fv2%2Fcategories&post=5136"},{"taxonomy":"post_tag","embeddable":true,"href":"https:\/\/buenosdiasbcs.com\/index.php?rest_route=%2Fwp%2Fv2%2Ftags&post=5136"}],"curies":[{"name":"wp","href":"https:\/\/api.w.org\/{rel}","templated":true}]}}