{"id":5133,"date":"2026-03-13T00:21:00","date_gmt":"2026-03-13T07:21:00","guid":{"rendered":"https:\/\/buenosdiasbcs.com\/?p=5133"},"modified":"2026-03-12T21:23:00","modified_gmt":"2026-03-13T04:23:00","slug":"baja-ine-al-pri-spot-contra-samuel-garcia","status":"publish","type":"post","link":"https:\/\/buenosdiasbcs.com\/?p=5133","title":{"rendered":"Baja INE al PRI spot contra Samuel Garc\u00eda"},"content":{"rendered":"\n<h2 class=\"wp-block-heading\" id=\"h-el-spot-estaba-pautado-para-comenzar-su-difusion-este-viernes-en-los-tiempos-que-los-partidos-politicos-tienen-previstos-en-radio-y-television\">El spot estaba pautado para comenzar su difusi\u00f3n este viernes en los tiempos que los partidos pol\u00edticos tienen previstos en radio y televisi\u00f3n<\/h2>\n\n\n\n<p><strong>Monterrey.-<\/strong>&nbsp;Por considerar que est\u00e1 basado en pruebas ilegales e implicaba calumnia,&nbsp;<strong>el Instituto Nacional Electoral (INE) orden\u00f3 al PRI<\/strong>&nbsp;no difundir un promocional contra el&nbsp;<strong>Gobernador de Nuevo Le\u00f3n, Samuel Garc\u00eda,<\/strong>&nbsp;y contra el l\u00edder de Movimiento Ciudadano en la entidad, Baltazar Mart\u00ednez.<\/p>\n\n\n\n<p>El spot estaba pautado para comenzar su difusi\u00f3n este viernes en los tiempos que los partidos pol\u00edticos tienen previstos en radio y televisi\u00f3n.<\/p>\n\n\n\n<p>Los consejeros de la&nbsp;<strong>Comisi\u00f3n de Quejas y Denuncias del INE<\/strong>&nbsp;determinaron que el promocional estaba basado en pruebas presuntamente ilegales, pues es una conversaci\u00f3n privada, adem\u00e1s de que los se\u00f1alamientos podr\u00edan recaer en la calumnia.<\/p>\n\n\n\n<p>\u201cSe declara procedente la adopci\u00f3n de la medida cautelar solicitada al estimarse que dicha difusi\u00f3n podr\u00eda vulnerar el derecho a la inviolabilidad de las comunicaciones privadas, por lo que ese tipo de contenidos no puede formar parte de la propaganda de los partidos pol\u00edticos\u201d, determin\u00f3 el \u00f3rgano electoral.<\/p>\n\n\n\n<p>El proyecto inicial de la&nbsp;<strong>Unidad T\u00e9cnica de lo Contencioso Electoral<\/strong>&nbsp;propon\u00eda declarar improcedente la petici\u00f3n del Gobernador, quien interpuso la denuncia ante el INE, de considerar dicho promocional como calumnioso, al argumentar que era un tema general y pod\u00eda considerarse como libertad de expresi\u00f3n.<\/p>\n\n\n\n<p><strong>Sin embargo,<\/strong>&nbsp;los tres consejeros que integran la Comisi\u00f3n consideraron que s\u00ed reca\u00eda en la calumnia.<\/p>\n\n\n\n<p>En el promocional, se escucha en off: \u201cSamuel Garc\u00eda y el presidente de Movimiento Ciudadano piden pagos fuertes en Nuevo Le\u00f3n. Como prueba, se filtr\u00f3 un audio donde el dirigente de Movimiento Ciudadano, Baltazar Mart\u00ednez, act\u00faa como intermediario en la negociaci\u00f3n\u201d. Mientras que se pasan im\u00e1genes de ambos.<\/p>\n\n\n\n<p>Enseguida, aparece un audio que difundi\u00f3 REFORMA, donde se escucha a Baltazar: \u201cY es que ustedes lleguen a un acuerdo de ese famoso pago fuerte, pero que sea en parcialidades, para que no sientan el ver** muy duro\u2026\u201d.<\/p>\n\n\n\n<p>El spot cierra con la opini\u00f3n del PRI voz en off: \u201cLo nuevo son los pagos fuertes con los que extorsionan empresarios. \u00bfPagos fuertes para gobernar? Que paguen con la verdad\u201d.<\/p>\n\n\n\n<p>Para el presidente de la<strong>&nbsp;Comisi\u00f3n, Arturo Castillo,<\/strong>&nbsp;si es calumnioso porque a partir de un audio ilegal se busca atribuir un delito.<\/p>\n\n\n\n<p>\u201cEl partido mismo en el texto y en el audio de su spot est\u00e1 dando por buenas las acusaciones que documentan los medios de comunicaci\u00f3n, no retoma lo que dicen los medios, est\u00e1n dando por buenas esas acusaciones y a partir de ello est\u00e1n imputando un delito.<\/p>\n\n\n\n<p>\u201cMe parece por ello s\u00ed se debe considerar procedente el an\u00e1lisis del tema de calumnia por la aparente imputaci\u00f3n de un posible delito\u201d, indic\u00f3.<\/p>\n\n\n\n<p>En el mismo sentido se pronunciaron<strong>&nbsp;Claudia Zavala y Rita L\u00f3pez.<\/strong><\/p>\n\n\n\n<p>\u201cHay algo muy claro que Tribunal Electoral ya dej\u00f3 dicho desde 2015 en el sentido de que una conversaci\u00f3n privada obtenida de manera ilegal conserva su naturaleza il\u00edcita a\u00fan cuando se haya hecho del dominio p\u00fablico por conducto de los medios de comunicaci\u00f3n. Y si esta es la base que tenemos para despu\u00e9s hacer referencia a un delito, pues evidentemente tiene la misma base de ilicitud\u201d, a\u00f1adi\u00f3 Zavala.<\/p>\n\n\n\n<p>En su denuncia, tanto el&nbsp;<strong>Gobernador como Movimiento Ciudadano exig\u00edan al INE<\/strong>&nbsp;aplicar una medida cautelar en la variante de tutela preventiva, a fin de que el PRI no volviera a promover un spot en su contra. Sin embargo, se declar\u00f3 improcedente la petici\u00f3n, al considerar que no existen elementos para afirmar que volver\u00e1 a repetirse dicha conducta.<\/p>\n","protected":false},"excerpt":{"rendered":"<p>El spot estaba pautado para comenzar su difusi\u00f3n este viernes en los tiempos que los partidos pol\u00edticos tienen previstos en&#8230;<\/p>\n","protected":false},"author":2,"featured_media":5134,"comment_status":"open","ping_status":"open","sticky":false,"template":"","format":"standard","meta":{"footnotes":""},"categories":[239],"tags":[],"class_list":["post-5133","post","type-post","status-publish","format-standard","has-post-thumbnail","hentry","category-partidos"],"yoast_head":"<!-- This site is optimized with the Yoast SEO Premium plugin v26.8 (Yoast SEO v27.4) - https:\/\/yoast.com\/product\/yoast-seo-premium-wordpress\/ -->\n<title>Baja INE al PRI spot contra Samuel Garc\u00eda - Buenos D&iacute;as BCS<\/title>\n<meta name=\"robots\" content=\"index, follow, max-snippet:-1, max-image-preview:large, max-video-preview:-1\" \/>\n<link rel=\"canonical\" href=\"https:\/\/buenosdiasbcs.com\/?p=5133\" \/>\n<meta property=\"og:locale\" content=\"es_ES\" \/>\n<meta property=\"og:type\" content=\"article\" \/>\n<meta property=\"og:title\" content=\"Baja INE al PRI spot contra Samuel Garc\u00eda\" \/>\n<meta property=\"og:description\" content=\"El spot estaba pautado para comenzar su difusi\u00f3n este viernes en los tiempos que los partidos pol\u00edticos tienen previstos en...\" \/>\n<meta property=\"og:url\" content=\"https:\/\/buenosdiasbcs.com\/?p=5133\" \/>\n<meta property=\"og:site_name\" content=\"Buenos D&iacute;as BCS\" \/>\n<meta property=\"article:published_time\" content=\"2026-03-13T07:21:00+00:00\" \/>\n<meta property=\"og:image\" content=\"https:\/\/buenosdiasbcs.com\/wp-content\/uploads\/2026\/03\/pago-1.png\" \/>\n\t<meta property=\"og:image:width\" content=\"650\" \/>\n\t<meta property=\"og:image:height\" content=\"417\" \/>\n\t<meta property=\"og:image:type\" content=\"image\/png\" \/>\n<meta name=\"author\" content=\"Edici\u00f3n Buenos D\u00edas\" \/>\n<meta name=\"twitter:card\" content=\"summary_large_image\" \/>\n<meta name=\"twitter:label1\" content=\"Escrito por\" \/>\n\t<meta name=\"twitter:data1\" content=\"Edici\u00f3n Buenos D\u00edas\" \/>\n\t<meta name=\"twitter:label2\" content=\"Tiempo de lectura\" \/>\n\t<meta name=\"twitter:data2\" content=\"3 minutos\" \/>\n<script type=\"application\/ld+json\" class=\"yoast-schema-graph\">{\"@context\":\"https:\\\/\\\/schema.org\",\"@graph\":[{\"@type\":\"Article\",\"@id\":\"https:\\\/\\\/buenosdiasbcs.com\\\/?p=5133#article\",\"isPartOf\":{\"@id\":\"https:\\\/\\\/buenosdiasbcs.com\\\/?p=5133\"},\"author\":{\"name\":\"Edici\u00f3n Buenos D\u00edas\",\"@id\":\"https:\\\/\\\/buenosdiasbcs.com\\\/#\\\/schema\\\/person\\\/15aedc247eab7070ee5d76d6d069a821\"},\"headline\":\"Baja INE al PRI spot contra Samuel Garc\u00eda\",\"datePublished\":\"2026-03-13T07:21:00+00:00\",\"mainEntityOfPage\":{\"@id\":\"https:\\\/\\\/buenosdiasbcs.com\\\/?p=5133\"},\"wordCount\":656,\"commentCount\":0,\"publisher\":{\"@id\":\"https:\\\/\\\/buenosdiasbcs.com\\\/#organization\"},\"image\":{\"@id\":\"https:\\\/\\\/buenosdiasbcs.com\\\/?p=5133#primaryimage\"},\"thumbnailUrl\":\"https:\\\/\\\/buenosdiasbcs.com\\\/wp-content\\\/uploads\\\/2026\\\/03\\\/pago-1.png\",\"articleSection\":[\"Partidos\"],\"inLanguage\":\"es\",\"potentialAction\":[{\"@type\":\"CommentAction\",\"name\":\"Comment\",\"target\":[\"https:\\\/\\\/buenosdiasbcs.com\\\/?p=5133#respond\"]}]},{\"@type\":\"WebPage\",\"@id\":\"https:\\\/\\\/buenosdiasbcs.com\\\/?p=5133\",\"url\":\"https:\\\/\\\/buenosdiasbcs.com\\\/?p=5133\",\"name\":\"Baja INE al PRI spot contra Samuel Garc\u00eda - Buenos D&iacute;as BCS\",\"isPartOf\":{\"@id\":\"https:\\\/\\\/buenosdiasbcs.com\\\/#website\"},\"primaryImageOfPage\":{\"@id\":\"https:\\\/\\\/buenosdiasbcs.com\\\/?p=5133#primaryimage\"},\"image\":{\"@id\":\"https:\\\/\\\/buenosdiasbcs.com\\\/?p=5133#primaryimage\"},\"thumbnailUrl\":\"https:\\\/\\\/buenosdiasbcs.com\\\/wp-content\\\/uploads\\\/2026\\\/03\\\/pago-1.png\",\"datePublished\":\"2026-03-13T07:21:00+00:00\",\"breadcrumb\":{\"@id\":\"https:\\\/\\\/buenosdiasbcs.com\\\/?p=5133#breadcrumb\"},\"inLanguage\":\"es\",\"potentialAction\":[{\"@type\":\"ReadAction\",\"target\":[\"https:\\\/\\\/buenosdiasbcs.com\\\/?p=5133\"]}]},{\"@type\":\"ImageObject\",\"inLanguage\":\"es\",\"@id\":\"https:\\\/\\\/buenosdiasbcs.com\\\/?p=5133#primaryimage\",\"url\":\"https:\\\/\\\/buenosdiasbcs.com\\\/wp-content\\\/uploads\\\/2026\\\/03\\\/pago-1.png\",\"contentUrl\":\"https:\\\/\\\/buenosdiasbcs.com\\\/wp-content\\\/uploads\\\/2026\\\/03\\\/pago-1.png\",\"width\":650,\"height\":417},{\"@type\":\"BreadcrumbList\",\"@id\":\"https:\\\/\\\/buenosdiasbcs.com\\\/?p=5133#breadcrumb\",\"itemListElement\":[{\"@type\":\"ListItem\",\"position\":1,\"name\":\"Portada\",\"item\":\"https:\\\/\\\/buenosdiasbcs.com\\\/\"},{\"@type\":\"ListItem\",\"position\":2,\"name\":\"Baja INE al PRI spot contra Samuel Garc\u00eda\"}]},{\"@type\":\"WebSite\",\"@id\":\"https:\\\/\\\/buenosdiasbcs.com\\\/#website\",\"url\":\"https:\\\/\\\/buenosdiasbcs.com\\\/\",\"name\":\"Buenos D\u00edas BCS\",\"description\":\"\",\"publisher\":{\"@id\":\"https:\\\/\\\/buenosdiasbcs.com\\\/#organization\"},\"potentialAction\":[{\"@type\":\"SearchAction\",\"target\":{\"@type\":\"EntryPoint\",\"urlTemplate\":\"https:\\\/\\\/buenosdiasbcs.com\\\/?s={search_term_string}\"},\"query-input\":{\"@type\":\"PropertyValueSpecification\",\"valueRequired\":true,\"valueName\":\"search_term_string\"}}],\"inLanguage\":\"es\"},{\"@type\":\"Organization\",\"@id\":\"https:\\\/\\\/buenosdiasbcs.com\\\/#organization\",\"name\":\"Buenos D\u00edas BCS\",\"url\":\"https:\\\/\\\/buenosdiasbcs.com\\\/\",\"logo\":{\"@type\":\"ImageObject\",\"inLanguage\":\"es\",\"@id\":\"https:\\\/\\\/buenosdiasbcs.com\\\/#\\\/schema\\\/logo\\\/image\\\/\",\"url\":\"https:\\\/\\\/buenosdiasbcs.com\\\/wp-content\\\/uploads\\\/2026\\\/01\\\/logo-buenos-dias-40-01.png\",\"contentUrl\":\"https:\\\/\\\/buenosdiasbcs.com\\\/wp-content\\\/uploads\\\/2026\\\/01\\\/logo-buenos-dias-40-01.png\",\"width\":277,\"height\":40,\"caption\":\"Buenos D\u00edas BCS\"},\"image\":{\"@id\":\"https:\\\/\\\/buenosdiasbcs.com\\\/#\\\/schema\\\/logo\\\/image\\\/\"}},{\"@type\":\"Person\",\"@id\":\"https:\\\/\\\/buenosdiasbcs.com\\\/#\\\/schema\\\/person\\\/15aedc247eab7070ee5d76d6d069a821\",\"name\":\"Edici\u00f3n Buenos D\u00edas\",\"image\":{\"@type\":\"ImageObject\",\"inLanguage\":\"es\",\"@id\":\"https:\\\/\\\/buenosdiasbcs.com\\\/wp-content\\\/uploads\\\/2026\\\/01\\\/cropped-sol-96x96.png\",\"url\":\"https:\\\/\\\/buenosdiasbcs.com\\\/wp-content\\\/uploads\\\/2026\\\/01\\\/cropped-sol-96x96.png\",\"contentUrl\":\"https:\\\/\\\/buenosdiasbcs.com\\\/wp-content\\\/uploads\\\/2026\\\/01\\\/cropped-sol-96x96.png\",\"caption\":\"Edici\u00f3n Buenos D\u00edas\"},\"url\":\"https:\\\/\\\/buenosdiasbcs.com\\\/?author=2\"}]}<\/script>\n<!-- \/ Yoast SEO Premium plugin. -->","yoast_head_json":{"title":"Baja INE al PRI spot contra Samuel Garc\u00eda - Buenos D&iacute;as BCS","robots":{"index":"index","follow":"follow","max-snippet":"max-snippet:-1","max-image-preview":"max-image-preview:large","max-video-preview":"max-video-preview:-1"},"canonical":"https:\/\/buenosdiasbcs.com\/?p=5133","og_locale":"es_ES","og_type":"article","og_title":"Baja INE al PRI spot contra Samuel Garc\u00eda","og_description":"El spot estaba pautado para comenzar su difusi\u00f3n este viernes en los tiempos que los partidos pol\u00edticos tienen previstos en...","og_url":"https:\/\/buenosdiasbcs.com\/?p=5133","og_site_name":"Buenos D&iacute;as BCS","article_published_time":"2026-03-13T07:21:00+00:00","og_image":[{"width":650,"height":417,"url":"https:\/\/buenosdiasbcs.com\/wp-content\/uploads\/2026\/03\/pago-1.png","type":"image\/png"}],"author":"Edici\u00f3n Buenos D\u00edas","twitter_card":"summary_large_image","twitter_misc":{"Escrito por":"Edici\u00f3n Buenos D\u00edas","Tiempo de lectura":"3 minutos"},"schema":{"@context":"https:\/\/schema.org","@graph":[{"@type":"Article","@id":"https:\/\/buenosdiasbcs.com\/?p=5133#article","isPartOf":{"@id":"https:\/\/buenosdiasbcs.com\/?p=5133"},"author":{"name":"Edici\u00f3n Buenos D\u00edas","@id":"https:\/\/buenosdiasbcs.com\/#\/schema\/person\/15aedc247eab7070ee5d76d6d069a821"},"headline":"Baja INE al PRI spot contra Samuel Garc\u00eda","datePublished":"2026-03-13T07:21:00+00:00","mainEntityOfPage":{"@id":"https:\/\/buenosdiasbcs.com\/?p=5133"},"wordCount":656,"commentCount":0,"publisher":{"@id":"https:\/\/buenosdiasbcs.com\/#organization"},"image":{"@id":"https:\/\/buenosdiasbcs.com\/?p=5133#primaryimage"},"thumbnailUrl":"https:\/\/buenosdiasbcs.com\/wp-content\/uploads\/2026\/03\/pago-1.png","articleSection":["Partidos"],"inLanguage":"es","potentialAction":[{"@type":"CommentAction","name":"Comment","target":["https:\/\/buenosdiasbcs.com\/?p=5133#respond"]}]},{"@type":"WebPage","@id":"https:\/\/buenosdiasbcs.com\/?p=5133","url":"https:\/\/buenosdiasbcs.com\/?p=5133","name":"Baja INE al PRI spot contra Samuel Garc\u00eda - Buenos D&iacute;as BCS","isPartOf":{"@id":"https:\/\/buenosdiasbcs.com\/#website"},"primaryImageOfPage":{"@id":"https:\/\/buenosdiasbcs.com\/?p=5133#primaryimage"},"image":{"@id":"https:\/\/buenosdiasbcs.com\/?p=5133#primaryimage"},"thumbnailUrl":"https:\/\/buenosdiasbcs.com\/wp-content\/uploads\/2026\/03\/pago-1.png","datePublished":"2026-03-13T07:21:00+00:00","breadcrumb":{"@id":"https:\/\/buenosdiasbcs.com\/?p=5133#breadcrumb"},"inLanguage":"es","potentialAction":[{"@type":"ReadAction","target":["https:\/\/buenosdiasbcs.com\/?p=5133"]}]},{"@type":"ImageObject","inLanguage":"es","@id":"https:\/\/buenosdiasbcs.com\/?p=5133#primaryimage","url":"https:\/\/buenosdiasbcs.com\/wp-content\/uploads\/2026\/03\/pago-1.png","contentUrl":"https:\/\/buenosdiasbcs.com\/wp-content\/uploads\/2026\/03\/pago-1.png","width":650,"height":417},{"@type":"BreadcrumbList","@id":"https:\/\/buenosdiasbcs.com\/?p=5133#breadcrumb","itemListElement":[{"@type":"ListItem","position":1,"name":"Portada","item":"https:\/\/buenosdiasbcs.com\/"},{"@type":"ListItem","position":2,"name":"Baja INE al PRI spot contra Samuel Garc\u00eda"}]},{"@type":"WebSite","@id":"https:\/\/buenosdiasbcs.com\/#website","url":"https:\/\/buenosdiasbcs.com\/","name":"Buenos D\u00edas BCS","description":"","publisher":{"@id":"https:\/\/buenosdiasbcs.com\/#organization"},"potentialAction":[{"@type":"SearchAction","target":{"@type":"EntryPoint","urlTemplate":"https:\/\/buenosdiasbcs.com\/?s={search_term_string}"},"query-input":{"@type":"PropertyValueSpecification","valueRequired":true,"valueName":"search_term_string"}}],"inLanguage":"es"},{"@type":"Organization","@id":"https:\/\/buenosdiasbcs.com\/#organization","name":"Buenos D\u00edas BCS","url":"https:\/\/buenosdiasbcs.com\/","logo":{"@type":"ImageObject","inLanguage":"es","@id":"https:\/\/buenosdiasbcs.com\/#\/schema\/logo\/image\/","url":"https:\/\/buenosdiasbcs.com\/wp-content\/uploads\/2026\/01\/logo-buenos-dias-40-01.png","contentUrl":"https:\/\/buenosdiasbcs.com\/wp-content\/uploads\/2026\/01\/logo-buenos-dias-40-01.png","width":277,"height":40,"caption":"Buenos D\u00edas BCS"},"image":{"@id":"https:\/\/buenosdiasbcs.com\/#\/schema\/logo\/image\/"}},{"@type":"Person","@id":"https:\/\/buenosdiasbcs.com\/#\/schema\/person\/15aedc247eab7070ee5d76d6d069a821","name":"Edici\u00f3n Buenos D\u00edas","image":{"@type":"ImageObject","inLanguage":"es","@id":"https:\/\/buenosdiasbcs.com\/wp-content\/uploads\/2026\/01\/cropped-sol-96x96.png","url":"https:\/\/buenosdiasbcs.com\/wp-content\/uploads\/2026\/01\/cropped-sol-96x96.png","contentUrl":"https:\/\/buenosdiasbcs.com\/wp-content\/uploads\/2026\/01\/cropped-sol-96x96.png","caption":"Edici\u00f3n Buenos D\u00edas"},"url":"https:\/\/buenosdiasbcs.com\/?author=2"}]}},"amp_enabled":true,"_links":{"self":[{"href":"https:\/\/buenosdiasbcs.com\/index.php?rest_route=\/wp\/v2\/posts\/5133","targetHints":{"allow":["GET"]}}],"collection":[{"href":"https:\/\/buenosdiasbcs.com\/index.php?rest_route=\/wp\/v2\/posts"}],"about":[{"href":"https:\/\/buenosdiasbcs.com\/index.php?rest_route=\/wp\/v2\/types\/post"}],"author":[{"embeddable":true,"href":"https:\/\/buenosdiasbcs.com\/index.php?rest_route=\/wp\/v2\/users\/2"}],"replies":[{"embeddable":true,"href":"https:\/\/buenosdiasbcs.com\/index.php?rest_route=%2Fwp%2Fv2%2Fcomments&post=5133"}],"version-history":[{"count":1,"href":"https:\/\/buenosdiasbcs.com\/index.php?rest_route=\/wp\/v2\/posts\/5133\/revisions"}],"predecessor-version":[{"id":5135,"href":"https:\/\/buenosdiasbcs.com\/index.php?rest_route=\/wp\/v2\/posts\/5133\/revisions\/5135"}],"wp:featuredmedia":[{"embeddable":true,"href":"https:\/\/buenosdiasbcs.com\/index.php?rest_route=\/wp\/v2\/media\/5134"}],"wp:attachment":[{"href":"https:\/\/buenosdiasbcs.com\/index.php?rest_route=%2Fwp%2Fv2%2Fmedia&parent=5133"}],"wp:term":[{"taxonomy":"category","embeddable":true,"href":"https:\/\/buenosdiasbcs.com\/index.php?rest_route=%2Fwp%2Fv2%2Fcategories&post=5133"},{"taxonomy":"post_tag","embeddable":true,"href":"https:\/\/buenosdiasbcs.com\/index.php?rest_route=%2Fwp%2Fv2%2Ftags&post=5133"}],"curies":[{"name":"wp","href":"https:\/\/api.w.org\/{rel}","templated":true}]}}