{"id":5127,"date":"2026-03-13T00:43:00","date_gmt":"2026-03-13T07:43:00","guid":{"rendered":"https:\/\/buenosdiasbcs.com\/?p=5127"},"modified":"2026-03-12T20:46:50","modified_gmt":"2026-03-13T03:46:50","slug":"el-desierto-se-llena-de-color-plantas-nativas-de-bcs-florecen-con-la-primavera","status":"publish","type":"post","link":"https:\/\/buenosdiasbcs.com\/?p=5127","title":{"rendered":"El desierto se llena de color: plantas nativas de BCS florecen con la primavera"},"content":{"rendered":"\n<h2 class=\"wp-block-heading\" id=\"h-cactaceas-arbustos-y-arboles-caracteristicos-del-estado-comienzan-su-floracion-entre-el-invierno-y-la-primavera-fenomeno-clave-para-los-polinizadores-y-la-biodiversidad-de-la-region\">Cact\u00e1ceas, arbustos y \u00e1rboles caracter\u00edsticos del estado comienzan su floraci\u00f3n entre el invierno y la primavera, fen\u00f3meno clave para los polinizadores y la biodiversidad de la regi\u00f3n<\/h2>\n\n\n\n<p><strong>La Paz, Baja California Sur. \u2013&nbsp;<\/strong>Con la llegada de la&nbsp;<strong>primavera<\/strong>, el paisaje \u00e1rido de&nbsp;<strong>Baja California Sur<\/strong>&nbsp;comienza a transformarse. Diversas especies de&nbsp;<strong>plantas&nbsp;<\/strong>y&nbsp;<strong>cact\u00e1ceas&nbsp;<\/strong>que habitan en el&nbsp;<strong>desierto sudcaliforniano<\/strong>&nbsp;entran en su periodo de&nbsp;<strong>floraci\u00f3n<\/strong>, generando contrastes de color en zonas serranas, planicies y \u00e1reas costeras del estado.<\/p>\n\n\n\n<p>Entre las&nbsp;<strong>especies m\u00e1s representativas<\/strong>&nbsp;se encuentran los cardones, pitayos, biznagas y nopales silvestres, adem\u00e1s de arbustos y \u00e1rboles que cada a\u00f1o&nbsp;<strong>florecen durante esta temporada<\/strong>.<\/p>\n\n\n\n<p>De acuerdo con la&nbsp;<strong>\u201cGu\u00eda de Identificaci\u00f3n de Vegetaci\u00f3n Nativa\u201d publicada por la organizaci\u00f3n ambientalista Niparaj\u00e1<\/strong>, la floraci\u00f3n de muchas de estas especies ocurre principalmente entre finales del invierno y el inicio del verano, periodo que tambi\u00e9n coincide con una mayor actividad de polinizadores en los ecosistemas des\u00e9rticos de Baja California Sur.<\/p>\n\n\n\n<p>Las&nbsp;<strong>cact\u00e1ceas&nbsp;<\/strong>destacan entre las especies&nbsp;<strong>m\u00e1s visibles en el paisaje<\/strong>. Los&nbsp;<strong>cardones<\/strong>, considerados entre los&nbsp;<strong>cactus m\u00e1s grandes del mundo<\/strong>, desarrollan flores amarillas o blancas en la parte superior de sus tallos, mientras que la&nbsp;<strong>pitaya&nbsp;<\/strong>dulce produce flores que posteriormente dan origen a frutos comestibles ampliamente conocidos en la regi\u00f3n.&nbsp;<\/p>\n\n\n\n<p>Esta especie, presente en gran parte del&nbsp;noroeste de M\u00e9xico, es polinizada por&nbsp;<strong>colibr\u00edes&nbsp;<\/strong>y&nbsp;<strong>palomillas nocturnas<\/strong>, lo que contribuye a su reproducci\u00f3n.<\/p>\n\n\n\n<p>Otra cact\u00e1cea relevante es el&nbsp;<strong>garambullo<\/strong>, una planta de crecimiento lento que&nbsp;<strong>no suele observarse con frecuencia<\/strong>&nbsp;en el territorio sudcaliforniano. Sus&nbsp;<strong>espinas<\/strong>, m\u00e1s largas en la parte superior del tallo,&nbsp;<strong>protegen flores<\/strong>&nbsp;y&nbsp;<strong>frutos&nbsp;<\/strong>de depredadores y de la exposici\u00f3n directa al sol. Durante su periodo de floraci\u00f3n, colibr\u00edes y palomillas visitan sus flores para alimentarse de n\u00e9ctar, participando en el proceso de&nbsp;<strong>polinizaci\u00f3n<\/strong>.<\/p>\n\n\n\n<p>Los&nbsp;<strong>nopales&nbsp;<\/strong>silvestres tambi\u00e9n forman parte del conjunto de especies que florecen en primavera. En Baja California Sur se han identificado alrededor de&nbsp;<strong>ocho especies end\u00e9micas de este g\u00e9nero<\/strong>, cuyas flores aportan&nbsp;<strong>n\u00e9ctar y polen<\/strong>&nbsp;a distintos insectos y aves. Sus frutos, conocidos como&nbsp;<strong>tunas<\/strong>, han sido utilizados tradicionalmente en algunas comunidades para la preparaci\u00f3n de<strong>bebidas y alimentos<\/strong>.<\/p>\n\n\n\n<p>Las&nbsp;<strong>biznagas<\/strong>, por su parte, se distinguen por su forma esf\u00e9rica y por presentar espinas fuertes y ganchudas. En la parte superior de la planta se desarrollan flores y frutos conocidos como&nbsp;<strong>cabuches<\/strong>. Especialistas se\u00f1alan que todas las especies de biznaga presentes en el estado son&nbsp;<strong>end\u00e9micas<\/strong>&nbsp;y cuentan con&nbsp;<strong>protecci\u00f3n legal en M\u00e9xico<\/strong>, lo que restringe su comercializaci\u00f3n con el fin de preservar estas poblaciones.<\/p>\n\n\n\n<p>Entre las plantas de menor tama\u00f1o destacan algunas especies del g\u00e9nero&nbsp;<strong><em>Mammillaria<\/em><\/strong>, conocidas localmente como \u201c<strong>viejitos<\/strong>\u201d o \u201c<strong>chilitos<\/strong>\u201d. Estas cact\u00e1ceas producen flores que pueden variar de&nbsp;<strong>tama\u00f1o y color<\/strong>, desde peque\u00f1as flores amarillas hasta ejemplares rosados de mayor dimensi\u00f3n. Con frecuencia crecen entre rocas, donde obtienen nutrientes minerales que favorecen su desarrollo.<\/p>\n\n\n\n<h3 class=\"wp-block-heading\" id=\"h-arbustos-y-arboles-que-tambien-florecen\">Arbustos y \u00e1rboles que tambi\u00e9n florecen<\/h3>\n\n\n\n<p>Adem\u00e1s de las cact\u00e1ceas, otros&nbsp;<strong>arbustos y \u00e1rboles<\/strong>&nbsp;tambi\u00e9n florecen durante esta temporada. El<strong>&nbsp;palo verde<\/strong>&nbsp;(<em>Parkinsonia aculeata<\/em>) se caracteriza por cubrirse de&nbsp;<strong>flores amarillas<\/strong>, mientras que el&nbsp;<strong>lomboy&nbsp;<\/strong>puede presentar<strong>&nbsp;flores blancas o rojas.<\/strong><\/p>\n\n\n\n<p>En zonas urbanas y jardines es com\u00fan observar otras especies que florecen en primavera, como la&nbsp;<strong>duranta&nbsp;<\/strong>o velo de novia, la&nbsp;<strong>corona de Cristo<\/strong>&nbsp;y algunas variedades de&nbsp;<strong>salvia blanca.<\/strong>&nbsp;Aunque no todas son nativas de la regi\u00f3n, su presencia contribuye al colorido caracter\u00edstico de la temporada.<\/p>\n\n\n\n<h3 class=\"wp-block-heading\" id=\"h-importancia-para-los-polinizadores\">Importancia para los polinizadores<\/h3>\n\n\n\n<p>Especialistas en flora regional se\u00f1alan que este periodo de floraci\u00f3n cumple un&nbsp;<strong>papel relevante para el equilibrio ecol\u00f3gico del desierto sudcaliforniano<\/strong>. Flores, frutos y n\u00e9ctar sirven como fuente de alimento para aves, insectos y peque\u00f1os mam\u00edferos, especialmente durante periodos prolongados de sequ\u00eda.&nbsp;<\/p>\n\n\n\n<p>La primavera, por tanto, marca uno de los momentos de<strong>&nbsp;mayor actividad biol\u00f3gica<\/strong>&nbsp;en los ecosistemas des\u00e9rticos del estado, cuando especies adaptadas a condiciones extremas aprovechan la temporada para reproducirse y sostener las cadenas de vida que dependen de ellas.<\/p>\n","protected":false},"excerpt":{"rendered":"<p>Cact\u00e1ceas, arbustos y \u00e1rboles caracter\u00edsticos del estado comienzan su floraci\u00f3n entre el invierno y la primavera, fen\u00f3meno clave para los&#8230;<\/p>\n","protected":false},"author":2,"featured_media":5128,"comment_status":"open","ping_status":"open","sticky":false,"template":"","format":"standard","meta":{"footnotes":""},"categories":[243],"tags":[],"class_list":["post-5127","post","type-post","status-publish","format-standard","has-post-thumbnail","hentry","category-ambiente"],"yoast_head":"<!-- This site is optimized with the Yoast SEO Premium plugin v26.8 (Yoast SEO v27.4) - https:\/\/yoast.com\/product\/yoast-seo-premium-wordpress\/ -->\n<title>El desierto se llena de color: plantas nativas de BCS florecen con la primavera - Buenos D&iacute;as BCS<\/title>\n<meta name=\"robots\" content=\"index, follow, max-snippet:-1, max-image-preview:large, max-video-preview:-1\" \/>\n<link rel=\"canonical\" href=\"https:\/\/buenosdiasbcs.com\/?p=5127\" \/>\n<meta property=\"og:locale\" content=\"es_ES\" \/>\n<meta property=\"og:type\" content=\"article\" \/>\n<meta property=\"og:title\" content=\"El desierto se llena de color: plantas nativas de BCS florecen con la primavera\" \/>\n<meta property=\"og:description\" content=\"Cact\u00e1ceas, arbustos y \u00e1rboles caracter\u00edsticos del estado comienzan su floraci\u00f3n entre el invierno y la primavera, fen\u00f3meno clave para los...\" \/>\n<meta property=\"og:url\" content=\"https:\/\/buenosdiasbcs.com\/?p=5127\" \/>\n<meta property=\"og:site_name\" content=\"Buenos D&iacute;as BCS\" \/>\n<meta property=\"article:published_time\" content=\"2026-03-13T07:43:00+00:00\" \/>\n<meta property=\"og:image\" content=\"https:\/\/buenosdiasbcs.com\/wp-content\/uploads\/2026\/03\/image-2-1.webp\" \/>\n\t<meta property=\"og:image:width\" content=\"1200\" \/>\n\t<meta property=\"og:image:height\" content=\"674\" \/>\n\t<meta property=\"og:image:type\" content=\"image\/webp\" \/>\n<meta name=\"author\" content=\"Edici\u00f3n Buenos D\u00edas\" \/>\n<meta name=\"twitter:card\" content=\"summary_large_image\" \/>\n<meta name=\"twitter:label1\" content=\"Escrito por\" \/>\n\t<meta name=\"twitter:data1\" content=\"Edici\u00f3n Buenos D\u00edas\" \/>\n\t<meta name=\"twitter:label2\" content=\"Tiempo de lectura\" \/>\n\t<meta name=\"twitter:data2\" content=\"4 minutos\" \/>\n<script type=\"application\/ld+json\" class=\"yoast-schema-graph\">{\"@context\":\"https:\\\/\\\/schema.org\",\"@graph\":[{\"@type\":\"Article\",\"@id\":\"https:\\\/\\\/buenosdiasbcs.com\\\/?p=5127#article\",\"isPartOf\":{\"@id\":\"https:\\\/\\\/buenosdiasbcs.com\\\/?p=5127\"},\"author\":{\"name\":\"Edici\u00f3n Buenos D\u00edas\",\"@id\":\"https:\\\/\\\/buenosdiasbcs.com\\\/#\\\/schema\\\/person\\\/15aedc247eab7070ee5d76d6d069a821\"},\"headline\":\"El desierto se llena de color: plantas nativas de BCS florecen con la primavera\",\"datePublished\":\"2026-03-13T07:43:00+00:00\",\"mainEntityOfPage\":{\"@id\":\"https:\\\/\\\/buenosdiasbcs.com\\\/?p=5127\"},\"wordCount\":793,\"commentCount\":0,\"publisher\":{\"@id\":\"https:\\\/\\\/buenosdiasbcs.com\\\/#organization\"},\"image\":{\"@id\":\"https:\\\/\\\/buenosdiasbcs.com\\\/?p=5127#primaryimage\"},\"thumbnailUrl\":\"https:\\\/\\\/buenosdiasbcs.com\\\/wp-content\\\/uploads\\\/2026\\\/03\\\/image-2-1.webp\",\"articleSection\":[\"Ambiente\"],\"inLanguage\":\"es\",\"potentialAction\":[{\"@type\":\"CommentAction\",\"name\":\"Comment\",\"target\":[\"https:\\\/\\\/buenosdiasbcs.com\\\/?p=5127#respond\"]}]},{\"@type\":\"WebPage\",\"@id\":\"https:\\\/\\\/buenosdiasbcs.com\\\/?p=5127\",\"url\":\"https:\\\/\\\/buenosdiasbcs.com\\\/?p=5127\",\"name\":\"El desierto se llena de color: plantas nativas de BCS florecen con la primavera - Buenos D&iacute;as BCS\",\"isPartOf\":{\"@id\":\"https:\\\/\\\/buenosdiasbcs.com\\\/#website\"},\"primaryImageOfPage\":{\"@id\":\"https:\\\/\\\/buenosdiasbcs.com\\\/?p=5127#primaryimage\"},\"image\":{\"@id\":\"https:\\\/\\\/buenosdiasbcs.com\\\/?p=5127#primaryimage\"},\"thumbnailUrl\":\"https:\\\/\\\/buenosdiasbcs.com\\\/wp-content\\\/uploads\\\/2026\\\/03\\\/image-2-1.webp\",\"datePublished\":\"2026-03-13T07:43:00+00:00\",\"breadcrumb\":{\"@id\":\"https:\\\/\\\/buenosdiasbcs.com\\\/?p=5127#breadcrumb\"},\"inLanguage\":\"es\",\"potentialAction\":[{\"@type\":\"ReadAction\",\"target\":[\"https:\\\/\\\/buenosdiasbcs.com\\\/?p=5127\"]}]},{\"@type\":\"ImageObject\",\"inLanguage\":\"es\",\"@id\":\"https:\\\/\\\/buenosdiasbcs.com\\\/?p=5127#primaryimage\",\"url\":\"https:\\\/\\\/buenosdiasbcs.com\\\/wp-content\\\/uploads\\\/2026\\\/03\\\/image-2-1.webp\",\"contentUrl\":\"https:\\\/\\\/buenosdiasbcs.com\\\/wp-content\\\/uploads\\\/2026\\\/03\\\/image-2-1.webp\",\"width\":1200,\"height\":674},{\"@type\":\"BreadcrumbList\",\"@id\":\"https:\\\/\\\/buenosdiasbcs.com\\\/?p=5127#breadcrumb\",\"itemListElement\":[{\"@type\":\"ListItem\",\"position\":1,\"name\":\"Portada\",\"item\":\"https:\\\/\\\/buenosdiasbcs.com\\\/\"},{\"@type\":\"ListItem\",\"position\":2,\"name\":\"El desierto se llena de color: plantas nativas de BCS florecen con la primavera\"}]},{\"@type\":\"WebSite\",\"@id\":\"https:\\\/\\\/buenosdiasbcs.com\\\/#website\",\"url\":\"https:\\\/\\\/buenosdiasbcs.com\\\/\",\"name\":\"Buenos D\u00edas BCS\",\"description\":\"\",\"publisher\":{\"@id\":\"https:\\\/\\\/buenosdiasbcs.com\\\/#organization\"},\"potentialAction\":[{\"@type\":\"SearchAction\",\"target\":{\"@type\":\"EntryPoint\",\"urlTemplate\":\"https:\\\/\\\/buenosdiasbcs.com\\\/?s={search_term_string}\"},\"query-input\":{\"@type\":\"PropertyValueSpecification\",\"valueRequired\":true,\"valueName\":\"search_term_string\"}}],\"inLanguage\":\"es\"},{\"@type\":\"Organization\",\"@id\":\"https:\\\/\\\/buenosdiasbcs.com\\\/#organization\",\"name\":\"Buenos D\u00edas BCS\",\"url\":\"https:\\\/\\\/buenosdiasbcs.com\\\/\",\"logo\":{\"@type\":\"ImageObject\",\"inLanguage\":\"es\",\"@id\":\"https:\\\/\\\/buenosdiasbcs.com\\\/#\\\/schema\\\/logo\\\/image\\\/\",\"url\":\"https:\\\/\\\/buenosdiasbcs.com\\\/wp-content\\\/uploads\\\/2026\\\/01\\\/logo-buenos-dias-40-01.png\",\"contentUrl\":\"https:\\\/\\\/buenosdiasbcs.com\\\/wp-content\\\/uploads\\\/2026\\\/01\\\/logo-buenos-dias-40-01.png\",\"width\":277,\"height\":40,\"caption\":\"Buenos D\u00edas BCS\"},\"image\":{\"@id\":\"https:\\\/\\\/buenosdiasbcs.com\\\/#\\\/schema\\\/logo\\\/image\\\/\"}},{\"@type\":\"Person\",\"@id\":\"https:\\\/\\\/buenosdiasbcs.com\\\/#\\\/schema\\\/person\\\/15aedc247eab7070ee5d76d6d069a821\",\"name\":\"Edici\u00f3n Buenos D\u00edas\",\"image\":{\"@type\":\"ImageObject\",\"inLanguage\":\"es\",\"@id\":\"https:\\\/\\\/buenosdiasbcs.com\\\/wp-content\\\/uploads\\\/2026\\\/01\\\/cropped-sol-96x96.png\",\"url\":\"https:\\\/\\\/buenosdiasbcs.com\\\/wp-content\\\/uploads\\\/2026\\\/01\\\/cropped-sol-96x96.png\",\"contentUrl\":\"https:\\\/\\\/buenosdiasbcs.com\\\/wp-content\\\/uploads\\\/2026\\\/01\\\/cropped-sol-96x96.png\",\"caption\":\"Edici\u00f3n Buenos D\u00edas\"},\"url\":\"https:\\\/\\\/buenosdiasbcs.com\\\/?author=2\"}]}<\/script>\n<!-- \/ Yoast SEO Premium plugin. -->","yoast_head_json":{"title":"El desierto se llena de color: plantas nativas de BCS florecen con la primavera - Buenos D&iacute;as BCS","robots":{"index":"index","follow":"follow","max-snippet":"max-snippet:-1","max-image-preview":"max-image-preview:large","max-video-preview":"max-video-preview:-1"},"canonical":"https:\/\/buenosdiasbcs.com\/?p=5127","og_locale":"es_ES","og_type":"article","og_title":"El desierto se llena de color: plantas nativas de BCS florecen con la primavera","og_description":"Cact\u00e1ceas, arbustos y \u00e1rboles caracter\u00edsticos del estado comienzan su floraci\u00f3n entre el invierno y la primavera, fen\u00f3meno clave para los...","og_url":"https:\/\/buenosdiasbcs.com\/?p=5127","og_site_name":"Buenos D&iacute;as BCS","article_published_time":"2026-03-13T07:43:00+00:00","og_image":[{"width":1200,"height":674,"url":"https:\/\/buenosdiasbcs.com\/wp-content\/uploads\/2026\/03\/image-2-1.webp","type":"image\/webp"}],"author":"Edici\u00f3n Buenos D\u00edas","twitter_card":"summary_large_image","twitter_misc":{"Escrito por":"Edici\u00f3n Buenos D\u00edas","Tiempo de lectura":"4 minutos"},"schema":{"@context":"https:\/\/schema.org","@graph":[{"@type":"Article","@id":"https:\/\/buenosdiasbcs.com\/?p=5127#article","isPartOf":{"@id":"https:\/\/buenosdiasbcs.com\/?p=5127"},"author":{"name":"Edici\u00f3n Buenos D\u00edas","@id":"https:\/\/buenosdiasbcs.com\/#\/schema\/person\/15aedc247eab7070ee5d76d6d069a821"},"headline":"El desierto se llena de color: plantas nativas de BCS florecen con la primavera","datePublished":"2026-03-13T07:43:00+00:00","mainEntityOfPage":{"@id":"https:\/\/buenosdiasbcs.com\/?p=5127"},"wordCount":793,"commentCount":0,"publisher":{"@id":"https:\/\/buenosdiasbcs.com\/#organization"},"image":{"@id":"https:\/\/buenosdiasbcs.com\/?p=5127#primaryimage"},"thumbnailUrl":"https:\/\/buenosdiasbcs.com\/wp-content\/uploads\/2026\/03\/image-2-1.webp","articleSection":["Ambiente"],"inLanguage":"es","potentialAction":[{"@type":"CommentAction","name":"Comment","target":["https:\/\/buenosdiasbcs.com\/?p=5127#respond"]}]},{"@type":"WebPage","@id":"https:\/\/buenosdiasbcs.com\/?p=5127","url":"https:\/\/buenosdiasbcs.com\/?p=5127","name":"El desierto se llena de color: plantas nativas de BCS florecen con la primavera - Buenos D&iacute;as BCS","isPartOf":{"@id":"https:\/\/buenosdiasbcs.com\/#website"},"primaryImageOfPage":{"@id":"https:\/\/buenosdiasbcs.com\/?p=5127#primaryimage"},"image":{"@id":"https:\/\/buenosdiasbcs.com\/?p=5127#primaryimage"},"thumbnailUrl":"https:\/\/buenosdiasbcs.com\/wp-content\/uploads\/2026\/03\/image-2-1.webp","datePublished":"2026-03-13T07:43:00+00:00","breadcrumb":{"@id":"https:\/\/buenosdiasbcs.com\/?p=5127#breadcrumb"},"inLanguage":"es","potentialAction":[{"@type":"ReadAction","target":["https:\/\/buenosdiasbcs.com\/?p=5127"]}]},{"@type":"ImageObject","inLanguage":"es","@id":"https:\/\/buenosdiasbcs.com\/?p=5127#primaryimage","url":"https:\/\/buenosdiasbcs.com\/wp-content\/uploads\/2026\/03\/image-2-1.webp","contentUrl":"https:\/\/buenosdiasbcs.com\/wp-content\/uploads\/2026\/03\/image-2-1.webp","width":1200,"height":674},{"@type":"BreadcrumbList","@id":"https:\/\/buenosdiasbcs.com\/?p=5127#breadcrumb","itemListElement":[{"@type":"ListItem","position":1,"name":"Portada","item":"https:\/\/buenosdiasbcs.com\/"},{"@type":"ListItem","position":2,"name":"El desierto se llena de color: plantas nativas de BCS florecen con la primavera"}]},{"@type":"WebSite","@id":"https:\/\/buenosdiasbcs.com\/#website","url":"https:\/\/buenosdiasbcs.com\/","name":"Buenos D\u00edas BCS","description":"","publisher":{"@id":"https:\/\/buenosdiasbcs.com\/#organization"},"potentialAction":[{"@type":"SearchAction","target":{"@type":"EntryPoint","urlTemplate":"https:\/\/buenosdiasbcs.com\/?s={search_term_string}"},"query-input":{"@type":"PropertyValueSpecification","valueRequired":true,"valueName":"search_term_string"}}],"inLanguage":"es"},{"@type":"Organization","@id":"https:\/\/buenosdiasbcs.com\/#organization","name":"Buenos D\u00edas BCS","url":"https:\/\/buenosdiasbcs.com\/","logo":{"@type":"ImageObject","inLanguage":"es","@id":"https:\/\/buenosdiasbcs.com\/#\/schema\/logo\/image\/","url":"https:\/\/buenosdiasbcs.com\/wp-content\/uploads\/2026\/01\/logo-buenos-dias-40-01.png","contentUrl":"https:\/\/buenosdiasbcs.com\/wp-content\/uploads\/2026\/01\/logo-buenos-dias-40-01.png","width":277,"height":40,"caption":"Buenos D\u00edas BCS"},"image":{"@id":"https:\/\/buenosdiasbcs.com\/#\/schema\/logo\/image\/"}},{"@type":"Person","@id":"https:\/\/buenosdiasbcs.com\/#\/schema\/person\/15aedc247eab7070ee5d76d6d069a821","name":"Edici\u00f3n Buenos D\u00edas","image":{"@type":"ImageObject","inLanguage":"es","@id":"https:\/\/buenosdiasbcs.com\/wp-content\/uploads\/2026\/01\/cropped-sol-96x96.png","url":"https:\/\/buenosdiasbcs.com\/wp-content\/uploads\/2026\/01\/cropped-sol-96x96.png","contentUrl":"https:\/\/buenosdiasbcs.com\/wp-content\/uploads\/2026\/01\/cropped-sol-96x96.png","caption":"Edici\u00f3n Buenos D\u00edas"},"url":"https:\/\/buenosdiasbcs.com\/?author=2"}]}},"amp_enabled":true,"_links":{"self":[{"href":"https:\/\/buenosdiasbcs.com\/index.php?rest_route=\/wp\/v2\/posts\/5127","targetHints":{"allow":["GET"]}}],"collection":[{"href":"https:\/\/buenosdiasbcs.com\/index.php?rest_route=\/wp\/v2\/posts"}],"about":[{"href":"https:\/\/buenosdiasbcs.com\/index.php?rest_route=\/wp\/v2\/types\/post"}],"author":[{"embeddable":true,"href":"https:\/\/buenosdiasbcs.com\/index.php?rest_route=\/wp\/v2\/users\/2"}],"replies":[{"embeddable":true,"href":"https:\/\/buenosdiasbcs.com\/index.php?rest_route=%2Fwp%2Fv2%2Fcomments&post=5127"}],"version-history":[{"count":1,"href":"https:\/\/buenosdiasbcs.com\/index.php?rest_route=\/wp\/v2\/posts\/5127\/revisions"}],"predecessor-version":[{"id":5129,"href":"https:\/\/buenosdiasbcs.com\/index.php?rest_route=\/wp\/v2\/posts\/5127\/revisions\/5129"}],"wp:featuredmedia":[{"embeddable":true,"href":"https:\/\/buenosdiasbcs.com\/index.php?rest_route=\/wp\/v2\/media\/5128"}],"wp:attachment":[{"href":"https:\/\/buenosdiasbcs.com\/index.php?rest_route=%2Fwp%2Fv2%2Fmedia&parent=5127"}],"wp:term":[{"taxonomy":"category","embeddable":true,"href":"https:\/\/buenosdiasbcs.com\/index.php?rest_route=%2Fwp%2Fv2%2Fcategories&post=5127"},{"taxonomy":"post_tag","embeddable":true,"href":"https:\/\/buenosdiasbcs.com\/index.php?rest_route=%2Fwp%2Fv2%2Ftags&post=5127"}],"curies":[{"name":"wp","href":"https:\/\/api.w.org\/{rel}","templated":true}]}}