{"id":5124,"date":"2026-03-13T00:40:00","date_gmt":"2026-03-13T07:40:00","guid":{"rendered":"https:\/\/buenosdiasbcs.com\/?p=5124"},"modified":"2026-03-12T20:42:49","modified_gmt":"2026-03-13T03:42:49","slug":"luces-camara-y-accion-agenda-cultural-de-la-paz-tendra-actividades-de-cine-teatro-y-conciertos-acusticos","status":"publish","type":"post","link":"https:\/\/buenosdiasbcs.com\/?p=5124","title":{"rendered":"\u00a1Luces, c\u00e1mara y acci\u00f3n! Agenda cultural de La Paz tendr\u00e1 actividades de cine, teatro y conciertos ac\u00fasticos"},"content":{"rendered":"\n<h2 class=\"wp-block-heading\" id=\"h-durante-una-rueda-de-prensa-se-dieron-a-conocer-actividades-culturales-que-traeran-a-baja-california-sur-a-musicos-y-creadores-como-luis-alvarez-el-haragan-salvador-zepeda-y-el-actor-silverio-palacios\">Durante una rueda de prensa se dieron a conocer actividades culturales que traer\u00e1n a Baja California Sur a m\u00fasicos y creadores como Luis \u00c1lvarez \u201cEl Harag\u00e1n\u201d, Salvador Zepeda y el actor Silverio Palacios<\/h2>\n\n\n\n<p>La Paz, Baja California Sur.- Conciertos en formato&nbsp;<strong>ac\u00fastico, un espect\u00e1culo esc\u00e9nico y un taller intensivo de realizaci\u00f3n cinematogr\u00e1fica<\/strong>&nbsp;forman parte de las actividades culturales que se realizar\u00e1n en los pr\u00f3ximos d\u00edas en Baja California Sur&nbsp;<strong>con la participaci\u00f3n de artistas nacionales.<\/strong><\/p>\n\n\n\n<p>Los detalles fueron presentados durante&nbsp;<strong>una rueda de prensa realizada en<\/strong><strong>Casa Ivium<\/strong>, donde promotores y artistas dieron a conocer una agenda que contempla presentaciones en La Paz y Los Cabos.<\/p>\n\n\n\n<p>Entre los eventos anunciados se encuentra el concierto ac\u00fastico que ofrecer\u00e1n&nbsp;<strong>Luis \u00c1lvarez \u201cEl Harag\u00e1n\u201d y Salvador Zepeda<\/strong>, quienes presentar\u00e1n un formato \u00edntimo en el que interpretar\u00e1n sus composiciones con arreglos ac\u00fasticos.<\/p>\n\n\n\n<p>De acuerdo con lo informado durante la rueda de prensa, la presentaci\u00f3n prevista en La Paz registr\u00f3 lleno total en la venta de boletos, mientras que el segundo concierto se realizar\u00e1 el&nbsp;<strong>13 de marzo a las 21:00 horas en Cabo Jacks, en Cabo San Lucas. Los boletos tienen un costo de<\/strong>&nbsp;<strong>550 pesos<\/strong>&nbsp;y se encuentran disponibles a trav\u00e9s de la plataforma Passline.<\/p>\n\n\n\n<p>En relaci\u00f3n con la respuesta del p\u00fablico, Luis \u00c1lvarez coment\u00f3 que la gira busca medir el inter\u00e9s de la audiencia en este formato ac\u00fastico.<\/p>\n\n\n\n<p>\u201cAfortunadamente aqu\u00ed en La Paz la tocada ya se nos llen\u00f3,&nbsp;<strong>y estamos midiendo que hay p\u00fablico rockanrolero en toda la Rep\u00fablica y en especial ac\u00e1<\/strong>. Salvador Zepeda y El Harag\u00e1n por primera vez en versi\u00f3n ac\u00fastica\u2026 normalmente le hacemos as\u00ed, vamos de avanzada, tocamos solos y si hay buena respuesta de la gente la pr\u00f3xima vez viene la banda completa\u201d, explic\u00f3.<\/p>\n\n\n\n<p>Por su parte, Salvador Zepeda se\u00f1al\u00f3 que&nbsp;<strong>estas presentaciones permiten mostrar una faceta distinta<\/strong>&nbsp;del proceso creativo detr\u00e1s de las canciones. \u201cAhora tengo la oportunidad de que la gente conozca tambi\u00e9n la parte m\u00eda, la parte creadora, la parte de la composici\u00f3n\u2026 es diferente escuchar la canci\u00f3n desnuda cuando surge la composici\u00f3n y la melod\u00eda\u201d, expres\u00f3.<\/p>\n\n\n\n<p>Adem\u00e1s de la propuesta musical, durante la rueda de prensa tambi\u00e9n se anunci\u00f3 un&nbsp;<strong>taller intensivo de realizaci\u00f3n cinematogr\u00e1fica<\/strong>&nbsp;que ser\u00e1 impartido por<strong>&nbsp;el actor mexicano Silverio Palacios<\/strong>&nbsp;y su equipo de producci\u00f3n.<\/p>\n\n\n\n<p>El taller se llevar\u00e1 a cabo&nbsp;<strong>del 11 al 13 de marzo<\/strong>, en un horario de&nbsp;<strong>18:00 a 21:00 horas<\/strong>, en las instalaciones de Casa Ivium, ubicadas en&nbsp;<strong>Melchor Ocampo #1320, casi esquina con Isabel la Cat\u00f3lica, en la zona centro de La Paz<\/strong>. La actividad est\u00e1 dirigida a personas interesadas en \u00e1reas como direcci\u00f3n, fotograf\u00eda, producci\u00f3n audiovisual, sonido y actuaci\u00f3n, con o sin experiencia previa.<\/p>\n\n\n\n<p><strong>La cuota de inscripci\u00f3n es de 3 mil 500 pesos<\/strong>, y la informaci\u00f3n para registro&nbsp;<strong>se proporciona a trav\u00e9s del n\u00famero telef\u00f3nico 612 153 0878<\/strong>. En este contexto, Silverio Palacios destac\u00f3 la importancia de impulsar la producci\u00f3n audiovisual en distintas regiones del pa\u00eds.<\/p>\n\n\n\n<p>\u201cEs la tercera vez que estamos ac\u00e1, estamos tratando de contribuir al desarrollo de la actividad f\u00edlmica local. Hay talentos y hay historias por contar, y el cine mexicano para que sea nacional tiene que suceder en todas las latitudes del pa\u00eds; en ese sentido Baja California Sur y La Paz y sus alrededores no pueden estar al margen de la producci\u00f3n mexicana\u201d, coment\u00f3.<\/p>\n\n\n\n<p>Como parte de su visita a la entidad, el actor tambi\u00e9n presentar\u00e1 su espect\u00e1culo unipersonal&nbsp;<strong>\u201cEl Ticuz\u201d<\/strong>, programado para el&nbsp;<strong>viernes 13 de marzo a las 22:00 horas en El Dal\u00ed Bistro Cervecer\u00eda<\/strong>, ubicado en la calle Agust\u00edn Arreola entre Zaragoza y 21 de Agosto, en la capital sudcaliforniana.<\/p>\n\n\n\n<p>La presentaci\u00f3n contempla una puesta esc\u00e9nica en la que el actor combina relatos, m\u00fasica y narraci\u00f3n. El acceso tendr\u00e1 una&nbsp;<strong>aportaci\u00f3n de 400 pesos<\/strong>&nbsp;e incluir\u00e1 un espacio de convivencia con el artista.<\/p>\n\n\n\n<p>De acuerdo con los organizadores, estas actividades buscan acercar al p\u00fablico local a propuestas musicales y cinematogr\u00e1ficas, as\u00ed como generar espacios de intercambio entre artistas invitados y la comunidad creativa de la regi\u00f3n.<\/p>\n","protected":false},"excerpt":{"rendered":"<p>Durante una rueda de prensa se dieron a conocer actividades culturales que traer\u00e1n a Baja California Sur a m\u00fasicos y&#8230;<\/p>\n","protected":false},"author":2,"featured_media":5125,"comment_status":"open","ping_status":"open","sticky":false,"template":"","format":"standard","meta":{"footnotes":""},"categories":[19],"tags":[],"class_list":["post-5124","post","type-post","status-publish","format-standard","has-post-thumbnail","hentry","category-cultura"],"yoast_head":"<!-- This site is optimized with the Yoast SEO Premium plugin v26.8 (Yoast SEO v27.4) - https:\/\/yoast.com\/product\/yoast-seo-premium-wordpress\/ -->\n<title>\u00a1Luces, c\u00e1mara y acci\u00f3n! Agenda cultural de La Paz tendr\u00e1 actividades de cine, teatro y conciertos ac\u00fasticos - Buenos D&iacute;as BCS<\/title>\n<meta name=\"robots\" content=\"index, follow, max-snippet:-1, max-image-preview:large, max-video-preview:-1\" \/>\n<link rel=\"canonical\" href=\"https:\/\/buenosdiasbcs.com\/?p=5124\" \/>\n<meta property=\"og:locale\" content=\"es_ES\" \/>\n<meta property=\"og:type\" content=\"article\" \/>\n<meta property=\"og:title\" content=\"\u00a1Luces, c\u00e1mara y acci\u00f3n! Agenda cultural de La Paz tendr\u00e1 actividades de cine, teatro y conciertos ac\u00fasticos\" \/>\n<meta property=\"og:description\" content=\"Durante una rueda de prensa se dieron a conocer actividades culturales que traer\u00e1n a Baja California Sur a m\u00fasicos y...\" \/>\n<meta property=\"og:url\" content=\"https:\/\/buenosdiasbcs.com\/?p=5124\" \/>\n<meta property=\"og:site_name\" content=\"Buenos D&iacute;as BCS\" \/>\n<meta property=\"article:published_time\" content=\"2026-03-13T07:40:00+00:00\" \/>\n<meta property=\"og:image\" content=\"https:\/\/buenosdiasbcs.com\/wp-content\/uploads\/2026\/03\/teatro_12_g_72177.png\" \/>\n\t<meta property=\"og:image:width\" content=\"1023\" \/>\n\t<meta property=\"og:image:height\" content=\"486\" \/>\n\t<meta property=\"og:image:type\" content=\"image\/png\" \/>\n<meta name=\"author\" content=\"Edici\u00f3n Buenos D\u00edas\" \/>\n<meta name=\"twitter:card\" content=\"summary_large_image\" \/>\n<meta name=\"twitter:label1\" content=\"Escrito por\" \/>\n\t<meta name=\"twitter:data1\" content=\"Edici\u00f3n Buenos D\u00edas\" \/>\n\t<meta name=\"twitter:label2\" content=\"Tiempo de lectura\" \/>\n\t<meta name=\"twitter:data2\" content=\"4 minutos\" \/>\n<script type=\"application\/ld+json\" class=\"yoast-schema-graph\">{\"@context\":\"https:\\\/\\\/schema.org\",\"@graph\":[{\"@type\":\"Article\",\"@id\":\"https:\\\/\\\/buenosdiasbcs.com\\\/?p=5124#article\",\"isPartOf\":{\"@id\":\"https:\\\/\\\/buenosdiasbcs.com\\\/?p=5124\"},\"author\":{\"name\":\"Edici\u00f3n Buenos D\u00edas\",\"@id\":\"https:\\\/\\\/buenosdiasbcs.com\\\/#\\\/schema\\\/person\\\/15aedc247eab7070ee5d76d6d069a821\"},\"headline\":\"\u00a1Luces, c\u00e1mara y acci\u00f3n! Agenda cultural de La Paz tendr\u00e1 actividades de cine, teatro y conciertos ac\u00fasticos\",\"datePublished\":\"2026-03-13T07:40:00+00:00\",\"mainEntityOfPage\":{\"@id\":\"https:\\\/\\\/buenosdiasbcs.com\\\/?p=5124\"},\"wordCount\":762,\"commentCount\":0,\"publisher\":{\"@id\":\"https:\\\/\\\/buenosdiasbcs.com\\\/#organization\"},\"image\":{\"@id\":\"https:\\\/\\\/buenosdiasbcs.com\\\/?p=5124#primaryimage\"},\"thumbnailUrl\":\"https:\\\/\\\/buenosdiasbcs.com\\\/wp-content\\\/uploads\\\/2026\\\/03\\\/teatro_12_g_72177.png\",\"articleSection\":[\"Cultura\"],\"inLanguage\":\"es\",\"potentialAction\":[{\"@type\":\"CommentAction\",\"name\":\"Comment\",\"target\":[\"https:\\\/\\\/buenosdiasbcs.com\\\/?p=5124#respond\"]}]},{\"@type\":\"WebPage\",\"@id\":\"https:\\\/\\\/buenosdiasbcs.com\\\/?p=5124\",\"url\":\"https:\\\/\\\/buenosdiasbcs.com\\\/?p=5124\",\"name\":\"\u00a1Luces, c\u00e1mara y acci\u00f3n! Agenda cultural de La Paz tendr\u00e1 actividades de cine, teatro y conciertos ac\u00fasticos - Buenos D&iacute;as BCS\",\"isPartOf\":{\"@id\":\"https:\\\/\\\/buenosdiasbcs.com\\\/#website\"},\"primaryImageOfPage\":{\"@id\":\"https:\\\/\\\/buenosdiasbcs.com\\\/?p=5124#primaryimage\"},\"image\":{\"@id\":\"https:\\\/\\\/buenosdiasbcs.com\\\/?p=5124#primaryimage\"},\"thumbnailUrl\":\"https:\\\/\\\/buenosdiasbcs.com\\\/wp-content\\\/uploads\\\/2026\\\/03\\\/teatro_12_g_72177.png\",\"datePublished\":\"2026-03-13T07:40:00+00:00\",\"breadcrumb\":{\"@id\":\"https:\\\/\\\/buenosdiasbcs.com\\\/?p=5124#breadcrumb\"},\"inLanguage\":\"es\",\"potentialAction\":[{\"@type\":\"ReadAction\",\"target\":[\"https:\\\/\\\/buenosdiasbcs.com\\\/?p=5124\"]}]},{\"@type\":\"ImageObject\",\"inLanguage\":\"es\",\"@id\":\"https:\\\/\\\/buenosdiasbcs.com\\\/?p=5124#primaryimage\",\"url\":\"https:\\\/\\\/buenosdiasbcs.com\\\/wp-content\\\/uploads\\\/2026\\\/03\\\/teatro_12_g_72177.png\",\"contentUrl\":\"https:\\\/\\\/buenosdiasbcs.com\\\/wp-content\\\/uploads\\\/2026\\\/03\\\/teatro_12_g_72177.png\",\"width\":1023,\"height\":486},{\"@type\":\"BreadcrumbList\",\"@id\":\"https:\\\/\\\/buenosdiasbcs.com\\\/?p=5124#breadcrumb\",\"itemListElement\":[{\"@type\":\"ListItem\",\"position\":1,\"name\":\"Portada\",\"item\":\"https:\\\/\\\/buenosdiasbcs.com\\\/\"},{\"@type\":\"ListItem\",\"position\":2,\"name\":\"\u00a1Luces, c\u00e1mara y acci\u00f3n! Agenda cultural de La Paz tendr\u00e1 actividades de cine, teatro y conciertos ac\u00fasticos\"}]},{\"@type\":\"WebSite\",\"@id\":\"https:\\\/\\\/buenosdiasbcs.com\\\/#website\",\"url\":\"https:\\\/\\\/buenosdiasbcs.com\\\/\",\"name\":\"Buenos D\u00edas BCS\",\"description\":\"\",\"publisher\":{\"@id\":\"https:\\\/\\\/buenosdiasbcs.com\\\/#organization\"},\"potentialAction\":[{\"@type\":\"SearchAction\",\"target\":{\"@type\":\"EntryPoint\",\"urlTemplate\":\"https:\\\/\\\/buenosdiasbcs.com\\\/?s={search_term_string}\"},\"query-input\":{\"@type\":\"PropertyValueSpecification\",\"valueRequired\":true,\"valueName\":\"search_term_string\"}}],\"inLanguage\":\"es\"},{\"@type\":\"Organization\",\"@id\":\"https:\\\/\\\/buenosdiasbcs.com\\\/#organization\",\"name\":\"Buenos D\u00edas BCS\",\"url\":\"https:\\\/\\\/buenosdiasbcs.com\\\/\",\"logo\":{\"@type\":\"ImageObject\",\"inLanguage\":\"es\",\"@id\":\"https:\\\/\\\/buenosdiasbcs.com\\\/#\\\/schema\\\/logo\\\/image\\\/\",\"url\":\"https:\\\/\\\/buenosdiasbcs.com\\\/wp-content\\\/uploads\\\/2026\\\/01\\\/logo-buenos-dias-40-01.png\",\"contentUrl\":\"https:\\\/\\\/buenosdiasbcs.com\\\/wp-content\\\/uploads\\\/2026\\\/01\\\/logo-buenos-dias-40-01.png\",\"width\":277,\"height\":40,\"caption\":\"Buenos D\u00edas BCS\"},\"image\":{\"@id\":\"https:\\\/\\\/buenosdiasbcs.com\\\/#\\\/schema\\\/logo\\\/image\\\/\"}},{\"@type\":\"Person\",\"@id\":\"https:\\\/\\\/buenosdiasbcs.com\\\/#\\\/schema\\\/person\\\/15aedc247eab7070ee5d76d6d069a821\",\"name\":\"Edici\u00f3n Buenos D\u00edas\",\"image\":{\"@type\":\"ImageObject\",\"inLanguage\":\"es\",\"@id\":\"https:\\\/\\\/buenosdiasbcs.com\\\/wp-content\\\/uploads\\\/2026\\\/01\\\/cropped-sol-96x96.png\",\"url\":\"https:\\\/\\\/buenosdiasbcs.com\\\/wp-content\\\/uploads\\\/2026\\\/01\\\/cropped-sol-96x96.png\",\"contentUrl\":\"https:\\\/\\\/buenosdiasbcs.com\\\/wp-content\\\/uploads\\\/2026\\\/01\\\/cropped-sol-96x96.png\",\"caption\":\"Edici\u00f3n Buenos D\u00edas\"},\"url\":\"https:\\\/\\\/buenosdiasbcs.com\\\/?author=2\"}]}<\/script>\n<!-- \/ Yoast SEO Premium plugin. -->","yoast_head_json":{"title":"\u00a1Luces, c\u00e1mara y acci\u00f3n! Agenda cultural de La Paz tendr\u00e1 actividades de cine, teatro y conciertos ac\u00fasticos - Buenos D&iacute;as BCS","robots":{"index":"index","follow":"follow","max-snippet":"max-snippet:-1","max-image-preview":"max-image-preview:large","max-video-preview":"max-video-preview:-1"},"canonical":"https:\/\/buenosdiasbcs.com\/?p=5124","og_locale":"es_ES","og_type":"article","og_title":"\u00a1Luces, c\u00e1mara y acci\u00f3n! Agenda cultural de La Paz tendr\u00e1 actividades de cine, teatro y conciertos ac\u00fasticos","og_description":"Durante una rueda de prensa se dieron a conocer actividades culturales que traer\u00e1n a Baja California Sur a m\u00fasicos y...","og_url":"https:\/\/buenosdiasbcs.com\/?p=5124","og_site_name":"Buenos D&iacute;as BCS","article_published_time":"2026-03-13T07:40:00+00:00","og_image":[{"width":1023,"height":486,"url":"https:\/\/buenosdiasbcs.com\/wp-content\/uploads\/2026\/03\/teatro_12_g_72177.png","type":"image\/png"}],"author":"Edici\u00f3n Buenos D\u00edas","twitter_card":"summary_large_image","twitter_misc":{"Escrito por":"Edici\u00f3n Buenos D\u00edas","Tiempo de lectura":"4 minutos"},"schema":{"@context":"https:\/\/schema.org","@graph":[{"@type":"Article","@id":"https:\/\/buenosdiasbcs.com\/?p=5124#article","isPartOf":{"@id":"https:\/\/buenosdiasbcs.com\/?p=5124"},"author":{"name":"Edici\u00f3n Buenos D\u00edas","@id":"https:\/\/buenosdiasbcs.com\/#\/schema\/person\/15aedc247eab7070ee5d76d6d069a821"},"headline":"\u00a1Luces, c\u00e1mara y acci\u00f3n! Agenda cultural de La Paz tendr\u00e1 actividades de cine, teatro y conciertos ac\u00fasticos","datePublished":"2026-03-13T07:40:00+00:00","mainEntityOfPage":{"@id":"https:\/\/buenosdiasbcs.com\/?p=5124"},"wordCount":762,"commentCount":0,"publisher":{"@id":"https:\/\/buenosdiasbcs.com\/#organization"},"image":{"@id":"https:\/\/buenosdiasbcs.com\/?p=5124#primaryimage"},"thumbnailUrl":"https:\/\/buenosdiasbcs.com\/wp-content\/uploads\/2026\/03\/teatro_12_g_72177.png","articleSection":["Cultura"],"inLanguage":"es","potentialAction":[{"@type":"CommentAction","name":"Comment","target":["https:\/\/buenosdiasbcs.com\/?p=5124#respond"]}]},{"@type":"WebPage","@id":"https:\/\/buenosdiasbcs.com\/?p=5124","url":"https:\/\/buenosdiasbcs.com\/?p=5124","name":"\u00a1Luces, c\u00e1mara y acci\u00f3n! Agenda cultural de La Paz tendr\u00e1 actividades de cine, teatro y conciertos ac\u00fasticos - Buenos D&iacute;as BCS","isPartOf":{"@id":"https:\/\/buenosdiasbcs.com\/#website"},"primaryImageOfPage":{"@id":"https:\/\/buenosdiasbcs.com\/?p=5124#primaryimage"},"image":{"@id":"https:\/\/buenosdiasbcs.com\/?p=5124#primaryimage"},"thumbnailUrl":"https:\/\/buenosdiasbcs.com\/wp-content\/uploads\/2026\/03\/teatro_12_g_72177.png","datePublished":"2026-03-13T07:40:00+00:00","breadcrumb":{"@id":"https:\/\/buenosdiasbcs.com\/?p=5124#breadcrumb"},"inLanguage":"es","potentialAction":[{"@type":"ReadAction","target":["https:\/\/buenosdiasbcs.com\/?p=5124"]}]},{"@type":"ImageObject","inLanguage":"es","@id":"https:\/\/buenosdiasbcs.com\/?p=5124#primaryimage","url":"https:\/\/buenosdiasbcs.com\/wp-content\/uploads\/2026\/03\/teatro_12_g_72177.png","contentUrl":"https:\/\/buenosdiasbcs.com\/wp-content\/uploads\/2026\/03\/teatro_12_g_72177.png","width":1023,"height":486},{"@type":"BreadcrumbList","@id":"https:\/\/buenosdiasbcs.com\/?p=5124#breadcrumb","itemListElement":[{"@type":"ListItem","position":1,"name":"Portada","item":"https:\/\/buenosdiasbcs.com\/"},{"@type":"ListItem","position":2,"name":"\u00a1Luces, c\u00e1mara y acci\u00f3n! Agenda cultural de La Paz tendr\u00e1 actividades de cine, teatro y conciertos ac\u00fasticos"}]},{"@type":"WebSite","@id":"https:\/\/buenosdiasbcs.com\/#website","url":"https:\/\/buenosdiasbcs.com\/","name":"Buenos D\u00edas BCS","description":"","publisher":{"@id":"https:\/\/buenosdiasbcs.com\/#organization"},"potentialAction":[{"@type":"SearchAction","target":{"@type":"EntryPoint","urlTemplate":"https:\/\/buenosdiasbcs.com\/?s={search_term_string}"},"query-input":{"@type":"PropertyValueSpecification","valueRequired":true,"valueName":"search_term_string"}}],"inLanguage":"es"},{"@type":"Organization","@id":"https:\/\/buenosdiasbcs.com\/#organization","name":"Buenos D\u00edas BCS","url":"https:\/\/buenosdiasbcs.com\/","logo":{"@type":"ImageObject","inLanguage":"es","@id":"https:\/\/buenosdiasbcs.com\/#\/schema\/logo\/image\/","url":"https:\/\/buenosdiasbcs.com\/wp-content\/uploads\/2026\/01\/logo-buenos-dias-40-01.png","contentUrl":"https:\/\/buenosdiasbcs.com\/wp-content\/uploads\/2026\/01\/logo-buenos-dias-40-01.png","width":277,"height":40,"caption":"Buenos D\u00edas BCS"},"image":{"@id":"https:\/\/buenosdiasbcs.com\/#\/schema\/logo\/image\/"}},{"@type":"Person","@id":"https:\/\/buenosdiasbcs.com\/#\/schema\/person\/15aedc247eab7070ee5d76d6d069a821","name":"Edici\u00f3n Buenos D\u00edas","image":{"@type":"ImageObject","inLanguage":"es","@id":"https:\/\/buenosdiasbcs.com\/wp-content\/uploads\/2026\/01\/cropped-sol-96x96.png","url":"https:\/\/buenosdiasbcs.com\/wp-content\/uploads\/2026\/01\/cropped-sol-96x96.png","contentUrl":"https:\/\/buenosdiasbcs.com\/wp-content\/uploads\/2026\/01\/cropped-sol-96x96.png","caption":"Edici\u00f3n Buenos D\u00edas"},"url":"https:\/\/buenosdiasbcs.com\/?author=2"}]}},"amp_enabled":true,"_links":{"self":[{"href":"https:\/\/buenosdiasbcs.com\/index.php?rest_route=\/wp\/v2\/posts\/5124","targetHints":{"allow":["GET"]}}],"collection":[{"href":"https:\/\/buenosdiasbcs.com\/index.php?rest_route=\/wp\/v2\/posts"}],"about":[{"href":"https:\/\/buenosdiasbcs.com\/index.php?rest_route=\/wp\/v2\/types\/post"}],"author":[{"embeddable":true,"href":"https:\/\/buenosdiasbcs.com\/index.php?rest_route=\/wp\/v2\/users\/2"}],"replies":[{"embeddable":true,"href":"https:\/\/buenosdiasbcs.com\/index.php?rest_route=%2Fwp%2Fv2%2Fcomments&post=5124"}],"version-history":[{"count":1,"href":"https:\/\/buenosdiasbcs.com\/index.php?rest_route=\/wp\/v2\/posts\/5124\/revisions"}],"predecessor-version":[{"id":5126,"href":"https:\/\/buenosdiasbcs.com\/index.php?rest_route=\/wp\/v2\/posts\/5124\/revisions\/5126"}],"wp:featuredmedia":[{"embeddable":true,"href":"https:\/\/buenosdiasbcs.com\/index.php?rest_route=\/wp\/v2\/media\/5125"}],"wp:attachment":[{"href":"https:\/\/buenosdiasbcs.com\/index.php?rest_route=%2Fwp%2Fv2%2Fmedia&parent=5124"}],"wp:term":[{"taxonomy":"category","embeddable":true,"href":"https:\/\/buenosdiasbcs.com\/index.php?rest_route=%2Fwp%2Fv2%2Fcategories&post=5124"},{"taxonomy":"post_tag","embeddable":true,"href":"https:\/\/buenosdiasbcs.com\/index.php?rest_route=%2Fwp%2Fv2%2Ftags&post=5124"}],"curies":[{"name":"wp","href":"https:\/\/api.w.org\/{rel}","templated":true}]}}