{"id":5115,"date":"2026-03-13T00:59:00","date_gmt":"2026-03-13T07:59:00","guid":{"rendered":"https:\/\/buenosdiasbcs.com\/?p=5115"},"modified":"2026-03-12T20:22:46","modified_gmt":"2026-03-13T03:22:46","slug":"operativo-militar-de-eu-en-el-pacifico-cobra-la-vida-de-padre-e-hijo-originarios-de-comondu","status":"publish","type":"post","link":"https:\/\/buenosdiasbcs.com\/?p=5115","title":{"rendered":"Operativo militar de EU en el Pac\u00edfico cobra la vida de padre e hijo originarios de Comond\u00fa"},"content":{"rendered":"\n<h2 class=\"wp-block-heading\" id=\"h-un-ataque-letal-de-las-fuerzas-militares-de-eeuu-contra-una-lancha-presuntamente-vinculada-al-narcotrafico-dejo-seis-muertos-entre-ellos-un-padre-y-su-hijo-originarios-de-puerto-san-carlos\">Un ataque letal de las fuerzas militares de EEUU contra una lancha presuntamente vinculada al narcotr\u00e1fico dej\u00f3 seis muertos, entre ellos un padre y su hijo originarios de Puerto San Carlos.<\/h2>\n\n\n\n<p><em><strong>Comond\u00fa<\/strong><\/em>,<em><strong>&nbsp;Baja California Sur<\/strong><\/em>.- Un nuevo golpe militar&nbsp;<strong>de Estados Unidos contra presuntas redes del narcotr\u00e1fico<\/strong>&nbsp;en el Pac\u00edfico&nbsp;<strong>dej\u00f3 seis hombres muerto<\/strong>s, entre ellos&nbsp;<strong>un padre y su hijo<\/strong>&nbsp;originarios del municipio de&nbsp;<strong>Comond\u00fa<\/strong>.&nbsp;<\/p>\n\n\n\n<p>La acci\u00f3n fue confirmada por el&nbsp;<strong>United States Southern Command<\/strong>&nbsp;(<em>SOUTHCOM<\/em>), que inform\u00f3 que el domingo 8 de marzo&nbsp;<strong>se ejecut\u00f3 un ataque cin\u00e9tico letal contra una embarcaci\u00f3n<\/strong>&nbsp;<strong>presuntamente utilizada por organizaciones criminales<\/strong>&nbsp;en rutas del narcotr\u00e1fico en el oc\u00e9ano&nbsp;<strong>Pac\u00edfico Oriental<\/strong>.<\/p>\n\n\n\n<p>La operaci\u00f3n fue ordenada por&nbsp;<strong>el jefe del comando militar estadounidense<\/strong>,&nbsp;<strong>Francis L. Donovan<\/strong>, y ejecutada por la&nbsp;<strong>Fuerza de Tarea Conjunta Southern Spear<\/strong>, que difundi\u00f3 im\u00e1genes del momento en que&nbsp;<strong>la peque\u00f1a lancha es destruida<\/strong>&nbsp;tras el impacto de un ataque a\u00e9reo.<\/p>\n\n\n\n<p>Reproductor de v\u00eddeo<video width=\"650\" height=\"360\" preload=\"metadata\" src=\"https:\/\/metropolimx.com\/wp-content\/uploads\/2026\/03\/WhatsApp-Video-2026-03-12-at-2.48.57-PM.mp4?_=1\"><\/video><\/p>\n\n\n\n<p>Media error: Format(s) not supported or source(s) not found<a href=\"https:\/\/metropolimx.com\/wp-content\/uploads\/2026\/03\/WhatsApp-Video-2026-03-12-at-2.48.57-PM.mp4?_=1\">Descargar archivo: https:\/\/metropolimx.com\/wp-content\/uploads\/2026\/03\/WhatsApp-Video-2026-03-12-at-2.48.57-PM.mp4?_=1<\/a><\/p>\n\n\n\n<p>00:00<\/p>\n\n\n\n<p>00:00<\/p>\n\n\n\n<p>Seg\u00fan el comunicado militar,&nbsp;<strong>seis hombres murieron durante el ataque<\/strong>, a quienes las autoridades estadounidenses identificaron como \u201c<em><strong>narcoterroristas<\/strong><\/em>\u201d vinculados a operaciones de tr\u00e1fico de drogas.<\/p>\n\n\n\n<p>Entre los fallecidos se confirm\u00f3 la presencia de&nbsp;<strong>Enrique Meza<\/strong>&nbsp;<strong>y su hijo<\/strong>&nbsp;\u201c<em><strong>Kikin<\/strong><\/em>\u201d&nbsp;<strong>Meza<\/strong>, radicados en&nbsp;<strong>Puerto San Carlos<\/strong>, en la&nbsp;<strong>zona norte de Baja California Sur<\/strong>.<\/p>\n\n\n\n<p>https:\/\/googleads.g.doubleclick.net\/pagead\/ads?client=ca-pub-3032104062716772&#038;output=html&#038;h=280&#038;adk=3818826699&#038;adf=4065281929&#038;pi=t.aa~a.1506216643~i.5~rp.4&#038;daaos=1773299438299&#038;w=904&#038;fwrn=4&#038;fwrnh=100&#038;lmt=1773363194&#038;rafmt=1&#038;armr=3&#038;sem=mc&#038;pwprc=8967049710&#038;ad_type=text_image&#038;format=904&#215;280&#038;url=https%3A%2F%2Fmetropolimx.com%2Foperativo-militar-en-el-pacifico-cobra-la-vida-de-padre-e-hijo-originarios-de-comondu%2F&#038;host=ca-host-pub-2644536267352236&#038;fwr=0&#038;pra=3&#038;rh=200&#038;rw=904&#038;rpe=1&#038;resp_fmts=3&#038;aieuf=1&#038;aicrs=1&#038;fa=27&#038;abgtt=7&#038;dt=1773371789038&#038;bpp=1&#038;bdt=1186&#038;idt=-M&#038;shv=r20260312&#038;mjsv=m202603090101&#038;ptt=9&#038;saldr=aa&#038;abxe=1&#038;cookie=ID%3D0521e0f0ac2a1a74%3AT%3D1773209280%3ART%3D1773371741%3AS%3DALNI_MbrG9iLGjn7lkb979Vo9y9o0Nk1GQ&#038;gpic=UID%3D0000134a641dba90%3AT%3D1773209280%3ART%3D1773371741%3AS%3DALNI_MbrVE0tpBqXNdOEsx2WX_r6h98Kzw&#038;eo_id_str=ID%3D52de7408c00e55e1%3AT%3D1773209280%3ART%3D1773371741%3AS%3DAA-AfjZ7PR0QGQb7bsQyjpK3ioMH&#038;prev_fmts=0x0%2C1200x280%2C1005x124&#038;nras=4&#038;correlator=422142508803&#038;frm=20&#038;pv=1&#038;u_tz=-420&#038;u_his=3&#038;u_h=1230&#038;u_w=1818&#038;u_ah=1230&#038;u_aw=1818&#038;u_cd=24&#038;u_sd=2&#038;adx=279&#038;ady=2924&#038;biw=1818&#038;bih=1230&#038;scr_x=0&#038;scr_y=0&#038;eid=31097123%2C42532523%2C95378429%2C95383701%2C95384194%2C95385044%2C31097117&#038;oid=2&#038;psts=AOrYGsm6BaR1_mU0PHPjlT2q74TeWUHTkzPp5oQjdjgcq7Lg0ofstVsUaXmGjvu2WIZlEiw5vWQ4c4v24mT1zCPEclGfvaogTImPrLAAn9Sbj8U%2CAOrYGskwkd3m9idfY03mzyQ_7PcwDwidp54H0c7HPDRxlqckRjdBd1-p-I0wFLIgqO-h0TYH_xpv93LV_cfciOzY9xMpq70DK1RIaFROrEbtqFw8zQTFAHKrOpuxi7rtwhfsGg&#038;pvsid=6200348447227316&#038;tmod=1792231951&#038;uas=1&#038;nvt=1&#038;ref=https%3A%2F%2Fmetropolimx.com%2F&#038;fc=1408&#038;brdim=0%2C0%2C0%2C0%2C1818%2C0%2C1818%2C1230%2C1818%2C1230&#038;vis=1&#038;rsz=%7C%7Cs%7C&#038;abl=NS&#038;fu=128&#038;bc=31&#038;plas=238x552_r&#038;bz=1&#038;pgls=CAEaAzYuOQ..~CAEQBBoHMS4xNzAuMA..~CAEQBRoGMy4zNC4x&#038;num_ads=1&#038;ifi=4&#038;uci=a!4&#038;btvi=2&#038;fsb=1&#038;dtd=34<\/p>\n\n\n\n<p>Con este operativo,&nbsp;<strong>superan los 150 muertos en ataques similares ejecutados por fuerzas estadounidenses<\/strong>contra lanchas r\u00e1pidas en<strong>&nbsp;el Pac\u00edfico y el Caribe desde septiembre de 2025<\/strong>, cuando comenz\u00f3 esta ofensiva mar\u00edtima.<\/p>\n\n\n\n<p>En ese mismo periodo,<strong>&nbsp;al menos 45 embarcaciones han sido destruidas o neutralizadas<\/strong>&nbsp;en operativos contra redes del narcotr\u00e1fico que utilizan corredores mar\u00edtimos internacionales.<\/p>\n\n\n\n<p>El ataque ocurri\u00f3 apenas d\u00edas despu\u00e9s de que<strong>&nbsp;el presidente estadounidense Donald Trump<\/strong>&nbsp;anunciara la iniciativa \u201c<em><strong>Escudo de las Am\u00e9ricas<\/strong><\/em>\u201d, un plan con el que convoc\u00f3 a&nbsp;<strong>gobiernos de Am\u00e9rica Latina a formar una coalici\u00f3n militar<\/strong>&nbsp;regional contra los c\u00e1rteles.<\/p>\n\n\n\n<p>De tal modo que&nbsp;<strong>Washington ha comenzado a endurecer su postura contra las organizaciones criminales<\/strong>, a las que ha catalogado como amenaza directa para la seguridad del hemisferio.<\/p>\n\n\n\n<p>La confirmaci\u00f3n de que<strong>&nbsp;dos de los muertos son originarios de Puerto San Carlos ha generado impacto en esa comunidad pesquera<\/strong>, donde familiares y conocidos comienzan a reaccionar ante la noticia.<\/p>\n\n\n\n<p>El caso abre adem\u00e1s nuevas evidencias sobre la presencia de&nbsp;<strong>embarcaciones vinculadas al narcotr\u00e1fico en rutas del Pac\u00edfico<\/strong>&nbsp;que hist\u00f3ricamente han sido utilizadas por pescadores de la regi\u00f3n.<\/p>\n\n\n\n<p>Mientras tanto, el Comando Sur asegur\u00f3 que<strong>&nbsp;ning\u00fan militar estadounidense result\u00f3 herido durante el ataque<\/strong>&nbsp;y reiter\u00f3 que<strong>&nbsp;las operaciones continuar\u00e1n contra embarcaciones que participen en el tr\u00e1fico de drogas<\/strong>&nbsp;en corredores mar\u00edtimos internacionales.<\/p>\n\n\n\n<p>https:\/\/googleads.g.doubleclick.net\/pagead\/ads?client=ca-pub-3032104062716772&#038;output=html&#038;h=280&#038;adk=3818826699&#038;adf=1705597062&#038;pi=t.aa~a.1506216643~i.12~rp.4&#038;daaos=1773299438299&#038;w=904&#038;fwrn=4&#038;fwrnh=100&#038;lmt=1773363194&#038;rafmt=1&#038;armr=3&#038;sem=mc&#038;pwprc=8967049710&#038;ad_type=text_image&#038;format=904&#215;280&#038;url=https%3A%2F%2Fmetropolimx.com%2Foperativo-militar-en-el-pacifico-cobra-la-vida-de-padre-e-hijo-originarios-de-comondu%2F&#038;host=ca-host-pub-2644536267352236&#038;fwr=0&#038;pra=3&#038;rh=200&#038;rw=904&#038;rpe=1&#038;resp_fmts=3&#038;aieuf=1&#038;aicrs=1&#038;fa=27&#038;abgtt=7&#038;dt=1773371789038&#038;bpp=1&#038;bdt=1186&#038;idt=-M&#038;shv=r20260312&#038;mjsv=m202603090101&#038;ptt=9&#038;saldr=aa&#038;abxe=1&#038;cookie=ID%3D0521e0f0ac2a1a74%3AT%3D1773209280%3ART%3D1773371741%3AS%3DALNI_MbrG9iLGjn7lkb979Vo9y9o0Nk1GQ&#038;gpic=UID%3D0000134a641dba90%3AT%3D1773209280%3ART%3D1773371741%3AS%3DALNI_MbrVE0tpBqXNdOEsx2WX_r6h98Kzw&#038;eo_id_str=ID%3D52de7408c00e55e1%3AT%3D1773209280%3ART%3D1773371741%3AS%3DAA-AfjZ7PR0QGQb7bsQyjpK3ioMH&#038;prev_fmts=0x0%2C1200x280%2C1005x124%2C904x280&#038;nras=5&#038;correlator=422142508803&#038;frm=20&#038;pv=1&#038;u_tz=-420&#038;u_his=3&#038;u_h=1230&#038;u_w=1818&#038;u_ah=1230&#038;u_aw=1818&#038;u_cd=24&#038;u_sd=2&#038;adx=279&#038;ady=3926&#038;biw=1818&#038;bih=1230&#038;scr_x=0&#038;scr_y=0&#038;eid=31097123%2C42532523%2C95378429%2C95383701%2C95384194%2C95385044%2C31097117&#038;oid=2&#038;psts=AOrYGsm6BaR1_mU0PHPjlT2q74TeWUHTkzPp5oQjdjgcq7Lg0ofstVsUaXmGjvu2WIZlEiw5vWQ4c4v24mT1zCPEclGfvaogTImPrLAAn9Sbj8U%2CAOrYGskwkd3m9idfY03mzyQ_7PcwDwidp54H0c7HPDRxlqckRjdBd1-p-I0wFLIgqO-h0TYH_xpv93LV_cfciOzY9xMpq70DK1RIaFROrEbtqFw8zQTFAHKrOpuxi7rtwhfsGg&#038;pvsid=6200348447227316&#038;tmod=1792231951&#038;uas=1&#038;nvt=1&#038;ref=https%3A%2F%2Fmetropolimx.com%2F&#038;fc=1408&#038;brdim=0%2C0%2C0%2C0%2C1818%2C0%2C1818%2C1230%2C1818%2C1230&#038;vis=1&#038;rsz=%7C%7Cs%7C&#038;abl=NS&#038;fu=128&#038;bc=31&#038;plas=238x552_r&#038;bz=1&#038;pgls=CAEaAzYuOQ..~CAEQBBoHMS4xNzAuMA..~CAEQBRoGMy4zNC4x&#038;num_ads=1&#038;ifi=6&#038;uci=a!6&#038;btvi=3&#038;fsb=1&#038;dtd=35<\/p>\n\n\n\n<p>La ofensiva militar en alta mar apenas comienza, pero ya deja una cifra que sacude al continente:&nbsp;<strong>m\u00e1s de 150 muertos y decenas de lanchas destruidas en menos de seis meses<\/strong>.<\/p>\n","protected":false},"excerpt":{"rendered":"<p>Un ataque letal de las fuerzas militares de EEUU contra una lancha presuntamente vinculada al narcotr\u00e1fico dej\u00f3 seis muertos, entre&#8230;<\/p>\n","protected":false},"author":2,"featured_media":5116,"comment_status":"open","ping_status":"open","sticky":false,"template":"","format":"standard","meta":{"footnotes":""},"categories":[25],"tags":[],"class_list":["post-5115","post","type-post","status-publish","format-standard","has-post-thumbnail","hentry","category-sociedad"],"yoast_head":"<!-- This site is optimized with the Yoast SEO Premium plugin v26.8 (Yoast SEO v27.4) - https:\/\/yoast.com\/product\/yoast-seo-premium-wordpress\/ -->\n<title>Operativo militar de EU en el Pac\u00edfico cobra la vida de padre e hijo originarios de Comond\u00fa - Buenos D&iacute;as BCS<\/title>\n<meta name=\"robots\" content=\"index, follow, max-snippet:-1, max-image-preview:large, max-video-preview:-1\" \/>\n<link rel=\"canonical\" href=\"https:\/\/buenosdiasbcs.com\/?p=5115\" \/>\n<meta property=\"og:locale\" content=\"es_ES\" \/>\n<meta property=\"og:type\" content=\"article\" \/>\n<meta property=\"og:title\" content=\"Operativo militar de EU en el Pac\u00edfico cobra la vida de padre e hijo originarios de Comond\u00fa\" \/>\n<meta property=\"og:description\" content=\"Un ataque letal de las fuerzas militares de EEUU contra una lancha presuntamente vinculada al narcotr\u00e1fico dej\u00f3 seis muertos, entre...\" \/>\n<meta property=\"og:url\" content=\"https:\/\/buenosdiasbcs.com\/?p=5115\" \/>\n<meta property=\"og:site_name\" content=\"Buenos D&iacute;as BCS\" \/>\n<meta property=\"article:published_time\" content=\"2026-03-13T07:59:00+00:00\" \/>\n<meta property=\"og:image\" content=\"https:\/\/buenosdiasbcs.com\/wp-content\/uploads\/2026\/03\/650778962_1322283623266374_318855071891664581_n-e1773372110631.png\" \/>\n\t<meta property=\"og:image:width\" content=\"1048\" \/>\n\t<meta property=\"og:image:height\" content=\"910\" \/>\n\t<meta property=\"og:image:type\" content=\"image\/png\" \/>\n<meta name=\"author\" content=\"Edici\u00f3n Buenos D\u00edas\" \/>\n<meta name=\"twitter:card\" content=\"summary_large_image\" \/>\n<meta name=\"twitter:label1\" content=\"Escrito por\" \/>\n\t<meta name=\"twitter:data1\" content=\"Edici\u00f3n Buenos D\u00edas\" \/>\n\t<meta name=\"twitter:label2\" content=\"Tiempo de lectura\" \/>\n\t<meta name=\"twitter:data2\" content=\"3 minutos\" \/>\n<script type=\"application\/ld+json\" class=\"yoast-schema-graph\">{\"@context\":\"https:\\\/\\\/schema.org\",\"@graph\":[{\"@type\":\"Article\",\"@id\":\"https:\\\/\\\/buenosdiasbcs.com\\\/?p=5115#article\",\"isPartOf\":{\"@id\":\"https:\\\/\\\/buenosdiasbcs.com\\\/?p=5115\"},\"author\":{\"name\":\"Edici\u00f3n Buenos D\u00edas\",\"@id\":\"https:\\\/\\\/buenosdiasbcs.com\\\/#\\\/schema\\\/person\\\/15aedc247eab7070ee5d76d6d069a821\"},\"headline\":\"Operativo militar de EU en el Pac\u00edfico cobra la vida de padre e hijo originarios de Comond\u00fa\",\"datePublished\":\"2026-03-13T07:59:00+00:00\",\"mainEntityOfPage\":{\"@id\":\"https:\\\/\\\/buenosdiasbcs.com\\\/?p=5115\"},\"wordCount\":1258,\"commentCount\":0,\"publisher\":{\"@id\":\"https:\\\/\\\/buenosdiasbcs.com\\\/#organization\"},\"image\":{\"@id\":\"https:\\\/\\\/buenosdiasbcs.com\\\/?p=5115#primaryimage\"},\"thumbnailUrl\":\"https:\\\/\\\/buenosdiasbcs.com\\\/wp-content\\\/uploads\\\/2026\\\/03\\\/650778962_1322283623266374_318855071891664581_n-e1773372110631.png\",\"articleSection\":[\"Sociedad\"],\"inLanguage\":\"es\",\"potentialAction\":[{\"@type\":\"CommentAction\",\"name\":\"Comment\",\"target\":[\"https:\\\/\\\/buenosdiasbcs.com\\\/?p=5115#respond\"]}]},{\"@type\":\"WebPage\",\"@id\":\"https:\\\/\\\/buenosdiasbcs.com\\\/?p=5115\",\"url\":\"https:\\\/\\\/buenosdiasbcs.com\\\/?p=5115\",\"name\":\"Operativo militar de EU en el Pac\u00edfico cobra la vida de padre e hijo originarios de Comond\u00fa - Buenos D&iacute;as BCS\",\"isPartOf\":{\"@id\":\"https:\\\/\\\/buenosdiasbcs.com\\\/#website\"},\"primaryImageOfPage\":{\"@id\":\"https:\\\/\\\/buenosdiasbcs.com\\\/?p=5115#primaryimage\"},\"image\":{\"@id\":\"https:\\\/\\\/buenosdiasbcs.com\\\/?p=5115#primaryimage\"},\"thumbnailUrl\":\"https:\\\/\\\/buenosdiasbcs.com\\\/wp-content\\\/uploads\\\/2026\\\/03\\\/650778962_1322283623266374_318855071891664581_n-e1773372110631.png\",\"datePublished\":\"2026-03-13T07:59:00+00:00\",\"breadcrumb\":{\"@id\":\"https:\\\/\\\/buenosdiasbcs.com\\\/?p=5115#breadcrumb\"},\"inLanguage\":\"es\",\"potentialAction\":[{\"@type\":\"ReadAction\",\"target\":[\"https:\\\/\\\/buenosdiasbcs.com\\\/?p=5115\"]}]},{\"@type\":\"ImageObject\",\"inLanguage\":\"es\",\"@id\":\"https:\\\/\\\/buenosdiasbcs.com\\\/?p=5115#primaryimage\",\"url\":\"https:\\\/\\\/buenosdiasbcs.com\\\/wp-content\\\/uploads\\\/2026\\\/03\\\/650778962_1322283623266374_318855071891664581_n-e1773372110631.png\",\"contentUrl\":\"https:\\\/\\\/buenosdiasbcs.com\\\/wp-content\\\/uploads\\\/2026\\\/03\\\/650778962_1322283623266374_318855071891664581_n-e1773372110631.png\",\"width\":1048,\"height\":910},{\"@type\":\"BreadcrumbList\",\"@id\":\"https:\\\/\\\/buenosdiasbcs.com\\\/?p=5115#breadcrumb\",\"itemListElement\":[{\"@type\":\"ListItem\",\"position\":1,\"name\":\"Portada\",\"item\":\"https:\\\/\\\/buenosdiasbcs.com\\\/\"},{\"@type\":\"ListItem\",\"position\":2,\"name\":\"Operativo militar de EU en el Pac\u00edfico cobra la vida de padre e hijo originarios de Comond\u00fa\"}]},{\"@type\":\"WebSite\",\"@id\":\"https:\\\/\\\/buenosdiasbcs.com\\\/#website\",\"url\":\"https:\\\/\\\/buenosdiasbcs.com\\\/\",\"name\":\"Buenos D\u00edas BCS\",\"description\":\"\",\"publisher\":{\"@id\":\"https:\\\/\\\/buenosdiasbcs.com\\\/#organization\"},\"potentialAction\":[{\"@type\":\"SearchAction\",\"target\":{\"@type\":\"EntryPoint\",\"urlTemplate\":\"https:\\\/\\\/buenosdiasbcs.com\\\/?s={search_term_string}\"},\"query-input\":{\"@type\":\"PropertyValueSpecification\",\"valueRequired\":true,\"valueName\":\"search_term_string\"}}],\"inLanguage\":\"es\"},{\"@type\":\"Organization\",\"@id\":\"https:\\\/\\\/buenosdiasbcs.com\\\/#organization\",\"name\":\"Buenos D\u00edas BCS\",\"url\":\"https:\\\/\\\/buenosdiasbcs.com\\\/\",\"logo\":{\"@type\":\"ImageObject\",\"inLanguage\":\"es\",\"@id\":\"https:\\\/\\\/buenosdiasbcs.com\\\/#\\\/schema\\\/logo\\\/image\\\/\",\"url\":\"https:\\\/\\\/buenosdiasbcs.com\\\/wp-content\\\/uploads\\\/2026\\\/01\\\/logo-buenos-dias-40-01.png\",\"contentUrl\":\"https:\\\/\\\/buenosdiasbcs.com\\\/wp-content\\\/uploads\\\/2026\\\/01\\\/logo-buenos-dias-40-01.png\",\"width\":277,\"height\":40,\"caption\":\"Buenos D\u00edas BCS\"},\"image\":{\"@id\":\"https:\\\/\\\/buenosdiasbcs.com\\\/#\\\/schema\\\/logo\\\/image\\\/\"}},{\"@type\":\"Person\",\"@id\":\"https:\\\/\\\/buenosdiasbcs.com\\\/#\\\/schema\\\/person\\\/15aedc247eab7070ee5d76d6d069a821\",\"name\":\"Edici\u00f3n Buenos D\u00edas\",\"image\":{\"@type\":\"ImageObject\",\"inLanguage\":\"es\",\"@id\":\"https:\\\/\\\/buenosdiasbcs.com\\\/wp-content\\\/uploads\\\/2026\\\/01\\\/cropped-sol-96x96.png\",\"url\":\"https:\\\/\\\/buenosdiasbcs.com\\\/wp-content\\\/uploads\\\/2026\\\/01\\\/cropped-sol-96x96.png\",\"contentUrl\":\"https:\\\/\\\/buenosdiasbcs.com\\\/wp-content\\\/uploads\\\/2026\\\/01\\\/cropped-sol-96x96.png\",\"caption\":\"Edici\u00f3n Buenos D\u00edas\"},\"url\":\"https:\\\/\\\/buenosdiasbcs.com\\\/?author=2\"}]}<\/script>\n<!-- \/ Yoast SEO Premium plugin. -->","yoast_head_json":{"title":"Operativo militar de EU en el Pac\u00edfico cobra la vida de padre e hijo originarios de Comond\u00fa - Buenos D&iacute;as BCS","robots":{"index":"index","follow":"follow","max-snippet":"max-snippet:-1","max-image-preview":"max-image-preview:large","max-video-preview":"max-video-preview:-1"},"canonical":"https:\/\/buenosdiasbcs.com\/?p=5115","og_locale":"es_ES","og_type":"article","og_title":"Operativo militar de EU en el Pac\u00edfico cobra la vida de padre e hijo originarios de Comond\u00fa","og_description":"Un ataque letal de las fuerzas militares de EEUU contra una lancha presuntamente vinculada al narcotr\u00e1fico dej\u00f3 seis muertos, entre...","og_url":"https:\/\/buenosdiasbcs.com\/?p=5115","og_site_name":"Buenos D&iacute;as BCS","article_published_time":"2026-03-13T07:59:00+00:00","og_image":[{"width":1048,"height":910,"url":"https:\/\/buenosdiasbcs.com\/wp-content\/uploads\/2026\/03\/650778962_1322283623266374_318855071891664581_n-e1773372110631.png","type":"image\/png"}],"author":"Edici\u00f3n Buenos D\u00edas","twitter_card":"summary_large_image","twitter_misc":{"Escrito por":"Edici\u00f3n Buenos D\u00edas","Tiempo de lectura":"3 minutos"},"schema":{"@context":"https:\/\/schema.org","@graph":[{"@type":"Article","@id":"https:\/\/buenosdiasbcs.com\/?p=5115#article","isPartOf":{"@id":"https:\/\/buenosdiasbcs.com\/?p=5115"},"author":{"name":"Edici\u00f3n Buenos D\u00edas","@id":"https:\/\/buenosdiasbcs.com\/#\/schema\/person\/15aedc247eab7070ee5d76d6d069a821"},"headline":"Operativo militar de EU en el Pac\u00edfico cobra la vida de padre e hijo originarios de Comond\u00fa","datePublished":"2026-03-13T07:59:00+00:00","mainEntityOfPage":{"@id":"https:\/\/buenosdiasbcs.com\/?p=5115"},"wordCount":1258,"commentCount":0,"publisher":{"@id":"https:\/\/buenosdiasbcs.com\/#organization"},"image":{"@id":"https:\/\/buenosdiasbcs.com\/?p=5115#primaryimage"},"thumbnailUrl":"https:\/\/buenosdiasbcs.com\/wp-content\/uploads\/2026\/03\/650778962_1322283623266374_318855071891664581_n-e1773372110631.png","articleSection":["Sociedad"],"inLanguage":"es","potentialAction":[{"@type":"CommentAction","name":"Comment","target":["https:\/\/buenosdiasbcs.com\/?p=5115#respond"]}]},{"@type":"WebPage","@id":"https:\/\/buenosdiasbcs.com\/?p=5115","url":"https:\/\/buenosdiasbcs.com\/?p=5115","name":"Operativo militar de EU en el Pac\u00edfico cobra la vida de padre e hijo originarios de Comond\u00fa - Buenos D&iacute;as BCS","isPartOf":{"@id":"https:\/\/buenosdiasbcs.com\/#website"},"primaryImageOfPage":{"@id":"https:\/\/buenosdiasbcs.com\/?p=5115#primaryimage"},"image":{"@id":"https:\/\/buenosdiasbcs.com\/?p=5115#primaryimage"},"thumbnailUrl":"https:\/\/buenosdiasbcs.com\/wp-content\/uploads\/2026\/03\/650778962_1322283623266374_318855071891664581_n-e1773372110631.png","datePublished":"2026-03-13T07:59:00+00:00","breadcrumb":{"@id":"https:\/\/buenosdiasbcs.com\/?p=5115#breadcrumb"},"inLanguage":"es","potentialAction":[{"@type":"ReadAction","target":["https:\/\/buenosdiasbcs.com\/?p=5115"]}]},{"@type":"ImageObject","inLanguage":"es","@id":"https:\/\/buenosdiasbcs.com\/?p=5115#primaryimage","url":"https:\/\/buenosdiasbcs.com\/wp-content\/uploads\/2026\/03\/650778962_1322283623266374_318855071891664581_n-e1773372110631.png","contentUrl":"https:\/\/buenosdiasbcs.com\/wp-content\/uploads\/2026\/03\/650778962_1322283623266374_318855071891664581_n-e1773372110631.png","width":1048,"height":910},{"@type":"BreadcrumbList","@id":"https:\/\/buenosdiasbcs.com\/?p=5115#breadcrumb","itemListElement":[{"@type":"ListItem","position":1,"name":"Portada","item":"https:\/\/buenosdiasbcs.com\/"},{"@type":"ListItem","position":2,"name":"Operativo militar de EU en el Pac\u00edfico cobra la vida de padre e hijo originarios de Comond\u00fa"}]},{"@type":"WebSite","@id":"https:\/\/buenosdiasbcs.com\/#website","url":"https:\/\/buenosdiasbcs.com\/","name":"Buenos D\u00edas BCS","description":"","publisher":{"@id":"https:\/\/buenosdiasbcs.com\/#organization"},"potentialAction":[{"@type":"SearchAction","target":{"@type":"EntryPoint","urlTemplate":"https:\/\/buenosdiasbcs.com\/?s={search_term_string}"},"query-input":{"@type":"PropertyValueSpecification","valueRequired":true,"valueName":"search_term_string"}}],"inLanguage":"es"},{"@type":"Organization","@id":"https:\/\/buenosdiasbcs.com\/#organization","name":"Buenos D\u00edas BCS","url":"https:\/\/buenosdiasbcs.com\/","logo":{"@type":"ImageObject","inLanguage":"es","@id":"https:\/\/buenosdiasbcs.com\/#\/schema\/logo\/image\/","url":"https:\/\/buenosdiasbcs.com\/wp-content\/uploads\/2026\/01\/logo-buenos-dias-40-01.png","contentUrl":"https:\/\/buenosdiasbcs.com\/wp-content\/uploads\/2026\/01\/logo-buenos-dias-40-01.png","width":277,"height":40,"caption":"Buenos D\u00edas BCS"},"image":{"@id":"https:\/\/buenosdiasbcs.com\/#\/schema\/logo\/image\/"}},{"@type":"Person","@id":"https:\/\/buenosdiasbcs.com\/#\/schema\/person\/15aedc247eab7070ee5d76d6d069a821","name":"Edici\u00f3n Buenos D\u00edas","image":{"@type":"ImageObject","inLanguage":"es","@id":"https:\/\/buenosdiasbcs.com\/wp-content\/uploads\/2026\/01\/cropped-sol-96x96.png","url":"https:\/\/buenosdiasbcs.com\/wp-content\/uploads\/2026\/01\/cropped-sol-96x96.png","contentUrl":"https:\/\/buenosdiasbcs.com\/wp-content\/uploads\/2026\/01\/cropped-sol-96x96.png","caption":"Edici\u00f3n Buenos D\u00edas"},"url":"https:\/\/buenosdiasbcs.com\/?author=2"}]}},"amp_enabled":true,"_links":{"self":[{"href":"https:\/\/buenosdiasbcs.com\/index.php?rest_route=\/wp\/v2\/posts\/5115","targetHints":{"allow":["GET"]}}],"collection":[{"href":"https:\/\/buenosdiasbcs.com\/index.php?rest_route=\/wp\/v2\/posts"}],"about":[{"href":"https:\/\/buenosdiasbcs.com\/index.php?rest_route=\/wp\/v2\/types\/post"}],"author":[{"embeddable":true,"href":"https:\/\/buenosdiasbcs.com\/index.php?rest_route=\/wp\/v2\/users\/2"}],"replies":[{"embeddable":true,"href":"https:\/\/buenosdiasbcs.com\/index.php?rest_route=%2Fwp%2Fv2%2Fcomments&post=5115"}],"version-history":[{"count":1,"href":"https:\/\/buenosdiasbcs.com\/index.php?rest_route=\/wp\/v2\/posts\/5115\/revisions"}],"predecessor-version":[{"id":5117,"href":"https:\/\/buenosdiasbcs.com\/index.php?rest_route=\/wp\/v2\/posts\/5115\/revisions\/5117"}],"wp:featuredmedia":[{"embeddable":true,"href":"https:\/\/buenosdiasbcs.com\/index.php?rest_route=\/wp\/v2\/media\/5116"}],"wp:attachment":[{"href":"https:\/\/buenosdiasbcs.com\/index.php?rest_route=%2Fwp%2Fv2%2Fmedia&parent=5115"}],"wp:term":[{"taxonomy":"category","embeddable":true,"href":"https:\/\/buenosdiasbcs.com\/index.php?rest_route=%2Fwp%2Fv2%2Fcategories&post=5115"},{"taxonomy":"post_tag","embeddable":true,"href":"https:\/\/buenosdiasbcs.com\/index.php?rest_route=%2Fwp%2Fv2%2Ftags&post=5115"}],"curies":[{"name":"wp","href":"https:\/\/api.w.org\/{rel}","templated":true}]}}