{"id":5109,"date":"2026-03-13T00:07:00","date_gmt":"2026-03-13T07:07:00","guid":{"rendered":"https:\/\/buenosdiasbcs.com\/?p=5109"},"modified":"2026-03-12T20:09:57","modified_gmt":"2026-03-13T03:09:57","slug":"presidente-del-iee-bcs-impugnara-resolucion-del-ine-que-ordena-su-remocion","status":"publish","type":"post","link":"https:\/\/buenosdiasbcs.com\/?p=5109","title":{"rendered":"Presidente del IEE BCS impugnar\u00e1 resoluci\u00f3n del INE que ordena su remoci\u00f3n"},"content":{"rendered":"\n<h2 class=\"wp-block-heading\" id=\"resumenNota\">Consejeros del INE aprobaron por unanimidad la destituci\u00f3n del consejero presidente del Instituto Estatal Electoral de Baja California Sur.<\/h2>\n\n\n\n<p>Este jueves, se dio a conocer que el\u00a0<strong>Consejo General<\/strong>\u00a0del\u00a0<strong>Instituto Nacional Electoral<\/strong>\u00a0(INE) vot\u00f3 por unanimidad la destituci\u00f3n de Alejandro\u00a0<strong>Palacios Espinosa<\/strong>, quien se desempe\u00f1aba como\u00a0<strong>consejero presidente<\/strong>\u00a0del\u00a0<strong>Instituto<\/strong>Estatal Electoral de Baja California Sur (IEEBCS), al determinar la existencia de \u201cfaltas graves en el ejercicio de su cargo\u201d.<\/p>\n\n\n\n<h2 class=\"wp-block-heading\" id=\"h-palacios-anuncia-que-impugnara-ante-el-nbsp-tribunal-electoral\">Palacios anuncia que impugnar\u00e1 ante el&nbsp;<strong>Tribunal Electoral<\/strong><\/h2>\n\n\n\n<p>Ante la determinaci\u00f3n del INE,&nbsp;<strong>Palacios Espinosa<\/strong>&nbsp;adelant\u00f3 que presentar\u00e1 una&nbsp;<strong>impugnaci\u00f3n<\/strong>&nbsp;ante la&nbsp;<strong>Sala Superior<\/strong>&nbsp;del&nbsp;<strong>Tribunal Electoral<\/strong>, una vez que sea notificado formalmente de la resoluci\u00f3n.<\/p>\n\n\n\n<blockquote class=\"wp-block-quote is-layout-flow wp-block-quote-is-layout-flow\">\n<p>Yo impugnar\u00e9 a la Sala Superior la decisi\u00f3n del Consejo y esperar\u00e9 a que la resuelvan. Desde mi punto de vista y jur\u00eddicamente me parece que se equivoca la unidad t\u00e9cnica de lo contencioso electoraAlejandro Palacios Espinosa &#8211; Consejero presidente del IEE de BCS.<\/p>\n<\/blockquote>\n\n\n\n<p>El&nbsp;<strong>consejero presidente<\/strong>&nbsp;indic\u00f3 que hasta el momento, no ha sido notificado oficialmente, por lo que esperar\u00e1 la&nbsp;<strong>comunicaci\u00f3n formal<\/strong>&nbsp;para iniciar el&nbsp;<strong>proceso legal<\/strong>&nbsp;correspondiente.<\/p>\n\n\n\n<p>\u201cUna vez que me notifiquen oficialmente mi&nbsp;<strong>remoci\u00f3n<\/strong>&nbsp;proceder\u00e9 a hacer la&nbsp;<strong>impugnaci\u00f3n<\/strong>\u201d, a\u00f1adi\u00f3.<\/p>\n\n\n\n<h2 class=\"wp-block-heading\" id=\"h-que-dijo-nbsp-alejandro-palacios-nbsp-sobre-su-nbsp-remocion-del-iee-de-baja-california-sur\">\u00bfQu\u00e9 dijo&nbsp;<strong>Alejandro Palacios<\/strong>&nbsp;sobre su&nbsp;<strong>remoci\u00f3n del IEE de Baja California Sur?<\/strong><\/h2>\n\n\n\n<p>En entrevista,&nbsp;<strong>Palacios Espinosa<\/strong>&nbsp;sostuvo que no ha realizado&nbsp;<strong>actividades remuneradas<\/strong>&nbsp;durante su gesti\u00f3n al frente del organismo electoral en Baja California Sur, y que la decisi\u00f3n del INE se basa en una interpretaci\u00f3n err\u00f3nea relacionada con su pertenencia al&nbsp;<strong>Sistema Nacional de Investigadores<\/strong>.<\/p>\n\n\n\n<p>El todav\u00eda&nbsp;<strong>consejero presidente,<\/strong>&nbsp;explic\u00f3 que el&nbsp;<strong>procedimiento de remoci\u00f3n<\/strong>&nbsp;se inici\u00f3 desde el a\u00f1o pasado, derivado de una denuncia presentada por una consejer\u00eda electoral del propio&nbsp;<strong>Instituto<\/strong>&nbsp;local.<\/p>\n\n\n\n<p>De acuerdo con&nbsp;<strong>Palacios Espinosa<\/strong>, el expediente inclu\u00eda&nbsp;<strong>cinco causales<\/strong>&nbsp;de&nbsp;<strong>remoci\u00f3n<\/strong>, de las cuales cuatro fueron desechadas en el&nbsp;<strong>proyecto de resoluci\u00f3n<\/strong>&nbsp;conocido recientemente.<\/p>\n\n\n\n<p>Alejandro Palacios dando su postura sobre la remoci\u00f3n de su cargo en el IEE de BCS. Foto: Roc\u00edo Casas \/ POSTA Baja California Sur.<\/p>\n\n\n\n<p>\u201cLa resoluci\u00f3n del&nbsp;<strong>Instituto Nacional Electoral<\/strong>&nbsp;desecha cuatro de las causales, pero una no la desecha. Es por la cual el&nbsp;<strong>Consejo General<\/strong>&nbsp;decide&nbsp;<strong>removerme<\/strong>\u201d, explic\u00f3.<\/p>\n\n\n\n<p>El funcionario se\u00f1al\u00f3 que la&nbsp;<strong>causal<\/strong>&nbsp;que permaneci\u00f3 est\u00e1 relacionada con su pertenencia al&nbsp;<strong>Sistema Nacional de Investigadores<\/strong>&nbsp;(SNI),&nbsp;<strong>reconocimiento acad\u00e9mico<\/strong>&nbsp;del cual forma parte desde 1999.<\/p>\n\n\n\n<p>Seg\u00fan indic\u00f3, cuenta con un&nbsp;<strong>nombramiento vigente<\/strong>&nbsp;hasta el&nbsp;<strong>a\u00f1o 2043<\/strong>, derivado de casi tres d\u00e9cadas de&nbsp;<strong>trayectoria cient\u00edfica<\/strong>.<\/p>\n\n\n\n<p>Exterior del IEE en Baja California Sur. Foto: Google Maps.<\/p>\n\n\n\n<p>Palacios afirm\u00f3 que este sistema no implica una relaci\u00f3n laboral ni el pago de un salario, sino que se trata de un&nbsp;<strong>apoyo social<\/strong>&nbsp;otorgado a investigadores por su&nbsp;<strong>trayectoria acad\u00e9mica<\/strong>.<\/p>\n\n\n\n<p>\u201cNo realizo&nbsp;<strong>actividades remuneradas<\/strong>. Soy miembro del&nbsp;<strong>Sistema Nacional de Investigadores<\/strong>&nbsp;y lo ser\u00e9 hasta el 2043. Lo que se recibe es un&nbsp;<strong>apoyo social<\/strong>, no una contraprestaci\u00f3n laboral\u201d, declar\u00f3.<\/p>\n\n\n\n<h2 class=\"wp-block-heading\" id=\"h-cuales-fueron-los-nbsp-senalamientos-nbsp-analizados-en-el-procedimiento\">\u00bfCu\u00e1les fueron los&nbsp;<strong>se\u00f1alamientos<\/strong>&nbsp;analizados en el procedimiento?<\/h2>\n\n\n\n<p>El&nbsp;<strong>procedimiento de remoci\u00f3n<\/strong>&nbsp;iniciado contra el consejero presidente contemplaba&nbsp;<strong>cinco se\u00f1alamientos<\/strong>.&nbsp;De acuerdo con lo explicado por el propio&nbsp;<strong>Palacios Espinosa<\/strong>, el proyecto del INE desech\u00f3 cuatro de ellos, mientras que uno fue considerado suficiente para justificar la&nbsp;<strong>remoci\u00f3n<\/strong>.<\/p>\n\n\n\n<p>Entre los&nbsp;<strong>puntos analizados,&nbsp;<\/strong>se encontraban&nbsp;<strong>se\u00f1alamientos<\/strong>&nbsp;relacionados con:<\/p>\n\n\n\n<ul class=\"wp-block-list\">\n<li>Presuntas\u00a0<strong>actividades remuneradas<\/strong>\u00a0incompatibles con el cargo.<\/li>\n\n\n\n<li><strong>Actuaciones administrativas<\/strong>\u00a0dentro del\u00a0<strong>instituto<\/strong>.<\/li>\n\n\n\n<li>Decisiones en la conducci\u00f3n del organismo electoral.<\/li>\n<\/ul>\n\n\n\n<p>Finalmente, la \u00fanica&nbsp;<strong>causal<\/strong>&nbsp;que se mantuvo fue la relacionada con la percepci\u00f3n de recursos derivados de su pertenencia al&nbsp;<strong>Sistema Nacional de Investigadores<\/strong>, lo cual, el INE interpret\u00f3 como una&nbsp;<strong>actividad remunerada<\/strong>incompatible con el cargo.<\/p>\n\n\n\n<p>No obstante,&nbsp;<strong>Palacios Espinosa<\/strong>&nbsp;rechaz\u00f3 esta interpretaci\u00f3n y asegur\u00f3 que no existe una relaci\u00f3n laboral ni una contraprestaci\u00f3n econ\u00f3mica derivada de esa condici\u00f3n.<\/p>\n\n\n\n<p>\u201cSer\u00eda tanto como considerar un delito que alguien tenga un&nbsp;<strong>reconocimiento nacional<\/strong>&nbsp;por su&nbsp;<strong>trayectoria cient\u00edfica<\/strong>\u201d, se\u00f1al\u00f3.<\/p>\n\n\n\n<p>El funcionario reiter\u00f3 que&nbsp;<strong>se encuentra tranquilo<\/strong>&nbsp;frente al&nbsp;<strong>proceso<\/strong>&nbsp;y conf\u00eda en que las instancias jurisdicciccionales revisar\u00e1n la decisi\u00f3n del \u00f3rgano electoral nacional.<\/p>\n","protected":false},"excerpt":{"rendered":"<p>Consejeros del INE aprobaron por unanimidad la destituci\u00f3n del consejero presidente del Instituto Estatal Electoral de Baja California Sur. Este&#8230;<\/p>\n","protected":false},"author":2,"featured_media":5110,"comment_status":"open","ping_status":"open","sticky":false,"template":"","format":"standard","meta":{"footnotes":""},"categories":[239],"tags":[],"class_list":["post-5109","post","type-post","status-publish","format-standard","has-post-thumbnail","hentry","category-partidos"],"yoast_head":"<!-- This site is optimized with the Yoast SEO Premium plugin v26.8 (Yoast SEO v27.4) - https:\/\/yoast.com\/product\/yoast-seo-premium-wordpress\/ -->\n<title>Presidente del IEE BCS impugnar\u00e1 resoluci\u00f3n del INE que ordena su remoci\u00f3n - Buenos D&iacute;as BCS<\/title>\n<meta name=\"robots\" content=\"index, follow, max-snippet:-1, max-image-preview:large, max-video-preview:-1\" \/>\n<link rel=\"canonical\" href=\"https:\/\/buenosdiasbcs.com\/?p=5109\" \/>\n<meta property=\"og:locale\" content=\"es_ES\" \/>\n<meta property=\"og:type\" content=\"article\" \/>\n<meta property=\"og:title\" content=\"Presidente del IEE BCS impugnar\u00e1 resoluci\u00f3n del INE que ordena su remoci\u00f3n\" \/>\n<meta property=\"og:description\" content=\"Consejeros del INE aprobaron por unanimidad la destituci\u00f3n del consejero presidente del Instituto Estatal Electoral de Baja California Sur. Este...\" \/>\n<meta property=\"og:url\" content=\"https:\/\/buenosdiasbcs.com\/?p=5109\" \/>\n<meta property=\"og:site_name\" content=\"Buenos D&iacute;as BCS\" \/>\n<meta property=\"article:published_time\" content=\"2026-03-13T07:07:00+00:00\" \/>\n<meta property=\"og:image\" content=\"https:\/\/buenosdiasbcs.com\/wp-content\/uploads\/2026\/03\/presidente-del-iee-bcs-impugnara-resolucion-del-ine-que-ordena-su-remocion-0c9e3d81-focus-0-0-1479-828.webp\" \/>\n\t<meta property=\"og:image:width\" content=\"1280\" \/>\n\t<meta property=\"og:image:height\" content=\"720\" \/>\n\t<meta property=\"og:image:type\" content=\"image\/webp\" \/>\n<meta name=\"author\" content=\"Edici\u00f3n Buenos D\u00edas\" \/>\n<meta name=\"twitter:card\" content=\"summary_large_image\" \/>\n<meta name=\"twitter:label1\" content=\"Escrito por\" \/>\n\t<meta name=\"twitter:data1\" content=\"Edici\u00f3n Buenos D\u00edas\" \/>\n\t<meta name=\"twitter:label2\" content=\"Tiempo de lectura\" \/>\n\t<meta name=\"twitter:data2\" content=\"3 minutos\" \/>\n<script type=\"application\/ld+json\" class=\"yoast-schema-graph\">{\"@context\":\"https:\\\/\\\/schema.org\",\"@graph\":[{\"@type\":\"Article\",\"@id\":\"https:\\\/\\\/buenosdiasbcs.com\\\/?p=5109#article\",\"isPartOf\":{\"@id\":\"https:\\\/\\\/buenosdiasbcs.com\\\/?p=5109\"},\"author\":{\"name\":\"Edici\u00f3n Buenos D\u00edas\",\"@id\":\"https:\\\/\\\/buenosdiasbcs.com\\\/#\\\/schema\\\/person\\\/15aedc247eab7070ee5d76d6d069a821\"},\"headline\":\"Presidente del IEE BCS impugnar\u00e1 resoluci\u00f3n del INE que ordena su remoci\u00f3n\",\"datePublished\":\"2026-03-13T07:07:00+00:00\",\"mainEntityOfPage\":{\"@id\":\"https:\\\/\\\/buenosdiasbcs.com\\\/?p=5109\"},\"wordCount\":794,\"commentCount\":0,\"publisher\":{\"@id\":\"https:\\\/\\\/buenosdiasbcs.com\\\/#organization\"},\"image\":{\"@id\":\"https:\\\/\\\/buenosdiasbcs.com\\\/?p=5109#primaryimage\"},\"thumbnailUrl\":\"https:\\\/\\\/buenosdiasbcs.com\\\/wp-content\\\/uploads\\\/2026\\\/03\\\/presidente-del-iee-bcs-impugnara-resolucion-del-ine-que-ordena-su-remocion-0c9e3d81-focus-0-0-1479-828.webp\",\"articleSection\":[\"Partidos\"],\"inLanguage\":\"es\",\"potentialAction\":[{\"@type\":\"CommentAction\",\"name\":\"Comment\",\"target\":[\"https:\\\/\\\/buenosdiasbcs.com\\\/?p=5109#respond\"]}]},{\"@type\":\"WebPage\",\"@id\":\"https:\\\/\\\/buenosdiasbcs.com\\\/?p=5109\",\"url\":\"https:\\\/\\\/buenosdiasbcs.com\\\/?p=5109\",\"name\":\"Presidente del IEE BCS impugnar\u00e1 resoluci\u00f3n del INE que ordena su remoci\u00f3n - Buenos D&iacute;as BCS\",\"isPartOf\":{\"@id\":\"https:\\\/\\\/buenosdiasbcs.com\\\/#website\"},\"primaryImageOfPage\":{\"@id\":\"https:\\\/\\\/buenosdiasbcs.com\\\/?p=5109#primaryimage\"},\"image\":{\"@id\":\"https:\\\/\\\/buenosdiasbcs.com\\\/?p=5109#primaryimage\"},\"thumbnailUrl\":\"https:\\\/\\\/buenosdiasbcs.com\\\/wp-content\\\/uploads\\\/2026\\\/03\\\/presidente-del-iee-bcs-impugnara-resolucion-del-ine-que-ordena-su-remocion-0c9e3d81-focus-0-0-1479-828.webp\",\"datePublished\":\"2026-03-13T07:07:00+00:00\",\"breadcrumb\":{\"@id\":\"https:\\\/\\\/buenosdiasbcs.com\\\/?p=5109#breadcrumb\"},\"inLanguage\":\"es\",\"potentialAction\":[{\"@type\":\"ReadAction\",\"target\":[\"https:\\\/\\\/buenosdiasbcs.com\\\/?p=5109\"]}]},{\"@type\":\"ImageObject\",\"inLanguage\":\"es\",\"@id\":\"https:\\\/\\\/buenosdiasbcs.com\\\/?p=5109#primaryimage\",\"url\":\"https:\\\/\\\/buenosdiasbcs.com\\\/wp-content\\\/uploads\\\/2026\\\/03\\\/presidente-del-iee-bcs-impugnara-resolucion-del-ine-que-ordena-su-remocion-0c9e3d81-focus-0-0-1479-828.webp\",\"contentUrl\":\"https:\\\/\\\/buenosdiasbcs.com\\\/wp-content\\\/uploads\\\/2026\\\/03\\\/presidente-del-iee-bcs-impugnara-resolucion-del-ine-que-ordena-su-remocion-0c9e3d81-focus-0-0-1479-828.webp\",\"width\":1280,\"height\":720},{\"@type\":\"BreadcrumbList\",\"@id\":\"https:\\\/\\\/buenosdiasbcs.com\\\/?p=5109#breadcrumb\",\"itemListElement\":[{\"@type\":\"ListItem\",\"position\":1,\"name\":\"Portada\",\"item\":\"https:\\\/\\\/buenosdiasbcs.com\\\/\"},{\"@type\":\"ListItem\",\"position\":2,\"name\":\"Presidente del IEE BCS impugnar\u00e1 resoluci\u00f3n del INE que ordena su remoci\u00f3n\"}]},{\"@type\":\"WebSite\",\"@id\":\"https:\\\/\\\/buenosdiasbcs.com\\\/#website\",\"url\":\"https:\\\/\\\/buenosdiasbcs.com\\\/\",\"name\":\"Buenos D\u00edas BCS\",\"description\":\"\",\"publisher\":{\"@id\":\"https:\\\/\\\/buenosdiasbcs.com\\\/#organization\"},\"potentialAction\":[{\"@type\":\"SearchAction\",\"target\":{\"@type\":\"EntryPoint\",\"urlTemplate\":\"https:\\\/\\\/buenosdiasbcs.com\\\/?s={search_term_string}\"},\"query-input\":{\"@type\":\"PropertyValueSpecification\",\"valueRequired\":true,\"valueName\":\"search_term_string\"}}],\"inLanguage\":\"es\"},{\"@type\":\"Organization\",\"@id\":\"https:\\\/\\\/buenosdiasbcs.com\\\/#organization\",\"name\":\"Buenos D\u00edas BCS\",\"url\":\"https:\\\/\\\/buenosdiasbcs.com\\\/\",\"logo\":{\"@type\":\"ImageObject\",\"inLanguage\":\"es\",\"@id\":\"https:\\\/\\\/buenosdiasbcs.com\\\/#\\\/schema\\\/logo\\\/image\\\/\",\"url\":\"https:\\\/\\\/buenosdiasbcs.com\\\/wp-content\\\/uploads\\\/2026\\\/01\\\/logo-buenos-dias-40-01.png\",\"contentUrl\":\"https:\\\/\\\/buenosdiasbcs.com\\\/wp-content\\\/uploads\\\/2026\\\/01\\\/logo-buenos-dias-40-01.png\",\"width\":277,\"height\":40,\"caption\":\"Buenos D\u00edas BCS\"},\"image\":{\"@id\":\"https:\\\/\\\/buenosdiasbcs.com\\\/#\\\/schema\\\/logo\\\/image\\\/\"}},{\"@type\":\"Person\",\"@id\":\"https:\\\/\\\/buenosdiasbcs.com\\\/#\\\/schema\\\/person\\\/15aedc247eab7070ee5d76d6d069a821\",\"name\":\"Edici\u00f3n Buenos D\u00edas\",\"image\":{\"@type\":\"ImageObject\",\"inLanguage\":\"es\",\"@id\":\"https:\\\/\\\/buenosdiasbcs.com\\\/wp-content\\\/uploads\\\/2026\\\/01\\\/cropped-sol-96x96.png\",\"url\":\"https:\\\/\\\/buenosdiasbcs.com\\\/wp-content\\\/uploads\\\/2026\\\/01\\\/cropped-sol-96x96.png\",\"contentUrl\":\"https:\\\/\\\/buenosdiasbcs.com\\\/wp-content\\\/uploads\\\/2026\\\/01\\\/cropped-sol-96x96.png\",\"caption\":\"Edici\u00f3n Buenos D\u00edas\"},\"url\":\"https:\\\/\\\/buenosdiasbcs.com\\\/?author=2\"}]}<\/script>\n<!-- \/ Yoast SEO Premium plugin. -->","yoast_head_json":{"title":"Presidente del IEE BCS impugnar\u00e1 resoluci\u00f3n del INE que ordena su remoci\u00f3n - Buenos D&iacute;as BCS","robots":{"index":"index","follow":"follow","max-snippet":"max-snippet:-1","max-image-preview":"max-image-preview:large","max-video-preview":"max-video-preview:-1"},"canonical":"https:\/\/buenosdiasbcs.com\/?p=5109","og_locale":"es_ES","og_type":"article","og_title":"Presidente del IEE BCS impugnar\u00e1 resoluci\u00f3n del INE que ordena su remoci\u00f3n","og_description":"Consejeros del INE aprobaron por unanimidad la destituci\u00f3n del consejero presidente del Instituto Estatal Electoral de Baja California Sur. Este...","og_url":"https:\/\/buenosdiasbcs.com\/?p=5109","og_site_name":"Buenos D&iacute;as BCS","article_published_time":"2026-03-13T07:07:00+00:00","og_image":[{"width":1280,"height":720,"url":"https:\/\/buenosdiasbcs.com\/wp-content\/uploads\/2026\/03\/presidente-del-iee-bcs-impugnara-resolucion-del-ine-que-ordena-su-remocion-0c9e3d81-focus-0-0-1479-828.webp","type":"image\/webp"}],"author":"Edici\u00f3n Buenos D\u00edas","twitter_card":"summary_large_image","twitter_misc":{"Escrito por":"Edici\u00f3n Buenos D\u00edas","Tiempo de lectura":"3 minutos"},"schema":{"@context":"https:\/\/schema.org","@graph":[{"@type":"Article","@id":"https:\/\/buenosdiasbcs.com\/?p=5109#article","isPartOf":{"@id":"https:\/\/buenosdiasbcs.com\/?p=5109"},"author":{"name":"Edici\u00f3n Buenos D\u00edas","@id":"https:\/\/buenosdiasbcs.com\/#\/schema\/person\/15aedc247eab7070ee5d76d6d069a821"},"headline":"Presidente del IEE BCS impugnar\u00e1 resoluci\u00f3n del INE que ordena su remoci\u00f3n","datePublished":"2026-03-13T07:07:00+00:00","mainEntityOfPage":{"@id":"https:\/\/buenosdiasbcs.com\/?p=5109"},"wordCount":794,"commentCount":0,"publisher":{"@id":"https:\/\/buenosdiasbcs.com\/#organization"},"image":{"@id":"https:\/\/buenosdiasbcs.com\/?p=5109#primaryimage"},"thumbnailUrl":"https:\/\/buenosdiasbcs.com\/wp-content\/uploads\/2026\/03\/presidente-del-iee-bcs-impugnara-resolucion-del-ine-que-ordena-su-remocion-0c9e3d81-focus-0-0-1479-828.webp","articleSection":["Partidos"],"inLanguage":"es","potentialAction":[{"@type":"CommentAction","name":"Comment","target":["https:\/\/buenosdiasbcs.com\/?p=5109#respond"]}]},{"@type":"WebPage","@id":"https:\/\/buenosdiasbcs.com\/?p=5109","url":"https:\/\/buenosdiasbcs.com\/?p=5109","name":"Presidente del IEE BCS impugnar\u00e1 resoluci\u00f3n del INE que ordena su remoci\u00f3n - Buenos D&iacute;as BCS","isPartOf":{"@id":"https:\/\/buenosdiasbcs.com\/#website"},"primaryImageOfPage":{"@id":"https:\/\/buenosdiasbcs.com\/?p=5109#primaryimage"},"image":{"@id":"https:\/\/buenosdiasbcs.com\/?p=5109#primaryimage"},"thumbnailUrl":"https:\/\/buenosdiasbcs.com\/wp-content\/uploads\/2026\/03\/presidente-del-iee-bcs-impugnara-resolucion-del-ine-que-ordena-su-remocion-0c9e3d81-focus-0-0-1479-828.webp","datePublished":"2026-03-13T07:07:00+00:00","breadcrumb":{"@id":"https:\/\/buenosdiasbcs.com\/?p=5109#breadcrumb"},"inLanguage":"es","potentialAction":[{"@type":"ReadAction","target":["https:\/\/buenosdiasbcs.com\/?p=5109"]}]},{"@type":"ImageObject","inLanguage":"es","@id":"https:\/\/buenosdiasbcs.com\/?p=5109#primaryimage","url":"https:\/\/buenosdiasbcs.com\/wp-content\/uploads\/2026\/03\/presidente-del-iee-bcs-impugnara-resolucion-del-ine-que-ordena-su-remocion-0c9e3d81-focus-0-0-1479-828.webp","contentUrl":"https:\/\/buenosdiasbcs.com\/wp-content\/uploads\/2026\/03\/presidente-del-iee-bcs-impugnara-resolucion-del-ine-que-ordena-su-remocion-0c9e3d81-focus-0-0-1479-828.webp","width":1280,"height":720},{"@type":"BreadcrumbList","@id":"https:\/\/buenosdiasbcs.com\/?p=5109#breadcrumb","itemListElement":[{"@type":"ListItem","position":1,"name":"Portada","item":"https:\/\/buenosdiasbcs.com\/"},{"@type":"ListItem","position":2,"name":"Presidente del IEE BCS impugnar\u00e1 resoluci\u00f3n del INE que ordena su remoci\u00f3n"}]},{"@type":"WebSite","@id":"https:\/\/buenosdiasbcs.com\/#website","url":"https:\/\/buenosdiasbcs.com\/","name":"Buenos D\u00edas BCS","description":"","publisher":{"@id":"https:\/\/buenosdiasbcs.com\/#organization"},"potentialAction":[{"@type":"SearchAction","target":{"@type":"EntryPoint","urlTemplate":"https:\/\/buenosdiasbcs.com\/?s={search_term_string}"},"query-input":{"@type":"PropertyValueSpecification","valueRequired":true,"valueName":"search_term_string"}}],"inLanguage":"es"},{"@type":"Organization","@id":"https:\/\/buenosdiasbcs.com\/#organization","name":"Buenos D\u00edas BCS","url":"https:\/\/buenosdiasbcs.com\/","logo":{"@type":"ImageObject","inLanguage":"es","@id":"https:\/\/buenosdiasbcs.com\/#\/schema\/logo\/image\/","url":"https:\/\/buenosdiasbcs.com\/wp-content\/uploads\/2026\/01\/logo-buenos-dias-40-01.png","contentUrl":"https:\/\/buenosdiasbcs.com\/wp-content\/uploads\/2026\/01\/logo-buenos-dias-40-01.png","width":277,"height":40,"caption":"Buenos D\u00edas BCS"},"image":{"@id":"https:\/\/buenosdiasbcs.com\/#\/schema\/logo\/image\/"}},{"@type":"Person","@id":"https:\/\/buenosdiasbcs.com\/#\/schema\/person\/15aedc247eab7070ee5d76d6d069a821","name":"Edici\u00f3n Buenos D\u00edas","image":{"@type":"ImageObject","inLanguage":"es","@id":"https:\/\/buenosdiasbcs.com\/wp-content\/uploads\/2026\/01\/cropped-sol-96x96.png","url":"https:\/\/buenosdiasbcs.com\/wp-content\/uploads\/2026\/01\/cropped-sol-96x96.png","contentUrl":"https:\/\/buenosdiasbcs.com\/wp-content\/uploads\/2026\/01\/cropped-sol-96x96.png","caption":"Edici\u00f3n Buenos D\u00edas"},"url":"https:\/\/buenosdiasbcs.com\/?author=2"}]}},"amp_enabled":true,"_links":{"self":[{"href":"https:\/\/buenosdiasbcs.com\/index.php?rest_route=\/wp\/v2\/posts\/5109","targetHints":{"allow":["GET"]}}],"collection":[{"href":"https:\/\/buenosdiasbcs.com\/index.php?rest_route=\/wp\/v2\/posts"}],"about":[{"href":"https:\/\/buenosdiasbcs.com\/index.php?rest_route=\/wp\/v2\/types\/post"}],"author":[{"embeddable":true,"href":"https:\/\/buenosdiasbcs.com\/index.php?rest_route=\/wp\/v2\/users\/2"}],"replies":[{"embeddable":true,"href":"https:\/\/buenosdiasbcs.com\/index.php?rest_route=%2Fwp%2Fv2%2Fcomments&post=5109"}],"version-history":[{"count":1,"href":"https:\/\/buenosdiasbcs.com\/index.php?rest_route=\/wp\/v2\/posts\/5109\/revisions"}],"predecessor-version":[{"id":5111,"href":"https:\/\/buenosdiasbcs.com\/index.php?rest_route=\/wp\/v2\/posts\/5109\/revisions\/5111"}],"wp:featuredmedia":[{"embeddable":true,"href":"https:\/\/buenosdiasbcs.com\/index.php?rest_route=\/wp\/v2\/media\/5110"}],"wp:attachment":[{"href":"https:\/\/buenosdiasbcs.com\/index.php?rest_route=%2Fwp%2Fv2%2Fmedia&parent=5109"}],"wp:term":[{"taxonomy":"category","embeddable":true,"href":"https:\/\/buenosdiasbcs.com\/index.php?rest_route=%2Fwp%2Fv2%2Fcategories&post=5109"},{"taxonomy":"post_tag","embeddable":true,"href":"https:\/\/buenosdiasbcs.com\/index.php?rest_route=%2Fwp%2Fv2%2Ftags&post=5109"}],"curies":[{"name":"wp","href":"https:\/\/api.w.org\/{rel}","templated":true}]}}