{"id":5106,"date":"2026-03-13T00:59:00","date_gmt":"2026-03-13T07:59:00","guid":{"rendered":"https:\/\/buenosdiasbcs.com\/?p=5106"},"modified":"2026-03-12T20:04:11","modified_gmt":"2026-03-13T03:04:11","slug":"detienen-al-director-municipal-de-policia-preventiva-de-los-cabos-por-la-muerte-de-la-agente-citlali-investigan-feminicidio","status":"publish","type":"post","link":"https:\/\/buenosdiasbcs.com\/?p=5106","title":{"rendered":"Detienen al Director Municipal de Polic\u00eda Preventiva de Los Cabos por la muerte de la agente Citlali; investigan feminicidio"},"content":{"rendered":"\n<h2 class=\"wp-block-heading\" id=\"resumenNota\">La detenci\u00f3n ocurri\u00f3 este mi\u00e9rcoles alrededor de las 1:30pm en San Jos\u00e9 del Cabo.<\/h2>\n\n\n\n<p>Este mi\u00e9rcoles 11 de marzo, fue<strong>&nbsp;detenido el Director Municipal de Polic\u00eda Preventiva&nbsp;<\/strong>de Los Cabos, tras la&nbsp;<a href=\"https:\/\/www.posta.com.mx\/bcs\/investigan-posible-feminicidio-de-una-policia-en-san-jose-del-cabo-tenia-24-anos\/vl2175804\">muerte de una agente de la corporaci\u00f3n.<\/a><\/p>\n\n\n\n<p>Los<strong>\u00a0hechos ocurrieron en San Jos\u00e9 del Cab<\/strong>o y son\u00a0<strong>investigados<\/strong>\u00a0por la\u00a0<strong>Procuradur\u00eda General de Justicia<\/strong>\u00a0del Estado (<strong>PGJE<\/strong>), que inici\u00f3 las\u00a0<strong>diligencias<\/strong>\u00a0bajo\u00a0<strong>perspectiva de g\u00e9nero<\/strong>.<\/p>\n\n\n\n<h2 class=\"wp-block-heading\" id=\"h-detienen-nbsp-a-nbsp-nbsp-director-municipal-de-policia-preventiva-nbsp-de-los-cabos\"><strong>Detienen<\/strong>&nbsp;a&nbsp;<strong>&nbsp;Director Municipal de Polic\u00eda Preventiva&nbsp; de Los Cabos<\/strong><\/h2>\n\n\n\n<p>Alrededor de las 1:30pm de este mi\u00e9rcoles, fue&nbsp;<strong>detenido<\/strong>&nbsp;<strong>Edilberto &#8220;N&#8221;<\/strong>,&nbsp;director operativo de Seguridad P\u00fablica, Polic\u00eda Preventiva y Tr\u00e1nsito Municipal de Los Cabos, tras la muerte de&nbsp;<strong>Citlali \u201cN\u201d<\/strong>, de&nbsp;<strong>24 a\u00f1os,&nbsp;<\/strong>agente&nbsp;e la corporaci\u00f3n policial y adscrita a la agrupaci\u00f3n&nbsp;<strong>Fuerza de Reacci\u00f3n Inmediata<\/strong>&nbsp;(FRI).<\/p>\n\n\n\n<p>La joven fue&nbsp;<strong>trasladada de emergencia a un hospital&nbsp;<\/strong>tras recibir un&nbsp;<strong>disparo<\/strong>, sin embargo minutos despu\u00e9s se confirm\u00f3 su&nbsp;<strong>fallecimiento<\/strong>.<\/p>\n\n\n\n<p>De acuerdo con los primeros reportes, la&nbsp;<strong>detenci\u00f3n<\/strong>&nbsp;ocurri\u00f3 en las<strong>&nbsp;inmediaciones<\/strong>&nbsp;del hospital del&nbsp;<strong>ISSSTE en la colonia Rosarito en San Jos\u00e9 del Cabo<\/strong>, a donde hab\u00eda sido trasladada la agente lesionada.<\/p>\n\n\n\n<p><strong>Elementos de investigaci\u00f3n<\/strong>&nbsp;y autoridades ministeriales&nbsp;<strong>aseguraron<\/strong>&nbsp;al&nbsp;<strong>mando policial<\/strong>&nbsp;para ponerlo a disposici\u00f3n de las autoridades correspondientes, mientras se realizan las indagatorias para determinar su responsabilidad en los hechos.<\/p>\n\n\n\n<h2 class=\"wp-block-heading\" id=\"h-como-ocurrio-el-suceso-donde-murio-la-agente-citlali-en-san-jose-del-cabo\">\u00bfC\u00f3mo ocurri\u00f3 el suceso donde muri\u00f3 la agente Citlali en San Jos\u00e9 del Cabo?<\/h2>\n\n\n\n<p>La v\u00edctima, identificada como&nbsp;<strong>Citlali \u201cN\u201d, de 24 a\u00f1os<\/strong>,se desempe\u00f1aba como elemento activo de la&nbsp;<strong>Polic\u00eda Municipal<\/strong>&nbsp;de Los Cabos.<\/p>\n\n\n\n<p>Seg\u00fan la informaci\u00f3n preliminar, la agente recibi\u00f3&nbsp;<strong>un disparo en la espalda dentro de la oficina del director de la polic\u00eda<\/strong>, ubicada en instalaciones de la corporaci\u00f3n policial. Posteriormente, compa\u00f1eros de la v\u00edctima la trasladaron en una&nbsp;<strong>patrulla al hospital<\/strong>&nbsp;del ISSSTE.<\/p>\n\n\n\n<p>Alrededor de la\u00a01:30 de la tarde se report\u00f3<strong>\u00a0su ingreso al \u00e1rea de emergencias<\/strong>, donde fue<strong>\u00a0atendida por personal m\u00e9dico.\u00a0<\/strong>Sin embargo, minutos despu\u00e9s se confirm\u00f3 su\u00a0<strong>fallecimiento<\/strong>.<\/p>\n\n\n\n<p>La&nbsp;<strong>Procuradur\u00eda General de Justicia<\/strong>&nbsp;del Estado inform\u00f3 que agentes de investigaci\u00f3n criminal y peritos acudieron para realizar las&nbsp;<strong>diligencias<\/strong>&nbsp;correspondientes, mientras se abri\u00f3 una&nbsp;<strong>carpeta de investigaci\u00f3n<\/strong>&nbsp;para esclarecer el caso.&nbsp;<\/p>\n\n\n\n<p>Aunque una de las hip\u00f3tesis iniciales se\u00f1ala que el&nbsp;<strong>disparo<\/strong>&nbsp;pudo haberse producido de manera accidental al manipular un arma, la autoridad indic\u00f3 que el caso ser\u00e1 investigado con&nbsp;<strong>perspectiva de g\u00e9nero<\/strong>&nbsp;para determinar si se trata de un&nbsp;<strong>feminicidio<\/strong>.<\/p>\n\n\n\n<h2 class=\"wp-block-heading\" id=\"h-el-caso-sacude-a-la-corporacion-y-abre-investigacion-interna\">El caso sacude a la corporaci\u00f3n y abre investigaci\u00f3n interna<\/h2>\n\n\n\n<p>La muerte de la joven agente provoc\u00f3&nbsp;<strong>conmoci\u00f3n<\/strong>&nbsp;dentro de la corporaci\u00f3n de seguridad municipal, ya que ocurri\u00f3 dentro de&nbsp;<strong>instalaciones policiales<\/strong>.<\/p>\n\n\n\n<p>Mientras tanto, la&nbsp;<strong>PGJE<\/strong>&nbsp;contin\u00faa con las&nbsp;<strong>investigaciones cient\u00edficas<\/strong>&nbsp;y jur\u00eddicas para determinar con precisi\u00f3n c\u00f3mo ocurri\u00f3 el&nbsp;<strong>disparo<\/strong>,&nbsp;<strong>deslindar responsabilidades<\/strong>&nbsp;y establecer si el caso debe ser tipificado como&nbsp;<strong>feminicidio<\/strong>.<\/p>\n\n\n\n<p><\/p>\n","protected":false},"excerpt":{"rendered":"<p>La detenci\u00f3n ocurri\u00f3 este mi\u00e9rcoles alrededor de las 1:30pm en San Jos\u00e9 del Cabo. Este mi\u00e9rcoles 11 de marzo, fue&nbsp;detenido&#8230;<\/p>\n","protected":false},"author":2,"featured_media":5107,"comment_status":"open","ping_status":"open","sticky":false,"template":"","format":"standard","meta":{"footnotes":""},"categories":[237],"tags":[],"class_list":["post-5106","post","type-post","status-publish","format-standard","has-post-thumbnail","hentry","category-seguridad"],"yoast_head":"<!-- This site is optimized with the Yoast SEO Premium plugin v26.8 (Yoast SEO v27.4) - https:\/\/yoast.com\/product\/yoast-seo-premium-wordpress\/ -->\n<title>Detienen al Director Municipal de Polic\u00eda Preventiva de Los Cabos por la muerte de la agente Citlali; investigan feminicidio - Buenos D&iacute;as BCS<\/title>\n<meta name=\"robots\" content=\"index, follow, max-snippet:-1, max-image-preview:large, max-video-preview:-1\" \/>\n<link rel=\"canonical\" href=\"https:\/\/buenosdiasbcs.com\/?p=5106\" \/>\n<meta property=\"og:locale\" content=\"es_ES\" \/>\n<meta property=\"og:type\" content=\"article\" \/>\n<meta property=\"og:title\" content=\"Detienen al Director Municipal de Polic\u00eda Preventiva de Los Cabos por la muerte de la agente Citlali; investigan feminicidio\" \/>\n<meta property=\"og:description\" content=\"La detenci\u00f3n ocurri\u00f3 este mi\u00e9rcoles alrededor de las 1:30pm en San Jos\u00e9 del Cabo. Este mi\u00e9rcoles 11 de marzo, fue&nbsp;detenido...\" \/>\n<meta property=\"og:url\" content=\"https:\/\/buenosdiasbcs.com\/?p=5106\" \/>\n<meta property=\"og:site_name\" content=\"Buenos D&iacute;as BCS\" \/>\n<meta property=\"article:published_time\" content=\"2026-03-13T07:59:00+00:00\" \/>\n<meta property=\"og:image\" content=\"https:\/\/buenosdiasbcs.com\/wp-content\/uploads\/2026\/03\/detienen-a-subdirector-operativo-de-los-cabos-por-feminicidio-9510578f-focus-0-0-1479-828.webp\" \/>\n\t<meta property=\"og:image:width\" content=\"1280\" \/>\n\t<meta property=\"og:image:height\" content=\"720\" \/>\n\t<meta property=\"og:image:type\" content=\"image\/webp\" \/>\n<meta name=\"author\" content=\"Edici\u00f3n Buenos D\u00edas\" \/>\n<meta name=\"twitter:card\" content=\"summary_large_image\" \/>\n<meta name=\"twitter:label1\" content=\"Escrito por\" \/>\n\t<meta name=\"twitter:data1\" content=\"Edici\u00f3n Buenos D\u00edas\" \/>\n\t<meta name=\"twitter:label2\" content=\"Tiempo de lectura\" \/>\n\t<meta name=\"twitter:data2\" content=\"3 minutos\" \/>\n<script type=\"application\/ld+json\" class=\"yoast-schema-graph\">{\"@context\":\"https:\\\/\\\/schema.org\",\"@graph\":[{\"@type\":\"Article\",\"@id\":\"https:\\\/\\\/buenosdiasbcs.com\\\/?p=5106#article\",\"isPartOf\":{\"@id\":\"https:\\\/\\\/buenosdiasbcs.com\\\/?p=5106\"},\"author\":{\"name\":\"Edici\u00f3n Buenos D\u00edas\",\"@id\":\"https:\\\/\\\/buenosdiasbcs.com\\\/#\\\/schema\\\/person\\\/15aedc247eab7070ee5d76d6d069a821\"},\"headline\":\"Detienen al Director Municipal de Polic\u00eda Preventiva de Los Cabos por la muerte de la agente Citlali; investigan feminicidio\",\"datePublished\":\"2026-03-13T07:59:00+00:00\",\"mainEntityOfPage\":{\"@id\":\"https:\\\/\\\/buenosdiasbcs.com\\\/?p=5106\"},\"wordCount\":574,\"commentCount\":0,\"publisher\":{\"@id\":\"https:\\\/\\\/buenosdiasbcs.com\\\/#organization\"},\"image\":{\"@id\":\"https:\\\/\\\/buenosdiasbcs.com\\\/?p=5106#primaryimage\"},\"thumbnailUrl\":\"https:\\\/\\\/buenosdiasbcs.com\\\/wp-content\\\/uploads\\\/2026\\\/03\\\/detienen-a-subdirector-operativo-de-los-cabos-por-feminicidio-9510578f-focus-0-0-1479-828.webp\",\"articleSection\":[\"Seguridad\"],\"inLanguage\":\"es\",\"potentialAction\":[{\"@type\":\"CommentAction\",\"name\":\"Comment\",\"target\":[\"https:\\\/\\\/buenosdiasbcs.com\\\/?p=5106#respond\"]}]},{\"@type\":\"WebPage\",\"@id\":\"https:\\\/\\\/buenosdiasbcs.com\\\/?p=5106\",\"url\":\"https:\\\/\\\/buenosdiasbcs.com\\\/?p=5106\",\"name\":\"Detienen al Director Municipal de Polic\u00eda Preventiva de Los Cabos por la muerte de la agente Citlali; investigan feminicidio - Buenos D&iacute;as BCS\",\"isPartOf\":{\"@id\":\"https:\\\/\\\/buenosdiasbcs.com\\\/#website\"},\"primaryImageOfPage\":{\"@id\":\"https:\\\/\\\/buenosdiasbcs.com\\\/?p=5106#primaryimage\"},\"image\":{\"@id\":\"https:\\\/\\\/buenosdiasbcs.com\\\/?p=5106#primaryimage\"},\"thumbnailUrl\":\"https:\\\/\\\/buenosdiasbcs.com\\\/wp-content\\\/uploads\\\/2026\\\/03\\\/detienen-a-subdirector-operativo-de-los-cabos-por-feminicidio-9510578f-focus-0-0-1479-828.webp\",\"datePublished\":\"2026-03-13T07:59:00+00:00\",\"breadcrumb\":{\"@id\":\"https:\\\/\\\/buenosdiasbcs.com\\\/?p=5106#breadcrumb\"},\"inLanguage\":\"es\",\"potentialAction\":[{\"@type\":\"ReadAction\",\"target\":[\"https:\\\/\\\/buenosdiasbcs.com\\\/?p=5106\"]}]},{\"@type\":\"ImageObject\",\"inLanguage\":\"es\",\"@id\":\"https:\\\/\\\/buenosdiasbcs.com\\\/?p=5106#primaryimage\",\"url\":\"https:\\\/\\\/buenosdiasbcs.com\\\/wp-content\\\/uploads\\\/2026\\\/03\\\/detienen-a-subdirector-operativo-de-los-cabos-por-feminicidio-9510578f-focus-0-0-1479-828.webp\",\"contentUrl\":\"https:\\\/\\\/buenosdiasbcs.com\\\/wp-content\\\/uploads\\\/2026\\\/03\\\/detienen-a-subdirector-operativo-de-los-cabos-por-feminicidio-9510578f-focus-0-0-1479-828.webp\",\"width\":1280,\"height\":720},{\"@type\":\"BreadcrumbList\",\"@id\":\"https:\\\/\\\/buenosdiasbcs.com\\\/?p=5106#breadcrumb\",\"itemListElement\":[{\"@type\":\"ListItem\",\"position\":1,\"name\":\"Portada\",\"item\":\"https:\\\/\\\/buenosdiasbcs.com\\\/\"},{\"@type\":\"ListItem\",\"position\":2,\"name\":\"Detienen al Director Municipal de Polic\u00eda Preventiva de Los Cabos por la muerte de la agente Citlali; investigan feminicidio\"}]},{\"@type\":\"WebSite\",\"@id\":\"https:\\\/\\\/buenosdiasbcs.com\\\/#website\",\"url\":\"https:\\\/\\\/buenosdiasbcs.com\\\/\",\"name\":\"Buenos D\u00edas BCS\",\"description\":\"\",\"publisher\":{\"@id\":\"https:\\\/\\\/buenosdiasbcs.com\\\/#organization\"},\"potentialAction\":[{\"@type\":\"SearchAction\",\"target\":{\"@type\":\"EntryPoint\",\"urlTemplate\":\"https:\\\/\\\/buenosdiasbcs.com\\\/?s={search_term_string}\"},\"query-input\":{\"@type\":\"PropertyValueSpecification\",\"valueRequired\":true,\"valueName\":\"search_term_string\"}}],\"inLanguage\":\"es\"},{\"@type\":\"Organization\",\"@id\":\"https:\\\/\\\/buenosdiasbcs.com\\\/#organization\",\"name\":\"Buenos D\u00edas BCS\",\"url\":\"https:\\\/\\\/buenosdiasbcs.com\\\/\",\"logo\":{\"@type\":\"ImageObject\",\"inLanguage\":\"es\",\"@id\":\"https:\\\/\\\/buenosdiasbcs.com\\\/#\\\/schema\\\/logo\\\/image\\\/\",\"url\":\"https:\\\/\\\/buenosdiasbcs.com\\\/wp-content\\\/uploads\\\/2026\\\/01\\\/logo-buenos-dias-40-01.png\",\"contentUrl\":\"https:\\\/\\\/buenosdiasbcs.com\\\/wp-content\\\/uploads\\\/2026\\\/01\\\/logo-buenos-dias-40-01.png\",\"width\":277,\"height\":40,\"caption\":\"Buenos D\u00edas BCS\"},\"image\":{\"@id\":\"https:\\\/\\\/buenosdiasbcs.com\\\/#\\\/schema\\\/logo\\\/image\\\/\"}},{\"@type\":\"Person\",\"@id\":\"https:\\\/\\\/buenosdiasbcs.com\\\/#\\\/schema\\\/person\\\/15aedc247eab7070ee5d76d6d069a821\",\"name\":\"Edici\u00f3n Buenos D\u00edas\",\"image\":{\"@type\":\"ImageObject\",\"inLanguage\":\"es\",\"@id\":\"https:\\\/\\\/buenosdiasbcs.com\\\/wp-content\\\/uploads\\\/2026\\\/01\\\/cropped-sol-96x96.png\",\"url\":\"https:\\\/\\\/buenosdiasbcs.com\\\/wp-content\\\/uploads\\\/2026\\\/01\\\/cropped-sol-96x96.png\",\"contentUrl\":\"https:\\\/\\\/buenosdiasbcs.com\\\/wp-content\\\/uploads\\\/2026\\\/01\\\/cropped-sol-96x96.png\",\"caption\":\"Edici\u00f3n Buenos D\u00edas\"},\"url\":\"https:\\\/\\\/buenosdiasbcs.com\\\/?author=2\"}]}<\/script>\n<!-- \/ Yoast SEO Premium plugin. -->","yoast_head_json":{"title":"Detienen al Director Municipal de Polic\u00eda Preventiva de Los Cabos por la muerte de la agente Citlali; investigan feminicidio - Buenos D&iacute;as BCS","robots":{"index":"index","follow":"follow","max-snippet":"max-snippet:-1","max-image-preview":"max-image-preview:large","max-video-preview":"max-video-preview:-1"},"canonical":"https:\/\/buenosdiasbcs.com\/?p=5106","og_locale":"es_ES","og_type":"article","og_title":"Detienen al Director Municipal de Polic\u00eda Preventiva de Los Cabos por la muerte de la agente Citlali; investigan feminicidio","og_description":"La detenci\u00f3n ocurri\u00f3 este mi\u00e9rcoles alrededor de las 1:30pm en San Jos\u00e9 del Cabo. Este mi\u00e9rcoles 11 de marzo, fue&nbsp;detenido...","og_url":"https:\/\/buenosdiasbcs.com\/?p=5106","og_site_name":"Buenos D&iacute;as BCS","article_published_time":"2026-03-13T07:59:00+00:00","og_image":[{"width":1280,"height":720,"url":"https:\/\/buenosdiasbcs.com\/wp-content\/uploads\/2026\/03\/detienen-a-subdirector-operativo-de-los-cabos-por-feminicidio-9510578f-focus-0-0-1479-828.webp","type":"image\/webp"}],"author":"Edici\u00f3n Buenos D\u00edas","twitter_card":"summary_large_image","twitter_misc":{"Escrito por":"Edici\u00f3n Buenos D\u00edas","Tiempo de lectura":"3 minutos"},"schema":{"@context":"https:\/\/schema.org","@graph":[{"@type":"Article","@id":"https:\/\/buenosdiasbcs.com\/?p=5106#article","isPartOf":{"@id":"https:\/\/buenosdiasbcs.com\/?p=5106"},"author":{"name":"Edici\u00f3n Buenos D\u00edas","@id":"https:\/\/buenosdiasbcs.com\/#\/schema\/person\/15aedc247eab7070ee5d76d6d069a821"},"headline":"Detienen al Director Municipal de Polic\u00eda Preventiva de Los Cabos por la muerte de la agente Citlali; investigan feminicidio","datePublished":"2026-03-13T07:59:00+00:00","mainEntityOfPage":{"@id":"https:\/\/buenosdiasbcs.com\/?p=5106"},"wordCount":574,"commentCount":0,"publisher":{"@id":"https:\/\/buenosdiasbcs.com\/#organization"},"image":{"@id":"https:\/\/buenosdiasbcs.com\/?p=5106#primaryimage"},"thumbnailUrl":"https:\/\/buenosdiasbcs.com\/wp-content\/uploads\/2026\/03\/detienen-a-subdirector-operativo-de-los-cabos-por-feminicidio-9510578f-focus-0-0-1479-828.webp","articleSection":["Seguridad"],"inLanguage":"es","potentialAction":[{"@type":"CommentAction","name":"Comment","target":["https:\/\/buenosdiasbcs.com\/?p=5106#respond"]}]},{"@type":"WebPage","@id":"https:\/\/buenosdiasbcs.com\/?p=5106","url":"https:\/\/buenosdiasbcs.com\/?p=5106","name":"Detienen al Director Municipal de Polic\u00eda Preventiva de Los Cabos por la muerte de la agente Citlali; investigan feminicidio - Buenos D&iacute;as BCS","isPartOf":{"@id":"https:\/\/buenosdiasbcs.com\/#website"},"primaryImageOfPage":{"@id":"https:\/\/buenosdiasbcs.com\/?p=5106#primaryimage"},"image":{"@id":"https:\/\/buenosdiasbcs.com\/?p=5106#primaryimage"},"thumbnailUrl":"https:\/\/buenosdiasbcs.com\/wp-content\/uploads\/2026\/03\/detienen-a-subdirector-operativo-de-los-cabos-por-feminicidio-9510578f-focus-0-0-1479-828.webp","datePublished":"2026-03-13T07:59:00+00:00","breadcrumb":{"@id":"https:\/\/buenosdiasbcs.com\/?p=5106#breadcrumb"},"inLanguage":"es","potentialAction":[{"@type":"ReadAction","target":["https:\/\/buenosdiasbcs.com\/?p=5106"]}]},{"@type":"ImageObject","inLanguage":"es","@id":"https:\/\/buenosdiasbcs.com\/?p=5106#primaryimage","url":"https:\/\/buenosdiasbcs.com\/wp-content\/uploads\/2026\/03\/detienen-a-subdirector-operativo-de-los-cabos-por-feminicidio-9510578f-focus-0-0-1479-828.webp","contentUrl":"https:\/\/buenosdiasbcs.com\/wp-content\/uploads\/2026\/03\/detienen-a-subdirector-operativo-de-los-cabos-por-feminicidio-9510578f-focus-0-0-1479-828.webp","width":1280,"height":720},{"@type":"BreadcrumbList","@id":"https:\/\/buenosdiasbcs.com\/?p=5106#breadcrumb","itemListElement":[{"@type":"ListItem","position":1,"name":"Portada","item":"https:\/\/buenosdiasbcs.com\/"},{"@type":"ListItem","position":2,"name":"Detienen al Director Municipal de Polic\u00eda Preventiva de Los Cabos por la muerte de la agente Citlali; investigan feminicidio"}]},{"@type":"WebSite","@id":"https:\/\/buenosdiasbcs.com\/#website","url":"https:\/\/buenosdiasbcs.com\/","name":"Buenos D\u00edas BCS","description":"","publisher":{"@id":"https:\/\/buenosdiasbcs.com\/#organization"},"potentialAction":[{"@type":"SearchAction","target":{"@type":"EntryPoint","urlTemplate":"https:\/\/buenosdiasbcs.com\/?s={search_term_string}"},"query-input":{"@type":"PropertyValueSpecification","valueRequired":true,"valueName":"search_term_string"}}],"inLanguage":"es"},{"@type":"Organization","@id":"https:\/\/buenosdiasbcs.com\/#organization","name":"Buenos D\u00edas BCS","url":"https:\/\/buenosdiasbcs.com\/","logo":{"@type":"ImageObject","inLanguage":"es","@id":"https:\/\/buenosdiasbcs.com\/#\/schema\/logo\/image\/","url":"https:\/\/buenosdiasbcs.com\/wp-content\/uploads\/2026\/01\/logo-buenos-dias-40-01.png","contentUrl":"https:\/\/buenosdiasbcs.com\/wp-content\/uploads\/2026\/01\/logo-buenos-dias-40-01.png","width":277,"height":40,"caption":"Buenos D\u00edas BCS"},"image":{"@id":"https:\/\/buenosdiasbcs.com\/#\/schema\/logo\/image\/"}},{"@type":"Person","@id":"https:\/\/buenosdiasbcs.com\/#\/schema\/person\/15aedc247eab7070ee5d76d6d069a821","name":"Edici\u00f3n Buenos D\u00edas","image":{"@type":"ImageObject","inLanguage":"es","@id":"https:\/\/buenosdiasbcs.com\/wp-content\/uploads\/2026\/01\/cropped-sol-96x96.png","url":"https:\/\/buenosdiasbcs.com\/wp-content\/uploads\/2026\/01\/cropped-sol-96x96.png","contentUrl":"https:\/\/buenosdiasbcs.com\/wp-content\/uploads\/2026\/01\/cropped-sol-96x96.png","caption":"Edici\u00f3n Buenos D\u00edas"},"url":"https:\/\/buenosdiasbcs.com\/?author=2"}]}},"amp_enabled":true,"_links":{"self":[{"href":"https:\/\/buenosdiasbcs.com\/index.php?rest_route=\/wp\/v2\/posts\/5106","targetHints":{"allow":["GET"]}}],"collection":[{"href":"https:\/\/buenosdiasbcs.com\/index.php?rest_route=\/wp\/v2\/posts"}],"about":[{"href":"https:\/\/buenosdiasbcs.com\/index.php?rest_route=\/wp\/v2\/types\/post"}],"author":[{"embeddable":true,"href":"https:\/\/buenosdiasbcs.com\/index.php?rest_route=\/wp\/v2\/users\/2"}],"replies":[{"embeddable":true,"href":"https:\/\/buenosdiasbcs.com\/index.php?rest_route=%2Fwp%2Fv2%2Fcomments&post=5106"}],"version-history":[{"count":1,"href":"https:\/\/buenosdiasbcs.com\/index.php?rest_route=\/wp\/v2\/posts\/5106\/revisions"}],"predecessor-version":[{"id":5108,"href":"https:\/\/buenosdiasbcs.com\/index.php?rest_route=\/wp\/v2\/posts\/5106\/revisions\/5108"}],"wp:featuredmedia":[{"embeddable":true,"href":"https:\/\/buenosdiasbcs.com\/index.php?rest_route=\/wp\/v2\/media\/5107"}],"wp:attachment":[{"href":"https:\/\/buenosdiasbcs.com\/index.php?rest_route=%2Fwp%2Fv2%2Fmedia&parent=5106"}],"wp:term":[{"taxonomy":"category","embeddable":true,"href":"https:\/\/buenosdiasbcs.com\/index.php?rest_route=%2Fwp%2Fv2%2Fcategories&post=5106"},{"taxonomy":"post_tag","embeddable":true,"href":"https:\/\/buenosdiasbcs.com\/index.php?rest_route=%2Fwp%2Fv2%2Ftags&post=5106"}],"curies":[{"name":"wp","href":"https:\/\/api.w.org\/{rel}","templated":true}]}}