{"id":5103,"date":"2026-03-13T00:57:00","date_gmt":"2026-03-13T07:57:00","guid":{"rendered":"https:\/\/buenosdiasbcs.com\/?p=5103"},"modified":"2026-03-12T20:00:43","modified_gmt":"2026-03-13T03:00:43","slug":"vinculan-a-proceso-a-el-burro-por-un-secuestro-en-mulege-esta-en-prision-preventiva","status":"publish","type":"post","link":"https:\/\/buenosdiasbcs.com\/?p=5103","title":{"rendered":"Vinculan a proceso a &#8216;El Burro&#8217; por un secuestro en Muleg\u00e9; est\u00e1 en prisi\u00f3n preventiva"},"content":{"rendered":"\n<p id=\"resumenNota\">Francisco &#8220;N&#8221;, alias &#8220;El Burro&#8221; es una objetivo prioritario a detener, informa la PGJE; por ahora, ya enfrentar\u00e1 los procesos en su contra tras las rejas.<\/p>\n\n\n\n<p>Francisco Javier N, alias El Burro, ya est\u00e1 en prisi\u00f3n para enfrentar las acusaciones de secuestro que hay en su contra. Foto Ilustrativa de Archivo.<\/p>\n\n\n\n<p>En junio del a\u00f1o pasado, el&nbsp;<strong>secuestro&nbsp;<\/strong>de un par de&nbsp;<strong>j\u00f3venes en Cabo San Lucas<\/strong>&nbsp;fue una noticia que conmovi\u00f3 a los sudcalifornianos, sin embargo, los&nbsp;<a href=\"https:\/\/www.posta.com.mx\/bcs\/a-prision-preventiva-los-policias-investigados-por-secuestro-de-jovenes-en-los-cabos\/vl2076859\"><strong>polic\u00edas&nbsp;<\/strong>y presuntos delincuentes ya fueron atrapados y est\u00e1n en prisi\u00f3n enfrentando su proceso<\/a>, caso similar al de este hombre acusado de un&nbsp;<strong>secuestro en Muleg\u00e9<\/strong>.<\/p>\n\n\n\n<h2 class=\"wp-block-heading\" id=\"h-quien-es-el-hombre-acusado-de-secuestro-en-mulege\">\u00bfQui\u00e9n es el hombre acusado de secuestro en Muleg\u00e9?<\/h2>\n\n\n\n<p>La Procuradur\u00eda General de Justicia del Estado\u00a0<strong>(PGJE) de Baja California Sur,\u00a0<\/strong>a trav\u00e9s de la Subprocuradur\u00eda de Atenci\u00f3n a Delitos de Alto Impacto, informa la\u00a0<strong>vinculaci\u00f3n a proceso de Francisco Javier \u201cN\u201d, alias \u201cEl Burro\u201d<\/strong>, de 27 a\u00f1os, por el delito<strong>\u00a0secuestro<\/strong>\u00a0agravado \u2014como coautor\u2014 de un hombre en\u00a0<strong>Muleg\u00e9<\/strong>.<\/p>\n\n\n\n<p>El hoy procesado era&nbsp;<strong>objetivo prioritario de&nbsp;la Mesa de Seguridad Estatal<\/strong>&nbsp;por generar<strong>&nbsp;violencia<\/strong>&nbsp;en la regi\u00f3n, sin embargo, tras labores de inteligencia y&nbsp;<a href=\"https:\/\/www.posta.com.mx\/bcs\/detienen-a-el-burro-en-puerto-san-carlos-estaba-acusado-de-secuestro-y-prioridad-para-la-mesa-de-seguridad-en-bcs\/vl2173461\">trabajo coordinado de investigaci\u00f3n, se logr\u00f3 dar con el&nbsp;<strong>presunto delincuente<\/strong><\/a>.<\/p>\n\n\n\n<h2 class=\"wp-block-heading\" id=\"h-como-fue-capturado-el-burro\">\u00bfC\u00f3mo fue capturado &#8220;El Burro&#8221;?<\/h2>\n\n\n\n<p>La&nbsp;<strong>PGJE<\/strong>&nbsp;hab\u00eda solicitado una orden de aprehensi\u00f3n en contra de&nbsp;<strong>Francisco Javier &#8220;N&#8221;<\/strong>, tras realizar las primeras investigaciones; en un operativo realizado en&nbsp;<strong>San Carlos, municipio de Comond\u00fa<\/strong>, \u00e9ste fue&nbsp;<strong>capturado.<\/strong><\/p>\n\n\n\n<p><a href=\"https:\/\/www.posta.com.mx\/bcs\/ojo-con-las-llamadas-en-bcs-asi-operan-los-secuestros-virtuales-y-como-evitarlos\/vl2139018\">Se trat\u00f3 de un amplio&nbsp;<strong>operativo<\/strong>&nbsp;<\/a>en el que tuvieron que intervenir&nbsp;elementos de la&nbsp;<strong>PGJE, la Marina,<\/strong>&nbsp;Seguridad P\u00fablica Estatal y Municipal.<\/p>\n\n\n\n<p>Ayer, 11 de marzo, se realiz\u00f3 la\u00a0<strong>audiencia inicial\u00a0<\/strong>donde el juez estableci\u00f3 que est\u00e1\u00a0vinculado a proceso, imponiendo como medida cautelar la\u00a0<strong>prisi\u00f3n preventiva<\/strong>.<\/p>\n\n\n\n<h2 class=\"wp-block-heading\" id=\"h-como-ocurrio-el-presunto-secuestro-realizado-en-mulege\">\u00bfC\u00f3mo ocurri\u00f3 el presunto secuestro realizado en Muleg\u00e9?<\/h2>\n\n\n\n<p>De acuerdo con las investigaciones, los hechos ocurrieron la ma\u00f1ana del 24 de mayo de 2024, cuando<strong>&nbsp;&#8220;El Burro&#8221;,<\/strong>junto con otras personas, lleg\u00f3 a la<strong>&nbsp;playa El Esterito<\/strong>, en el municipio de&nbsp;<strong>Muleg\u00e9,<\/strong>&nbsp;donde la v\u00edctima se encontraba acampando.<\/p>\n\n\n\n<p>Todo indica que el grupo someti\u00f3 al hombre y lo agredi\u00f3 f\u00edsica y verbalmente, luego entraron al campamento para quitarle sus pertenencias de valor; finalmente,<strong>&nbsp;lo abandonaron todo lesionado, cerca del lugar de la agresi\u00f3n<\/strong>.<\/p>\n\n\n\n<p>Desgraciadamente,&nbsp;<a href=\"https:\/\/www.posta.com.mx\/bcs\/ojo-con-las-llamadas-en-bcs-asi-operan-los-secuestros-virtuales-y-como-evitarlos\/vl2139018\">los&nbsp;<strong>secuestros virtuales<\/strong>&nbsp;son otra modalidad de los que ya se han reportado casos en&nbsp;<strong>Baja California Sur<\/strong><\/a><strong>,&nbsp;<\/strong>por lo que las autoridades han emitido recomendaciones para no caer en enga\u00f1os.<\/p>\n","protected":false},"excerpt":{"rendered":"<p>Francisco &#8220;N&#8221;, alias &#8220;El Burro&#8221; es una objetivo prioritario a detener, informa la PGJE; por ahora, ya enfrentar\u00e1 los procesos&#8230;<\/p>\n","protected":false},"author":2,"featured_media":5104,"comment_status":"open","ping_status":"open","sticky":false,"template":"","format":"standard","meta":{"footnotes":""},"categories":[237],"tags":[],"class_list":["post-5103","post","type-post","status-publish","format-standard","has-post-thumbnail","hentry","category-seguridad"],"yoast_head":"<!-- This site is optimized with the Yoast SEO Premium plugin v26.8 (Yoast SEO v27.4) - https:\/\/yoast.com\/product\/yoast-seo-premium-wordpress\/ -->\n<title>Vinculan a proceso a &#039;El Burro&#039; por un secuestro en Muleg\u00e9; est\u00e1 en prisi\u00f3n preventiva - Buenos D&iacute;as BCS<\/title>\n<meta name=\"robots\" content=\"index, follow, max-snippet:-1, max-image-preview:large, max-video-preview:-1\" \/>\n<link rel=\"canonical\" href=\"https:\/\/buenosdiasbcs.com\/?p=5103\" \/>\n<meta property=\"og:locale\" content=\"es_ES\" \/>\n<meta property=\"og:type\" content=\"article\" \/>\n<meta property=\"og:title\" content=\"Vinculan a proceso a &#039;El Burro&#039; por un secuestro en Muleg\u00e9; est\u00e1 en prisi\u00f3n preventiva\" \/>\n<meta property=\"og:description\" content=\"Francisco &#8220;N&#8221;, alias &#8220;El Burro&#8221; es una objetivo prioritario a detener, informa la PGJE; por ahora, ya enfrentar\u00e1 los procesos...\" \/>\n<meta property=\"og:url\" content=\"https:\/\/buenosdiasbcs.com\/?p=5103\" \/>\n<meta property=\"og:site_name\" content=\"Buenos D&iacute;as BCS\" \/>\n<meta property=\"article:published_time\" content=\"2026-03-13T07:57:00+00:00\" \/>\n<meta property=\"og:image\" content=\"https:\/\/buenosdiasbcs.com\/wp-content\/uploads\/2026\/03\/francisco-35e0bea1-focus-0-0-825-550.webp\" \/>\n\t<meta property=\"og:image:width\" content=\"825\" \/>\n\t<meta property=\"og:image:height\" content=\"550\" \/>\n\t<meta property=\"og:image:type\" content=\"image\/webp\" \/>\n<meta name=\"author\" content=\"Edici\u00f3n Buenos D\u00edas\" \/>\n<meta name=\"twitter:card\" content=\"summary_large_image\" \/>\n<meta name=\"twitter:label1\" content=\"Escrito por\" \/>\n\t<meta name=\"twitter:data1\" content=\"Edici\u00f3n Buenos D\u00edas\" \/>\n\t<meta name=\"twitter:label2\" content=\"Tiempo de lectura\" \/>\n\t<meta name=\"twitter:data2\" content=\"3 minutos\" \/>\n<script type=\"application\/ld+json\" class=\"yoast-schema-graph\">{\"@context\":\"https:\\\/\\\/schema.org\",\"@graph\":[{\"@type\":\"Article\",\"@id\":\"https:\\\/\\\/buenosdiasbcs.com\\\/?p=5103#article\",\"isPartOf\":{\"@id\":\"https:\\\/\\\/buenosdiasbcs.com\\\/?p=5103\"},\"author\":{\"name\":\"Edici\u00f3n Buenos D\u00edas\",\"@id\":\"https:\\\/\\\/buenosdiasbcs.com\\\/#\\\/schema\\\/person\\\/15aedc247eab7070ee5d76d6d069a821\"},\"headline\":\"Vinculan a proceso a &#8216;El Burro&#8217; por un secuestro en Muleg\u00e9; est\u00e1 en prisi\u00f3n preventiva\",\"datePublished\":\"2026-03-13T07:57:00+00:00\",\"mainEntityOfPage\":{\"@id\":\"https:\\\/\\\/buenosdiasbcs.com\\\/?p=5103\"},\"wordCount\":472,\"commentCount\":0,\"publisher\":{\"@id\":\"https:\\\/\\\/buenosdiasbcs.com\\\/#organization\"},\"image\":{\"@id\":\"https:\\\/\\\/buenosdiasbcs.com\\\/?p=5103#primaryimage\"},\"thumbnailUrl\":\"https:\\\/\\\/buenosdiasbcs.com\\\/wp-content\\\/uploads\\\/2026\\\/03\\\/francisco-35e0bea1-focus-0-0-825-550.webp\",\"articleSection\":[\"Seguridad\"],\"inLanguage\":\"es\",\"potentialAction\":[{\"@type\":\"CommentAction\",\"name\":\"Comment\",\"target\":[\"https:\\\/\\\/buenosdiasbcs.com\\\/?p=5103#respond\"]}]},{\"@type\":\"WebPage\",\"@id\":\"https:\\\/\\\/buenosdiasbcs.com\\\/?p=5103\",\"url\":\"https:\\\/\\\/buenosdiasbcs.com\\\/?p=5103\",\"name\":\"Vinculan a proceso a 'El Burro' por un secuestro en Muleg\u00e9; est\u00e1 en prisi\u00f3n preventiva - Buenos D&iacute;as BCS\",\"isPartOf\":{\"@id\":\"https:\\\/\\\/buenosdiasbcs.com\\\/#website\"},\"primaryImageOfPage\":{\"@id\":\"https:\\\/\\\/buenosdiasbcs.com\\\/?p=5103#primaryimage\"},\"image\":{\"@id\":\"https:\\\/\\\/buenosdiasbcs.com\\\/?p=5103#primaryimage\"},\"thumbnailUrl\":\"https:\\\/\\\/buenosdiasbcs.com\\\/wp-content\\\/uploads\\\/2026\\\/03\\\/francisco-35e0bea1-focus-0-0-825-550.webp\",\"datePublished\":\"2026-03-13T07:57:00+00:00\",\"breadcrumb\":{\"@id\":\"https:\\\/\\\/buenosdiasbcs.com\\\/?p=5103#breadcrumb\"},\"inLanguage\":\"es\",\"potentialAction\":[{\"@type\":\"ReadAction\",\"target\":[\"https:\\\/\\\/buenosdiasbcs.com\\\/?p=5103\"]}]},{\"@type\":\"ImageObject\",\"inLanguage\":\"es\",\"@id\":\"https:\\\/\\\/buenosdiasbcs.com\\\/?p=5103#primaryimage\",\"url\":\"https:\\\/\\\/buenosdiasbcs.com\\\/wp-content\\\/uploads\\\/2026\\\/03\\\/francisco-35e0bea1-focus-0-0-825-550.webp\",\"contentUrl\":\"https:\\\/\\\/buenosdiasbcs.com\\\/wp-content\\\/uploads\\\/2026\\\/03\\\/francisco-35e0bea1-focus-0-0-825-550.webp\",\"width\":825,\"height\":550},{\"@type\":\"BreadcrumbList\",\"@id\":\"https:\\\/\\\/buenosdiasbcs.com\\\/?p=5103#breadcrumb\",\"itemListElement\":[{\"@type\":\"ListItem\",\"position\":1,\"name\":\"Portada\",\"item\":\"https:\\\/\\\/buenosdiasbcs.com\\\/\"},{\"@type\":\"ListItem\",\"position\":2,\"name\":\"Vinculan a proceso a &#8216;El Burro&#8217; por un secuestro en Muleg\u00e9; est\u00e1 en prisi\u00f3n preventiva\"}]},{\"@type\":\"WebSite\",\"@id\":\"https:\\\/\\\/buenosdiasbcs.com\\\/#website\",\"url\":\"https:\\\/\\\/buenosdiasbcs.com\\\/\",\"name\":\"Buenos D\u00edas BCS\",\"description\":\"\",\"publisher\":{\"@id\":\"https:\\\/\\\/buenosdiasbcs.com\\\/#organization\"},\"potentialAction\":[{\"@type\":\"SearchAction\",\"target\":{\"@type\":\"EntryPoint\",\"urlTemplate\":\"https:\\\/\\\/buenosdiasbcs.com\\\/?s={search_term_string}\"},\"query-input\":{\"@type\":\"PropertyValueSpecification\",\"valueRequired\":true,\"valueName\":\"search_term_string\"}}],\"inLanguage\":\"es\"},{\"@type\":\"Organization\",\"@id\":\"https:\\\/\\\/buenosdiasbcs.com\\\/#organization\",\"name\":\"Buenos D\u00edas BCS\",\"url\":\"https:\\\/\\\/buenosdiasbcs.com\\\/\",\"logo\":{\"@type\":\"ImageObject\",\"inLanguage\":\"es\",\"@id\":\"https:\\\/\\\/buenosdiasbcs.com\\\/#\\\/schema\\\/logo\\\/image\\\/\",\"url\":\"https:\\\/\\\/buenosdiasbcs.com\\\/wp-content\\\/uploads\\\/2026\\\/01\\\/logo-buenos-dias-40-01.png\",\"contentUrl\":\"https:\\\/\\\/buenosdiasbcs.com\\\/wp-content\\\/uploads\\\/2026\\\/01\\\/logo-buenos-dias-40-01.png\",\"width\":277,\"height\":40,\"caption\":\"Buenos D\u00edas BCS\"},\"image\":{\"@id\":\"https:\\\/\\\/buenosdiasbcs.com\\\/#\\\/schema\\\/logo\\\/image\\\/\"}},{\"@type\":\"Person\",\"@id\":\"https:\\\/\\\/buenosdiasbcs.com\\\/#\\\/schema\\\/person\\\/15aedc247eab7070ee5d76d6d069a821\",\"name\":\"Edici\u00f3n Buenos D\u00edas\",\"image\":{\"@type\":\"ImageObject\",\"inLanguage\":\"es\",\"@id\":\"https:\\\/\\\/buenosdiasbcs.com\\\/wp-content\\\/uploads\\\/2026\\\/01\\\/cropped-sol-96x96.png\",\"url\":\"https:\\\/\\\/buenosdiasbcs.com\\\/wp-content\\\/uploads\\\/2026\\\/01\\\/cropped-sol-96x96.png\",\"contentUrl\":\"https:\\\/\\\/buenosdiasbcs.com\\\/wp-content\\\/uploads\\\/2026\\\/01\\\/cropped-sol-96x96.png\",\"caption\":\"Edici\u00f3n Buenos D\u00edas\"},\"url\":\"https:\\\/\\\/buenosdiasbcs.com\\\/?author=2\"}]}<\/script>\n<!-- \/ Yoast SEO Premium plugin. -->","yoast_head_json":{"title":"Vinculan a proceso a 'El Burro' por un secuestro en Muleg\u00e9; est\u00e1 en prisi\u00f3n preventiva - Buenos D&iacute;as BCS","robots":{"index":"index","follow":"follow","max-snippet":"max-snippet:-1","max-image-preview":"max-image-preview:large","max-video-preview":"max-video-preview:-1"},"canonical":"https:\/\/buenosdiasbcs.com\/?p=5103","og_locale":"es_ES","og_type":"article","og_title":"Vinculan a proceso a 'El Burro' por un secuestro en Muleg\u00e9; est\u00e1 en prisi\u00f3n preventiva","og_description":"Francisco &#8220;N&#8221;, alias &#8220;El Burro&#8221; es una objetivo prioritario a detener, informa la PGJE; por ahora, ya enfrentar\u00e1 los procesos...","og_url":"https:\/\/buenosdiasbcs.com\/?p=5103","og_site_name":"Buenos D&iacute;as BCS","article_published_time":"2026-03-13T07:57:00+00:00","og_image":[{"width":825,"height":550,"url":"https:\/\/buenosdiasbcs.com\/wp-content\/uploads\/2026\/03\/francisco-35e0bea1-focus-0-0-825-550.webp","type":"image\/webp"}],"author":"Edici\u00f3n Buenos D\u00edas","twitter_card":"summary_large_image","twitter_misc":{"Escrito por":"Edici\u00f3n Buenos D\u00edas","Tiempo de lectura":"3 minutos"},"schema":{"@context":"https:\/\/schema.org","@graph":[{"@type":"Article","@id":"https:\/\/buenosdiasbcs.com\/?p=5103#article","isPartOf":{"@id":"https:\/\/buenosdiasbcs.com\/?p=5103"},"author":{"name":"Edici\u00f3n Buenos D\u00edas","@id":"https:\/\/buenosdiasbcs.com\/#\/schema\/person\/15aedc247eab7070ee5d76d6d069a821"},"headline":"Vinculan a proceso a &#8216;El Burro&#8217; por un secuestro en Muleg\u00e9; est\u00e1 en prisi\u00f3n preventiva","datePublished":"2026-03-13T07:57:00+00:00","mainEntityOfPage":{"@id":"https:\/\/buenosdiasbcs.com\/?p=5103"},"wordCount":472,"commentCount":0,"publisher":{"@id":"https:\/\/buenosdiasbcs.com\/#organization"},"image":{"@id":"https:\/\/buenosdiasbcs.com\/?p=5103#primaryimage"},"thumbnailUrl":"https:\/\/buenosdiasbcs.com\/wp-content\/uploads\/2026\/03\/francisco-35e0bea1-focus-0-0-825-550.webp","articleSection":["Seguridad"],"inLanguage":"es","potentialAction":[{"@type":"CommentAction","name":"Comment","target":["https:\/\/buenosdiasbcs.com\/?p=5103#respond"]}]},{"@type":"WebPage","@id":"https:\/\/buenosdiasbcs.com\/?p=5103","url":"https:\/\/buenosdiasbcs.com\/?p=5103","name":"Vinculan a proceso a 'El Burro' por un secuestro en Muleg\u00e9; est\u00e1 en prisi\u00f3n preventiva - Buenos D&iacute;as BCS","isPartOf":{"@id":"https:\/\/buenosdiasbcs.com\/#website"},"primaryImageOfPage":{"@id":"https:\/\/buenosdiasbcs.com\/?p=5103#primaryimage"},"image":{"@id":"https:\/\/buenosdiasbcs.com\/?p=5103#primaryimage"},"thumbnailUrl":"https:\/\/buenosdiasbcs.com\/wp-content\/uploads\/2026\/03\/francisco-35e0bea1-focus-0-0-825-550.webp","datePublished":"2026-03-13T07:57:00+00:00","breadcrumb":{"@id":"https:\/\/buenosdiasbcs.com\/?p=5103#breadcrumb"},"inLanguage":"es","potentialAction":[{"@type":"ReadAction","target":["https:\/\/buenosdiasbcs.com\/?p=5103"]}]},{"@type":"ImageObject","inLanguage":"es","@id":"https:\/\/buenosdiasbcs.com\/?p=5103#primaryimage","url":"https:\/\/buenosdiasbcs.com\/wp-content\/uploads\/2026\/03\/francisco-35e0bea1-focus-0-0-825-550.webp","contentUrl":"https:\/\/buenosdiasbcs.com\/wp-content\/uploads\/2026\/03\/francisco-35e0bea1-focus-0-0-825-550.webp","width":825,"height":550},{"@type":"BreadcrumbList","@id":"https:\/\/buenosdiasbcs.com\/?p=5103#breadcrumb","itemListElement":[{"@type":"ListItem","position":1,"name":"Portada","item":"https:\/\/buenosdiasbcs.com\/"},{"@type":"ListItem","position":2,"name":"Vinculan a proceso a &#8216;El Burro&#8217; por un secuestro en Muleg\u00e9; est\u00e1 en prisi\u00f3n preventiva"}]},{"@type":"WebSite","@id":"https:\/\/buenosdiasbcs.com\/#website","url":"https:\/\/buenosdiasbcs.com\/","name":"Buenos D\u00edas BCS","description":"","publisher":{"@id":"https:\/\/buenosdiasbcs.com\/#organization"},"potentialAction":[{"@type":"SearchAction","target":{"@type":"EntryPoint","urlTemplate":"https:\/\/buenosdiasbcs.com\/?s={search_term_string}"},"query-input":{"@type":"PropertyValueSpecification","valueRequired":true,"valueName":"search_term_string"}}],"inLanguage":"es"},{"@type":"Organization","@id":"https:\/\/buenosdiasbcs.com\/#organization","name":"Buenos D\u00edas BCS","url":"https:\/\/buenosdiasbcs.com\/","logo":{"@type":"ImageObject","inLanguage":"es","@id":"https:\/\/buenosdiasbcs.com\/#\/schema\/logo\/image\/","url":"https:\/\/buenosdiasbcs.com\/wp-content\/uploads\/2026\/01\/logo-buenos-dias-40-01.png","contentUrl":"https:\/\/buenosdiasbcs.com\/wp-content\/uploads\/2026\/01\/logo-buenos-dias-40-01.png","width":277,"height":40,"caption":"Buenos D\u00edas BCS"},"image":{"@id":"https:\/\/buenosdiasbcs.com\/#\/schema\/logo\/image\/"}},{"@type":"Person","@id":"https:\/\/buenosdiasbcs.com\/#\/schema\/person\/15aedc247eab7070ee5d76d6d069a821","name":"Edici\u00f3n Buenos D\u00edas","image":{"@type":"ImageObject","inLanguage":"es","@id":"https:\/\/buenosdiasbcs.com\/wp-content\/uploads\/2026\/01\/cropped-sol-96x96.png","url":"https:\/\/buenosdiasbcs.com\/wp-content\/uploads\/2026\/01\/cropped-sol-96x96.png","contentUrl":"https:\/\/buenosdiasbcs.com\/wp-content\/uploads\/2026\/01\/cropped-sol-96x96.png","caption":"Edici\u00f3n Buenos D\u00edas"},"url":"https:\/\/buenosdiasbcs.com\/?author=2"}]}},"amp_enabled":true,"_links":{"self":[{"href":"https:\/\/buenosdiasbcs.com\/index.php?rest_route=\/wp\/v2\/posts\/5103","targetHints":{"allow":["GET"]}}],"collection":[{"href":"https:\/\/buenosdiasbcs.com\/index.php?rest_route=\/wp\/v2\/posts"}],"about":[{"href":"https:\/\/buenosdiasbcs.com\/index.php?rest_route=\/wp\/v2\/types\/post"}],"author":[{"embeddable":true,"href":"https:\/\/buenosdiasbcs.com\/index.php?rest_route=\/wp\/v2\/users\/2"}],"replies":[{"embeddable":true,"href":"https:\/\/buenosdiasbcs.com\/index.php?rest_route=%2Fwp%2Fv2%2Fcomments&post=5103"}],"version-history":[{"count":1,"href":"https:\/\/buenosdiasbcs.com\/index.php?rest_route=\/wp\/v2\/posts\/5103\/revisions"}],"predecessor-version":[{"id":5105,"href":"https:\/\/buenosdiasbcs.com\/index.php?rest_route=\/wp\/v2\/posts\/5103\/revisions\/5105"}],"wp:featuredmedia":[{"embeddable":true,"href":"https:\/\/buenosdiasbcs.com\/index.php?rest_route=\/wp\/v2\/media\/5104"}],"wp:attachment":[{"href":"https:\/\/buenosdiasbcs.com\/index.php?rest_route=%2Fwp%2Fv2%2Fmedia&parent=5103"}],"wp:term":[{"taxonomy":"category","embeddable":true,"href":"https:\/\/buenosdiasbcs.com\/index.php?rest_route=%2Fwp%2Fv2%2Fcategories&post=5103"},{"taxonomy":"post_tag","embeddable":true,"href":"https:\/\/buenosdiasbcs.com\/index.php?rest_route=%2Fwp%2Fv2%2Ftags&post=5103"}],"curies":[{"name":"wp","href":"https:\/\/api.w.org\/{rel}","templated":true}]}}