{"id":5097,"date":"2026-03-13T00:47:00","date_gmt":"2026-03-13T07:47:00","guid":{"rendered":"https:\/\/buenosdiasbcs.com\/?p=5097"},"modified":"2026-03-12T19:51:05","modified_gmt":"2026-03-13T02:51:05","slug":"benavidez-le-manda-recadito-a-canelo-cuando-te-dignas-jefe","status":"publish","type":"post","link":"https:\/\/buenosdiasbcs.com\/?p=5097","title":{"rendered":"Benavidez le manda recadito a Canelo: &#8220;\u00bfCu\u00e1ndo te dignas, jefe?&#8221;"},"content":{"rendered":"\n<p>David Benavidez no se rinde: vuelve a retar a Canelo \u00c1lvarez, mientras el campe\u00f3n mexicano sigue evitando el enfrentamiento.<\/p>\n\n\n\n<p>El boxeador&nbsp;<strong>David Benavidez<\/strong>&nbsp;afirm\u00f3 que est\u00e1 listo para enfrentar a&nbsp;<strong>Sa\u00fal \u201cCanelo\u201d \u00c1lvarez<\/strong>, una pelea que durante a\u00f1os ha sido esperada por los aficionados del boxeo, y asegur\u00f3 que la tomar\u00e1 si el campe\u00f3n mexicano decide aceptarla. El pugilista habl\u00f3 del tema durante&nbsp;<strong>una visita a la Ciudad de M\u00e9xico<\/strong>, donde reiter\u00f3 su disposici\u00f3n para concretar el combate.&nbsp;<\/p>\n\n\n\n<p>Benavidez se\u00f1al\u00f3 que&nbsp;<strong>no descarta que el enfrentamiento todav\u00eda pueda realizarse<\/strong>, pese a que durante mucho tiempo intent\u00f3 conseguir la oportunidad sin que se concretara el combate.&nbsp;<\/p>\n\n\n\n<p>El boxeador asegur\u00f3 que se encuentra preparado para ese desaf\u00edo y considera que se trata de&nbsp;<strong>una pelea que los aficionados al boxeo desean ver<\/strong>.<\/p>\n\n\n\n<blockquote class=\"twitter-tweet\"><p lang=\"es\" dir=\"ltr\">Shakur Stevenson \ud83c\uddfa\ud83c\uddf8 da su opini\u00f3n sobre por qu\u00e9 a\u00fan no se realiza la pelea entre Canelo \u00c1lvarez \ud83c\uddf2\ud83c\uddfd y David Benavidez \ud83c\uddfa\ud83c\uddf8 \ud83c\uddf2\ud83c\uddfd<a href=\"https:\/\/twitter.com\/hashtag\/Boxeo?src=hash&amp;ref_src=twsrc%5Etfw\">#Boxeo<\/a> <a href=\"https:\/\/twitter.com\/hashtag\/Boxing?src=hash&amp;ref_src=twsrc%5Etfw\">#Boxing<\/a> <a href=\"https:\/\/twitter.com\/hashtag\/Canelo?src=hash&amp;ref_src=twsrc%5Etfw\">#Canelo<\/a> <a href=\"https:\/\/twitter.com\/hashtag\/CaneloAlvarez?src=hash&amp;ref_src=twsrc%5Etfw\">#CaneloAlvarez<\/a> <a href=\"https:\/\/twitter.com\/hashtag\/DavidBenavidez?src=hash&amp;ref_src=twsrc%5Etfw\">#DavidBenavidez<\/a> <a href=\"https:\/\/twitter.com\/hashtag\/ShakurStevenson?src=hash&amp;ref_src=twsrc%5Etfw\">#ShakurStevenson<\/a> <a href=\"https:\/\/t.co\/MFRFvjJIwv\">pic.twitter.com\/MFRFvjJIwv<\/a><\/p>&mdash; BoxeoMundial.com (@BoxeoMundial) <a href=\"https:\/\/twitter.com\/BoxeoMundial\/status\/2031521311739072979?ref_src=twsrc%5Etfw\">March 11, 2026<\/a><\/blockquote> <script async src=\"https:\/\/platform.twitter.com\/widgets.js\" charset=\"utf-8\"><\/script>\n\n\n\n<h2 class=\"wp-block-heading\" id=\"h-anos-buscando-la-pelea\">A\u00f1os buscando la pelea<\/h2>\n\n\n\n<p>Durante m\u00e1s de&nbsp;<strong>dos a\u00f1os Benavidez fue retador mandatorio de Canelo \u00c1lvarez<\/strong>, periodo en el que insisti\u00f3 en enfrentar al campe\u00f3n mexicano, aunque la pelea nunca se concret\u00f3.&nbsp;<\/p>\n\n\n\n<p>En su equipo, integrado por&nbsp;<strong>Jos\u00e9 Benavidez<\/strong>, su padre y entrenador, as\u00ed como por su promotor&nbsp;<strong>Sampson Lewkowicz<\/strong>, consideran que ese combate podr\u00eda no realizarse. Sin embargo, el propio boxeador sostiene que&nbsp;<strong>a\u00fan existe la posibilidad de que se haga<\/strong>.&nbsp;<\/p>\n\n\n\n<p>El p\u00fagil asegur\u00f3 que, si el enfrentamiento llega a concretarse,&nbsp;<strong>estar\u00e1 listo para tomar la pelea en cualquier momento<\/strong>.<\/p>\n\n\n\n<h2 class=\"wp-block-heading\" id=\"h-benavidez-sigue-su-camino-en-el-boxeo\">Benavidez sigue su camino en el boxeo<\/h2>\n\n\n\n<p>Ante la falta de acuerdo para enfrentar a Canelo, Benavidez decidi\u00f3 continuar su carrera buscando nuevos retos y consolidar su legado dentro del boxeo.&nbsp;<\/p>\n\n\n\n<p>El boxeador&nbsp;<strong>subi\u00f3 a la divisi\u00f3n de las 175 libras<\/strong>, donde ya conquist\u00f3&nbsp;<strong>los t\u00edtulos del Consejo Mundial de Boxeo (CMB) y de la Asociaci\u00f3n Mundial de Boxeo (AMB)<\/strong>.&nbsp;<\/p>\n\n\n\n<h2 class=\"wp-block-heading\" id=\"h-proximo-reto-ante-zurdo-ramirez\">Pr\u00f3ximo reto ante Zurdo Ram\u00edrez<\/h2>\n\n\n\n<p>Benavidez tambi\u00e9n se prepara para&nbsp;<strong>subir a la categor\u00eda crucero<\/strong>&nbsp;con el objetivo de enfrentar al mexicano&nbsp;<strong>Gilberto \u201cZurdo\u201d Ram\u00edrez<\/strong>, combate programado para el&nbsp;<strong>2 de mayo en la T-Mobile Arena de Las Vegas<\/strong>.&nbsp;<\/p>\n\n\n\n<p>El pugilista asegur\u00f3 que actualmente est\u00e1 concentrado en seguir construyendo su carrera y buscar nuevos cinturones, aunque mantiene abierta la posibilidad de enfrentar a Canelo si surge la oportunidad.<\/p>\n\n\n\n<p>\u201c<strong>Estoy 100% listo para pelear con Canelo cuando sea<\/strong>\u201d, afirm\u00f3 el boxeador al referirse a un posible combate entre ambos.&nbsp;<\/p>\n\n\n\n<p><em>Con informaci\u00f3n de&nbsp;<strong>Izquierdazo<\/strong>.<\/em><\/p>\n","protected":false},"excerpt":{"rendered":"<p>David Benavidez no se rinde: vuelve a retar a Canelo \u00c1lvarez, mientras el campe\u00f3n mexicano sigue evitando el enfrentamiento. El&#8230;<\/p>\n","protected":false},"author":2,"featured_media":5098,"comment_status":"open","ping_status":"open","sticky":false,"template":"","format":"standard","meta":{"footnotes":""},"categories":[34],"tags":[],"class_list":["post-5097","post","type-post","status-publish","format-standard","has-post-thumbnail","hentry","category-deportes"],"yoast_head":"<!-- This site is optimized with the Yoast SEO Premium plugin v26.8 (Yoast SEO v27.4) - https:\/\/yoast.com\/product\/yoast-seo-premium-wordpress\/ -->\n<title>Benavidez le manda recadito a Canelo: &quot;\u00bfCu\u00e1ndo te dignas, jefe?&quot; - Buenos D&iacute;as BCS<\/title>\n<meta name=\"robots\" content=\"index, follow, max-snippet:-1, max-image-preview:large, max-video-preview:-1\" \/>\n<link rel=\"canonical\" href=\"https:\/\/buenosdiasbcs.com\/?p=5097\" \/>\n<meta property=\"og:locale\" content=\"es_ES\" \/>\n<meta property=\"og:type\" content=\"article\" \/>\n<meta property=\"og:title\" content=\"Benavidez le manda recadito a Canelo: &quot;\u00bfCu\u00e1ndo te dignas, jefe?&quot;\" \/>\n<meta property=\"og:description\" content=\"David Benavidez no se rinde: vuelve a retar a Canelo \u00c1lvarez, mientras el campe\u00f3n mexicano sigue evitando el enfrentamiento. El...\" \/>\n<meta property=\"og:url\" content=\"https:\/\/buenosdiasbcs.com\/?p=5097\" \/>\n<meta property=\"og:site_name\" content=\"Buenos D&iacute;as BCS\" \/>\n<meta property=\"article:published_time\" content=\"2026-03-13T07:47:00+00:00\" \/>\n<meta property=\"og:image\" content=\"https:\/\/buenosdiasbcs.com\/wp-content\/uploads\/2026\/03\/david-benavidez-canelo-alvarez-juanfutbol.jpg\" \/>\n\t<meta property=\"og:image:width\" content=\"1280\" \/>\n\t<meta property=\"og:image:height\" content=\"720\" \/>\n\t<meta property=\"og:image:type\" content=\"image\/jpeg\" \/>\n<meta name=\"author\" content=\"Edici\u00f3n Buenos D\u00edas\" \/>\n<meta name=\"twitter:card\" content=\"summary_large_image\" \/>\n<meta name=\"twitter:label1\" content=\"Escrito por\" \/>\n\t<meta name=\"twitter:data1\" content=\"Edici\u00f3n Buenos D\u00edas\" \/>\n\t<meta name=\"twitter:label2\" content=\"Tiempo de lectura\" \/>\n\t<meta name=\"twitter:data2\" content=\"2 minutos\" \/>\n<script type=\"application\/ld+json\" class=\"yoast-schema-graph\">{\"@context\":\"https:\\\/\\\/schema.org\",\"@graph\":[{\"@type\":\"Article\",\"@id\":\"https:\\\/\\\/buenosdiasbcs.com\\\/?p=5097#article\",\"isPartOf\":{\"@id\":\"https:\\\/\\\/buenosdiasbcs.com\\\/?p=5097\"},\"author\":{\"name\":\"Edici\u00f3n Buenos D\u00edas\",\"@id\":\"https:\\\/\\\/buenosdiasbcs.com\\\/#\\\/schema\\\/person\\\/15aedc247eab7070ee5d76d6d069a821\"},\"headline\":\"Benavidez le manda recadito a Canelo: &#8220;\u00bfCu\u00e1ndo te dignas, jefe?&#8221;\",\"datePublished\":\"2026-03-13T07:47:00+00:00\",\"mainEntityOfPage\":{\"@id\":\"https:\\\/\\\/buenosdiasbcs.com\\\/?p=5097\"},\"wordCount\":469,\"commentCount\":0,\"publisher\":{\"@id\":\"https:\\\/\\\/buenosdiasbcs.com\\\/#organization\"},\"image\":{\"@id\":\"https:\\\/\\\/buenosdiasbcs.com\\\/?p=5097#primaryimage\"},\"thumbnailUrl\":\"https:\\\/\\\/buenosdiasbcs.com\\\/wp-content\\\/uploads\\\/2026\\\/03\\\/david-benavidez-canelo-alvarez-juanfutbol.jpg\",\"articleSection\":[\"Deportes\"],\"inLanguage\":\"es\",\"potentialAction\":[{\"@type\":\"CommentAction\",\"name\":\"Comment\",\"target\":[\"https:\\\/\\\/buenosdiasbcs.com\\\/?p=5097#respond\"]}]},{\"@type\":\"WebPage\",\"@id\":\"https:\\\/\\\/buenosdiasbcs.com\\\/?p=5097\",\"url\":\"https:\\\/\\\/buenosdiasbcs.com\\\/?p=5097\",\"name\":\"Benavidez le manda recadito a Canelo: \\\"\u00bfCu\u00e1ndo te dignas, jefe?\\\" - Buenos D&iacute;as BCS\",\"isPartOf\":{\"@id\":\"https:\\\/\\\/buenosdiasbcs.com\\\/#website\"},\"primaryImageOfPage\":{\"@id\":\"https:\\\/\\\/buenosdiasbcs.com\\\/?p=5097#primaryimage\"},\"image\":{\"@id\":\"https:\\\/\\\/buenosdiasbcs.com\\\/?p=5097#primaryimage\"},\"thumbnailUrl\":\"https:\\\/\\\/buenosdiasbcs.com\\\/wp-content\\\/uploads\\\/2026\\\/03\\\/david-benavidez-canelo-alvarez-juanfutbol.jpg\",\"datePublished\":\"2026-03-13T07:47:00+00:00\",\"breadcrumb\":{\"@id\":\"https:\\\/\\\/buenosdiasbcs.com\\\/?p=5097#breadcrumb\"},\"inLanguage\":\"es\",\"potentialAction\":[{\"@type\":\"ReadAction\",\"target\":[\"https:\\\/\\\/buenosdiasbcs.com\\\/?p=5097\"]}]},{\"@type\":\"ImageObject\",\"inLanguage\":\"es\",\"@id\":\"https:\\\/\\\/buenosdiasbcs.com\\\/?p=5097#primaryimage\",\"url\":\"https:\\\/\\\/buenosdiasbcs.com\\\/wp-content\\\/uploads\\\/2026\\\/03\\\/david-benavidez-canelo-alvarez-juanfutbol.jpg\",\"contentUrl\":\"https:\\\/\\\/buenosdiasbcs.com\\\/wp-content\\\/uploads\\\/2026\\\/03\\\/david-benavidez-canelo-alvarez-juanfutbol.jpg\",\"width\":1280,\"height\":720},{\"@type\":\"BreadcrumbList\",\"@id\":\"https:\\\/\\\/buenosdiasbcs.com\\\/?p=5097#breadcrumb\",\"itemListElement\":[{\"@type\":\"ListItem\",\"position\":1,\"name\":\"Portada\",\"item\":\"https:\\\/\\\/buenosdiasbcs.com\\\/\"},{\"@type\":\"ListItem\",\"position\":2,\"name\":\"Benavidez le manda recadito a Canelo: &#8220;\u00bfCu\u00e1ndo te dignas, jefe?&#8221;\"}]},{\"@type\":\"WebSite\",\"@id\":\"https:\\\/\\\/buenosdiasbcs.com\\\/#website\",\"url\":\"https:\\\/\\\/buenosdiasbcs.com\\\/\",\"name\":\"Buenos D\u00edas BCS\",\"description\":\"\",\"publisher\":{\"@id\":\"https:\\\/\\\/buenosdiasbcs.com\\\/#organization\"},\"potentialAction\":[{\"@type\":\"SearchAction\",\"target\":{\"@type\":\"EntryPoint\",\"urlTemplate\":\"https:\\\/\\\/buenosdiasbcs.com\\\/?s={search_term_string}\"},\"query-input\":{\"@type\":\"PropertyValueSpecification\",\"valueRequired\":true,\"valueName\":\"search_term_string\"}}],\"inLanguage\":\"es\"},{\"@type\":\"Organization\",\"@id\":\"https:\\\/\\\/buenosdiasbcs.com\\\/#organization\",\"name\":\"Buenos D\u00edas BCS\",\"url\":\"https:\\\/\\\/buenosdiasbcs.com\\\/\",\"logo\":{\"@type\":\"ImageObject\",\"inLanguage\":\"es\",\"@id\":\"https:\\\/\\\/buenosdiasbcs.com\\\/#\\\/schema\\\/logo\\\/image\\\/\",\"url\":\"https:\\\/\\\/buenosdiasbcs.com\\\/wp-content\\\/uploads\\\/2026\\\/01\\\/logo-buenos-dias-40-01.png\",\"contentUrl\":\"https:\\\/\\\/buenosdiasbcs.com\\\/wp-content\\\/uploads\\\/2026\\\/01\\\/logo-buenos-dias-40-01.png\",\"width\":277,\"height\":40,\"caption\":\"Buenos D\u00edas BCS\"},\"image\":{\"@id\":\"https:\\\/\\\/buenosdiasbcs.com\\\/#\\\/schema\\\/logo\\\/image\\\/\"}},{\"@type\":\"Person\",\"@id\":\"https:\\\/\\\/buenosdiasbcs.com\\\/#\\\/schema\\\/person\\\/15aedc247eab7070ee5d76d6d069a821\",\"name\":\"Edici\u00f3n Buenos D\u00edas\",\"image\":{\"@type\":\"ImageObject\",\"inLanguage\":\"es\",\"@id\":\"https:\\\/\\\/buenosdiasbcs.com\\\/wp-content\\\/uploads\\\/2026\\\/01\\\/cropped-sol-96x96.png\",\"url\":\"https:\\\/\\\/buenosdiasbcs.com\\\/wp-content\\\/uploads\\\/2026\\\/01\\\/cropped-sol-96x96.png\",\"contentUrl\":\"https:\\\/\\\/buenosdiasbcs.com\\\/wp-content\\\/uploads\\\/2026\\\/01\\\/cropped-sol-96x96.png\",\"caption\":\"Edici\u00f3n Buenos D\u00edas\"},\"url\":\"https:\\\/\\\/buenosdiasbcs.com\\\/?author=2\"}]}<\/script>\n<!-- \/ Yoast SEO Premium plugin. -->","yoast_head_json":{"title":"Benavidez le manda recadito a Canelo: \"\u00bfCu\u00e1ndo te dignas, jefe?\" - Buenos D&iacute;as BCS","robots":{"index":"index","follow":"follow","max-snippet":"max-snippet:-1","max-image-preview":"max-image-preview:large","max-video-preview":"max-video-preview:-1"},"canonical":"https:\/\/buenosdiasbcs.com\/?p=5097","og_locale":"es_ES","og_type":"article","og_title":"Benavidez le manda recadito a Canelo: \"\u00bfCu\u00e1ndo te dignas, jefe?\"","og_description":"David Benavidez no se rinde: vuelve a retar a Canelo \u00c1lvarez, mientras el campe\u00f3n mexicano sigue evitando el enfrentamiento. El...","og_url":"https:\/\/buenosdiasbcs.com\/?p=5097","og_site_name":"Buenos D&iacute;as BCS","article_published_time":"2026-03-13T07:47:00+00:00","og_image":[{"width":1280,"height":720,"url":"https:\/\/buenosdiasbcs.com\/wp-content\/uploads\/2026\/03\/david-benavidez-canelo-alvarez-juanfutbol.jpg","type":"image\/jpeg"}],"author":"Edici\u00f3n Buenos D\u00edas","twitter_card":"summary_large_image","twitter_misc":{"Escrito por":"Edici\u00f3n Buenos D\u00edas","Tiempo de lectura":"2 minutos"},"schema":{"@context":"https:\/\/schema.org","@graph":[{"@type":"Article","@id":"https:\/\/buenosdiasbcs.com\/?p=5097#article","isPartOf":{"@id":"https:\/\/buenosdiasbcs.com\/?p=5097"},"author":{"name":"Edici\u00f3n Buenos D\u00edas","@id":"https:\/\/buenosdiasbcs.com\/#\/schema\/person\/15aedc247eab7070ee5d76d6d069a821"},"headline":"Benavidez le manda recadito a Canelo: &#8220;\u00bfCu\u00e1ndo te dignas, jefe?&#8221;","datePublished":"2026-03-13T07:47:00+00:00","mainEntityOfPage":{"@id":"https:\/\/buenosdiasbcs.com\/?p=5097"},"wordCount":469,"commentCount":0,"publisher":{"@id":"https:\/\/buenosdiasbcs.com\/#organization"},"image":{"@id":"https:\/\/buenosdiasbcs.com\/?p=5097#primaryimage"},"thumbnailUrl":"https:\/\/buenosdiasbcs.com\/wp-content\/uploads\/2026\/03\/david-benavidez-canelo-alvarez-juanfutbol.jpg","articleSection":["Deportes"],"inLanguage":"es","potentialAction":[{"@type":"CommentAction","name":"Comment","target":["https:\/\/buenosdiasbcs.com\/?p=5097#respond"]}]},{"@type":"WebPage","@id":"https:\/\/buenosdiasbcs.com\/?p=5097","url":"https:\/\/buenosdiasbcs.com\/?p=5097","name":"Benavidez le manda recadito a Canelo: \"\u00bfCu\u00e1ndo te dignas, jefe?\" - Buenos D&iacute;as BCS","isPartOf":{"@id":"https:\/\/buenosdiasbcs.com\/#website"},"primaryImageOfPage":{"@id":"https:\/\/buenosdiasbcs.com\/?p=5097#primaryimage"},"image":{"@id":"https:\/\/buenosdiasbcs.com\/?p=5097#primaryimage"},"thumbnailUrl":"https:\/\/buenosdiasbcs.com\/wp-content\/uploads\/2026\/03\/david-benavidez-canelo-alvarez-juanfutbol.jpg","datePublished":"2026-03-13T07:47:00+00:00","breadcrumb":{"@id":"https:\/\/buenosdiasbcs.com\/?p=5097#breadcrumb"},"inLanguage":"es","potentialAction":[{"@type":"ReadAction","target":["https:\/\/buenosdiasbcs.com\/?p=5097"]}]},{"@type":"ImageObject","inLanguage":"es","@id":"https:\/\/buenosdiasbcs.com\/?p=5097#primaryimage","url":"https:\/\/buenosdiasbcs.com\/wp-content\/uploads\/2026\/03\/david-benavidez-canelo-alvarez-juanfutbol.jpg","contentUrl":"https:\/\/buenosdiasbcs.com\/wp-content\/uploads\/2026\/03\/david-benavidez-canelo-alvarez-juanfutbol.jpg","width":1280,"height":720},{"@type":"BreadcrumbList","@id":"https:\/\/buenosdiasbcs.com\/?p=5097#breadcrumb","itemListElement":[{"@type":"ListItem","position":1,"name":"Portada","item":"https:\/\/buenosdiasbcs.com\/"},{"@type":"ListItem","position":2,"name":"Benavidez le manda recadito a Canelo: &#8220;\u00bfCu\u00e1ndo te dignas, jefe?&#8221;"}]},{"@type":"WebSite","@id":"https:\/\/buenosdiasbcs.com\/#website","url":"https:\/\/buenosdiasbcs.com\/","name":"Buenos D\u00edas BCS","description":"","publisher":{"@id":"https:\/\/buenosdiasbcs.com\/#organization"},"potentialAction":[{"@type":"SearchAction","target":{"@type":"EntryPoint","urlTemplate":"https:\/\/buenosdiasbcs.com\/?s={search_term_string}"},"query-input":{"@type":"PropertyValueSpecification","valueRequired":true,"valueName":"search_term_string"}}],"inLanguage":"es"},{"@type":"Organization","@id":"https:\/\/buenosdiasbcs.com\/#organization","name":"Buenos D\u00edas BCS","url":"https:\/\/buenosdiasbcs.com\/","logo":{"@type":"ImageObject","inLanguage":"es","@id":"https:\/\/buenosdiasbcs.com\/#\/schema\/logo\/image\/","url":"https:\/\/buenosdiasbcs.com\/wp-content\/uploads\/2026\/01\/logo-buenos-dias-40-01.png","contentUrl":"https:\/\/buenosdiasbcs.com\/wp-content\/uploads\/2026\/01\/logo-buenos-dias-40-01.png","width":277,"height":40,"caption":"Buenos D\u00edas BCS"},"image":{"@id":"https:\/\/buenosdiasbcs.com\/#\/schema\/logo\/image\/"}},{"@type":"Person","@id":"https:\/\/buenosdiasbcs.com\/#\/schema\/person\/15aedc247eab7070ee5d76d6d069a821","name":"Edici\u00f3n Buenos D\u00edas","image":{"@type":"ImageObject","inLanguage":"es","@id":"https:\/\/buenosdiasbcs.com\/wp-content\/uploads\/2026\/01\/cropped-sol-96x96.png","url":"https:\/\/buenosdiasbcs.com\/wp-content\/uploads\/2026\/01\/cropped-sol-96x96.png","contentUrl":"https:\/\/buenosdiasbcs.com\/wp-content\/uploads\/2026\/01\/cropped-sol-96x96.png","caption":"Edici\u00f3n Buenos D\u00edas"},"url":"https:\/\/buenosdiasbcs.com\/?author=2"}]}},"amp_enabled":true,"_links":{"self":[{"href":"https:\/\/buenosdiasbcs.com\/index.php?rest_route=\/wp\/v2\/posts\/5097","targetHints":{"allow":["GET"]}}],"collection":[{"href":"https:\/\/buenosdiasbcs.com\/index.php?rest_route=\/wp\/v2\/posts"}],"about":[{"href":"https:\/\/buenosdiasbcs.com\/index.php?rest_route=\/wp\/v2\/types\/post"}],"author":[{"embeddable":true,"href":"https:\/\/buenosdiasbcs.com\/index.php?rest_route=\/wp\/v2\/users\/2"}],"replies":[{"embeddable":true,"href":"https:\/\/buenosdiasbcs.com\/index.php?rest_route=%2Fwp%2Fv2%2Fcomments&post=5097"}],"version-history":[{"count":1,"href":"https:\/\/buenosdiasbcs.com\/index.php?rest_route=\/wp\/v2\/posts\/5097\/revisions"}],"predecessor-version":[{"id":5099,"href":"https:\/\/buenosdiasbcs.com\/index.php?rest_route=\/wp\/v2\/posts\/5097\/revisions\/5099"}],"wp:featuredmedia":[{"embeddable":true,"href":"https:\/\/buenosdiasbcs.com\/index.php?rest_route=\/wp\/v2\/media\/5098"}],"wp:attachment":[{"href":"https:\/\/buenosdiasbcs.com\/index.php?rest_route=%2Fwp%2Fv2%2Fmedia&parent=5097"}],"wp:term":[{"taxonomy":"category","embeddable":true,"href":"https:\/\/buenosdiasbcs.com\/index.php?rest_route=%2Fwp%2Fv2%2Fcategories&post=5097"},{"taxonomy":"post_tag","embeddable":true,"href":"https:\/\/buenosdiasbcs.com\/index.php?rest_route=%2Fwp%2Fv2%2Ftags&post=5097"}],"curies":[{"name":"wp","href":"https:\/\/api.w.org\/{rel}","templated":true}]}}