{"id":5091,"date":"2026-03-13T00:40:00","date_gmt":"2026-03-13T07:40:00","guid":{"rendered":"https:\/\/buenosdiasbcs.com\/?p=5091"},"modified":"2026-03-12T19:42:44","modified_gmt":"2026-03-13T02:42:44","slug":"lesion-de-malagon-abre-debate-en-la-seleccion-acevedo-o-gudino","status":"publish","type":"post","link":"https:\/\/buenosdiasbcs.com\/?p=5091","title":{"rendered":"Lesi\u00f3n de Malag\u00f3n abre debate en la Selecci\u00f3n: \u00bfAcevedo o Gudi\u00f1o?"},"content":{"rendered":"\n<h2 class=\"wp-block-heading\" id=\"h-mientras-malagon-se-recupera-el-tri-ya-calienta-a-acevedo-y-gudino-para-cubrir-su-ausencia-en-los-proximos-compromisos-internacionales\">Mientras Malag\u00f3n se recupera, el Tri ya calienta a Acevedo y Gudi\u00f1o para cubrir su ausencia en los pr\u00f3ximos compromisos internacionales.<\/h2>\n\n\n\n<p>La lesi\u00f3n del portero del Am\u00e9rica,&nbsp;<strong>Luis \u00c1ngel Malag\u00f3n<\/strong>, ha generado incertidumbre en la&nbsp;<strong>Selecci\u00f3n Mexicana<\/strong>, ya que su ausencia obligar\u00eda al cuerpo t\u00e9cnico a buscar nuevas opciones bajo los tres postes. Tras el incidente sufrido en la&nbsp;<strong>Concacaf Champions Cup<\/strong>, han comenzado a surgir nombres de posibles sustitutos.&nbsp;<\/p>\n\n\n\n<p>Entre los candidatos que m\u00e1s suenan est\u00e1n&nbsp;<strong>Andr\u00e9s Gudi\u00f1o<\/strong>, actual arquero de Cruz Azul, y&nbsp;<strong>Carlos Acevedo<\/strong>, guardameta de Santos Laguna, quienes podr\u00edan ocupar un lugar en las pr\u00f3ximas convocatorias del Tri.&nbsp;<\/p>\n\n\n\n<h2 class=\"wp-block-heading\" id=\"h-andres-gudino-gana-fuerza-entre-la-aficion\">Andr\u00e9s Gudi\u00f1o gana fuerza entre la afici\u00f3n<\/h2>\n\n\n\n<p>Uno de los nombres que ha cobrado mayor relevancia es el de&nbsp;<strong>Andr\u00e9s Gudi\u00f1o<\/strong>, quien ha destacado con Cruz Azul en la Liga MX. El portero ha tenido actuaciones importantes en los \u00faltimos torneos, lo que ha provocado que aficionados lo mencionen como una opci\u00f3n viable para la selecci\u00f3n nacional.&nbsp;<\/p>\n\n\n\n<p>El propio guardameta ha se\u00f1alado que trabaja para alcanzar su mejor nivel y que&nbsp;<strong>representar a la Selecci\u00f3n Mexicana es un objetivo personal<\/strong>, por lo que no descarta una eventual convocatoria si contin\u00faa con su buen rendimiento.&nbsp;<\/p>\n\n\n\n<h2 class=\"wp-block-heading\" id=\"h-acevedo-tambien-aparece-en-la-lista\">Acevedo tambi\u00e9n aparece en la lista<\/h2>\n\n\n\n<p>Otro candidato natural es&nbsp;<strong>Carlos Acevedo<\/strong>, portero de Santos Laguna y habitual convocado en procesos recientes del Tri. Acevedo ha sido considerado anteriormente como una alternativa cuando se han presentado bajas en la porter\u00eda nacional.&nbsp;<\/p>\n\n\n\n<p>El arquero ha sido valorado por su regularidad en la Liga MX y su experiencia dentro de concentraciones con la selecci\u00f3n, lo que podr\u00eda darle ventaja en caso de que se requiera un relevo inmediato.&nbsp;<\/p>\n\n\n\n<h2 class=\"wp-block-heading\" id=\"h-otros-nombres-en-el-radar-del-tri\">Otros nombres en el radar del Tri<\/h2>\n\n\n\n<p>Adem\u00e1s de Gudi\u00f1o y Acevedo, otros porteros mexicanos tambi\u00e9n han sido mencionados en el debate sobre qui\u00e9n podr\u00eda ocupar la porter\u00eda si Malag\u00f3n queda fuera por lesi\u00f3n. Entre ellos aparece&nbsp;<strong>Guillermo \u201cMemo\u201d Ochoa<\/strong>, hist\u00f3rico arquero del Tri, as\u00ed como otros guardametas que han sido considerados en procesos recientes.&nbsp;<\/p>\n\n\n\n<p>La decisi\u00f3n final depender\u00e1 del&nbsp;<strong>cuerpo t\u00e9cnico de la Selecci\u00f3n Mexicana<\/strong>, que deber\u00e1 evaluar rendimiento, experiencia y momento deportivo para definir qui\u00e9n ocupar\u00e1 el lugar vacante.<\/p>\n\n\n\n<h2 class=\"wp-block-heading\" id=\"h-la-lesion-que-encendio-las-alarmas\">La lesi\u00f3n que encendi\u00f3 las alarmas<\/h2>\n\n\n\n<p>Malag\u00f3n sali\u00f3 lesionado durante el partido entre&nbsp;<strong>Am\u00e9rica y Philadelphia Union<\/strong>&nbsp;en la Concacaf Champions Cup, lo que encendi\u00f3 las alarmas tanto en su club como en la selecci\u00f3n nacional. El guardameta podr\u00eda enfrentar un largo periodo de recuperaci\u00f3n dependiendo del diagn\u00f3stico final.&nbsp;<\/p>\n\n\n\n<h2 class=\"wp-block-heading\" id=\"h-porteria-en-reconstruccion-rumbo-al-mundial\">Porter\u00eda en reconstrucci\u00f3n rumbo al Mundial<\/h2>\n\n\n\n<p>La posible ausencia de Malag\u00f3n reabre el debate sobre&nbsp;<strong>qui\u00e9n ser\u00e1 el portero titular de M\u00e9xico rumbo al Mundial 2026<\/strong>, una posici\u00f3n que hist\u00f3ricamente ha estado dominada por figuras como&nbsp;<strong>Guillermo Ochoa<\/strong>, pero que ahora vive una etapa de transici\u00f3n generacional.&nbsp;<\/p>\n\n\n\n<p><em>Con informaci\u00f3n de Mediotiempo.<\/em><\/p>\n","protected":false},"excerpt":{"rendered":"<p>Mientras Malag\u00f3n se recupera, el Tri ya calienta a Acevedo y Gudi\u00f1o para cubrir su ausencia en los pr\u00f3ximos compromisos&#8230;<\/p>\n","protected":false},"author":2,"featured_media":5092,"comment_status":"open","ping_status":"open","sticky":false,"template":"","format":"standard","meta":{"footnotes":""},"categories":[34],"tags":[],"class_list":["post-5091","post","type-post","status-publish","format-standard","has-post-thumbnail","hentry","category-deportes"],"yoast_head":"<!-- This site is optimized with the Yoast SEO Premium plugin v26.8 (Yoast SEO v27.5) - https:\/\/yoast.com\/product\/yoast-seo-premium-wordpress\/ -->\n<title>Lesi\u00f3n de Malag\u00f3n abre debate en la Selecci\u00f3n: \u00bfAcevedo o Gudi\u00f1o? - Buenos D&iacute;as BCS<\/title>\n<meta name=\"robots\" content=\"index, follow, max-snippet:-1, max-image-preview:large, max-video-preview:-1\" \/>\n<link rel=\"canonical\" href=\"https:\/\/buenosdiasbcs.com\/?p=5091\" \/>\n<meta property=\"og:locale\" content=\"es_ES\" \/>\n<meta property=\"og:type\" content=\"article\" \/>\n<meta property=\"og:title\" content=\"Lesi\u00f3n de Malag\u00f3n abre debate en la Selecci\u00f3n: \u00bfAcevedo o Gudi\u00f1o?\" \/>\n<meta property=\"og:description\" content=\"Mientras Malag\u00f3n se recupera, el Tri ya calienta a Acevedo y Gudi\u00f1o para cubrir su ausencia en los pr\u00f3ximos compromisos...\" \/>\n<meta property=\"og:url\" content=\"https:\/\/buenosdiasbcs.com\/?p=5091\" \/>\n<meta property=\"og:site_name\" content=\"Buenos D&iacute;as BCS\" \/>\n<meta property=\"article:published_time\" content=\"2026-03-13T07:40:00+00:00\" \/>\n<meta property=\"og:image\" content=\"https:\/\/buenosdiasbcs.com\/wp-content\/uploads\/2026\/03\/gudino-recibio-elogios-de-parte-de-uno-de-los-maximos-ganadores-de-campeonatos-en-liga-mx-1770654600.webp\" \/>\n\t<meta property=\"og:image:width\" content=\"2550\" \/>\n\t<meta property=\"og:image:height\" content=\"1650\" \/>\n\t<meta property=\"og:image:type\" content=\"image\/webp\" \/>\n<meta name=\"author\" content=\"Edici\u00f3n Buenos D\u00edas\" \/>\n<meta name=\"twitter:card\" content=\"summary_large_image\" \/>\n<meta name=\"twitter:label1\" content=\"Escrito por\" \/>\n\t<meta name=\"twitter:data1\" content=\"Edici\u00f3n Buenos D\u00edas\" \/>\n\t<meta name=\"twitter:label2\" content=\"Tiempo de lectura\" \/>\n\t<meta name=\"twitter:data2\" content=\"3 minutos\" \/>\n<script type=\"application\/ld+json\" class=\"yoast-schema-graph\">{\"@context\":\"https:\\\/\\\/schema.org\",\"@graph\":[{\"@type\":\"Article\",\"@id\":\"https:\\\/\\\/buenosdiasbcs.com\\\/?p=5091#article\",\"isPartOf\":{\"@id\":\"https:\\\/\\\/buenosdiasbcs.com\\\/?p=5091\"},\"author\":{\"name\":\"Edici\u00f3n Buenos D\u00edas\",\"@id\":\"https:\\\/\\\/buenosdiasbcs.com\\\/#\\\/schema\\\/person\\\/15aedc247eab7070ee5d76d6d069a821\"},\"headline\":\"Lesi\u00f3n de Malag\u00f3n abre debate en la Selecci\u00f3n: \u00bfAcevedo o Gudi\u00f1o?\",\"datePublished\":\"2026-03-13T07:40:00+00:00\",\"mainEntityOfPage\":{\"@id\":\"https:\\\/\\\/buenosdiasbcs.com\\\/?p=5091\"},\"wordCount\":548,\"commentCount\":0,\"publisher\":{\"@id\":\"https:\\\/\\\/buenosdiasbcs.com\\\/#organization\"},\"image\":{\"@id\":\"https:\\\/\\\/buenosdiasbcs.com\\\/?p=5091#primaryimage\"},\"thumbnailUrl\":\"https:\\\/\\\/buenosdiasbcs.com\\\/wp-content\\\/uploads\\\/2026\\\/03\\\/gudino-recibio-elogios-de-parte-de-uno-de-los-maximos-ganadores-de-campeonatos-en-liga-mx-1770654600.webp\",\"articleSection\":[\"Deportes\"],\"inLanguage\":\"es\",\"potentialAction\":[{\"@type\":\"CommentAction\",\"name\":\"Comment\",\"target\":[\"https:\\\/\\\/buenosdiasbcs.com\\\/?p=5091#respond\"]}]},{\"@type\":\"WebPage\",\"@id\":\"https:\\\/\\\/buenosdiasbcs.com\\\/?p=5091\",\"url\":\"https:\\\/\\\/buenosdiasbcs.com\\\/?p=5091\",\"name\":\"Lesi\u00f3n de Malag\u00f3n abre debate en la Selecci\u00f3n: \u00bfAcevedo o Gudi\u00f1o? - Buenos D&iacute;as BCS\",\"isPartOf\":{\"@id\":\"https:\\\/\\\/buenosdiasbcs.com\\\/#website\"},\"primaryImageOfPage\":{\"@id\":\"https:\\\/\\\/buenosdiasbcs.com\\\/?p=5091#primaryimage\"},\"image\":{\"@id\":\"https:\\\/\\\/buenosdiasbcs.com\\\/?p=5091#primaryimage\"},\"thumbnailUrl\":\"https:\\\/\\\/buenosdiasbcs.com\\\/wp-content\\\/uploads\\\/2026\\\/03\\\/gudino-recibio-elogios-de-parte-de-uno-de-los-maximos-ganadores-de-campeonatos-en-liga-mx-1770654600.webp\",\"datePublished\":\"2026-03-13T07:40:00+00:00\",\"breadcrumb\":{\"@id\":\"https:\\\/\\\/buenosdiasbcs.com\\\/?p=5091#breadcrumb\"},\"inLanguage\":\"es\",\"potentialAction\":[{\"@type\":\"ReadAction\",\"target\":[\"https:\\\/\\\/buenosdiasbcs.com\\\/?p=5091\"]}]},{\"@type\":\"ImageObject\",\"inLanguage\":\"es\",\"@id\":\"https:\\\/\\\/buenosdiasbcs.com\\\/?p=5091#primaryimage\",\"url\":\"https:\\\/\\\/buenosdiasbcs.com\\\/wp-content\\\/uploads\\\/2026\\\/03\\\/gudino-recibio-elogios-de-parte-de-uno-de-los-maximos-ganadores-de-campeonatos-en-liga-mx-1770654600.webp\",\"contentUrl\":\"https:\\\/\\\/buenosdiasbcs.com\\\/wp-content\\\/uploads\\\/2026\\\/03\\\/gudino-recibio-elogios-de-parte-de-uno-de-los-maximos-ganadores-de-campeonatos-en-liga-mx-1770654600.webp\",\"width\":2550,\"height\":1650},{\"@type\":\"BreadcrumbList\",\"@id\":\"https:\\\/\\\/buenosdiasbcs.com\\\/?p=5091#breadcrumb\",\"itemListElement\":[{\"@type\":\"ListItem\",\"position\":1,\"name\":\"Portada\",\"item\":\"https:\\\/\\\/buenosdiasbcs.com\\\/\"},{\"@type\":\"ListItem\",\"position\":2,\"name\":\"Lesi\u00f3n de Malag\u00f3n abre debate en la Selecci\u00f3n: \u00bfAcevedo o Gudi\u00f1o?\"}]},{\"@type\":\"WebSite\",\"@id\":\"https:\\\/\\\/buenosdiasbcs.com\\\/#website\",\"url\":\"https:\\\/\\\/buenosdiasbcs.com\\\/\",\"name\":\"Buenos D\u00edas BCS\",\"description\":\"\",\"publisher\":{\"@id\":\"https:\\\/\\\/buenosdiasbcs.com\\\/#organization\"},\"potentialAction\":[{\"@type\":\"SearchAction\",\"target\":{\"@type\":\"EntryPoint\",\"urlTemplate\":\"https:\\\/\\\/buenosdiasbcs.com\\\/?s={search_term_string}\"},\"query-input\":{\"@type\":\"PropertyValueSpecification\",\"valueRequired\":true,\"valueName\":\"search_term_string\"}}],\"inLanguage\":\"es\"},{\"@type\":\"Organization\",\"@id\":\"https:\\\/\\\/buenosdiasbcs.com\\\/#organization\",\"name\":\"Buenos D\u00edas BCS\",\"url\":\"https:\\\/\\\/buenosdiasbcs.com\\\/\",\"logo\":{\"@type\":\"ImageObject\",\"inLanguage\":\"es\",\"@id\":\"https:\\\/\\\/buenosdiasbcs.com\\\/#\\\/schema\\\/logo\\\/image\\\/\",\"url\":\"https:\\\/\\\/buenosdiasbcs.com\\\/wp-content\\\/uploads\\\/2026\\\/01\\\/logo-buenos-dias-40-01.png\",\"contentUrl\":\"https:\\\/\\\/buenosdiasbcs.com\\\/wp-content\\\/uploads\\\/2026\\\/01\\\/logo-buenos-dias-40-01.png\",\"width\":277,\"height\":40,\"caption\":\"Buenos D\u00edas BCS\"},\"image\":{\"@id\":\"https:\\\/\\\/buenosdiasbcs.com\\\/#\\\/schema\\\/logo\\\/image\\\/\"}},{\"@type\":\"Person\",\"@id\":\"https:\\\/\\\/buenosdiasbcs.com\\\/#\\\/schema\\\/person\\\/15aedc247eab7070ee5d76d6d069a821\",\"name\":\"Edici\u00f3n Buenos D\u00edas\",\"image\":{\"@type\":\"ImageObject\",\"inLanguage\":\"es\",\"@id\":\"https:\\\/\\\/buenosdiasbcs.com\\\/wp-content\\\/uploads\\\/2026\\\/01\\\/cropped-sol-96x96.png\",\"url\":\"https:\\\/\\\/buenosdiasbcs.com\\\/wp-content\\\/uploads\\\/2026\\\/01\\\/cropped-sol-96x96.png\",\"contentUrl\":\"https:\\\/\\\/buenosdiasbcs.com\\\/wp-content\\\/uploads\\\/2026\\\/01\\\/cropped-sol-96x96.png\",\"caption\":\"Edici\u00f3n Buenos D\u00edas\"},\"url\":\"https:\\\/\\\/buenosdiasbcs.com\\\/?author=2\"}]}<\/script>\n<!-- \/ Yoast SEO Premium plugin. -->","yoast_head_json":{"title":"Lesi\u00f3n de Malag\u00f3n abre debate en la Selecci\u00f3n: \u00bfAcevedo o Gudi\u00f1o? - Buenos D&iacute;as BCS","robots":{"index":"index","follow":"follow","max-snippet":"max-snippet:-1","max-image-preview":"max-image-preview:large","max-video-preview":"max-video-preview:-1"},"canonical":"https:\/\/buenosdiasbcs.com\/?p=5091","og_locale":"es_ES","og_type":"article","og_title":"Lesi\u00f3n de Malag\u00f3n abre debate en la Selecci\u00f3n: \u00bfAcevedo o Gudi\u00f1o?","og_description":"Mientras Malag\u00f3n se recupera, el Tri ya calienta a Acevedo y Gudi\u00f1o para cubrir su ausencia en los pr\u00f3ximos compromisos...","og_url":"https:\/\/buenosdiasbcs.com\/?p=5091","og_site_name":"Buenos D&iacute;as BCS","article_published_time":"2026-03-13T07:40:00+00:00","og_image":[{"width":2550,"height":1650,"url":"https:\/\/buenosdiasbcs.com\/wp-content\/uploads\/2026\/03\/gudino-recibio-elogios-de-parte-de-uno-de-los-maximos-ganadores-de-campeonatos-en-liga-mx-1770654600.webp","type":"image\/webp"}],"author":"Edici\u00f3n Buenos D\u00edas","twitter_card":"summary_large_image","twitter_misc":{"Escrito por":"Edici\u00f3n Buenos D\u00edas","Tiempo de lectura":"3 minutos"},"schema":{"@context":"https:\/\/schema.org","@graph":[{"@type":"Article","@id":"https:\/\/buenosdiasbcs.com\/?p=5091#article","isPartOf":{"@id":"https:\/\/buenosdiasbcs.com\/?p=5091"},"author":{"name":"Edici\u00f3n Buenos D\u00edas","@id":"https:\/\/buenosdiasbcs.com\/#\/schema\/person\/15aedc247eab7070ee5d76d6d069a821"},"headline":"Lesi\u00f3n de Malag\u00f3n abre debate en la Selecci\u00f3n: \u00bfAcevedo o Gudi\u00f1o?","datePublished":"2026-03-13T07:40:00+00:00","mainEntityOfPage":{"@id":"https:\/\/buenosdiasbcs.com\/?p=5091"},"wordCount":548,"commentCount":0,"publisher":{"@id":"https:\/\/buenosdiasbcs.com\/#organization"},"image":{"@id":"https:\/\/buenosdiasbcs.com\/?p=5091#primaryimage"},"thumbnailUrl":"https:\/\/buenosdiasbcs.com\/wp-content\/uploads\/2026\/03\/gudino-recibio-elogios-de-parte-de-uno-de-los-maximos-ganadores-de-campeonatos-en-liga-mx-1770654600.webp","articleSection":["Deportes"],"inLanguage":"es","potentialAction":[{"@type":"CommentAction","name":"Comment","target":["https:\/\/buenosdiasbcs.com\/?p=5091#respond"]}]},{"@type":"WebPage","@id":"https:\/\/buenosdiasbcs.com\/?p=5091","url":"https:\/\/buenosdiasbcs.com\/?p=5091","name":"Lesi\u00f3n de Malag\u00f3n abre debate en la Selecci\u00f3n: \u00bfAcevedo o Gudi\u00f1o? - Buenos D&iacute;as BCS","isPartOf":{"@id":"https:\/\/buenosdiasbcs.com\/#website"},"primaryImageOfPage":{"@id":"https:\/\/buenosdiasbcs.com\/?p=5091#primaryimage"},"image":{"@id":"https:\/\/buenosdiasbcs.com\/?p=5091#primaryimage"},"thumbnailUrl":"https:\/\/buenosdiasbcs.com\/wp-content\/uploads\/2026\/03\/gudino-recibio-elogios-de-parte-de-uno-de-los-maximos-ganadores-de-campeonatos-en-liga-mx-1770654600.webp","datePublished":"2026-03-13T07:40:00+00:00","breadcrumb":{"@id":"https:\/\/buenosdiasbcs.com\/?p=5091#breadcrumb"},"inLanguage":"es","potentialAction":[{"@type":"ReadAction","target":["https:\/\/buenosdiasbcs.com\/?p=5091"]}]},{"@type":"ImageObject","inLanguage":"es","@id":"https:\/\/buenosdiasbcs.com\/?p=5091#primaryimage","url":"https:\/\/buenosdiasbcs.com\/wp-content\/uploads\/2026\/03\/gudino-recibio-elogios-de-parte-de-uno-de-los-maximos-ganadores-de-campeonatos-en-liga-mx-1770654600.webp","contentUrl":"https:\/\/buenosdiasbcs.com\/wp-content\/uploads\/2026\/03\/gudino-recibio-elogios-de-parte-de-uno-de-los-maximos-ganadores-de-campeonatos-en-liga-mx-1770654600.webp","width":2550,"height":1650},{"@type":"BreadcrumbList","@id":"https:\/\/buenosdiasbcs.com\/?p=5091#breadcrumb","itemListElement":[{"@type":"ListItem","position":1,"name":"Portada","item":"https:\/\/buenosdiasbcs.com\/"},{"@type":"ListItem","position":2,"name":"Lesi\u00f3n de Malag\u00f3n abre debate en la Selecci\u00f3n: \u00bfAcevedo o Gudi\u00f1o?"}]},{"@type":"WebSite","@id":"https:\/\/buenosdiasbcs.com\/#website","url":"https:\/\/buenosdiasbcs.com\/","name":"Buenos D\u00edas BCS","description":"","publisher":{"@id":"https:\/\/buenosdiasbcs.com\/#organization"},"potentialAction":[{"@type":"SearchAction","target":{"@type":"EntryPoint","urlTemplate":"https:\/\/buenosdiasbcs.com\/?s={search_term_string}"},"query-input":{"@type":"PropertyValueSpecification","valueRequired":true,"valueName":"search_term_string"}}],"inLanguage":"es"},{"@type":"Organization","@id":"https:\/\/buenosdiasbcs.com\/#organization","name":"Buenos D\u00edas BCS","url":"https:\/\/buenosdiasbcs.com\/","logo":{"@type":"ImageObject","inLanguage":"es","@id":"https:\/\/buenosdiasbcs.com\/#\/schema\/logo\/image\/","url":"https:\/\/buenosdiasbcs.com\/wp-content\/uploads\/2026\/01\/logo-buenos-dias-40-01.png","contentUrl":"https:\/\/buenosdiasbcs.com\/wp-content\/uploads\/2026\/01\/logo-buenos-dias-40-01.png","width":277,"height":40,"caption":"Buenos D\u00edas BCS"},"image":{"@id":"https:\/\/buenosdiasbcs.com\/#\/schema\/logo\/image\/"}},{"@type":"Person","@id":"https:\/\/buenosdiasbcs.com\/#\/schema\/person\/15aedc247eab7070ee5d76d6d069a821","name":"Edici\u00f3n Buenos D\u00edas","image":{"@type":"ImageObject","inLanguage":"es","@id":"https:\/\/buenosdiasbcs.com\/wp-content\/uploads\/2026\/01\/cropped-sol-96x96.png","url":"https:\/\/buenosdiasbcs.com\/wp-content\/uploads\/2026\/01\/cropped-sol-96x96.png","contentUrl":"https:\/\/buenosdiasbcs.com\/wp-content\/uploads\/2026\/01\/cropped-sol-96x96.png","caption":"Edici\u00f3n Buenos D\u00edas"},"url":"https:\/\/buenosdiasbcs.com\/?author=2"}]}},"amp_enabled":true,"_links":{"self":[{"href":"https:\/\/buenosdiasbcs.com\/index.php?rest_route=\/wp\/v2\/posts\/5091","targetHints":{"allow":["GET"]}}],"collection":[{"href":"https:\/\/buenosdiasbcs.com\/index.php?rest_route=\/wp\/v2\/posts"}],"about":[{"href":"https:\/\/buenosdiasbcs.com\/index.php?rest_route=\/wp\/v2\/types\/post"}],"author":[{"embeddable":true,"href":"https:\/\/buenosdiasbcs.com\/index.php?rest_route=\/wp\/v2\/users\/2"}],"replies":[{"embeddable":true,"href":"https:\/\/buenosdiasbcs.com\/index.php?rest_route=%2Fwp%2Fv2%2Fcomments&post=5091"}],"version-history":[{"count":1,"href":"https:\/\/buenosdiasbcs.com\/index.php?rest_route=\/wp\/v2\/posts\/5091\/revisions"}],"predecessor-version":[{"id":5093,"href":"https:\/\/buenosdiasbcs.com\/index.php?rest_route=\/wp\/v2\/posts\/5091\/revisions\/5093"}],"wp:featuredmedia":[{"embeddable":true,"href":"https:\/\/buenosdiasbcs.com\/index.php?rest_route=\/wp\/v2\/media\/5092"}],"wp:attachment":[{"href":"https:\/\/buenosdiasbcs.com\/index.php?rest_route=%2Fwp%2Fv2%2Fmedia&parent=5091"}],"wp:term":[{"taxonomy":"category","embeddable":true,"href":"https:\/\/buenosdiasbcs.com\/index.php?rest_route=%2Fwp%2Fv2%2Fcategories&post=5091"},{"taxonomy":"post_tag","embeddable":true,"href":"https:\/\/buenosdiasbcs.com\/index.php?rest_route=%2Fwp%2Fv2%2Ftags&post=5091"}],"curies":[{"name":"wp","href":"https:\/\/api.w.org\/{rel}","templated":true}]}}