{"id":5088,"date":"2026-03-12T00:01:00","date_gmt":"2026-03-12T07:01:00","guid":{"rendered":"https:\/\/buenosdiasbcs.com\/?p=5088"},"modified":"2026-03-12T01:42:04","modified_gmt":"2026-03-12T08:42:04","slug":"corte-de-nueva-york-fija-juicio-contra-naason-joaquin-para-2027","status":"publish","type":"post","link":"https:\/\/buenosdiasbcs.com\/?p=5088","title":{"rendered":"Corte de Nueva York fija juicio contra Naas\u00f3n Joaqu\u00edn para 2027"},"content":{"rendered":"\n<h2 class=\"wp-block-heading\" id=\"h-un-tribunal-federal-de-nueva-york-fijo-para-marzo-de-2027-el-juicio-contra-naason-joaquin-garcia-su-madre-y-su-sobrino-por-cargos-de-crimen-organizado-trata-de-personas-y-trafico-sexual\">Un tribunal federal de Nueva York fij\u00f3 para marzo de 2027 el juicio contra Naas\u00f3n Joaqu\u00edn Garc\u00eda, su madre y su sobrino por cargos de crimen organizado, trata de personas y tr\u00e1fico sexual.<a href=\"https:\/\/images.sipse.com\/LCQjkuGVotEIviLDCALrNRD_2OE=\/1640x1016\/smart\/filters:format(webp)\/2026\/03\/11\/1773267390948.jpg\"><\/a><\/h2>\n\n\n\n<p>Un tribunal federal del Distrito Sur de Nueva York program\u00f3 para el&nbsp;<strong>15 de marzo de 2027<\/strong>&nbsp;el inicio del juicio contra&nbsp;<strong>Naas\u00f3n Joaqu\u00edn Garc\u00eda<\/strong>, l\u00edder de la iglesia La Luz del Mundo, junto con&nbsp;<strong>Eva Garc\u00eda de Joaqu\u00edn<\/strong>&nbsp;y&nbsp;<strong>Joram N\u00fa\u00f1ez Joaqu\u00edn<\/strong>, quienes enfrentan acusaciones federales relacionadas con&nbsp;<strong>crimen organizado, trata de personas, tr\u00e1fico sexual y explotaci\u00f3n infantil<\/strong>. La decisi\u00f3n fue anunciada durante una audiencia celebrada el&nbsp;<strong>10 de marzo<\/strong>, en la que fiscales y abogados defensores revisaron el calendario del proceso judicial.<\/p>\n\n\n\n<p>La jueza&nbsp;<strong>Loretta A. Preska<\/strong>&nbsp;determin\u00f3 la fecha del juicio despu\u00e9s de analizar el avance del expediente y el intercambio de pruebas entre la fiscal\u00eda y la defensa. De acuerdo con el tribunal, el caso requiere un calendario amplio debido a&nbsp;<strong>la cantidad de evidencia reunida durante la investigaci\u00f3n federal<\/strong>.<\/p>\n\n\n\n<h2 class=\"wp-block-heading\" id=\"h-calendario-del-proceso-judicial\">Calendario del proceso judicial<\/h2>\n\n\n\n<p>Durante la audiencia tambi\u00e9n se establecieron los plazos para las siguientes etapas del procedimiento. La defensa tendr\u00e1&nbsp;<strong>hasta el 25 de julio de 2026<\/strong>&nbsp;para presentar diversas mociones legales, entre ellas solicitudes para&nbsp;<strong>desestimar cargos, impugnar pruebas o excluir determinados elementos del expediente<\/strong>.<\/p>\n\n\n\n<p>Asimismo, el tribunal fij\u00f3&nbsp;<strong>una audiencia de seguimiento para el 23 de septiembre de 2026<\/strong>, con el objetivo de revisar el avance del proceso y resolver cuestiones pendientes antes de que inicie formalmente el juicio.<\/p>\n\n\n\n<p>Las autoridades informaron que&nbsp;<strong>los tres acusados permanecer\u00e1n detenidos<\/strong>&nbsp;mientras se desarrollan las etapas previas al juicio y se completa la revisi\u00f3n del material probatorio.<\/p>\n\n\n\n<h2 class=\"wp-block-heading\" id=\"h-investigacion-con-millones-de-documentos\">Investigaci\u00f3n con millones de documentos<\/h2>\n\n\n\n<p>La fiscal\u00eda federal indic\u00f3 que el expediente contin\u00faa creciendo y que todav\u00eda se prev\u00e9 la entrega de nuevos materiales a la defensa. Hasta el momento, el caso incluye&nbsp;<strong>m\u00e1s de 2.2 millones de documentos y archivos electr\u00f3nicos<\/strong>, entre registros, comunicaciones y evidencias recopiladas durante la investigaci\u00f3n.<\/p>\n\n\n\n<p>Debido a este volumen de informaci\u00f3n, los fiscales estiman que&nbsp;<strong>la fase de presentaci\u00f3n de pruebas durante el juicio podr\u00eda extenderse alrededor de dos meses<\/strong>, periodo en el que el jurado deber\u00e1 revisar testimonios, documentos y otros elementos incluidos en la acusaci\u00f3n.<\/p>\n\n\n\n<h2 class=\"wp-block-heading\" id=\"h-acusaciones-de-explotacion-y-trafico-sexual\">Acusaciones de explotaci\u00f3n y tr\u00e1fico sexual<\/h2>\n\n\n\n<p>Seg\u00fan la acusaci\u00f3n federal, dirigentes de&nbsp;<strong>La Luz del Mundo<\/strong>&nbsp;habr\u00edan utilizado&nbsp;<strong>su autoridad religiosa dentro de la congregaci\u00f3n<\/strong>&nbsp;para manipular a miembros de la iglesia y presuntamente someterlos a distintos abusos.<\/p>\n\n\n\n<p>Los fiscales sostienen que algunos seguidores fueron persuadidos de participar en actos sexuales con el l\u00edder religioso bajo la creencia de que se trataba de&nbsp;<strong>una bendici\u00f3n espiritual o un mandato divino<\/strong>. De acuerdo con el expediente judicial, el caso incluye&nbsp;<strong>al menos 13 v\u00edctimas identificadas<\/strong>, aunque las autoridades se\u00f1alan que podr\u00eda haber m\u00e1s personas afectadas.<\/p>\n\n\n\n<p>La acusaci\u00f3n tambi\u00e9n sostiene que los implicados habr\u00edan formado parte de&nbsp;<strong>una estructura que facilitaba y encubr\u00eda los abusos dentro de la organizaci\u00f3n religiosa<\/strong>, utilizando su posici\u00f3n de liderazgo para mantener silencio entre los miembros de la congregaci\u00f3n.<\/p>\n\n\n\n<h2 class=\"wp-block-heading\" id=\"h-antecedente-judicial-en-california\">Antecedente judicial en California<\/h2>\n\n\n\n<p>Adem\u00e1s del proceso federal en Nueva York,&nbsp;<strong>Naas\u00f3n Joaqu\u00edn Garc\u00eda cumple actualmente una sentencia de 16 a\u00f1os y ocho meses de prisi\u00f3n<\/strong>dictada en 2022 por un tribunal del estado de California, despu\u00e9s de declararse culpable de&nbsp;<strong>abuso sexual de menores en un caso distinto<\/strong>.<\/p>\n\n\n\n<p>El nuevo juicio federal podr\u00eda derivar en&nbsp;<strong>penas de hasta cadena perpetua<\/strong>, dependiendo de los cargos que se prueben durante el proceso judicial que se celebrar\u00e1 en Nueva York.<\/p>\n\n\n\n<p><em>Con informaci\u00f3n de&nbsp;<strong>Exc\u00e9lsior<\/strong>.<\/em><\/p>\n","protected":false},"excerpt":{"rendered":"<p>Un tribunal federal de Nueva York fij\u00f3 para marzo de 2027 el juicio contra Naas\u00f3n Joaqu\u00edn Garc\u00eda, su madre y&#8230;<\/p>\n","protected":false},"author":2,"featured_media":5089,"comment_status":"open","ping_status":"open","sticky":false,"template":"","format":"standard","meta":{"footnotes":""},"categories":[29],"tags":[],"class_list":["post-5088","post","type-post","status-publish","format-standard","has-post-thumbnail","hentry","category-internacional"],"yoast_head":"<!-- This site is optimized with the Yoast SEO Premium plugin v26.8 (Yoast SEO v27.4) - https:\/\/yoast.com\/product\/yoast-seo-premium-wordpress\/ -->\n<title>Corte de Nueva York fija juicio contra Naas\u00f3n Joaqu\u00edn para 2027 - Buenos D&iacute;as BCS<\/title>\n<meta name=\"robots\" content=\"index, follow, max-snippet:-1, max-image-preview:large, max-video-preview:-1\" \/>\n<link rel=\"canonical\" href=\"https:\/\/buenosdiasbcs.com\/?p=5088\" \/>\n<meta property=\"og:locale\" content=\"es_ES\" \/>\n<meta property=\"og:type\" content=\"article\" \/>\n<meta property=\"og:title\" content=\"Corte de Nueva York fija juicio contra Naas\u00f3n Joaqu\u00edn para 2027\" \/>\n<meta property=\"og:description\" content=\"Un tribunal federal de Nueva York fij\u00f3 para marzo de 2027 el juicio contra Naas\u00f3n Joaqu\u00edn Garc\u00eda, su madre y...\" \/>\n<meta property=\"og:url\" content=\"https:\/\/buenosdiasbcs.com\/?p=5088\" \/>\n<meta property=\"og:site_name\" content=\"Buenos D&iacute;as BCS\" \/>\n<meta property=\"article:published_time\" content=\"2026-03-12T07:01:00+00:00\" \/>\n<meta property=\"article:modified_time\" content=\"2026-03-12T08:42:04+00:00\" \/>\n<meta property=\"og:image\" content=\"https:\/\/buenosdiasbcs.com\/wp-content\/uploads\/2026\/03\/1773267390948.jpg.webp\" \/>\n\t<meta property=\"og:image:width\" content=\"820\" \/>\n\t<meta property=\"og:image:height\" content=\"508\" \/>\n\t<meta property=\"og:image:type\" content=\"image\/webp\" \/>\n<meta name=\"author\" content=\"Edici\u00f3n Buenos D\u00edas\" \/>\n<meta name=\"twitter:card\" content=\"summary_large_image\" \/>\n<meta name=\"twitter:label1\" content=\"Escrito por\" \/>\n\t<meta name=\"twitter:data1\" content=\"Edici\u00f3n Buenos D\u00edas\" \/>\n\t<meta name=\"twitter:label2\" content=\"Tiempo de lectura\" \/>\n\t<meta name=\"twitter:data2\" content=\"3 minutos\" \/>\n<script type=\"application\/ld+json\" class=\"yoast-schema-graph\">{\"@context\":\"https:\\\/\\\/schema.org\",\"@graph\":[{\"@type\":\"Article\",\"@id\":\"https:\\\/\\\/buenosdiasbcs.com\\\/?p=5088#article\",\"isPartOf\":{\"@id\":\"https:\\\/\\\/buenosdiasbcs.com\\\/?p=5088\"},\"author\":{\"name\":\"Edici\u00f3n Buenos D\u00edas\",\"@id\":\"https:\\\/\\\/buenosdiasbcs.com\\\/#\\\/schema\\\/person\\\/15aedc247eab7070ee5d76d6d069a821\"},\"headline\":\"Corte de Nueva York fija juicio contra Naas\u00f3n Joaqu\u00edn para 2027\",\"datePublished\":\"2026-03-12T07:01:00+00:00\",\"dateModified\":\"2026-03-12T08:42:04+00:00\",\"mainEntityOfPage\":{\"@id\":\"https:\\\/\\\/buenosdiasbcs.com\\\/?p=5088\"},\"wordCount\":671,\"commentCount\":0,\"publisher\":{\"@id\":\"https:\\\/\\\/buenosdiasbcs.com\\\/#organization\"},\"image\":{\"@id\":\"https:\\\/\\\/buenosdiasbcs.com\\\/?p=5088#primaryimage\"},\"thumbnailUrl\":\"https:\\\/\\\/buenosdiasbcs.com\\\/wp-content\\\/uploads\\\/2026\\\/03\\\/1773267390948.jpg.webp\",\"articleSection\":[\"Internacional\"],\"inLanguage\":\"es\",\"potentialAction\":[{\"@type\":\"CommentAction\",\"name\":\"Comment\",\"target\":[\"https:\\\/\\\/buenosdiasbcs.com\\\/?p=5088#respond\"]}]},{\"@type\":\"WebPage\",\"@id\":\"https:\\\/\\\/buenosdiasbcs.com\\\/?p=5088\",\"url\":\"https:\\\/\\\/buenosdiasbcs.com\\\/?p=5088\",\"name\":\"Corte de Nueva York fija juicio contra Naas\u00f3n Joaqu\u00edn para 2027 - Buenos D&iacute;as BCS\",\"isPartOf\":{\"@id\":\"https:\\\/\\\/buenosdiasbcs.com\\\/#website\"},\"primaryImageOfPage\":{\"@id\":\"https:\\\/\\\/buenosdiasbcs.com\\\/?p=5088#primaryimage\"},\"image\":{\"@id\":\"https:\\\/\\\/buenosdiasbcs.com\\\/?p=5088#primaryimage\"},\"thumbnailUrl\":\"https:\\\/\\\/buenosdiasbcs.com\\\/wp-content\\\/uploads\\\/2026\\\/03\\\/1773267390948.jpg.webp\",\"datePublished\":\"2026-03-12T07:01:00+00:00\",\"dateModified\":\"2026-03-12T08:42:04+00:00\",\"breadcrumb\":{\"@id\":\"https:\\\/\\\/buenosdiasbcs.com\\\/?p=5088#breadcrumb\"},\"inLanguage\":\"es\",\"potentialAction\":[{\"@type\":\"ReadAction\",\"target\":[\"https:\\\/\\\/buenosdiasbcs.com\\\/?p=5088\"]}]},{\"@type\":\"ImageObject\",\"inLanguage\":\"es\",\"@id\":\"https:\\\/\\\/buenosdiasbcs.com\\\/?p=5088#primaryimage\",\"url\":\"https:\\\/\\\/buenosdiasbcs.com\\\/wp-content\\\/uploads\\\/2026\\\/03\\\/1773267390948.jpg.webp\",\"contentUrl\":\"https:\\\/\\\/buenosdiasbcs.com\\\/wp-content\\\/uploads\\\/2026\\\/03\\\/1773267390948.jpg.webp\",\"width\":820,\"height\":508},{\"@type\":\"BreadcrumbList\",\"@id\":\"https:\\\/\\\/buenosdiasbcs.com\\\/?p=5088#breadcrumb\",\"itemListElement\":[{\"@type\":\"ListItem\",\"position\":1,\"name\":\"Portada\",\"item\":\"https:\\\/\\\/buenosdiasbcs.com\\\/\"},{\"@type\":\"ListItem\",\"position\":2,\"name\":\"Corte de Nueva York fija juicio contra Naas\u00f3n Joaqu\u00edn para 2027\"}]},{\"@type\":\"WebSite\",\"@id\":\"https:\\\/\\\/buenosdiasbcs.com\\\/#website\",\"url\":\"https:\\\/\\\/buenosdiasbcs.com\\\/\",\"name\":\"Buenos D\u00edas BCS\",\"description\":\"\",\"publisher\":{\"@id\":\"https:\\\/\\\/buenosdiasbcs.com\\\/#organization\"},\"potentialAction\":[{\"@type\":\"SearchAction\",\"target\":{\"@type\":\"EntryPoint\",\"urlTemplate\":\"https:\\\/\\\/buenosdiasbcs.com\\\/?s={search_term_string}\"},\"query-input\":{\"@type\":\"PropertyValueSpecification\",\"valueRequired\":true,\"valueName\":\"search_term_string\"}}],\"inLanguage\":\"es\"},{\"@type\":\"Organization\",\"@id\":\"https:\\\/\\\/buenosdiasbcs.com\\\/#organization\",\"name\":\"Buenos D\u00edas BCS\",\"url\":\"https:\\\/\\\/buenosdiasbcs.com\\\/\",\"logo\":{\"@type\":\"ImageObject\",\"inLanguage\":\"es\",\"@id\":\"https:\\\/\\\/buenosdiasbcs.com\\\/#\\\/schema\\\/logo\\\/image\\\/\",\"url\":\"https:\\\/\\\/buenosdiasbcs.com\\\/wp-content\\\/uploads\\\/2026\\\/01\\\/logo-buenos-dias-40-01.png\",\"contentUrl\":\"https:\\\/\\\/buenosdiasbcs.com\\\/wp-content\\\/uploads\\\/2026\\\/01\\\/logo-buenos-dias-40-01.png\",\"width\":277,\"height\":40,\"caption\":\"Buenos D\u00edas BCS\"},\"image\":{\"@id\":\"https:\\\/\\\/buenosdiasbcs.com\\\/#\\\/schema\\\/logo\\\/image\\\/\"}},{\"@type\":\"Person\",\"@id\":\"https:\\\/\\\/buenosdiasbcs.com\\\/#\\\/schema\\\/person\\\/15aedc247eab7070ee5d76d6d069a821\",\"name\":\"Edici\u00f3n Buenos D\u00edas\",\"image\":{\"@type\":\"ImageObject\",\"inLanguage\":\"es\",\"@id\":\"https:\\\/\\\/buenosdiasbcs.com\\\/wp-content\\\/uploads\\\/2026\\\/01\\\/cropped-sol-96x96.png\",\"url\":\"https:\\\/\\\/buenosdiasbcs.com\\\/wp-content\\\/uploads\\\/2026\\\/01\\\/cropped-sol-96x96.png\",\"contentUrl\":\"https:\\\/\\\/buenosdiasbcs.com\\\/wp-content\\\/uploads\\\/2026\\\/01\\\/cropped-sol-96x96.png\",\"caption\":\"Edici\u00f3n Buenos D\u00edas\"},\"url\":\"https:\\\/\\\/buenosdiasbcs.com\\\/?author=2\"}]}<\/script>\n<!-- \/ Yoast SEO Premium plugin. -->","yoast_head_json":{"title":"Corte de Nueva York fija juicio contra Naas\u00f3n Joaqu\u00edn para 2027 - Buenos D&iacute;as BCS","robots":{"index":"index","follow":"follow","max-snippet":"max-snippet:-1","max-image-preview":"max-image-preview:large","max-video-preview":"max-video-preview:-1"},"canonical":"https:\/\/buenosdiasbcs.com\/?p=5088","og_locale":"es_ES","og_type":"article","og_title":"Corte de Nueva York fija juicio contra Naas\u00f3n Joaqu\u00edn para 2027","og_description":"Un tribunal federal de Nueva York fij\u00f3 para marzo de 2027 el juicio contra Naas\u00f3n Joaqu\u00edn Garc\u00eda, su madre y...","og_url":"https:\/\/buenosdiasbcs.com\/?p=5088","og_site_name":"Buenos D&iacute;as BCS","article_published_time":"2026-03-12T07:01:00+00:00","article_modified_time":"2026-03-12T08:42:04+00:00","og_image":[{"width":820,"height":508,"url":"https:\/\/buenosdiasbcs.com\/wp-content\/uploads\/2026\/03\/1773267390948.jpg.webp","type":"image\/webp"}],"author":"Edici\u00f3n Buenos D\u00edas","twitter_card":"summary_large_image","twitter_misc":{"Escrito por":"Edici\u00f3n Buenos D\u00edas","Tiempo de lectura":"3 minutos"},"schema":{"@context":"https:\/\/schema.org","@graph":[{"@type":"Article","@id":"https:\/\/buenosdiasbcs.com\/?p=5088#article","isPartOf":{"@id":"https:\/\/buenosdiasbcs.com\/?p=5088"},"author":{"name":"Edici\u00f3n Buenos D\u00edas","@id":"https:\/\/buenosdiasbcs.com\/#\/schema\/person\/15aedc247eab7070ee5d76d6d069a821"},"headline":"Corte de Nueva York fija juicio contra Naas\u00f3n Joaqu\u00edn para 2027","datePublished":"2026-03-12T07:01:00+00:00","dateModified":"2026-03-12T08:42:04+00:00","mainEntityOfPage":{"@id":"https:\/\/buenosdiasbcs.com\/?p=5088"},"wordCount":671,"commentCount":0,"publisher":{"@id":"https:\/\/buenosdiasbcs.com\/#organization"},"image":{"@id":"https:\/\/buenosdiasbcs.com\/?p=5088#primaryimage"},"thumbnailUrl":"https:\/\/buenosdiasbcs.com\/wp-content\/uploads\/2026\/03\/1773267390948.jpg.webp","articleSection":["Internacional"],"inLanguage":"es","potentialAction":[{"@type":"CommentAction","name":"Comment","target":["https:\/\/buenosdiasbcs.com\/?p=5088#respond"]}]},{"@type":"WebPage","@id":"https:\/\/buenosdiasbcs.com\/?p=5088","url":"https:\/\/buenosdiasbcs.com\/?p=5088","name":"Corte de Nueva York fija juicio contra Naas\u00f3n Joaqu\u00edn para 2027 - Buenos D&iacute;as BCS","isPartOf":{"@id":"https:\/\/buenosdiasbcs.com\/#website"},"primaryImageOfPage":{"@id":"https:\/\/buenosdiasbcs.com\/?p=5088#primaryimage"},"image":{"@id":"https:\/\/buenosdiasbcs.com\/?p=5088#primaryimage"},"thumbnailUrl":"https:\/\/buenosdiasbcs.com\/wp-content\/uploads\/2026\/03\/1773267390948.jpg.webp","datePublished":"2026-03-12T07:01:00+00:00","dateModified":"2026-03-12T08:42:04+00:00","breadcrumb":{"@id":"https:\/\/buenosdiasbcs.com\/?p=5088#breadcrumb"},"inLanguage":"es","potentialAction":[{"@type":"ReadAction","target":["https:\/\/buenosdiasbcs.com\/?p=5088"]}]},{"@type":"ImageObject","inLanguage":"es","@id":"https:\/\/buenosdiasbcs.com\/?p=5088#primaryimage","url":"https:\/\/buenosdiasbcs.com\/wp-content\/uploads\/2026\/03\/1773267390948.jpg.webp","contentUrl":"https:\/\/buenosdiasbcs.com\/wp-content\/uploads\/2026\/03\/1773267390948.jpg.webp","width":820,"height":508},{"@type":"BreadcrumbList","@id":"https:\/\/buenosdiasbcs.com\/?p=5088#breadcrumb","itemListElement":[{"@type":"ListItem","position":1,"name":"Portada","item":"https:\/\/buenosdiasbcs.com\/"},{"@type":"ListItem","position":2,"name":"Corte de Nueva York fija juicio contra Naas\u00f3n Joaqu\u00edn para 2027"}]},{"@type":"WebSite","@id":"https:\/\/buenosdiasbcs.com\/#website","url":"https:\/\/buenosdiasbcs.com\/","name":"Buenos D\u00edas BCS","description":"","publisher":{"@id":"https:\/\/buenosdiasbcs.com\/#organization"},"potentialAction":[{"@type":"SearchAction","target":{"@type":"EntryPoint","urlTemplate":"https:\/\/buenosdiasbcs.com\/?s={search_term_string}"},"query-input":{"@type":"PropertyValueSpecification","valueRequired":true,"valueName":"search_term_string"}}],"inLanguage":"es"},{"@type":"Organization","@id":"https:\/\/buenosdiasbcs.com\/#organization","name":"Buenos D\u00edas BCS","url":"https:\/\/buenosdiasbcs.com\/","logo":{"@type":"ImageObject","inLanguage":"es","@id":"https:\/\/buenosdiasbcs.com\/#\/schema\/logo\/image\/","url":"https:\/\/buenosdiasbcs.com\/wp-content\/uploads\/2026\/01\/logo-buenos-dias-40-01.png","contentUrl":"https:\/\/buenosdiasbcs.com\/wp-content\/uploads\/2026\/01\/logo-buenos-dias-40-01.png","width":277,"height":40,"caption":"Buenos D\u00edas BCS"},"image":{"@id":"https:\/\/buenosdiasbcs.com\/#\/schema\/logo\/image\/"}},{"@type":"Person","@id":"https:\/\/buenosdiasbcs.com\/#\/schema\/person\/15aedc247eab7070ee5d76d6d069a821","name":"Edici\u00f3n Buenos D\u00edas","image":{"@type":"ImageObject","inLanguage":"es","@id":"https:\/\/buenosdiasbcs.com\/wp-content\/uploads\/2026\/01\/cropped-sol-96x96.png","url":"https:\/\/buenosdiasbcs.com\/wp-content\/uploads\/2026\/01\/cropped-sol-96x96.png","contentUrl":"https:\/\/buenosdiasbcs.com\/wp-content\/uploads\/2026\/01\/cropped-sol-96x96.png","caption":"Edici\u00f3n Buenos D\u00edas"},"url":"https:\/\/buenosdiasbcs.com\/?author=2"}]}},"amp_enabled":true,"_links":{"self":[{"href":"https:\/\/buenosdiasbcs.com\/index.php?rest_route=\/wp\/v2\/posts\/5088","targetHints":{"allow":["GET"]}}],"collection":[{"href":"https:\/\/buenosdiasbcs.com\/index.php?rest_route=\/wp\/v2\/posts"}],"about":[{"href":"https:\/\/buenosdiasbcs.com\/index.php?rest_route=\/wp\/v2\/types\/post"}],"author":[{"embeddable":true,"href":"https:\/\/buenosdiasbcs.com\/index.php?rest_route=\/wp\/v2\/users\/2"}],"replies":[{"embeddable":true,"href":"https:\/\/buenosdiasbcs.com\/index.php?rest_route=%2Fwp%2Fv2%2Fcomments&post=5088"}],"version-history":[{"count":1,"href":"https:\/\/buenosdiasbcs.com\/index.php?rest_route=\/wp\/v2\/posts\/5088\/revisions"}],"predecessor-version":[{"id":5090,"href":"https:\/\/buenosdiasbcs.com\/index.php?rest_route=\/wp\/v2\/posts\/5088\/revisions\/5090"}],"wp:featuredmedia":[{"embeddable":true,"href":"https:\/\/buenosdiasbcs.com\/index.php?rest_route=\/wp\/v2\/media\/5089"}],"wp:attachment":[{"href":"https:\/\/buenosdiasbcs.com\/index.php?rest_route=%2Fwp%2Fv2%2Fmedia&parent=5088"}],"wp:term":[{"taxonomy":"category","embeddable":true,"href":"https:\/\/buenosdiasbcs.com\/index.php?rest_route=%2Fwp%2Fv2%2Fcategories&post=5088"},{"taxonomy":"post_tag","embeddable":true,"href":"https:\/\/buenosdiasbcs.com\/index.php?rest_route=%2Fwp%2Fv2%2Ftags&post=5088"}],"curies":[{"name":"wp","href":"https:\/\/api.w.org\/{rel}","templated":true}]}}