{"id":5081,"date":"2026-03-12T00:01:00","date_gmt":"2026-03-12T07:01:00","guid":{"rendered":"https:\/\/buenosdiasbcs.com\/?p=5081"},"modified":"2026-03-12T01:35:18","modified_gmt":"2026-03-12T08:35:18","slug":"division-en-san-lazaro-asi-votaron-los-partidos-la-reforma-electoral-de-sheinbaum","status":"publish","type":"post","link":"https:\/\/buenosdiasbcs.com\/?p=5081","title":{"rendered":"Divisi\u00f3n en San L\u00e1zaro: as\u00ed votaron los partidos la reforma electoral de Sheinbaum"},"content":{"rendered":"\n<h2 class=\"wp-block-heading\" id=\"h-la-camara-de-diputados-registro-una-votacion-cerrada-y-con-fracturas-internas-durante-la-discusion-de-la-reforma-electoral\">La C\u00e1mara de Diputados registr\u00f3 una votaci\u00f3n cerrada y con fracturas internas durante la discusi\u00f3n de la reforma electoral<\/h2>\n\n\n\n<p><strong>Ciudad de M\u00e9xico.- La C\u00e1mara de Diputados<\/strong>&nbsp;registr\u00f3 una votaci\u00f3n cerrada y con fracturas internas durante la discusi\u00f3n de la reforma electoral impulsada por la presidenta de M\u00e9xico,&nbsp;<strong>Claudia Sheinbaum.<\/strong><\/p>\n\n\n\n<p>El dictamen reuni\u00f3&nbsp;<strong>259 votos a favor, 234 en contra y una abstenci\u00f3n, de un total de 494 legisladores presentes,<\/strong>&nbsp;lo que permiti\u00f3 su aprobaci\u00f3n en medio de un intenso debate pol\u00edtico.<\/p>\n\n\n\n<p>La propuesta forma parte del paquete de reformas pol\u00edticas promovidas por la mandataria federal con el argumento de reducir costos del sistema electoral, modificar la estructura de los organismos electorales y ajustar reglas de representaci\u00f3n pol\u00edtica, una agenda que desde su presentaci\u00f3n ha generado fuertes cr\u00edticas de la oposici\u00f3n, que advierte riesgos para la autonom\u00eda institucional.<\/p>\n\n\n\n<p><strong>Morena: respaldo mayoritario, pero con disidencias<\/strong><\/p>\n\n\n\n<p>En la bancada de Movimiento Regeneraci\u00f3n Nacional, la reforma obtuvo respaldo mayoritario, aunque tres legisladores rompieron la l\u00ednea del partido y votaron en contra:<br>\u2022 Giselle Arellano \u00c1bila<br>\u2022 Alejandra Chedraui Peralta<br>\u2022 Santy Montemayo<\/p>\n\n\n\n<p><strong>Adem\u00e1s, se registraron cuatro ausencias dentro del grupo parlamentario:<\/strong><br>\u2022 Manuel Espino (por motivos de salud)<br>\u2022 Jes\u00fas Jim\u00e9nez<br>\u2022 Iv\u00e1n Pe\u00f1a<br>\u2022 Olga S\u00e1nchez<\/p>\n\n\n\n<p><strong>PVEM: mayor\u00eda en contra, pero con votos a favor<\/strong><\/p>\n\n\n\n<p>El grupo parlamentario del Partido Verde Ecologista de M\u00e9xico mostr\u00f3 una postura mayoritariamente contraria al dictamen, aunque 12 diputados rompieron la tendencia y votaron a favor:<br>\u2022 Anabel Costas<br>\u2022 Cabrera Lagunas<br>\u2022 Jos\u00e9 Brana<br>\u2022 Carlos Canturosas<br>\u2022 Manuel Cota<br>\u2022 Denisse Guzm\u00e1n<br>\u2022 Blanca Hern\u00e1ndez<br>\u2022 Hilda Licerio<br>\u2022 Mario L\u00f3pez Hern\u00e1ndez<br>\u2022 Iv\u00e1n Mar\u00edn<br>\u2022 Alejandro P\u00e9rez Cu\u00e9llar<br>\u2022 Maricela Silva<\/p>\n\n\n\n<p>En esta bancada tambi\u00e9n se registr\u00f3 una abstenci\u00f3n, la del legislador Ra\u00fal Bola\u00f1os Cacho.<\/p>\n\n\n\n<p><strong>PT: voto dividido<\/strong><\/p>\n\n\n\n<p>En el caso del Partido del Trabajo, la mayor\u00eda de los diputados vot\u00f3 en contra de la reforma. Sin embargo, Jes\u00fas Corral Ordo\u00f1ez vot\u00f3 a favor, mientras que Jos\u00e9 Alejandro Aguilar no estuvo presente durante la votaci\u00f3n.<\/p>\n\n\n\n<p><strong>Oposici\u00f3n cerr\u00f3 filas contra la reforma<\/strong><\/p>\n\n\n\n<p>Los partidos de oposici\u00f3n mantuvieron una postura uniforme frente al dictamen.<\/p>\n\n\n\n<p><strong>La bancada del Partido Revolucionario Institucional<\/strong>&nbsp;vot\u00f3 en contra, aunque registr\u00f3 la ausencia de la diputada Marcela Guerra.<\/p>\n\n\n\n<p>Por su parte, tanto el&nbsp;<strong>Partido Acci\u00f3n Nacional como Movimiento Ciudadano<\/strong>votaron en bloque en contra de la reforma.<\/p>\n\n\n\n<p>A ellos se sum\u00f3 tambi\u00e9n la diputada Guadalupe Mendoza Arias, del llamado Movimiento del Sombrero, quien igualmente emiti\u00f3 su voto en contra.<\/p>\n\n\n\n<p><strong>Un debate que anticipa confrontaci\u00f3n pol\u00edtica<\/strong><\/p>\n\n\n\n<p>La reforma electoral promovida por el gobierno federal se perfila como uno de los temas centrales de confrontaci\u00f3n pol\u00edtica en el pa\u00eds, ya que el oficialismo sostiene que busca modernizar el sistema electoral y hacerlo menos costoso, mientras que la oposici\u00f3n advierte que podr\u00eda debilitar los contrapesos institucionales.<\/p>\n\n\n\n<p>El resultado de la votaci\u00f3n reflej\u00f3 divisiones internas en varias bancadas, as\u00ed como el endurecimiento del bloque opositor frente a las reformas impulsadas desde el Ejecutivo federal.<\/p>\n","protected":false},"excerpt":{"rendered":"<p>La C\u00e1mara de Diputados registr\u00f3 una votaci\u00f3n cerrada y con fracturas internas durante la discusi\u00f3n de la reforma electoral Ciudad&#8230;<\/p>\n","protected":false},"author":2,"featured_media":5082,"comment_status":"open","ping_status":"open","sticky":false,"template":"","format":"standard","meta":{"footnotes":""},"categories":[239],"tags":[],"class_list":["post-5081","post","type-post","status-publish","format-standard","has-post-thumbnail","hentry","category-partidos"],"yoast_head":"<!-- This site is optimized with the Yoast SEO Premium plugin v26.8 (Yoast SEO v27.4) - https:\/\/yoast.com\/product\/yoast-seo-premium-wordpress\/ -->\n<title>Divisi\u00f3n en San L\u00e1zaro: as\u00ed votaron los partidos la reforma electoral de Sheinbaum - Buenos D&iacute;as BCS<\/title>\n<meta name=\"robots\" content=\"index, follow, max-snippet:-1, max-image-preview:large, max-video-preview:-1\" \/>\n<link rel=\"canonical\" href=\"https:\/\/buenosdiasbcs.com\/?p=5081\" \/>\n<meta property=\"og:locale\" content=\"es_ES\" \/>\n<meta property=\"og:type\" content=\"article\" \/>\n<meta property=\"og:title\" content=\"Divisi\u00f3n en San L\u00e1zaro: as\u00ed votaron los partidos la reforma electoral de Sheinbaum\" \/>\n<meta property=\"og:description\" content=\"La C\u00e1mara de Diputados registr\u00f3 una votaci\u00f3n cerrada y con fracturas internas durante la discusi\u00f3n de la reforma electoral Ciudad...\" \/>\n<meta property=\"og:url\" content=\"https:\/\/buenosdiasbcs.com\/?p=5081\" \/>\n<meta property=\"og:site_name\" content=\"Buenos D&iacute;as BCS\" \/>\n<meta property=\"article:published_time\" content=\"2026-03-12T07:01:00+00:00\" \/>\n<meta property=\"article:modified_time\" content=\"2026-03-12T08:35:18+00:00\" \/>\n<meta property=\"og:image\" content=\"https:\/\/buenosdiasbcs.com\/wp-content\/uploads\/2026\/03\/diputados-1.png\" \/>\n\t<meta property=\"og:image:width\" content=\"650\" \/>\n\t<meta property=\"og:image:height\" content=\"417\" \/>\n\t<meta property=\"og:image:type\" content=\"image\/png\" \/>\n<meta name=\"author\" content=\"Edici\u00f3n Buenos D\u00edas\" \/>\n<meta name=\"twitter:card\" content=\"summary_large_image\" \/>\n<meta name=\"twitter:label1\" content=\"Escrito por\" \/>\n\t<meta name=\"twitter:data1\" content=\"Edici\u00f3n Buenos D\u00edas\" \/>\n\t<meta name=\"twitter:label2\" content=\"Tiempo de lectura\" \/>\n\t<meta name=\"twitter:data2\" content=\"3 minutos\" \/>\n<script type=\"application\/ld+json\" class=\"yoast-schema-graph\">{\"@context\":\"https:\\\/\\\/schema.org\",\"@graph\":[{\"@type\":\"Article\",\"@id\":\"https:\\\/\\\/buenosdiasbcs.com\\\/?p=5081#article\",\"isPartOf\":{\"@id\":\"https:\\\/\\\/buenosdiasbcs.com\\\/?p=5081\"},\"author\":{\"name\":\"Edici\u00f3n Buenos D\u00edas\",\"@id\":\"https:\\\/\\\/buenosdiasbcs.com\\\/#\\\/schema\\\/person\\\/15aedc247eab7070ee5d76d6d069a821\"},\"headline\":\"Divisi\u00f3n en San L\u00e1zaro: as\u00ed votaron los partidos la reforma electoral de Sheinbaum\",\"datePublished\":\"2026-03-12T07:01:00+00:00\",\"dateModified\":\"2026-03-12T08:35:18+00:00\",\"mainEntityOfPage\":{\"@id\":\"https:\\\/\\\/buenosdiasbcs.com\\\/?p=5081\"},\"wordCount\":541,\"commentCount\":0,\"publisher\":{\"@id\":\"https:\\\/\\\/buenosdiasbcs.com\\\/#organization\"},\"image\":{\"@id\":\"https:\\\/\\\/buenosdiasbcs.com\\\/?p=5081#primaryimage\"},\"thumbnailUrl\":\"https:\\\/\\\/buenosdiasbcs.com\\\/wp-content\\\/uploads\\\/2026\\\/03\\\/diputados-1.png\",\"articleSection\":[\"Partidos\"],\"inLanguage\":\"es\",\"potentialAction\":[{\"@type\":\"CommentAction\",\"name\":\"Comment\",\"target\":[\"https:\\\/\\\/buenosdiasbcs.com\\\/?p=5081#respond\"]}]},{\"@type\":\"WebPage\",\"@id\":\"https:\\\/\\\/buenosdiasbcs.com\\\/?p=5081\",\"url\":\"https:\\\/\\\/buenosdiasbcs.com\\\/?p=5081\",\"name\":\"Divisi\u00f3n en San L\u00e1zaro: as\u00ed votaron los partidos la reforma electoral de Sheinbaum - Buenos D&iacute;as BCS\",\"isPartOf\":{\"@id\":\"https:\\\/\\\/buenosdiasbcs.com\\\/#website\"},\"primaryImageOfPage\":{\"@id\":\"https:\\\/\\\/buenosdiasbcs.com\\\/?p=5081#primaryimage\"},\"image\":{\"@id\":\"https:\\\/\\\/buenosdiasbcs.com\\\/?p=5081#primaryimage\"},\"thumbnailUrl\":\"https:\\\/\\\/buenosdiasbcs.com\\\/wp-content\\\/uploads\\\/2026\\\/03\\\/diputados-1.png\",\"datePublished\":\"2026-03-12T07:01:00+00:00\",\"dateModified\":\"2026-03-12T08:35:18+00:00\",\"breadcrumb\":{\"@id\":\"https:\\\/\\\/buenosdiasbcs.com\\\/?p=5081#breadcrumb\"},\"inLanguage\":\"es\",\"potentialAction\":[{\"@type\":\"ReadAction\",\"target\":[\"https:\\\/\\\/buenosdiasbcs.com\\\/?p=5081\"]}]},{\"@type\":\"ImageObject\",\"inLanguage\":\"es\",\"@id\":\"https:\\\/\\\/buenosdiasbcs.com\\\/?p=5081#primaryimage\",\"url\":\"https:\\\/\\\/buenosdiasbcs.com\\\/wp-content\\\/uploads\\\/2026\\\/03\\\/diputados-1.png\",\"contentUrl\":\"https:\\\/\\\/buenosdiasbcs.com\\\/wp-content\\\/uploads\\\/2026\\\/03\\\/diputados-1.png\",\"width\":650,\"height\":417},{\"@type\":\"BreadcrumbList\",\"@id\":\"https:\\\/\\\/buenosdiasbcs.com\\\/?p=5081#breadcrumb\",\"itemListElement\":[{\"@type\":\"ListItem\",\"position\":1,\"name\":\"Portada\",\"item\":\"https:\\\/\\\/buenosdiasbcs.com\\\/\"},{\"@type\":\"ListItem\",\"position\":2,\"name\":\"Divisi\u00f3n en San L\u00e1zaro: as\u00ed votaron los partidos la reforma electoral de Sheinbaum\"}]},{\"@type\":\"WebSite\",\"@id\":\"https:\\\/\\\/buenosdiasbcs.com\\\/#website\",\"url\":\"https:\\\/\\\/buenosdiasbcs.com\\\/\",\"name\":\"Buenos D\u00edas BCS\",\"description\":\"\",\"publisher\":{\"@id\":\"https:\\\/\\\/buenosdiasbcs.com\\\/#organization\"},\"potentialAction\":[{\"@type\":\"SearchAction\",\"target\":{\"@type\":\"EntryPoint\",\"urlTemplate\":\"https:\\\/\\\/buenosdiasbcs.com\\\/?s={search_term_string}\"},\"query-input\":{\"@type\":\"PropertyValueSpecification\",\"valueRequired\":true,\"valueName\":\"search_term_string\"}}],\"inLanguage\":\"es\"},{\"@type\":\"Organization\",\"@id\":\"https:\\\/\\\/buenosdiasbcs.com\\\/#organization\",\"name\":\"Buenos D\u00edas BCS\",\"url\":\"https:\\\/\\\/buenosdiasbcs.com\\\/\",\"logo\":{\"@type\":\"ImageObject\",\"inLanguage\":\"es\",\"@id\":\"https:\\\/\\\/buenosdiasbcs.com\\\/#\\\/schema\\\/logo\\\/image\\\/\",\"url\":\"https:\\\/\\\/buenosdiasbcs.com\\\/wp-content\\\/uploads\\\/2026\\\/01\\\/logo-buenos-dias-40-01.png\",\"contentUrl\":\"https:\\\/\\\/buenosdiasbcs.com\\\/wp-content\\\/uploads\\\/2026\\\/01\\\/logo-buenos-dias-40-01.png\",\"width\":277,\"height\":40,\"caption\":\"Buenos D\u00edas BCS\"},\"image\":{\"@id\":\"https:\\\/\\\/buenosdiasbcs.com\\\/#\\\/schema\\\/logo\\\/image\\\/\"}},{\"@type\":\"Person\",\"@id\":\"https:\\\/\\\/buenosdiasbcs.com\\\/#\\\/schema\\\/person\\\/15aedc247eab7070ee5d76d6d069a821\",\"name\":\"Edici\u00f3n Buenos D\u00edas\",\"image\":{\"@type\":\"ImageObject\",\"inLanguage\":\"es\",\"@id\":\"https:\\\/\\\/buenosdiasbcs.com\\\/wp-content\\\/uploads\\\/2026\\\/01\\\/cropped-sol-96x96.png\",\"url\":\"https:\\\/\\\/buenosdiasbcs.com\\\/wp-content\\\/uploads\\\/2026\\\/01\\\/cropped-sol-96x96.png\",\"contentUrl\":\"https:\\\/\\\/buenosdiasbcs.com\\\/wp-content\\\/uploads\\\/2026\\\/01\\\/cropped-sol-96x96.png\",\"caption\":\"Edici\u00f3n Buenos D\u00edas\"},\"url\":\"https:\\\/\\\/buenosdiasbcs.com\\\/?author=2\"}]}<\/script>\n<!-- \/ Yoast SEO Premium plugin. -->","yoast_head_json":{"title":"Divisi\u00f3n en San L\u00e1zaro: as\u00ed votaron los partidos la reforma electoral de Sheinbaum - Buenos D&iacute;as BCS","robots":{"index":"index","follow":"follow","max-snippet":"max-snippet:-1","max-image-preview":"max-image-preview:large","max-video-preview":"max-video-preview:-1"},"canonical":"https:\/\/buenosdiasbcs.com\/?p=5081","og_locale":"es_ES","og_type":"article","og_title":"Divisi\u00f3n en San L\u00e1zaro: as\u00ed votaron los partidos la reforma electoral de Sheinbaum","og_description":"La C\u00e1mara de Diputados registr\u00f3 una votaci\u00f3n cerrada y con fracturas internas durante la discusi\u00f3n de la reforma electoral Ciudad...","og_url":"https:\/\/buenosdiasbcs.com\/?p=5081","og_site_name":"Buenos D&iacute;as BCS","article_published_time":"2026-03-12T07:01:00+00:00","article_modified_time":"2026-03-12T08:35:18+00:00","og_image":[{"width":650,"height":417,"url":"https:\/\/buenosdiasbcs.com\/wp-content\/uploads\/2026\/03\/diputados-1.png","type":"image\/png"}],"author":"Edici\u00f3n Buenos D\u00edas","twitter_card":"summary_large_image","twitter_misc":{"Escrito por":"Edici\u00f3n Buenos D\u00edas","Tiempo de lectura":"3 minutos"},"schema":{"@context":"https:\/\/schema.org","@graph":[{"@type":"Article","@id":"https:\/\/buenosdiasbcs.com\/?p=5081#article","isPartOf":{"@id":"https:\/\/buenosdiasbcs.com\/?p=5081"},"author":{"name":"Edici\u00f3n Buenos D\u00edas","@id":"https:\/\/buenosdiasbcs.com\/#\/schema\/person\/15aedc247eab7070ee5d76d6d069a821"},"headline":"Divisi\u00f3n en San L\u00e1zaro: as\u00ed votaron los partidos la reforma electoral de Sheinbaum","datePublished":"2026-03-12T07:01:00+00:00","dateModified":"2026-03-12T08:35:18+00:00","mainEntityOfPage":{"@id":"https:\/\/buenosdiasbcs.com\/?p=5081"},"wordCount":541,"commentCount":0,"publisher":{"@id":"https:\/\/buenosdiasbcs.com\/#organization"},"image":{"@id":"https:\/\/buenosdiasbcs.com\/?p=5081#primaryimage"},"thumbnailUrl":"https:\/\/buenosdiasbcs.com\/wp-content\/uploads\/2026\/03\/diputados-1.png","articleSection":["Partidos"],"inLanguage":"es","potentialAction":[{"@type":"CommentAction","name":"Comment","target":["https:\/\/buenosdiasbcs.com\/?p=5081#respond"]}]},{"@type":"WebPage","@id":"https:\/\/buenosdiasbcs.com\/?p=5081","url":"https:\/\/buenosdiasbcs.com\/?p=5081","name":"Divisi\u00f3n en San L\u00e1zaro: as\u00ed votaron los partidos la reforma electoral de Sheinbaum - Buenos D&iacute;as BCS","isPartOf":{"@id":"https:\/\/buenosdiasbcs.com\/#website"},"primaryImageOfPage":{"@id":"https:\/\/buenosdiasbcs.com\/?p=5081#primaryimage"},"image":{"@id":"https:\/\/buenosdiasbcs.com\/?p=5081#primaryimage"},"thumbnailUrl":"https:\/\/buenosdiasbcs.com\/wp-content\/uploads\/2026\/03\/diputados-1.png","datePublished":"2026-03-12T07:01:00+00:00","dateModified":"2026-03-12T08:35:18+00:00","breadcrumb":{"@id":"https:\/\/buenosdiasbcs.com\/?p=5081#breadcrumb"},"inLanguage":"es","potentialAction":[{"@type":"ReadAction","target":["https:\/\/buenosdiasbcs.com\/?p=5081"]}]},{"@type":"ImageObject","inLanguage":"es","@id":"https:\/\/buenosdiasbcs.com\/?p=5081#primaryimage","url":"https:\/\/buenosdiasbcs.com\/wp-content\/uploads\/2026\/03\/diputados-1.png","contentUrl":"https:\/\/buenosdiasbcs.com\/wp-content\/uploads\/2026\/03\/diputados-1.png","width":650,"height":417},{"@type":"BreadcrumbList","@id":"https:\/\/buenosdiasbcs.com\/?p=5081#breadcrumb","itemListElement":[{"@type":"ListItem","position":1,"name":"Portada","item":"https:\/\/buenosdiasbcs.com\/"},{"@type":"ListItem","position":2,"name":"Divisi\u00f3n en San L\u00e1zaro: as\u00ed votaron los partidos la reforma electoral de Sheinbaum"}]},{"@type":"WebSite","@id":"https:\/\/buenosdiasbcs.com\/#website","url":"https:\/\/buenosdiasbcs.com\/","name":"Buenos D\u00edas BCS","description":"","publisher":{"@id":"https:\/\/buenosdiasbcs.com\/#organization"},"potentialAction":[{"@type":"SearchAction","target":{"@type":"EntryPoint","urlTemplate":"https:\/\/buenosdiasbcs.com\/?s={search_term_string}"},"query-input":{"@type":"PropertyValueSpecification","valueRequired":true,"valueName":"search_term_string"}}],"inLanguage":"es"},{"@type":"Organization","@id":"https:\/\/buenosdiasbcs.com\/#organization","name":"Buenos D\u00edas BCS","url":"https:\/\/buenosdiasbcs.com\/","logo":{"@type":"ImageObject","inLanguage":"es","@id":"https:\/\/buenosdiasbcs.com\/#\/schema\/logo\/image\/","url":"https:\/\/buenosdiasbcs.com\/wp-content\/uploads\/2026\/01\/logo-buenos-dias-40-01.png","contentUrl":"https:\/\/buenosdiasbcs.com\/wp-content\/uploads\/2026\/01\/logo-buenos-dias-40-01.png","width":277,"height":40,"caption":"Buenos D\u00edas BCS"},"image":{"@id":"https:\/\/buenosdiasbcs.com\/#\/schema\/logo\/image\/"}},{"@type":"Person","@id":"https:\/\/buenosdiasbcs.com\/#\/schema\/person\/15aedc247eab7070ee5d76d6d069a821","name":"Edici\u00f3n Buenos D\u00edas","image":{"@type":"ImageObject","inLanguage":"es","@id":"https:\/\/buenosdiasbcs.com\/wp-content\/uploads\/2026\/01\/cropped-sol-96x96.png","url":"https:\/\/buenosdiasbcs.com\/wp-content\/uploads\/2026\/01\/cropped-sol-96x96.png","contentUrl":"https:\/\/buenosdiasbcs.com\/wp-content\/uploads\/2026\/01\/cropped-sol-96x96.png","caption":"Edici\u00f3n Buenos D\u00edas"},"url":"https:\/\/buenosdiasbcs.com\/?author=2"}]}},"amp_enabled":true,"_links":{"self":[{"href":"https:\/\/buenosdiasbcs.com\/index.php?rest_route=\/wp\/v2\/posts\/5081","targetHints":{"allow":["GET"]}}],"collection":[{"href":"https:\/\/buenosdiasbcs.com\/index.php?rest_route=\/wp\/v2\/posts"}],"about":[{"href":"https:\/\/buenosdiasbcs.com\/index.php?rest_route=\/wp\/v2\/types\/post"}],"author":[{"embeddable":true,"href":"https:\/\/buenosdiasbcs.com\/index.php?rest_route=\/wp\/v2\/users\/2"}],"replies":[{"embeddable":true,"href":"https:\/\/buenosdiasbcs.com\/index.php?rest_route=%2Fwp%2Fv2%2Fcomments&post=5081"}],"version-history":[{"count":1,"href":"https:\/\/buenosdiasbcs.com\/index.php?rest_route=\/wp\/v2\/posts\/5081\/revisions"}],"predecessor-version":[{"id":5083,"href":"https:\/\/buenosdiasbcs.com\/index.php?rest_route=\/wp\/v2\/posts\/5081\/revisions\/5083"}],"wp:featuredmedia":[{"embeddable":true,"href":"https:\/\/buenosdiasbcs.com\/index.php?rest_route=\/wp\/v2\/media\/5082"}],"wp:attachment":[{"href":"https:\/\/buenosdiasbcs.com\/index.php?rest_route=%2Fwp%2Fv2%2Fmedia&parent=5081"}],"wp:term":[{"taxonomy":"category","embeddable":true,"href":"https:\/\/buenosdiasbcs.com\/index.php?rest_route=%2Fwp%2Fv2%2Fcategories&post=5081"},{"taxonomy":"post_tag","embeddable":true,"href":"https:\/\/buenosdiasbcs.com\/index.php?rest_route=%2Fwp%2Fv2%2Ftags&post=5081"}],"curies":[{"name":"wp","href":"https:\/\/api.w.org\/{rel}","templated":true}]}}