{"id":5075,"date":"2026-03-12T00:21:00","date_gmt":"2026-03-12T07:21:00","guid":{"rendered":"https:\/\/buenosdiasbcs.com\/?p=5075"},"modified":"2026-03-11T20:23:31","modified_gmt":"2026-03-12T03:23:31","slug":"pelayo-y-luis-armando-diaz-le-dijeron-no-a-sheinbaum","status":"publish","type":"post","link":"https:\/\/buenosdiasbcs.com\/?p=5075","title":{"rendered":"Pelayo y Luis Armando D\u00edaz le dijeron \u201cno\u201d a Sheinbaum"},"content":{"rendered":"\n<h2 class=\"wp-block-heading\" id=\"h-solo-manuel-cota-dio-su-voto-a-favor-de-la-reforma-electoral-enviada-por-la-presidenta-aun-asi-la-iniciativa-no-alcanzo-la-mayoria-calificada\">Solo Manuel Cota dio su voto a favor de la reforma electoral enviada por la Presidenta, aun as\u00ed la iniciativa no alcanz\u00f3 la mayor\u00eda calificada.<\/h2>\n\n\n\n<p>La&nbsp;<strong>C\u00e1mara de Diputados<\/strong>&nbsp;rechaz\u00f3 la&nbsp;<strong>reforma electoral<\/strong>&nbsp;enviada por la<strong>Presidenta de la Rep\u00fablica<\/strong>&nbsp;al no alcanzar la mayor\u00eda requerida para modificar la Constituci\u00f3n pues el dictamen obtuvo 259 votos a favor, 234 en contra y una abstenci\u00f3n, por debajo de los 334 sufragios necesarios para su aprobaci\u00f3n.<\/p>\n\n\n\n<p>Durante la sesi\u00f3n se registraron m\u00e1s de dos horas de discusi\u00f3n antes de realizarse la votaci\u00f3n en el pleno de San L\u00e1zaro.<a href=\"https:\/\/peninsulardigital.com\/anunciate-peninsular-digital\/\" target=\"_blank\" rel=\"noreferrer noopener\"><\/a><\/p>\n\n\n\n<p>Entre los votos en contra se contaron los de los diputados por Baja California Sur&nbsp;<strong>Luis Armando D\u00edaz,<\/strong>&nbsp;del Partido del Trabajo, y&nbsp;<strong>Francisco Pelayo<\/strong>, del PAN mientras que el legislador del Partido Verde,&nbsp;<strong>Manuel Cota C\u00e1rdenas,<\/strong>&nbsp;respald\u00f3 la iniciativa presentada por la presidenta Claudia Sheinbaum.<\/p>\n\n\n\n<p>Tras anunciarse el resultado, la presidenta de la C\u00e1mara de Diputados,&nbsp;<strong>Kenia L\u00f3pez Rabad\u00e1n<\/strong>, inform\u00f3 desde la tribuna que el proyecto de decreto enviado por la Presidencia quedaba desechado.<\/p>\n\n\n\n<p>Legisladores de oposici\u00f3n reaccionaron desde sus curules luego de confirmarse que la propuesta no alcanz\u00f3 los votos requeridos.<\/p>\n\n\n\n<p>Horas antes de la votaci\u00f3n, durante su conferencia matutina, la presidenta&nbsp;<strong>Claudia Sheinbaum<\/strong>&nbsp;se\u00f1al\u00f3 que, ante la posibilidad de que la reforma no avanzara en el Congreso, su gobierno preparar\u00eda una alternativa. Indic\u00f3 que la iniciativa respond\u00eda a un compromiso planteado durante su campa\u00f1a.<\/p>\n\n\n\n<p>En el mismo debate legislativo, el coordinador de Morena en la C\u00e1mara de Diputados,&nbsp;<strong>Ricardo Monreal<\/strong>, se\u00f1al\u00f3 que su bancada comenzar\u00e1 a trabajar en un \u201cPlan B\u201d una vez concluida la votaci\u00f3n.<\/p>\n\n\n\n<p>Hasta el momento no se han dado a conocer detalles de esta propuesta, aunque podr\u00eda centrarse en cambios a leyes secundarias que no requieren mayor\u00eda calificada.<\/p>\n","protected":false},"excerpt":{"rendered":"<p>Solo Manuel Cota dio su voto a favor de la reforma electoral enviada por la Presidenta, aun as\u00ed la iniciativa&#8230;<\/p>\n","protected":false},"author":2,"featured_media":5076,"comment_status":"open","ping_status":"open","sticky":false,"template":"","format":"standard","meta":{"footnotes":""},"categories":[239],"tags":[],"class_list":["post-5075","post","type-post","status-publish","format-standard","has-post-thumbnail","hentry","category-partidos"],"yoast_head":"<!-- This site is optimized with the Yoast SEO Premium plugin v26.8 (Yoast SEO v27.4) - https:\/\/yoast.com\/product\/yoast-seo-premium-wordpress\/ -->\n<title>Pelayo y Luis Armando D\u00edaz le dijeron \u201cno\u201d a Sheinbaum - Buenos D&iacute;as BCS<\/title>\n<meta name=\"robots\" content=\"index, follow, max-snippet:-1, max-image-preview:large, max-video-preview:-1\" \/>\n<link rel=\"canonical\" href=\"https:\/\/buenosdiasbcs.com\/?p=5075\" \/>\n<meta property=\"og:locale\" content=\"es_ES\" \/>\n<meta property=\"og:type\" content=\"article\" \/>\n<meta property=\"og:title\" content=\"Pelayo y Luis Armando D\u00edaz le dijeron \u201cno\u201d a Sheinbaum\" \/>\n<meta property=\"og:description\" content=\"Solo Manuel Cota dio su voto a favor de la reforma electoral enviada por la Presidenta, aun as\u00ed la iniciativa...\" \/>\n<meta property=\"og:url\" content=\"https:\/\/buenosdiasbcs.com\/?p=5075\" \/>\n<meta property=\"og:site_name\" content=\"Buenos D&iacute;as BCS\" \/>\n<meta property=\"article:published_time\" content=\"2026-03-12T07:21:00+00:00\" \/>\n<meta property=\"og:image\" content=\"https:\/\/buenosdiasbcs.com\/wp-content\/uploads\/2026\/03\/110326_diputados-750x375-1.webp\" \/>\n\t<meta property=\"og:image:width\" content=\"750\" \/>\n\t<meta property=\"og:image:height\" content=\"375\" \/>\n\t<meta property=\"og:image:type\" content=\"image\/webp\" \/>\n<meta name=\"author\" content=\"Edici\u00f3n Buenos D\u00edas\" \/>\n<meta name=\"twitter:card\" content=\"summary_large_image\" \/>\n<meta name=\"twitter:label1\" content=\"Escrito por\" \/>\n\t<meta name=\"twitter:data1\" content=\"Edici\u00f3n Buenos D\u00edas\" \/>\n\t<meta name=\"twitter:label2\" content=\"Tiempo de lectura\" \/>\n\t<meta name=\"twitter:data2\" content=\"2 minutos\" \/>\n<script type=\"application\/ld+json\" class=\"yoast-schema-graph\">{\"@context\":\"https:\\\/\\\/schema.org\",\"@graph\":[{\"@type\":\"Article\",\"@id\":\"https:\\\/\\\/buenosdiasbcs.com\\\/?p=5075#article\",\"isPartOf\":{\"@id\":\"https:\\\/\\\/buenosdiasbcs.com\\\/?p=5075\"},\"author\":{\"name\":\"Edici\u00f3n Buenos D\u00edas\",\"@id\":\"https:\\\/\\\/buenosdiasbcs.com\\\/#\\\/schema\\\/person\\\/15aedc247eab7070ee5d76d6d069a821\"},\"headline\":\"Pelayo y Luis Armando D\u00edaz le dijeron \u201cno\u201d a Sheinbaum\",\"datePublished\":\"2026-03-12T07:21:00+00:00\",\"mainEntityOfPage\":{\"@id\":\"https:\\\/\\\/buenosdiasbcs.com\\\/?p=5075\"},\"wordCount\":340,\"commentCount\":0,\"publisher\":{\"@id\":\"https:\\\/\\\/buenosdiasbcs.com\\\/#organization\"},\"image\":{\"@id\":\"https:\\\/\\\/buenosdiasbcs.com\\\/?p=5075#primaryimage\"},\"thumbnailUrl\":\"https:\\\/\\\/buenosdiasbcs.com\\\/wp-content\\\/uploads\\\/2026\\\/03\\\/110326_diputados-750x375-1.webp\",\"articleSection\":[\"Partidos\"],\"inLanguage\":\"es\",\"potentialAction\":[{\"@type\":\"CommentAction\",\"name\":\"Comment\",\"target\":[\"https:\\\/\\\/buenosdiasbcs.com\\\/?p=5075#respond\"]}]},{\"@type\":\"WebPage\",\"@id\":\"https:\\\/\\\/buenosdiasbcs.com\\\/?p=5075\",\"url\":\"https:\\\/\\\/buenosdiasbcs.com\\\/?p=5075\",\"name\":\"Pelayo y Luis Armando D\u00edaz le dijeron \u201cno\u201d a Sheinbaum - Buenos D&iacute;as BCS\",\"isPartOf\":{\"@id\":\"https:\\\/\\\/buenosdiasbcs.com\\\/#website\"},\"primaryImageOfPage\":{\"@id\":\"https:\\\/\\\/buenosdiasbcs.com\\\/?p=5075#primaryimage\"},\"image\":{\"@id\":\"https:\\\/\\\/buenosdiasbcs.com\\\/?p=5075#primaryimage\"},\"thumbnailUrl\":\"https:\\\/\\\/buenosdiasbcs.com\\\/wp-content\\\/uploads\\\/2026\\\/03\\\/110326_diputados-750x375-1.webp\",\"datePublished\":\"2026-03-12T07:21:00+00:00\",\"breadcrumb\":{\"@id\":\"https:\\\/\\\/buenosdiasbcs.com\\\/?p=5075#breadcrumb\"},\"inLanguage\":\"es\",\"potentialAction\":[{\"@type\":\"ReadAction\",\"target\":[\"https:\\\/\\\/buenosdiasbcs.com\\\/?p=5075\"]}]},{\"@type\":\"ImageObject\",\"inLanguage\":\"es\",\"@id\":\"https:\\\/\\\/buenosdiasbcs.com\\\/?p=5075#primaryimage\",\"url\":\"https:\\\/\\\/buenosdiasbcs.com\\\/wp-content\\\/uploads\\\/2026\\\/03\\\/110326_diputados-750x375-1.webp\",\"contentUrl\":\"https:\\\/\\\/buenosdiasbcs.com\\\/wp-content\\\/uploads\\\/2026\\\/03\\\/110326_diputados-750x375-1.webp\",\"width\":750,\"height\":375},{\"@type\":\"BreadcrumbList\",\"@id\":\"https:\\\/\\\/buenosdiasbcs.com\\\/?p=5075#breadcrumb\",\"itemListElement\":[{\"@type\":\"ListItem\",\"position\":1,\"name\":\"Portada\",\"item\":\"https:\\\/\\\/buenosdiasbcs.com\\\/\"},{\"@type\":\"ListItem\",\"position\":2,\"name\":\"Pelayo y Luis Armando D\u00edaz le dijeron \u201cno\u201d a Sheinbaum\"}]},{\"@type\":\"WebSite\",\"@id\":\"https:\\\/\\\/buenosdiasbcs.com\\\/#website\",\"url\":\"https:\\\/\\\/buenosdiasbcs.com\\\/\",\"name\":\"Buenos D\u00edas BCS\",\"description\":\"\",\"publisher\":{\"@id\":\"https:\\\/\\\/buenosdiasbcs.com\\\/#organization\"},\"potentialAction\":[{\"@type\":\"SearchAction\",\"target\":{\"@type\":\"EntryPoint\",\"urlTemplate\":\"https:\\\/\\\/buenosdiasbcs.com\\\/?s={search_term_string}\"},\"query-input\":{\"@type\":\"PropertyValueSpecification\",\"valueRequired\":true,\"valueName\":\"search_term_string\"}}],\"inLanguage\":\"es\"},{\"@type\":\"Organization\",\"@id\":\"https:\\\/\\\/buenosdiasbcs.com\\\/#organization\",\"name\":\"Buenos D\u00edas BCS\",\"url\":\"https:\\\/\\\/buenosdiasbcs.com\\\/\",\"logo\":{\"@type\":\"ImageObject\",\"inLanguage\":\"es\",\"@id\":\"https:\\\/\\\/buenosdiasbcs.com\\\/#\\\/schema\\\/logo\\\/image\\\/\",\"url\":\"https:\\\/\\\/buenosdiasbcs.com\\\/wp-content\\\/uploads\\\/2026\\\/01\\\/logo-buenos-dias-40-01.png\",\"contentUrl\":\"https:\\\/\\\/buenosdiasbcs.com\\\/wp-content\\\/uploads\\\/2026\\\/01\\\/logo-buenos-dias-40-01.png\",\"width\":277,\"height\":40,\"caption\":\"Buenos D\u00edas BCS\"},\"image\":{\"@id\":\"https:\\\/\\\/buenosdiasbcs.com\\\/#\\\/schema\\\/logo\\\/image\\\/\"}},{\"@type\":\"Person\",\"@id\":\"https:\\\/\\\/buenosdiasbcs.com\\\/#\\\/schema\\\/person\\\/15aedc247eab7070ee5d76d6d069a821\",\"name\":\"Edici\u00f3n Buenos D\u00edas\",\"image\":{\"@type\":\"ImageObject\",\"inLanguage\":\"es\",\"@id\":\"https:\\\/\\\/buenosdiasbcs.com\\\/wp-content\\\/uploads\\\/2026\\\/01\\\/cropped-sol-96x96.png\",\"url\":\"https:\\\/\\\/buenosdiasbcs.com\\\/wp-content\\\/uploads\\\/2026\\\/01\\\/cropped-sol-96x96.png\",\"contentUrl\":\"https:\\\/\\\/buenosdiasbcs.com\\\/wp-content\\\/uploads\\\/2026\\\/01\\\/cropped-sol-96x96.png\",\"caption\":\"Edici\u00f3n Buenos D\u00edas\"},\"url\":\"https:\\\/\\\/buenosdiasbcs.com\\\/?author=2\"}]}<\/script>\n<!-- \/ Yoast SEO Premium plugin. -->","yoast_head_json":{"title":"Pelayo y Luis Armando D\u00edaz le dijeron \u201cno\u201d a Sheinbaum - Buenos D&iacute;as BCS","robots":{"index":"index","follow":"follow","max-snippet":"max-snippet:-1","max-image-preview":"max-image-preview:large","max-video-preview":"max-video-preview:-1"},"canonical":"https:\/\/buenosdiasbcs.com\/?p=5075","og_locale":"es_ES","og_type":"article","og_title":"Pelayo y Luis Armando D\u00edaz le dijeron \u201cno\u201d a Sheinbaum","og_description":"Solo Manuel Cota dio su voto a favor de la reforma electoral enviada por la Presidenta, aun as\u00ed la iniciativa...","og_url":"https:\/\/buenosdiasbcs.com\/?p=5075","og_site_name":"Buenos D&iacute;as BCS","article_published_time":"2026-03-12T07:21:00+00:00","og_image":[{"width":750,"height":375,"url":"https:\/\/buenosdiasbcs.com\/wp-content\/uploads\/2026\/03\/110326_diputados-750x375-1.webp","type":"image\/webp"}],"author":"Edici\u00f3n Buenos D\u00edas","twitter_card":"summary_large_image","twitter_misc":{"Escrito por":"Edici\u00f3n Buenos D\u00edas","Tiempo de lectura":"2 minutos"},"schema":{"@context":"https:\/\/schema.org","@graph":[{"@type":"Article","@id":"https:\/\/buenosdiasbcs.com\/?p=5075#article","isPartOf":{"@id":"https:\/\/buenosdiasbcs.com\/?p=5075"},"author":{"name":"Edici\u00f3n Buenos D\u00edas","@id":"https:\/\/buenosdiasbcs.com\/#\/schema\/person\/15aedc247eab7070ee5d76d6d069a821"},"headline":"Pelayo y Luis Armando D\u00edaz le dijeron \u201cno\u201d a Sheinbaum","datePublished":"2026-03-12T07:21:00+00:00","mainEntityOfPage":{"@id":"https:\/\/buenosdiasbcs.com\/?p=5075"},"wordCount":340,"commentCount":0,"publisher":{"@id":"https:\/\/buenosdiasbcs.com\/#organization"},"image":{"@id":"https:\/\/buenosdiasbcs.com\/?p=5075#primaryimage"},"thumbnailUrl":"https:\/\/buenosdiasbcs.com\/wp-content\/uploads\/2026\/03\/110326_diputados-750x375-1.webp","articleSection":["Partidos"],"inLanguage":"es","potentialAction":[{"@type":"CommentAction","name":"Comment","target":["https:\/\/buenosdiasbcs.com\/?p=5075#respond"]}]},{"@type":"WebPage","@id":"https:\/\/buenosdiasbcs.com\/?p=5075","url":"https:\/\/buenosdiasbcs.com\/?p=5075","name":"Pelayo y Luis Armando D\u00edaz le dijeron \u201cno\u201d a Sheinbaum - Buenos D&iacute;as BCS","isPartOf":{"@id":"https:\/\/buenosdiasbcs.com\/#website"},"primaryImageOfPage":{"@id":"https:\/\/buenosdiasbcs.com\/?p=5075#primaryimage"},"image":{"@id":"https:\/\/buenosdiasbcs.com\/?p=5075#primaryimage"},"thumbnailUrl":"https:\/\/buenosdiasbcs.com\/wp-content\/uploads\/2026\/03\/110326_diputados-750x375-1.webp","datePublished":"2026-03-12T07:21:00+00:00","breadcrumb":{"@id":"https:\/\/buenosdiasbcs.com\/?p=5075#breadcrumb"},"inLanguage":"es","potentialAction":[{"@type":"ReadAction","target":["https:\/\/buenosdiasbcs.com\/?p=5075"]}]},{"@type":"ImageObject","inLanguage":"es","@id":"https:\/\/buenosdiasbcs.com\/?p=5075#primaryimage","url":"https:\/\/buenosdiasbcs.com\/wp-content\/uploads\/2026\/03\/110326_diputados-750x375-1.webp","contentUrl":"https:\/\/buenosdiasbcs.com\/wp-content\/uploads\/2026\/03\/110326_diputados-750x375-1.webp","width":750,"height":375},{"@type":"BreadcrumbList","@id":"https:\/\/buenosdiasbcs.com\/?p=5075#breadcrumb","itemListElement":[{"@type":"ListItem","position":1,"name":"Portada","item":"https:\/\/buenosdiasbcs.com\/"},{"@type":"ListItem","position":2,"name":"Pelayo y Luis Armando D\u00edaz le dijeron \u201cno\u201d a Sheinbaum"}]},{"@type":"WebSite","@id":"https:\/\/buenosdiasbcs.com\/#website","url":"https:\/\/buenosdiasbcs.com\/","name":"Buenos D\u00edas BCS","description":"","publisher":{"@id":"https:\/\/buenosdiasbcs.com\/#organization"},"potentialAction":[{"@type":"SearchAction","target":{"@type":"EntryPoint","urlTemplate":"https:\/\/buenosdiasbcs.com\/?s={search_term_string}"},"query-input":{"@type":"PropertyValueSpecification","valueRequired":true,"valueName":"search_term_string"}}],"inLanguage":"es"},{"@type":"Organization","@id":"https:\/\/buenosdiasbcs.com\/#organization","name":"Buenos D\u00edas BCS","url":"https:\/\/buenosdiasbcs.com\/","logo":{"@type":"ImageObject","inLanguage":"es","@id":"https:\/\/buenosdiasbcs.com\/#\/schema\/logo\/image\/","url":"https:\/\/buenosdiasbcs.com\/wp-content\/uploads\/2026\/01\/logo-buenos-dias-40-01.png","contentUrl":"https:\/\/buenosdiasbcs.com\/wp-content\/uploads\/2026\/01\/logo-buenos-dias-40-01.png","width":277,"height":40,"caption":"Buenos D\u00edas BCS"},"image":{"@id":"https:\/\/buenosdiasbcs.com\/#\/schema\/logo\/image\/"}},{"@type":"Person","@id":"https:\/\/buenosdiasbcs.com\/#\/schema\/person\/15aedc247eab7070ee5d76d6d069a821","name":"Edici\u00f3n Buenos D\u00edas","image":{"@type":"ImageObject","inLanguage":"es","@id":"https:\/\/buenosdiasbcs.com\/wp-content\/uploads\/2026\/01\/cropped-sol-96x96.png","url":"https:\/\/buenosdiasbcs.com\/wp-content\/uploads\/2026\/01\/cropped-sol-96x96.png","contentUrl":"https:\/\/buenosdiasbcs.com\/wp-content\/uploads\/2026\/01\/cropped-sol-96x96.png","caption":"Edici\u00f3n Buenos D\u00edas"},"url":"https:\/\/buenosdiasbcs.com\/?author=2"}]}},"amp_enabled":true,"_links":{"self":[{"href":"https:\/\/buenosdiasbcs.com\/index.php?rest_route=\/wp\/v2\/posts\/5075","targetHints":{"allow":["GET"]}}],"collection":[{"href":"https:\/\/buenosdiasbcs.com\/index.php?rest_route=\/wp\/v2\/posts"}],"about":[{"href":"https:\/\/buenosdiasbcs.com\/index.php?rest_route=\/wp\/v2\/types\/post"}],"author":[{"embeddable":true,"href":"https:\/\/buenosdiasbcs.com\/index.php?rest_route=\/wp\/v2\/users\/2"}],"replies":[{"embeddable":true,"href":"https:\/\/buenosdiasbcs.com\/index.php?rest_route=%2Fwp%2Fv2%2Fcomments&post=5075"}],"version-history":[{"count":1,"href":"https:\/\/buenosdiasbcs.com\/index.php?rest_route=\/wp\/v2\/posts\/5075\/revisions"}],"predecessor-version":[{"id":5077,"href":"https:\/\/buenosdiasbcs.com\/index.php?rest_route=\/wp\/v2\/posts\/5075\/revisions\/5077"}],"wp:featuredmedia":[{"embeddable":true,"href":"https:\/\/buenosdiasbcs.com\/index.php?rest_route=\/wp\/v2\/media\/5076"}],"wp:attachment":[{"href":"https:\/\/buenosdiasbcs.com\/index.php?rest_route=%2Fwp%2Fv2%2Fmedia&parent=5075"}],"wp:term":[{"taxonomy":"category","embeddable":true,"href":"https:\/\/buenosdiasbcs.com\/index.php?rest_route=%2Fwp%2Fv2%2Fcategories&post=5075"},{"taxonomy":"post_tag","embeddable":true,"href":"https:\/\/buenosdiasbcs.com\/index.php?rest_route=%2Fwp%2Fv2%2Ftags&post=5075"}],"curies":[{"name":"wp","href":"https:\/\/api.w.org\/{rel}","templated":true}]}}