{"id":5069,"date":"2026-03-12T00:13:00","date_gmt":"2026-03-12T07:13:00","guid":{"rendered":"https:\/\/buenosdiasbcs.com\/?p=5069"},"modified":"2026-03-11T20:14:37","modified_gmt":"2026-03-12T03:14:37","slug":"pt-busca-mayor-participacion-en-candidaturas-para-elecciones-2027-en-bcs","status":"publish","type":"post","link":"https:\/\/buenosdiasbcs.com\/?p=5069","title":{"rendered":"PT busca mayor participaci\u00f3n en candidaturas para elecciones 2027 en BCS"},"content":{"rendered":"\n<p><a href=\"https:\/\/twitter.com\/intent\/tweet?text=PT+busca+mayor+participaci%C3%B3n+en+candidaturas+para+elecciones+2027&amp;url=https%3A%2F%2Felcongresista.mx%2Fpolitica%2Fbaja-california-sur%2Fpt-participacion-candidaturas-morena-2027%2F&amp;via=\"><\/a><a href=\"mailto:?subject=PT%20busca%20mayor%20participaci%C3%B3n%20en%20candidaturas%20para%20elecciones%202027%20|%20El%20Congresista&amp;body=Este%20art%C3%ADculo%20me%20pareci%C3%B3%20interesante%20y%20pens%C3%A9%20en%20compartirlo%20con%20ustedes.%20%C3%89chenle%20un%20vistazo:%0A%0Ahttps%3A%2F%2Felcongresista.mx%2Fpolitica%2Fbaja-california-sur%2Fpt-participacion-candidaturas-morena-2027%2F\"><\/a><a href=\"https:\/\/elcongresista.mx\/politica\/baja-california-sur\/pt-participacion-candidaturas-morena-2027\/#\"><\/a><a href=\"https:\/\/elcongresista.mx\/politica\/baja-california-sur\/pt-participacion-candidaturas-morena-2027\/#\"><\/a>Oaxaca, Oaxaca. \u2013 Benjam\u00edn Robles Montoya, senador del Partido del Trabajo (PT), expres\u00f3 la intenci\u00f3n de su partido de participar m\u00e1s activamente en la selecci\u00f3n de\u00a0<a href=\"https:\/\/elcongresista.mx\/politica\/video-sheinbaum-sobre-morena-y-2027-yo-no-participo\/\">candidaturas para las elecciones<\/a>\u00a0de 2027. Robles enfatiz\u00f3 que el PT cuenta con perfiles competitivos en diversas entidades del pa\u00eds.<\/p>\n\n\n\n<p>Durante una entrevista, el senador subray\u00f3 que el PT no debe ser relegado en este proceso. Se\u00f1al\u00f3 que hay perfiles bien posicionados en estados como Zacatecas, Baja California Sur y Tlaxcala. Tambi\u00e9n hizo referencia a experiencias previas donde se les ha solicitado declinar aspiraciones para mantener la unidad de la coalici\u00f3n.<\/p>\n\n\n\n<p>Robles cuestion\u00f3 el estilo de las&nbsp;<a href=\"https:\/\/elcongresista.mx\/deportes\/quilmes-partido-clave-la-union\/\">encuestas internas de Morena<\/a>, sugiriendo la necesidad de reformar este mecanismo. Indic\u00f3 que, a menudo, las encuestas solo se centran en candidatos de Morena, dejando de lado a los aspirantes de partidos aliados. Esto, seg\u00fan \u00e9l, podr\u00eda comprometer la equidad en la selecci\u00f3n de candidatos.<\/p>\n\n\n\n<p>Las declaraciones del senador coinciden con la primera mesa nacional de coordinaci\u00f3n programada para el 20 de marzo entre Morena, PT y el Partido Verde. Esta reuni\u00f3n tiene como objetivo delinear la estrategia electoral de la coalici\u00f3n hacia los comicios de 2027, luego de que se definieran nuevas reglas internas para la selecci\u00f3n de candidaturas en Morena.<\/p>\n\n\n\n<p>Manuel Velasco Coello, coordinador de senadores del Partido Verde, tambi\u00e9n expres\u00f3 la necesidad de que militantes de partidos aliados participen en las encuestas internas de Morena. La inclusi\u00f3n de estos aspirantes fortalecer\u00eda la alianza y promover\u00eda la unidad pol\u00edtica hacia los procesos electorales.<\/p>\n","protected":false},"excerpt":{"rendered":"<p>Oaxaca, Oaxaca. \u2013 Benjam\u00edn Robles Montoya, senador del Partido del Trabajo (PT), expres\u00f3 la intenci\u00f3n de su partido de participar&#8230;<\/p>\n","protected":false},"author":2,"featured_media":5070,"comment_status":"open","ping_status":"open","sticky":false,"template":"","format":"standard","meta":{"footnotes":""},"categories":[239],"tags":[],"class_list":["post-5069","post","type-post","status-publish","format-standard","has-post-thumbnail","hentry","category-partidos"],"yoast_head":"<!-- This site is optimized with the Yoast SEO Premium plugin v26.8 (Yoast SEO v27.4) - https:\/\/yoast.com\/product\/yoast-seo-premium-wordpress\/ -->\n<title>PT busca mayor participaci\u00f3n en candidaturas para elecciones 2027 en BCS - Buenos D&iacute;as BCS<\/title>\n<meta name=\"robots\" content=\"index, follow, max-snippet:-1, max-image-preview:large, max-video-preview:-1\" \/>\n<link rel=\"canonical\" href=\"https:\/\/buenosdiasbcs.com\/?p=5069\" \/>\n<meta property=\"og:locale\" content=\"es_ES\" \/>\n<meta property=\"og:type\" content=\"article\" \/>\n<meta property=\"og:title\" content=\"PT busca mayor participaci\u00f3n en candidaturas para elecciones 2027 en BCS\" \/>\n<meta property=\"og:description\" content=\"Oaxaca, Oaxaca. \u2013 Benjam\u00edn Robles Montoya, senador del Partido del Trabajo (PT), expres\u00f3 la intenci\u00f3n de su partido de participar...\" \/>\n<meta property=\"og:url\" content=\"https:\/\/buenosdiasbcs.com\/?p=5069\" \/>\n<meta property=\"og:site_name\" content=\"Buenos D&iacute;as BCS\" \/>\n<meta property=\"article:published_time\" content=\"2026-03-12T07:13:00+00:00\" \/>\n<meta property=\"og:image\" content=\"https:\/\/buenosdiasbcs.com\/wp-content\/uploads\/2026\/03\/el-partido-del-trabajo-exige-ser-parte-activa-en-l-860x540-1.webp\" \/>\n\t<meta property=\"og:image:width\" content=\"860\" \/>\n\t<meta property=\"og:image:height\" content=\"540\" \/>\n\t<meta property=\"og:image:type\" content=\"image\/webp\" \/>\n<meta name=\"author\" content=\"Edici\u00f3n Buenos D\u00edas\" \/>\n<meta name=\"twitter:card\" content=\"summary_large_image\" \/>\n<meta name=\"twitter:label1\" content=\"Escrito por\" \/>\n\t<meta name=\"twitter:data1\" content=\"Edici\u00f3n Buenos D\u00edas\" \/>\n\t<meta name=\"twitter:label2\" content=\"Tiempo de lectura\" \/>\n\t<meta name=\"twitter:data2\" content=\"2 minutos\" \/>\n<script type=\"application\/ld+json\" class=\"yoast-schema-graph\">{\"@context\":\"https:\\\/\\\/schema.org\",\"@graph\":[{\"@type\":\"Article\",\"@id\":\"https:\\\/\\\/buenosdiasbcs.com\\\/?p=5069#article\",\"isPartOf\":{\"@id\":\"https:\\\/\\\/buenosdiasbcs.com\\\/?p=5069\"},\"author\":{\"name\":\"Edici\u00f3n Buenos D\u00edas\",\"@id\":\"https:\\\/\\\/buenosdiasbcs.com\\\/#\\\/schema\\\/person\\\/15aedc247eab7070ee5d76d6d069a821\"},\"headline\":\"PT busca mayor participaci\u00f3n en candidaturas para elecciones 2027 en BCS\",\"datePublished\":\"2026-03-12T07:13:00+00:00\",\"mainEntityOfPage\":{\"@id\":\"https:\\\/\\\/buenosdiasbcs.com\\\/?p=5069\"},\"wordCount\":276,\"commentCount\":0,\"publisher\":{\"@id\":\"https:\\\/\\\/buenosdiasbcs.com\\\/#organization\"},\"image\":{\"@id\":\"https:\\\/\\\/buenosdiasbcs.com\\\/?p=5069#primaryimage\"},\"thumbnailUrl\":\"https:\\\/\\\/buenosdiasbcs.com\\\/wp-content\\\/uploads\\\/2026\\\/03\\\/el-partido-del-trabajo-exige-ser-parte-activa-en-l-860x540-1.webp\",\"articleSection\":[\"Partidos\"],\"inLanguage\":\"es\",\"potentialAction\":[{\"@type\":\"CommentAction\",\"name\":\"Comment\",\"target\":[\"https:\\\/\\\/buenosdiasbcs.com\\\/?p=5069#respond\"]}]},{\"@type\":\"WebPage\",\"@id\":\"https:\\\/\\\/buenosdiasbcs.com\\\/?p=5069\",\"url\":\"https:\\\/\\\/buenosdiasbcs.com\\\/?p=5069\",\"name\":\"PT busca mayor participaci\u00f3n en candidaturas para elecciones 2027 en BCS - Buenos D&iacute;as BCS\",\"isPartOf\":{\"@id\":\"https:\\\/\\\/buenosdiasbcs.com\\\/#website\"},\"primaryImageOfPage\":{\"@id\":\"https:\\\/\\\/buenosdiasbcs.com\\\/?p=5069#primaryimage\"},\"image\":{\"@id\":\"https:\\\/\\\/buenosdiasbcs.com\\\/?p=5069#primaryimage\"},\"thumbnailUrl\":\"https:\\\/\\\/buenosdiasbcs.com\\\/wp-content\\\/uploads\\\/2026\\\/03\\\/el-partido-del-trabajo-exige-ser-parte-activa-en-l-860x540-1.webp\",\"datePublished\":\"2026-03-12T07:13:00+00:00\",\"breadcrumb\":{\"@id\":\"https:\\\/\\\/buenosdiasbcs.com\\\/?p=5069#breadcrumb\"},\"inLanguage\":\"es\",\"potentialAction\":[{\"@type\":\"ReadAction\",\"target\":[\"https:\\\/\\\/buenosdiasbcs.com\\\/?p=5069\"]}]},{\"@type\":\"ImageObject\",\"inLanguage\":\"es\",\"@id\":\"https:\\\/\\\/buenosdiasbcs.com\\\/?p=5069#primaryimage\",\"url\":\"https:\\\/\\\/buenosdiasbcs.com\\\/wp-content\\\/uploads\\\/2026\\\/03\\\/el-partido-del-trabajo-exige-ser-parte-activa-en-l-860x540-1.webp\",\"contentUrl\":\"https:\\\/\\\/buenosdiasbcs.com\\\/wp-content\\\/uploads\\\/2026\\\/03\\\/el-partido-del-trabajo-exige-ser-parte-activa-en-l-860x540-1.webp\",\"width\":860,\"height\":540},{\"@type\":\"BreadcrumbList\",\"@id\":\"https:\\\/\\\/buenosdiasbcs.com\\\/?p=5069#breadcrumb\",\"itemListElement\":[{\"@type\":\"ListItem\",\"position\":1,\"name\":\"Portada\",\"item\":\"https:\\\/\\\/buenosdiasbcs.com\\\/\"},{\"@type\":\"ListItem\",\"position\":2,\"name\":\"PT busca mayor participaci\u00f3n en candidaturas para elecciones 2027 en BCS\"}]},{\"@type\":\"WebSite\",\"@id\":\"https:\\\/\\\/buenosdiasbcs.com\\\/#website\",\"url\":\"https:\\\/\\\/buenosdiasbcs.com\\\/\",\"name\":\"Buenos D\u00edas BCS\",\"description\":\"\",\"publisher\":{\"@id\":\"https:\\\/\\\/buenosdiasbcs.com\\\/#organization\"},\"potentialAction\":[{\"@type\":\"SearchAction\",\"target\":{\"@type\":\"EntryPoint\",\"urlTemplate\":\"https:\\\/\\\/buenosdiasbcs.com\\\/?s={search_term_string}\"},\"query-input\":{\"@type\":\"PropertyValueSpecification\",\"valueRequired\":true,\"valueName\":\"search_term_string\"}}],\"inLanguage\":\"es\"},{\"@type\":\"Organization\",\"@id\":\"https:\\\/\\\/buenosdiasbcs.com\\\/#organization\",\"name\":\"Buenos D\u00edas BCS\",\"url\":\"https:\\\/\\\/buenosdiasbcs.com\\\/\",\"logo\":{\"@type\":\"ImageObject\",\"inLanguage\":\"es\",\"@id\":\"https:\\\/\\\/buenosdiasbcs.com\\\/#\\\/schema\\\/logo\\\/image\\\/\",\"url\":\"https:\\\/\\\/buenosdiasbcs.com\\\/wp-content\\\/uploads\\\/2026\\\/01\\\/logo-buenos-dias-40-01.png\",\"contentUrl\":\"https:\\\/\\\/buenosdiasbcs.com\\\/wp-content\\\/uploads\\\/2026\\\/01\\\/logo-buenos-dias-40-01.png\",\"width\":277,\"height\":40,\"caption\":\"Buenos D\u00edas BCS\"},\"image\":{\"@id\":\"https:\\\/\\\/buenosdiasbcs.com\\\/#\\\/schema\\\/logo\\\/image\\\/\"}},{\"@type\":\"Person\",\"@id\":\"https:\\\/\\\/buenosdiasbcs.com\\\/#\\\/schema\\\/person\\\/15aedc247eab7070ee5d76d6d069a821\",\"name\":\"Edici\u00f3n Buenos D\u00edas\",\"image\":{\"@type\":\"ImageObject\",\"inLanguage\":\"es\",\"@id\":\"https:\\\/\\\/buenosdiasbcs.com\\\/wp-content\\\/uploads\\\/2026\\\/01\\\/cropped-sol-96x96.png\",\"url\":\"https:\\\/\\\/buenosdiasbcs.com\\\/wp-content\\\/uploads\\\/2026\\\/01\\\/cropped-sol-96x96.png\",\"contentUrl\":\"https:\\\/\\\/buenosdiasbcs.com\\\/wp-content\\\/uploads\\\/2026\\\/01\\\/cropped-sol-96x96.png\",\"caption\":\"Edici\u00f3n Buenos D\u00edas\"},\"url\":\"https:\\\/\\\/buenosdiasbcs.com\\\/?author=2\"}]}<\/script>\n<!-- \/ Yoast SEO Premium plugin. -->","yoast_head_json":{"title":"PT busca mayor participaci\u00f3n en candidaturas para elecciones 2027 en BCS - Buenos D&iacute;as BCS","robots":{"index":"index","follow":"follow","max-snippet":"max-snippet:-1","max-image-preview":"max-image-preview:large","max-video-preview":"max-video-preview:-1"},"canonical":"https:\/\/buenosdiasbcs.com\/?p=5069","og_locale":"es_ES","og_type":"article","og_title":"PT busca mayor participaci\u00f3n en candidaturas para elecciones 2027 en BCS","og_description":"Oaxaca, Oaxaca. \u2013 Benjam\u00edn Robles Montoya, senador del Partido del Trabajo (PT), expres\u00f3 la intenci\u00f3n de su partido de participar...","og_url":"https:\/\/buenosdiasbcs.com\/?p=5069","og_site_name":"Buenos D&iacute;as BCS","article_published_time":"2026-03-12T07:13:00+00:00","og_image":[{"width":860,"height":540,"url":"https:\/\/buenosdiasbcs.com\/wp-content\/uploads\/2026\/03\/el-partido-del-trabajo-exige-ser-parte-activa-en-l-860x540-1.webp","type":"image\/webp"}],"author":"Edici\u00f3n Buenos D\u00edas","twitter_card":"summary_large_image","twitter_misc":{"Escrito por":"Edici\u00f3n Buenos D\u00edas","Tiempo de lectura":"2 minutos"},"schema":{"@context":"https:\/\/schema.org","@graph":[{"@type":"Article","@id":"https:\/\/buenosdiasbcs.com\/?p=5069#article","isPartOf":{"@id":"https:\/\/buenosdiasbcs.com\/?p=5069"},"author":{"name":"Edici\u00f3n Buenos D\u00edas","@id":"https:\/\/buenosdiasbcs.com\/#\/schema\/person\/15aedc247eab7070ee5d76d6d069a821"},"headline":"PT busca mayor participaci\u00f3n en candidaturas para elecciones 2027 en BCS","datePublished":"2026-03-12T07:13:00+00:00","mainEntityOfPage":{"@id":"https:\/\/buenosdiasbcs.com\/?p=5069"},"wordCount":276,"commentCount":0,"publisher":{"@id":"https:\/\/buenosdiasbcs.com\/#organization"},"image":{"@id":"https:\/\/buenosdiasbcs.com\/?p=5069#primaryimage"},"thumbnailUrl":"https:\/\/buenosdiasbcs.com\/wp-content\/uploads\/2026\/03\/el-partido-del-trabajo-exige-ser-parte-activa-en-l-860x540-1.webp","articleSection":["Partidos"],"inLanguage":"es","potentialAction":[{"@type":"CommentAction","name":"Comment","target":["https:\/\/buenosdiasbcs.com\/?p=5069#respond"]}]},{"@type":"WebPage","@id":"https:\/\/buenosdiasbcs.com\/?p=5069","url":"https:\/\/buenosdiasbcs.com\/?p=5069","name":"PT busca mayor participaci\u00f3n en candidaturas para elecciones 2027 en BCS - Buenos D&iacute;as BCS","isPartOf":{"@id":"https:\/\/buenosdiasbcs.com\/#website"},"primaryImageOfPage":{"@id":"https:\/\/buenosdiasbcs.com\/?p=5069#primaryimage"},"image":{"@id":"https:\/\/buenosdiasbcs.com\/?p=5069#primaryimage"},"thumbnailUrl":"https:\/\/buenosdiasbcs.com\/wp-content\/uploads\/2026\/03\/el-partido-del-trabajo-exige-ser-parte-activa-en-l-860x540-1.webp","datePublished":"2026-03-12T07:13:00+00:00","breadcrumb":{"@id":"https:\/\/buenosdiasbcs.com\/?p=5069#breadcrumb"},"inLanguage":"es","potentialAction":[{"@type":"ReadAction","target":["https:\/\/buenosdiasbcs.com\/?p=5069"]}]},{"@type":"ImageObject","inLanguage":"es","@id":"https:\/\/buenosdiasbcs.com\/?p=5069#primaryimage","url":"https:\/\/buenosdiasbcs.com\/wp-content\/uploads\/2026\/03\/el-partido-del-trabajo-exige-ser-parte-activa-en-l-860x540-1.webp","contentUrl":"https:\/\/buenosdiasbcs.com\/wp-content\/uploads\/2026\/03\/el-partido-del-trabajo-exige-ser-parte-activa-en-l-860x540-1.webp","width":860,"height":540},{"@type":"BreadcrumbList","@id":"https:\/\/buenosdiasbcs.com\/?p=5069#breadcrumb","itemListElement":[{"@type":"ListItem","position":1,"name":"Portada","item":"https:\/\/buenosdiasbcs.com\/"},{"@type":"ListItem","position":2,"name":"PT busca mayor participaci\u00f3n en candidaturas para elecciones 2027 en BCS"}]},{"@type":"WebSite","@id":"https:\/\/buenosdiasbcs.com\/#website","url":"https:\/\/buenosdiasbcs.com\/","name":"Buenos D\u00edas BCS","description":"","publisher":{"@id":"https:\/\/buenosdiasbcs.com\/#organization"},"potentialAction":[{"@type":"SearchAction","target":{"@type":"EntryPoint","urlTemplate":"https:\/\/buenosdiasbcs.com\/?s={search_term_string}"},"query-input":{"@type":"PropertyValueSpecification","valueRequired":true,"valueName":"search_term_string"}}],"inLanguage":"es"},{"@type":"Organization","@id":"https:\/\/buenosdiasbcs.com\/#organization","name":"Buenos D\u00edas BCS","url":"https:\/\/buenosdiasbcs.com\/","logo":{"@type":"ImageObject","inLanguage":"es","@id":"https:\/\/buenosdiasbcs.com\/#\/schema\/logo\/image\/","url":"https:\/\/buenosdiasbcs.com\/wp-content\/uploads\/2026\/01\/logo-buenos-dias-40-01.png","contentUrl":"https:\/\/buenosdiasbcs.com\/wp-content\/uploads\/2026\/01\/logo-buenos-dias-40-01.png","width":277,"height":40,"caption":"Buenos D\u00edas BCS"},"image":{"@id":"https:\/\/buenosdiasbcs.com\/#\/schema\/logo\/image\/"}},{"@type":"Person","@id":"https:\/\/buenosdiasbcs.com\/#\/schema\/person\/15aedc247eab7070ee5d76d6d069a821","name":"Edici\u00f3n Buenos D\u00edas","image":{"@type":"ImageObject","inLanguage":"es","@id":"https:\/\/buenosdiasbcs.com\/wp-content\/uploads\/2026\/01\/cropped-sol-96x96.png","url":"https:\/\/buenosdiasbcs.com\/wp-content\/uploads\/2026\/01\/cropped-sol-96x96.png","contentUrl":"https:\/\/buenosdiasbcs.com\/wp-content\/uploads\/2026\/01\/cropped-sol-96x96.png","caption":"Edici\u00f3n Buenos D\u00edas"},"url":"https:\/\/buenosdiasbcs.com\/?author=2"}]}},"amp_enabled":true,"_links":{"self":[{"href":"https:\/\/buenosdiasbcs.com\/index.php?rest_route=\/wp\/v2\/posts\/5069","targetHints":{"allow":["GET"]}}],"collection":[{"href":"https:\/\/buenosdiasbcs.com\/index.php?rest_route=\/wp\/v2\/posts"}],"about":[{"href":"https:\/\/buenosdiasbcs.com\/index.php?rest_route=\/wp\/v2\/types\/post"}],"author":[{"embeddable":true,"href":"https:\/\/buenosdiasbcs.com\/index.php?rest_route=\/wp\/v2\/users\/2"}],"replies":[{"embeddable":true,"href":"https:\/\/buenosdiasbcs.com\/index.php?rest_route=%2Fwp%2Fv2%2Fcomments&post=5069"}],"version-history":[{"count":1,"href":"https:\/\/buenosdiasbcs.com\/index.php?rest_route=\/wp\/v2\/posts\/5069\/revisions"}],"predecessor-version":[{"id":5071,"href":"https:\/\/buenosdiasbcs.com\/index.php?rest_route=\/wp\/v2\/posts\/5069\/revisions\/5071"}],"wp:featuredmedia":[{"embeddable":true,"href":"https:\/\/buenosdiasbcs.com\/index.php?rest_route=\/wp\/v2\/media\/5070"}],"wp:attachment":[{"href":"https:\/\/buenosdiasbcs.com\/index.php?rest_route=%2Fwp%2Fv2%2Fmedia&parent=5069"}],"wp:term":[{"taxonomy":"category","embeddable":true,"href":"https:\/\/buenosdiasbcs.com\/index.php?rest_route=%2Fwp%2Fv2%2Fcategories&post=5069"},{"taxonomy":"post_tag","embeddable":true,"href":"https:\/\/buenosdiasbcs.com\/index.php?rest_route=%2Fwp%2Fv2%2Ftags&post=5069"}],"curies":[{"name":"wp","href":"https:\/\/api.w.org\/{rel}","templated":true}]}}