{"id":5066,"date":"2026-03-12T00:06:00","date_gmt":"2026-03-12T07:06:00","guid":{"rendered":"https:\/\/buenosdiasbcs.com\/?p=5066"},"modified":"2026-03-11T20:11:42","modified_gmt":"2026-03-12T03:11:42","slug":"infonavit-tendra-feria-de-servicios-en-la-paz-este-jueves-con-asesoria-gratuita-sobre-creditos","status":"publish","type":"post","link":"https:\/\/buenosdiasbcs.com\/?p=5066","title":{"rendered":"Infonavit tendr\u00e1 feria de servicios en La Paz este jueves con asesor\u00eda gratuita sobre cr\u00e9ditos"},"content":{"rendered":"\n<h2 class=\"wp-block-heading\" id=\"h-durante-la-jornada-se-brindara-asesoria-gratuita-sobre-creditos-tramites-y-programas-disponibles-para-trabajadores-afiliados-al-instituto\">Durante la jornada se brindar\u00e1 asesor\u00eda gratuita sobre cr\u00e9ditos, tr\u00e1mites y programas disponibles para trabajadores afiliados al instituto..<\/h2>\n\n\n\n<p>El&nbsp;<strong>Instituto del Fondo Nacional de la Vivienda<\/strong>&nbsp;para los Trabajadores (<strong>Infonavit<\/strong>) en Baja California Sur realizar\u00e1 una&nbsp;<strong>feria de servicios<\/strong>&nbsp;en La Paz, donde ofrecer\u00e1&nbsp;<strong>orientaci\u00f3n directa<\/strong>&nbsp;a derechohabientes y personas interesadas en conocer opciones de&nbsp;<strong>financiamiento para vivienda<\/strong>.<\/p>\n\n\n\n<p>La actividad busca acercar los servicios del organismo a la poblaci\u00f3n,&nbsp;<strong>resolver dudas<\/strong>&nbsp;sobre financiamientos vigentes y orientar a quienes buscan adquirir, mejorar o regularizar su vivienda a trav\u00e9s de los esquemas del&nbsp;<strong>Infonavit<\/strong>.<\/p>\n\n\n\n<h2 class=\"wp-block-heading\" id=\"h-que-ofrecera-la-feria-del-nbsp-infonavit-nbsp-en-la-paz\">\u00bfQu\u00e9 ofrecer\u00e1 la Feria del&nbsp;<strong>Infonavit<\/strong>&nbsp;en La Paz?<\/h2>\n\n\n\n<p>La&nbsp;<strong>feria de servicios<\/strong>&nbsp;se llevar\u00e1 a cabo este&nbsp;<strong>jueves 12 de marzo<\/strong>, en un horario de&nbsp;<strong>11:00 a 17:00 horas<\/strong>, en las instalaciones del&nbsp;<strong>Teatro de la Ciudad de La Paz<\/strong>, ubicado en las calles Antonio Navarro y Valent\u00edn G\u00f3mez Far\u00edas, entre Altamirano y H\u00e9roes de Independencia.<\/p>\n\n\n\n<p>Durante la jornada,&nbsp;<strong>personal del instituto<\/strong>&nbsp;brindar\u00e1&nbsp;<strong>atenci\u00f3n directa<\/strong>&nbsp;a los asistentes para&nbsp;<strong>resolver dudas<\/strong>&nbsp;relacionadas con&nbsp;<strong>cr\u00e9ditos hipotecarios<\/strong>, as\u00ed como orientaci\u00f3n sobre los diferentes productos financieros disponibles para los trabajadores afiliados.<\/p>\n\n\n\n<p>Entre los temas que se atender\u00e1n, se encuentra la informaci\u00f3n sobre&nbsp;<strong>cr\u00e9ditos para adquirir<\/strong>&nbsp;vivienda nueva o usada, financiamientos destinados a&nbsp;<strong>mejorar, ampliar o remodelar<\/strong>&nbsp;una casa, as\u00ed como opciones para pagar una hipoteca bancaria mediante esquemas del instituto.<\/p>\n\n\n\n<p>Tambi\u00e9n se proporcionar\u00e1 asesor\u00eda sobre el estado actual de los cr\u00e9ditos vigentes, con el objetivo de que los derechohabientes puedan conocer su situaci\u00f3n y las&nbsp;<strong>alternativas disponibles<\/strong>&nbsp;en caso de enfrentar dificultades con sus pagos.<\/p>\n\n\n\n<p>Cabe mencionar que actualmente, tambi\u00e9n hay&nbsp;<strong><a href=\"https:\/\/www.posta.com.mx\/bcs\/infonavit-en-bcs-estos-son-los-puntos-para-revisar-o-regularizar-tu-credito\/vl2166482\">puntos<\/a><\/strong><a href=\"https:\/\/www.posta.com.mx\/bcs\/infonavit-en-bcs-estos-son-los-puntos-para-revisar-o-regularizar-tu-credito\/vl2166482\">&nbsp;para<strong>&nbsp;revisar o regularizar tu cr\u00e9dito&nbsp;<\/strong>en Infonavit<\/a>.&nbsp;<\/p>\n\n\n\n<h2 class=\"wp-block-heading\" id=\"h-opciones-para-nbsp-regularizar-creditos-nbsp-y-cancelar-hipotecas\">Opciones para&nbsp;<strong>regularizar cr\u00e9ditos<\/strong>&nbsp;y cancelar hipotecas<\/h2>\n\n\n\n<p>Durante la feria, las personas acreditadas tambi\u00e9n podr\u00e1n recibir informaci\u00f3n sobre los&nbsp;<strong>mecanismos existentes<\/strong>&nbsp;para&nbsp;<strong>regularizar cr\u00e9ditos<\/strong>&nbsp;que presentan&nbsp;<strong>retrasos o problemas<\/strong>&nbsp;de pago.<\/p>\n\n\n\n<p>El personal del&nbsp;<strong>Infonavit<\/strong>&nbsp;brindar\u00e1 orientaci\u00f3n sobre los&nbsp;<strong>programas disponibles<\/strong>para quienes buscan ajustar las condiciones de su financiamiento, incluyendo alternativas para&nbsp;<strong>reducir saldos<\/strong>,&nbsp;<strong>modificar mensualidades<\/strong>&nbsp;o encontrar esquemas que faciliten la liquidaci\u00f3n del cr\u00e9dito.<\/p>\n\n\n\n<p>Asimismo, se ofrecer\u00e1 asesor\u00eda a quienes se encuentran en proceso de&nbsp;<strong>terminar de pagar<\/strong>&nbsp;su financiamiento y desean conocer los pasos para realizar la cancelaci\u00f3n de la hipoteca y concluir formalmente el tr\u00e1mite de su vivienda.<\/p>\n\n\n\n<p>El instituto record\u00f3 que estos procesos deben realizarse directamente con la instituci\u00f3n, por lo que la feria representa una oportunidad para recibir&nbsp;<strong>informaci\u00f3n oficial<\/strong>&nbsp;y&nbsp;<strong>evitar intermediarios<\/strong>&nbsp;o gestores externos.<\/p>\n\n\n\n<p>Adem\u00e1s, en enero de 2026,&nbsp;<a href=\"https:\/\/www.posta.com.mx\/bcs\/infonavit-y-gobierno-de-bcs-anuncian-beneficio-historico-1000-familias-reciben-reestructuracion-de-credito\/vl2149374\">el Gobierno de Baja California Sur y el Infonavit<strong>anunciaron un beneficio hist\u00f3rico<\/strong>, beneficiando a m\u00e1s de 1000 familias que recibieron reestructuraci\u00f3n de cr\u00e9dito<\/a>.&nbsp;<\/p>\n\n\n\n<h2 class=\"wp-block-heading\" id=\"h-tambien-informaran-sobre-el-programa-vivienda-para-el-bienestar\">Tambi\u00e9n informar\u00e1n sobre el programa Vivienda para el Bienestar<\/h2>\n\n\n\n<p>Otro de los temas que se abordar\u00e1n durante la jornada, ser\u00e1 el&nbsp;<strong>Programa de Vivienda para el Bienestar<\/strong>, dirigido a trabajadores que a\u00fan no cuentan con un cr\u00e9dito hipotecario y buscan acceder a&nbsp;<strong>opciones de financiamiento<\/strong>&nbsp;para adquirir una vivienda.<\/p>\n\n\n\n<p>Las personas interesadas en este programa, deber\u00e1n&nbsp;<strong>cumplir con ciertos requisitos<\/strong>, como contar con&nbsp;<strong>al menos seis meses de antig\u00fcedad laboral<\/strong>, percibir&nbsp;<strong>ingresos de entre uno y dos salarios m\u00ednimos<\/strong>&nbsp;y no tener un cr\u00e9dito hipotecario activo.<\/p>\n\n\n\n<p>En estos casos, los asistentes podr\u00e1n actualizar su informaci\u00f3n y conocer los&nbsp;<strong>pasos necesarios<\/strong>&nbsp;para participar en este esquema.<\/p>\n\n\n\n<p>Las autoridades del instituto reiteraron que todos los servicios y orientaciones que se brindar\u00e1n durante la feria son&nbsp;<strong>gratuitos<\/strong>, por lo que invitaron a los&nbsp;<strong>derechohabientes y trabajadores<\/strong>&nbsp;interesados a acudir directamente al evento para&nbsp;<strong>resolver dudas<\/strong>&nbsp;sobre sus cr\u00e9ditos, conocer programas de apoyo y recibir&nbsp;<strong>atenci\u00f3n personalizada<\/strong>.<\/p>\n","protected":false},"excerpt":{"rendered":"<p>Durante la jornada se brindar\u00e1 asesor\u00eda gratuita sobre cr\u00e9ditos, tr\u00e1mites y programas disponibles para trabajadores afiliados al instituto.. El&nbsp;Instituto del&#8230;<\/p>\n","protected":false},"author":2,"featured_media":5067,"comment_status":"open","ping_status":"open","sticky":false,"template":"","format":"standard","meta":{"footnotes":""},"categories":[27],"tags":[],"class_list":["post-5066","post","type-post","status-publish","format-standard","has-post-thumbnail","hentry","category-finanzas"],"yoast_head":"<!-- This site is optimized with the Yoast SEO Premium plugin v26.8 (Yoast SEO v27.4) - https:\/\/yoast.com\/product\/yoast-seo-premium-wordpress\/ -->\n<title>Infonavit tendr\u00e1 feria de servicios en La Paz este jueves con asesor\u00eda gratuita sobre cr\u00e9ditos - Buenos D&iacute;as BCS<\/title>\n<meta name=\"robots\" content=\"index, follow, max-snippet:-1, max-image-preview:large, max-video-preview:-1\" \/>\n<link rel=\"canonical\" href=\"https:\/\/buenosdiasbcs.com\/?p=5066\" \/>\n<meta property=\"og:locale\" content=\"es_ES\" \/>\n<meta property=\"og:type\" content=\"article\" \/>\n<meta property=\"og:title\" content=\"Infonavit tendr\u00e1 feria de servicios en La Paz este jueves con asesor\u00eda gratuita sobre cr\u00e9ditos\" \/>\n<meta property=\"og:description\" content=\"Durante la jornada se brindar\u00e1 asesor\u00eda gratuita sobre cr\u00e9ditos, tr\u00e1mites y programas disponibles para trabajadores afiliados al instituto.. El&nbsp;Instituto del...\" \/>\n<meta property=\"og:url\" content=\"https:\/\/buenosdiasbcs.com\/?p=5066\" \/>\n<meta property=\"og:site_name\" content=\"Buenos D&iacute;as BCS\" \/>\n<meta property=\"article:published_time\" content=\"2026-03-12T07:06:00+00:00\" \/>\n<meta property=\"og:image\" content=\"https:\/\/buenosdiasbcs.com\/wp-content\/uploads\/2026\/03\/infonavit-tendra-feria-de-servicios-en-la-paz-este-jueves-con-asesoria-gratuita-sobre-creditos-d1f14992-focus-0-0-1479-828.webp\" \/>\n\t<meta property=\"og:image:width\" content=\"1280\" \/>\n\t<meta property=\"og:image:height\" content=\"720\" \/>\n\t<meta property=\"og:image:type\" content=\"image\/webp\" \/>\n<meta name=\"author\" content=\"Edici\u00f3n Buenos D\u00edas\" \/>\n<meta name=\"twitter:card\" content=\"summary_large_image\" \/>\n<meta name=\"twitter:label1\" content=\"Escrito por\" \/>\n\t<meta name=\"twitter:data1\" content=\"Edici\u00f3n Buenos D\u00edas\" \/>\n\t<meta name=\"twitter:label2\" content=\"Tiempo de lectura\" \/>\n\t<meta name=\"twitter:data2\" content=\"3 minutos\" \/>\n<script type=\"application\/ld+json\" class=\"yoast-schema-graph\">{\"@context\":\"https:\\\/\\\/schema.org\",\"@graph\":[{\"@type\":\"Article\",\"@id\":\"https:\\\/\\\/buenosdiasbcs.com\\\/?p=5066#article\",\"isPartOf\":{\"@id\":\"https:\\\/\\\/buenosdiasbcs.com\\\/?p=5066\"},\"author\":{\"name\":\"Edici\u00f3n Buenos D\u00edas\",\"@id\":\"https:\\\/\\\/buenosdiasbcs.com\\\/#\\\/schema\\\/person\\\/15aedc247eab7070ee5d76d6d069a821\"},\"headline\":\"Infonavit tendr\u00e1 feria de servicios en La Paz este jueves con asesor\u00eda gratuita sobre cr\u00e9ditos\",\"datePublished\":\"2026-03-12T07:06:00+00:00\",\"mainEntityOfPage\":{\"@id\":\"https:\\\/\\\/buenosdiasbcs.com\\\/?p=5066\"},\"wordCount\":720,\"commentCount\":0,\"publisher\":{\"@id\":\"https:\\\/\\\/buenosdiasbcs.com\\\/#organization\"},\"image\":{\"@id\":\"https:\\\/\\\/buenosdiasbcs.com\\\/?p=5066#primaryimage\"},\"thumbnailUrl\":\"https:\\\/\\\/buenosdiasbcs.com\\\/wp-content\\\/uploads\\\/2026\\\/03\\\/infonavit-tendra-feria-de-servicios-en-la-paz-este-jueves-con-asesoria-gratuita-sobre-creditos-d1f14992-focus-0-0-1479-828.webp\",\"articleSection\":[\"Finanzas\"],\"inLanguage\":\"es\",\"potentialAction\":[{\"@type\":\"CommentAction\",\"name\":\"Comment\",\"target\":[\"https:\\\/\\\/buenosdiasbcs.com\\\/?p=5066#respond\"]}]},{\"@type\":\"WebPage\",\"@id\":\"https:\\\/\\\/buenosdiasbcs.com\\\/?p=5066\",\"url\":\"https:\\\/\\\/buenosdiasbcs.com\\\/?p=5066\",\"name\":\"Infonavit tendr\u00e1 feria de servicios en La Paz este jueves con asesor\u00eda gratuita sobre cr\u00e9ditos - Buenos D&iacute;as BCS\",\"isPartOf\":{\"@id\":\"https:\\\/\\\/buenosdiasbcs.com\\\/#website\"},\"primaryImageOfPage\":{\"@id\":\"https:\\\/\\\/buenosdiasbcs.com\\\/?p=5066#primaryimage\"},\"image\":{\"@id\":\"https:\\\/\\\/buenosdiasbcs.com\\\/?p=5066#primaryimage\"},\"thumbnailUrl\":\"https:\\\/\\\/buenosdiasbcs.com\\\/wp-content\\\/uploads\\\/2026\\\/03\\\/infonavit-tendra-feria-de-servicios-en-la-paz-este-jueves-con-asesoria-gratuita-sobre-creditos-d1f14992-focus-0-0-1479-828.webp\",\"datePublished\":\"2026-03-12T07:06:00+00:00\",\"breadcrumb\":{\"@id\":\"https:\\\/\\\/buenosdiasbcs.com\\\/?p=5066#breadcrumb\"},\"inLanguage\":\"es\",\"potentialAction\":[{\"@type\":\"ReadAction\",\"target\":[\"https:\\\/\\\/buenosdiasbcs.com\\\/?p=5066\"]}]},{\"@type\":\"ImageObject\",\"inLanguage\":\"es\",\"@id\":\"https:\\\/\\\/buenosdiasbcs.com\\\/?p=5066#primaryimage\",\"url\":\"https:\\\/\\\/buenosdiasbcs.com\\\/wp-content\\\/uploads\\\/2026\\\/03\\\/infonavit-tendra-feria-de-servicios-en-la-paz-este-jueves-con-asesoria-gratuita-sobre-creditos-d1f14992-focus-0-0-1479-828.webp\",\"contentUrl\":\"https:\\\/\\\/buenosdiasbcs.com\\\/wp-content\\\/uploads\\\/2026\\\/03\\\/infonavit-tendra-feria-de-servicios-en-la-paz-este-jueves-con-asesoria-gratuita-sobre-creditos-d1f14992-focus-0-0-1479-828.webp\",\"width\":1280,\"height\":720},{\"@type\":\"BreadcrumbList\",\"@id\":\"https:\\\/\\\/buenosdiasbcs.com\\\/?p=5066#breadcrumb\",\"itemListElement\":[{\"@type\":\"ListItem\",\"position\":1,\"name\":\"Portada\",\"item\":\"https:\\\/\\\/buenosdiasbcs.com\\\/\"},{\"@type\":\"ListItem\",\"position\":2,\"name\":\"Infonavit tendr\u00e1 feria de servicios en La Paz este jueves con asesor\u00eda gratuita sobre cr\u00e9ditos\"}]},{\"@type\":\"WebSite\",\"@id\":\"https:\\\/\\\/buenosdiasbcs.com\\\/#website\",\"url\":\"https:\\\/\\\/buenosdiasbcs.com\\\/\",\"name\":\"Buenos D\u00edas BCS\",\"description\":\"\",\"publisher\":{\"@id\":\"https:\\\/\\\/buenosdiasbcs.com\\\/#organization\"},\"potentialAction\":[{\"@type\":\"SearchAction\",\"target\":{\"@type\":\"EntryPoint\",\"urlTemplate\":\"https:\\\/\\\/buenosdiasbcs.com\\\/?s={search_term_string}\"},\"query-input\":{\"@type\":\"PropertyValueSpecification\",\"valueRequired\":true,\"valueName\":\"search_term_string\"}}],\"inLanguage\":\"es\"},{\"@type\":\"Organization\",\"@id\":\"https:\\\/\\\/buenosdiasbcs.com\\\/#organization\",\"name\":\"Buenos D\u00edas BCS\",\"url\":\"https:\\\/\\\/buenosdiasbcs.com\\\/\",\"logo\":{\"@type\":\"ImageObject\",\"inLanguage\":\"es\",\"@id\":\"https:\\\/\\\/buenosdiasbcs.com\\\/#\\\/schema\\\/logo\\\/image\\\/\",\"url\":\"https:\\\/\\\/buenosdiasbcs.com\\\/wp-content\\\/uploads\\\/2026\\\/01\\\/logo-buenos-dias-40-01.png\",\"contentUrl\":\"https:\\\/\\\/buenosdiasbcs.com\\\/wp-content\\\/uploads\\\/2026\\\/01\\\/logo-buenos-dias-40-01.png\",\"width\":277,\"height\":40,\"caption\":\"Buenos D\u00edas BCS\"},\"image\":{\"@id\":\"https:\\\/\\\/buenosdiasbcs.com\\\/#\\\/schema\\\/logo\\\/image\\\/\"}},{\"@type\":\"Person\",\"@id\":\"https:\\\/\\\/buenosdiasbcs.com\\\/#\\\/schema\\\/person\\\/15aedc247eab7070ee5d76d6d069a821\",\"name\":\"Edici\u00f3n Buenos D\u00edas\",\"image\":{\"@type\":\"ImageObject\",\"inLanguage\":\"es\",\"@id\":\"https:\\\/\\\/buenosdiasbcs.com\\\/wp-content\\\/uploads\\\/2026\\\/01\\\/cropped-sol-96x96.png\",\"url\":\"https:\\\/\\\/buenosdiasbcs.com\\\/wp-content\\\/uploads\\\/2026\\\/01\\\/cropped-sol-96x96.png\",\"contentUrl\":\"https:\\\/\\\/buenosdiasbcs.com\\\/wp-content\\\/uploads\\\/2026\\\/01\\\/cropped-sol-96x96.png\",\"caption\":\"Edici\u00f3n Buenos D\u00edas\"},\"url\":\"https:\\\/\\\/buenosdiasbcs.com\\\/?author=2\"}]}<\/script>\n<!-- \/ Yoast SEO Premium plugin. -->","yoast_head_json":{"title":"Infonavit tendr\u00e1 feria de servicios en La Paz este jueves con asesor\u00eda gratuita sobre cr\u00e9ditos - Buenos D&iacute;as BCS","robots":{"index":"index","follow":"follow","max-snippet":"max-snippet:-1","max-image-preview":"max-image-preview:large","max-video-preview":"max-video-preview:-1"},"canonical":"https:\/\/buenosdiasbcs.com\/?p=5066","og_locale":"es_ES","og_type":"article","og_title":"Infonavit tendr\u00e1 feria de servicios en La Paz este jueves con asesor\u00eda gratuita sobre cr\u00e9ditos","og_description":"Durante la jornada se brindar\u00e1 asesor\u00eda gratuita sobre cr\u00e9ditos, tr\u00e1mites y programas disponibles para trabajadores afiliados al instituto.. El&nbsp;Instituto del...","og_url":"https:\/\/buenosdiasbcs.com\/?p=5066","og_site_name":"Buenos D&iacute;as BCS","article_published_time":"2026-03-12T07:06:00+00:00","og_image":[{"width":1280,"height":720,"url":"https:\/\/buenosdiasbcs.com\/wp-content\/uploads\/2026\/03\/infonavit-tendra-feria-de-servicios-en-la-paz-este-jueves-con-asesoria-gratuita-sobre-creditos-d1f14992-focus-0-0-1479-828.webp","type":"image\/webp"}],"author":"Edici\u00f3n Buenos D\u00edas","twitter_card":"summary_large_image","twitter_misc":{"Escrito por":"Edici\u00f3n Buenos D\u00edas","Tiempo de lectura":"3 minutos"},"schema":{"@context":"https:\/\/schema.org","@graph":[{"@type":"Article","@id":"https:\/\/buenosdiasbcs.com\/?p=5066#article","isPartOf":{"@id":"https:\/\/buenosdiasbcs.com\/?p=5066"},"author":{"name":"Edici\u00f3n Buenos D\u00edas","@id":"https:\/\/buenosdiasbcs.com\/#\/schema\/person\/15aedc247eab7070ee5d76d6d069a821"},"headline":"Infonavit tendr\u00e1 feria de servicios en La Paz este jueves con asesor\u00eda gratuita sobre cr\u00e9ditos","datePublished":"2026-03-12T07:06:00+00:00","mainEntityOfPage":{"@id":"https:\/\/buenosdiasbcs.com\/?p=5066"},"wordCount":720,"commentCount":0,"publisher":{"@id":"https:\/\/buenosdiasbcs.com\/#organization"},"image":{"@id":"https:\/\/buenosdiasbcs.com\/?p=5066#primaryimage"},"thumbnailUrl":"https:\/\/buenosdiasbcs.com\/wp-content\/uploads\/2026\/03\/infonavit-tendra-feria-de-servicios-en-la-paz-este-jueves-con-asesoria-gratuita-sobre-creditos-d1f14992-focus-0-0-1479-828.webp","articleSection":["Finanzas"],"inLanguage":"es","potentialAction":[{"@type":"CommentAction","name":"Comment","target":["https:\/\/buenosdiasbcs.com\/?p=5066#respond"]}]},{"@type":"WebPage","@id":"https:\/\/buenosdiasbcs.com\/?p=5066","url":"https:\/\/buenosdiasbcs.com\/?p=5066","name":"Infonavit tendr\u00e1 feria de servicios en La Paz este jueves con asesor\u00eda gratuita sobre cr\u00e9ditos - Buenos D&iacute;as BCS","isPartOf":{"@id":"https:\/\/buenosdiasbcs.com\/#website"},"primaryImageOfPage":{"@id":"https:\/\/buenosdiasbcs.com\/?p=5066#primaryimage"},"image":{"@id":"https:\/\/buenosdiasbcs.com\/?p=5066#primaryimage"},"thumbnailUrl":"https:\/\/buenosdiasbcs.com\/wp-content\/uploads\/2026\/03\/infonavit-tendra-feria-de-servicios-en-la-paz-este-jueves-con-asesoria-gratuita-sobre-creditos-d1f14992-focus-0-0-1479-828.webp","datePublished":"2026-03-12T07:06:00+00:00","breadcrumb":{"@id":"https:\/\/buenosdiasbcs.com\/?p=5066#breadcrumb"},"inLanguage":"es","potentialAction":[{"@type":"ReadAction","target":["https:\/\/buenosdiasbcs.com\/?p=5066"]}]},{"@type":"ImageObject","inLanguage":"es","@id":"https:\/\/buenosdiasbcs.com\/?p=5066#primaryimage","url":"https:\/\/buenosdiasbcs.com\/wp-content\/uploads\/2026\/03\/infonavit-tendra-feria-de-servicios-en-la-paz-este-jueves-con-asesoria-gratuita-sobre-creditos-d1f14992-focus-0-0-1479-828.webp","contentUrl":"https:\/\/buenosdiasbcs.com\/wp-content\/uploads\/2026\/03\/infonavit-tendra-feria-de-servicios-en-la-paz-este-jueves-con-asesoria-gratuita-sobre-creditos-d1f14992-focus-0-0-1479-828.webp","width":1280,"height":720},{"@type":"BreadcrumbList","@id":"https:\/\/buenosdiasbcs.com\/?p=5066#breadcrumb","itemListElement":[{"@type":"ListItem","position":1,"name":"Portada","item":"https:\/\/buenosdiasbcs.com\/"},{"@type":"ListItem","position":2,"name":"Infonavit tendr\u00e1 feria de servicios en La Paz este jueves con asesor\u00eda gratuita sobre cr\u00e9ditos"}]},{"@type":"WebSite","@id":"https:\/\/buenosdiasbcs.com\/#website","url":"https:\/\/buenosdiasbcs.com\/","name":"Buenos D\u00edas BCS","description":"","publisher":{"@id":"https:\/\/buenosdiasbcs.com\/#organization"},"potentialAction":[{"@type":"SearchAction","target":{"@type":"EntryPoint","urlTemplate":"https:\/\/buenosdiasbcs.com\/?s={search_term_string}"},"query-input":{"@type":"PropertyValueSpecification","valueRequired":true,"valueName":"search_term_string"}}],"inLanguage":"es"},{"@type":"Organization","@id":"https:\/\/buenosdiasbcs.com\/#organization","name":"Buenos D\u00edas BCS","url":"https:\/\/buenosdiasbcs.com\/","logo":{"@type":"ImageObject","inLanguage":"es","@id":"https:\/\/buenosdiasbcs.com\/#\/schema\/logo\/image\/","url":"https:\/\/buenosdiasbcs.com\/wp-content\/uploads\/2026\/01\/logo-buenos-dias-40-01.png","contentUrl":"https:\/\/buenosdiasbcs.com\/wp-content\/uploads\/2026\/01\/logo-buenos-dias-40-01.png","width":277,"height":40,"caption":"Buenos D\u00edas BCS"},"image":{"@id":"https:\/\/buenosdiasbcs.com\/#\/schema\/logo\/image\/"}},{"@type":"Person","@id":"https:\/\/buenosdiasbcs.com\/#\/schema\/person\/15aedc247eab7070ee5d76d6d069a821","name":"Edici\u00f3n Buenos D\u00edas","image":{"@type":"ImageObject","inLanguage":"es","@id":"https:\/\/buenosdiasbcs.com\/wp-content\/uploads\/2026\/01\/cropped-sol-96x96.png","url":"https:\/\/buenosdiasbcs.com\/wp-content\/uploads\/2026\/01\/cropped-sol-96x96.png","contentUrl":"https:\/\/buenosdiasbcs.com\/wp-content\/uploads\/2026\/01\/cropped-sol-96x96.png","caption":"Edici\u00f3n Buenos D\u00edas"},"url":"https:\/\/buenosdiasbcs.com\/?author=2"}]}},"amp_enabled":true,"_links":{"self":[{"href":"https:\/\/buenosdiasbcs.com\/index.php?rest_route=\/wp\/v2\/posts\/5066","targetHints":{"allow":["GET"]}}],"collection":[{"href":"https:\/\/buenosdiasbcs.com\/index.php?rest_route=\/wp\/v2\/posts"}],"about":[{"href":"https:\/\/buenosdiasbcs.com\/index.php?rest_route=\/wp\/v2\/types\/post"}],"author":[{"embeddable":true,"href":"https:\/\/buenosdiasbcs.com\/index.php?rest_route=\/wp\/v2\/users\/2"}],"replies":[{"embeddable":true,"href":"https:\/\/buenosdiasbcs.com\/index.php?rest_route=%2Fwp%2Fv2%2Fcomments&post=5066"}],"version-history":[{"count":1,"href":"https:\/\/buenosdiasbcs.com\/index.php?rest_route=\/wp\/v2\/posts\/5066\/revisions"}],"predecessor-version":[{"id":5068,"href":"https:\/\/buenosdiasbcs.com\/index.php?rest_route=\/wp\/v2\/posts\/5066\/revisions\/5068"}],"wp:featuredmedia":[{"embeddable":true,"href":"https:\/\/buenosdiasbcs.com\/index.php?rest_route=\/wp\/v2\/media\/5067"}],"wp:attachment":[{"href":"https:\/\/buenosdiasbcs.com\/index.php?rest_route=%2Fwp%2Fv2%2Fmedia&parent=5066"}],"wp:term":[{"taxonomy":"category","embeddable":true,"href":"https:\/\/buenosdiasbcs.com\/index.php?rest_route=%2Fwp%2Fv2%2Fcategories&post=5066"},{"taxonomy":"post_tag","embeddable":true,"href":"https:\/\/buenosdiasbcs.com\/index.php?rest_route=%2Fwp%2Fv2%2Ftags&post=5066"}],"curies":[{"name":"wp","href":"https:\/\/api.w.org\/{rel}","templated":true}]}}