{"id":5057,"date":"2026-03-12T00:57:00","date_gmt":"2026-03-12T07:57:00","guid":{"rendered":"https:\/\/buenosdiasbcs.com\/?p=5057"},"modified":"2026-03-11T19:59:00","modified_gmt":"2026-03-12T02:59:00","slug":"lanzan-los-culinary-awards-la-paz-para-premiar-a-la-gastronomia-local","status":"publish","type":"post","link":"https:\/\/buenosdiasbcs.com\/?p=5057","title":{"rendered":"Lanzan los Culinary Awards La Paz para premiar a la gastronom\u00eda local"},"content":{"rendered":"\n<h2 class=\"wp-block-heading\" id=\"h-tras-el-exito-de-los-culinary-awards-los-cabos-el-comite-organizador-expande-el-certamen-a-la-paz-con-una-gran-expectativa\">Tras el \u00e9xito de los Culinary Awards Los Cabos, el comit\u00e9 organizador expande el certamen a La Paz, con una gran expectativa.<\/h2>\n\n\n\n<p>Llegan los Culinary Awards a La Paz, para que los restauranteros preparen sus mejores platillos y aparecer entre los mejores sitios para comer en esta ciudad. Foto: Culinary Awards \/ Facebook.<\/p>\n\n\n\n<p>Este lunes se dio a conocer el tradicional festival gastron\u00f3mico&nbsp;<strong><a href=\"https:\/\/www.posta.com.mx\/bcs\/kabah-se-presentara-en-la-pazion-por-el-sabor-en-la-paz-hay-mas-de-130-empresas-participantes\/vl2174857\">La Pazi\u00f3n por el Sabor<\/a><\/strong><a href=\"https:\/\/www.posta.com.mx\/bcs\/kabah-se-presentara-en-la-pazion-por-el-sabor-en-la-paz-hay-mas-de-130-empresas-participantes\/vl2174857\">, que este a\u00f1o contar\u00e1 con la presencia del grupo&nbsp;<strong>Kabah<\/strong><\/a>; por si fuera poco, para el lucimiento de la&nbsp;<strong>gastronom\u00eda pace\u00f1a,<\/strong>&nbsp;tambi\u00e9n llegar\u00e1 a la capital del Estado los&nbsp;<strong>Culinary Awards,&nbsp;<\/strong>en su primera edici\u00f3n.<\/p>\n\n\n\n<h2 class=\"wp-block-heading\" id=\"h-cuando-sera-el-proceso-de-inscripcion-de-los-culinary-awards\">\u00bfCu\u00e1ndo ser\u00e1 el proceso de inscripci\u00f3n de los Culinary Awards?<\/h2>\n\n\n\n<p>En reciente rueda de prensa, Claudia del Pino y Linda Mchatton, fundadoras y organizadoras de este&nbsp;<strong>certamen gastron\u00f3mico<\/strong>&nbsp;que inici\u00f3 en&nbsp;<strong>Los Cabos,&nbsp;<\/strong>dieron a conocer, precisamente, que expand\u00edan el concurso a&nbsp;<strong>La Paz, Baja California Sur<\/strong>.<\/p>\n\n\n\n<p>Quienes quieran participar y&nbsp;<strong>aparecer en la gu\u00eda culinaria<\/strong>&nbsp;que se publicar\u00e1 en diciembre, tienen del&nbsp;<strong>12 al 31 de marzo&nbsp;<\/strong>para inscribirse en la p\u00e1gina oficial: culinary-awards.com.<\/p>\n\n\n\n<p>Los ganadores de cada categor\u00eda recibir\u00e1n una&nbsp;<strong>estatuilla de plata<\/strong>&nbsp;patrocinada por el&nbsp;Taller de los Ballesteros, previo a la&nbsp;<strong>votaci\u00f3n del p\u00fablico participante<\/strong>; la gala de premiaci\u00f3n ser\u00e1 el 4 de noviembre.<\/p>\n\n\n\n<p>Cabe recordar que en diciembre,&nbsp;<a href=\"https:\/\/www.posta.com.mx\/bcs\/quienes-ganaron-el-maquecho-2025-estos-son-los-nombres-de-los-premiados-\/vl2135398\">en el poblado de&nbsp;<strong>San Antonio&nbsp;<\/strong>se realiz\u00f3 el festival&nbsp;<strong>MaQueCho<\/strong><\/a><strong>,<\/strong>&nbsp;donde la&nbsp;<strong>gastronom\u00eda sudcaliforniana<\/strong>&nbsp;tuvo un gran aparador con turistas y locales.<\/p>\n\n\n\n<h2 class=\"wp-block-heading\" id=\"h-cual-es-la-expectativa-de-participacion-de-restaurantes-de-la-paz\">\u00bfCu\u00e1l es la expectativa de participaci\u00f3n de restaurantes de La Paz?<\/h2>\n\n\n\n<p>El Comit\u00e9 Organizador del&nbsp;<strong>Culinary Awards La Paz<\/strong>&nbsp;se\u00f1al\u00f3 que se prev\u00e9 la participaci\u00f3n de entre<strong>&nbsp;80 y 100 restaurantes de la capital<\/strong>, con lo cual se abarca desde cocina de autor hasta taquer\u00edas.<\/p>\n\n\n\n<p>Claudia Pino dio a conocer un dato que inspir\u00f3 a realizar este concurso en esta ciudad, y es que, seg\u00fan encuestas, el&nbsp;56% de los comensales&nbsp;encuestados en el Sur de la entidad mencionaron, al menos, un&nbsp;<strong>restaurante de&nbsp;<\/strong><strong>La Paz<\/strong>; consideran que cerca de&nbsp;<strong>40 de ellos tendr\u00e1n un gran nivel para la competencia<\/strong>.<\/p>\n\n\n\n<h2 class=\"wp-block-heading\" id=\"h-cuales-fueron-los-numeros-del-culinary-awards-en-los-cabos-el-ano-pasado\">\u00bfCu\u00e1les fueron los n\u00fameros del Culinary Awards en Los Cabos el a\u00f1o pasado?<\/h2>\n\n\n\n<p>En su portal, el&nbsp;<strong>Culinary Awards<\/strong>&nbsp;se\u00f1ala que en&nbsp;<strong>2025,<\/strong>&nbsp;en&nbsp;<strong>Los Cabos<\/strong>, tuvieron una participaci\u00f3n de&nbsp;<strong>153 restaurantes<\/strong>&nbsp;y casi 10 mil votantes.<\/p>\n\n\n\n<p>Tambi\u00e9n calculan m\u00e1s de 2.8 millones de impresiones en redes sociales y 46 mil interacciones, lo que representa un&nbsp;<strong>gran alcance<\/strong>&nbsp;para que los&nbsp;<strong><a href=\"https:\/\/www.posta.com.mx\/bcs\/galeria-gastrovino-2025-vino-gastronomia-y-musica-toman-la-plaza-de-todos-santos\/vl2139668\">restauranteros de La Paz<\/a><\/strong><a href=\"https:\/\/www.posta.com.mx\/bcs\/galeria-gastrovino-2025-vino-gastronomia-y-musica-toman-la-plaza-de-todos-santos\/vl2139668\">&nbsp;promuevan sus productos en gran parte del a\u00f1o<\/a>.<\/p>\n","protected":false},"excerpt":{"rendered":"<p>Tras el \u00e9xito de los Culinary Awards Los Cabos, el comit\u00e9 organizador expande el certamen a La Paz, con una&#8230;<\/p>\n","protected":false},"author":2,"featured_media":5058,"comment_status":"open","ping_status":"open","sticky":false,"template":"","format":"standard","meta":{"footnotes":""},"categories":[35],"tags":[],"class_list":["post-5057","post","type-post","status-publish","format-standard","has-post-thumbnail","hentry","category-cocina"],"yoast_head":"<!-- This site is optimized with the Yoast SEO Premium plugin v26.8 (Yoast SEO v27.4) - https:\/\/yoast.com\/product\/yoast-seo-premium-wordpress\/ -->\n<title>Lanzan los Culinary Awards La Paz para premiar a la gastronom\u00eda local - Buenos D&iacute;as BCS<\/title>\n<meta name=\"robots\" content=\"index, follow, max-snippet:-1, max-image-preview:large, max-video-preview:-1\" \/>\n<link rel=\"canonical\" href=\"https:\/\/buenosdiasbcs.com\/?p=5057\" \/>\n<meta property=\"og:locale\" content=\"es_ES\" \/>\n<meta property=\"og:type\" content=\"article\" \/>\n<meta property=\"og:title\" content=\"Lanzan los Culinary Awards La Paz para premiar a la gastronom\u00eda local\" \/>\n<meta property=\"og:description\" content=\"Tras el \u00e9xito de los Culinary Awards Los Cabos, el comit\u00e9 organizador expande el certamen a La Paz, con una...\" \/>\n<meta property=\"og:url\" content=\"https:\/\/buenosdiasbcs.com\/?p=5057\" \/>\n<meta property=\"og:site_name\" content=\"Buenos D&iacute;as BCS\" \/>\n<meta property=\"article:published_time\" content=\"2026-03-12T07:57:00+00:00\" \/>\n<meta property=\"og:image\" content=\"https:\/\/buenosdiasbcs.com\/wp-content\/uploads\/2026\/03\/culinary-1-56836b96-focus-0-0-1479-828.webp\" \/>\n\t<meta property=\"og:image:width\" content=\"1200\" \/>\n\t<meta property=\"og:image:height\" content=\"800\" \/>\n\t<meta property=\"og:image:type\" content=\"image\/webp\" \/>\n<meta name=\"author\" content=\"Edici\u00f3n Buenos D\u00edas\" \/>\n<meta name=\"twitter:card\" content=\"summary_large_image\" \/>\n<meta name=\"twitter:label1\" content=\"Escrito por\" \/>\n\t<meta name=\"twitter:data1\" content=\"Edici\u00f3n Buenos D\u00edas\" \/>\n\t<meta name=\"twitter:label2\" content=\"Tiempo de lectura\" \/>\n\t<meta name=\"twitter:data2\" content=\"3 minutos\" \/>\n<script type=\"application\/ld+json\" class=\"yoast-schema-graph\">{\"@context\":\"https:\\\/\\\/schema.org\",\"@graph\":[{\"@type\":\"Article\",\"@id\":\"https:\\\/\\\/buenosdiasbcs.com\\\/?p=5057#article\",\"isPartOf\":{\"@id\":\"https:\\\/\\\/buenosdiasbcs.com\\\/?p=5057\"},\"author\":{\"name\":\"Edici\u00f3n Buenos D\u00edas\",\"@id\":\"https:\\\/\\\/buenosdiasbcs.com\\\/#\\\/schema\\\/person\\\/15aedc247eab7070ee5d76d6d069a821\"},\"headline\":\"Lanzan los Culinary Awards La Paz para premiar a la gastronom\u00eda local\",\"datePublished\":\"2026-03-12T07:57:00+00:00\",\"mainEntityOfPage\":{\"@id\":\"https:\\\/\\\/buenosdiasbcs.com\\\/?p=5057\"},\"wordCount\":492,\"commentCount\":0,\"publisher\":{\"@id\":\"https:\\\/\\\/buenosdiasbcs.com\\\/#organization\"},\"image\":{\"@id\":\"https:\\\/\\\/buenosdiasbcs.com\\\/?p=5057#primaryimage\"},\"thumbnailUrl\":\"https:\\\/\\\/buenosdiasbcs.com\\\/wp-content\\\/uploads\\\/2026\\\/03\\\/culinary-1-56836b96-focus-0-0-1479-828.webp\",\"articleSection\":[\"Cocina\"],\"inLanguage\":\"es\",\"potentialAction\":[{\"@type\":\"CommentAction\",\"name\":\"Comment\",\"target\":[\"https:\\\/\\\/buenosdiasbcs.com\\\/?p=5057#respond\"]}]},{\"@type\":\"WebPage\",\"@id\":\"https:\\\/\\\/buenosdiasbcs.com\\\/?p=5057\",\"url\":\"https:\\\/\\\/buenosdiasbcs.com\\\/?p=5057\",\"name\":\"Lanzan los Culinary Awards La Paz para premiar a la gastronom\u00eda local - Buenos D&iacute;as BCS\",\"isPartOf\":{\"@id\":\"https:\\\/\\\/buenosdiasbcs.com\\\/#website\"},\"primaryImageOfPage\":{\"@id\":\"https:\\\/\\\/buenosdiasbcs.com\\\/?p=5057#primaryimage\"},\"image\":{\"@id\":\"https:\\\/\\\/buenosdiasbcs.com\\\/?p=5057#primaryimage\"},\"thumbnailUrl\":\"https:\\\/\\\/buenosdiasbcs.com\\\/wp-content\\\/uploads\\\/2026\\\/03\\\/culinary-1-56836b96-focus-0-0-1479-828.webp\",\"datePublished\":\"2026-03-12T07:57:00+00:00\",\"breadcrumb\":{\"@id\":\"https:\\\/\\\/buenosdiasbcs.com\\\/?p=5057#breadcrumb\"},\"inLanguage\":\"es\",\"potentialAction\":[{\"@type\":\"ReadAction\",\"target\":[\"https:\\\/\\\/buenosdiasbcs.com\\\/?p=5057\"]}]},{\"@type\":\"ImageObject\",\"inLanguage\":\"es\",\"@id\":\"https:\\\/\\\/buenosdiasbcs.com\\\/?p=5057#primaryimage\",\"url\":\"https:\\\/\\\/buenosdiasbcs.com\\\/wp-content\\\/uploads\\\/2026\\\/03\\\/culinary-1-56836b96-focus-0-0-1479-828.webp\",\"contentUrl\":\"https:\\\/\\\/buenosdiasbcs.com\\\/wp-content\\\/uploads\\\/2026\\\/03\\\/culinary-1-56836b96-focus-0-0-1479-828.webp\",\"width\":1200,\"height\":800},{\"@type\":\"BreadcrumbList\",\"@id\":\"https:\\\/\\\/buenosdiasbcs.com\\\/?p=5057#breadcrumb\",\"itemListElement\":[{\"@type\":\"ListItem\",\"position\":1,\"name\":\"Portada\",\"item\":\"https:\\\/\\\/buenosdiasbcs.com\\\/\"},{\"@type\":\"ListItem\",\"position\":2,\"name\":\"Lanzan los Culinary Awards La Paz para premiar a la gastronom\u00eda local\"}]},{\"@type\":\"WebSite\",\"@id\":\"https:\\\/\\\/buenosdiasbcs.com\\\/#website\",\"url\":\"https:\\\/\\\/buenosdiasbcs.com\\\/\",\"name\":\"Buenos D\u00edas BCS\",\"description\":\"\",\"publisher\":{\"@id\":\"https:\\\/\\\/buenosdiasbcs.com\\\/#organization\"},\"potentialAction\":[{\"@type\":\"SearchAction\",\"target\":{\"@type\":\"EntryPoint\",\"urlTemplate\":\"https:\\\/\\\/buenosdiasbcs.com\\\/?s={search_term_string}\"},\"query-input\":{\"@type\":\"PropertyValueSpecification\",\"valueRequired\":true,\"valueName\":\"search_term_string\"}}],\"inLanguage\":\"es\"},{\"@type\":\"Organization\",\"@id\":\"https:\\\/\\\/buenosdiasbcs.com\\\/#organization\",\"name\":\"Buenos D\u00edas BCS\",\"url\":\"https:\\\/\\\/buenosdiasbcs.com\\\/\",\"logo\":{\"@type\":\"ImageObject\",\"inLanguage\":\"es\",\"@id\":\"https:\\\/\\\/buenosdiasbcs.com\\\/#\\\/schema\\\/logo\\\/image\\\/\",\"url\":\"https:\\\/\\\/buenosdiasbcs.com\\\/wp-content\\\/uploads\\\/2026\\\/01\\\/logo-buenos-dias-40-01.png\",\"contentUrl\":\"https:\\\/\\\/buenosdiasbcs.com\\\/wp-content\\\/uploads\\\/2026\\\/01\\\/logo-buenos-dias-40-01.png\",\"width\":277,\"height\":40,\"caption\":\"Buenos D\u00edas BCS\"},\"image\":{\"@id\":\"https:\\\/\\\/buenosdiasbcs.com\\\/#\\\/schema\\\/logo\\\/image\\\/\"}},{\"@type\":\"Person\",\"@id\":\"https:\\\/\\\/buenosdiasbcs.com\\\/#\\\/schema\\\/person\\\/15aedc247eab7070ee5d76d6d069a821\",\"name\":\"Edici\u00f3n Buenos D\u00edas\",\"image\":{\"@type\":\"ImageObject\",\"inLanguage\":\"es\",\"@id\":\"https:\\\/\\\/buenosdiasbcs.com\\\/wp-content\\\/uploads\\\/2026\\\/01\\\/cropped-sol-96x96.png\",\"url\":\"https:\\\/\\\/buenosdiasbcs.com\\\/wp-content\\\/uploads\\\/2026\\\/01\\\/cropped-sol-96x96.png\",\"contentUrl\":\"https:\\\/\\\/buenosdiasbcs.com\\\/wp-content\\\/uploads\\\/2026\\\/01\\\/cropped-sol-96x96.png\",\"caption\":\"Edici\u00f3n Buenos D\u00edas\"},\"url\":\"https:\\\/\\\/buenosdiasbcs.com\\\/?author=2\"}]}<\/script>\n<!-- \/ Yoast SEO Premium plugin. -->","yoast_head_json":{"title":"Lanzan los Culinary Awards La Paz para premiar a la gastronom\u00eda local - Buenos D&iacute;as BCS","robots":{"index":"index","follow":"follow","max-snippet":"max-snippet:-1","max-image-preview":"max-image-preview:large","max-video-preview":"max-video-preview:-1"},"canonical":"https:\/\/buenosdiasbcs.com\/?p=5057","og_locale":"es_ES","og_type":"article","og_title":"Lanzan los Culinary Awards La Paz para premiar a la gastronom\u00eda local","og_description":"Tras el \u00e9xito de los Culinary Awards Los Cabos, el comit\u00e9 organizador expande el certamen a La Paz, con una...","og_url":"https:\/\/buenosdiasbcs.com\/?p=5057","og_site_name":"Buenos D&iacute;as BCS","article_published_time":"2026-03-12T07:57:00+00:00","og_image":[{"width":1200,"height":800,"url":"https:\/\/buenosdiasbcs.com\/wp-content\/uploads\/2026\/03\/culinary-1-56836b96-focus-0-0-1479-828.webp","type":"image\/webp"}],"author":"Edici\u00f3n Buenos D\u00edas","twitter_card":"summary_large_image","twitter_misc":{"Escrito por":"Edici\u00f3n Buenos D\u00edas","Tiempo de lectura":"3 minutos"},"schema":{"@context":"https:\/\/schema.org","@graph":[{"@type":"Article","@id":"https:\/\/buenosdiasbcs.com\/?p=5057#article","isPartOf":{"@id":"https:\/\/buenosdiasbcs.com\/?p=5057"},"author":{"name":"Edici\u00f3n Buenos D\u00edas","@id":"https:\/\/buenosdiasbcs.com\/#\/schema\/person\/15aedc247eab7070ee5d76d6d069a821"},"headline":"Lanzan los Culinary Awards La Paz para premiar a la gastronom\u00eda local","datePublished":"2026-03-12T07:57:00+00:00","mainEntityOfPage":{"@id":"https:\/\/buenosdiasbcs.com\/?p=5057"},"wordCount":492,"commentCount":0,"publisher":{"@id":"https:\/\/buenosdiasbcs.com\/#organization"},"image":{"@id":"https:\/\/buenosdiasbcs.com\/?p=5057#primaryimage"},"thumbnailUrl":"https:\/\/buenosdiasbcs.com\/wp-content\/uploads\/2026\/03\/culinary-1-56836b96-focus-0-0-1479-828.webp","articleSection":["Cocina"],"inLanguage":"es","potentialAction":[{"@type":"CommentAction","name":"Comment","target":["https:\/\/buenosdiasbcs.com\/?p=5057#respond"]}]},{"@type":"WebPage","@id":"https:\/\/buenosdiasbcs.com\/?p=5057","url":"https:\/\/buenosdiasbcs.com\/?p=5057","name":"Lanzan los Culinary Awards La Paz para premiar a la gastronom\u00eda local - Buenos D&iacute;as BCS","isPartOf":{"@id":"https:\/\/buenosdiasbcs.com\/#website"},"primaryImageOfPage":{"@id":"https:\/\/buenosdiasbcs.com\/?p=5057#primaryimage"},"image":{"@id":"https:\/\/buenosdiasbcs.com\/?p=5057#primaryimage"},"thumbnailUrl":"https:\/\/buenosdiasbcs.com\/wp-content\/uploads\/2026\/03\/culinary-1-56836b96-focus-0-0-1479-828.webp","datePublished":"2026-03-12T07:57:00+00:00","breadcrumb":{"@id":"https:\/\/buenosdiasbcs.com\/?p=5057#breadcrumb"},"inLanguage":"es","potentialAction":[{"@type":"ReadAction","target":["https:\/\/buenosdiasbcs.com\/?p=5057"]}]},{"@type":"ImageObject","inLanguage":"es","@id":"https:\/\/buenosdiasbcs.com\/?p=5057#primaryimage","url":"https:\/\/buenosdiasbcs.com\/wp-content\/uploads\/2026\/03\/culinary-1-56836b96-focus-0-0-1479-828.webp","contentUrl":"https:\/\/buenosdiasbcs.com\/wp-content\/uploads\/2026\/03\/culinary-1-56836b96-focus-0-0-1479-828.webp","width":1200,"height":800},{"@type":"BreadcrumbList","@id":"https:\/\/buenosdiasbcs.com\/?p=5057#breadcrumb","itemListElement":[{"@type":"ListItem","position":1,"name":"Portada","item":"https:\/\/buenosdiasbcs.com\/"},{"@type":"ListItem","position":2,"name":"Lanzan los Culinary Awards La Paz para premiar a la gastronom\u00eda local"}]},{"@type":"WebSite","@id":"https:\/\/buenosdiasbcs.com\/#website","url":"https:\/\/buenosdiasbcs.com\/","name":"Buenos D\u00edas BCS","description":"","publisher":{"@id":"https:\/\/buenosdiasbcs.com\/#organization"},"potentialAction":[{"@type":"SearchAction","target":{"@type":"EntryPoint","urlTemplate":"https:\/\/buenosdiasbcs.com\/?s={search_term_string}"},"query-input":{"@type":"PropertyValueSpecification","valueRequired":true,"valueName":"search_term_string"}}],"inLanguage":"es"},{"@type":"Organization","@id":"https:\/\/buenosdiasbcs.com\/#organization","name":"Buenos D\u00edas BCS","url":"https:\/\/buenosdiasbcs.com\/","logo":{"@type":"ImageObject","inLanguage":"es","@id":"https:\/\/buenosdiasbcs.com\/#\/schema\/logo\/image\/","url":"https:\/\/buenosdiasbcs.com\/wp-content\/uploads\/2026\/01\/logo-buenos-dias-40-01.png","contentUrl":"https:\/\/buenosdiasbcs.com\/wp-content\/uploads\/2026\/01\/logo-buenos-dias-40-01.png","width":277,"height":40,"caption":"Buenos D\u00edas BCS"},"image":{"@id":"https:\/\/buenosdiasbcs.com\/#\/schema\/logo\/image\/"}},{"@type":"Person","@id":"https:\/\/buenosdiasbcs.com\/#\/schema\/person\/15aedc247eab7070ee5d76d6d069a821","name":"Edici\u00f3n Buenos D\u00edas","image":{"@type":"ImageObject","inLanguage":"es","@id":"https:\/\/buenosdiasbcs.com\/wp-content\/uploads\/2026\/01\/cropped-sol-96x96.png","url":"https:\/\/buenosdiasbcs.com\/wp-content\/uploads\/2026\/01\/cropped-sol-96x96.png","contentUrl":"https:\/\/buenosdiasbcs.com\/wp-content\/uploads\/2026\/01\/cropped-sol-96x96.png","caption":"Edici\u00f3n Buenos D\u00edas"},"url":"https:\/\/buenosdiasbcs.com\/?author=2"}]}},"amp_enabled":true,"_links":{"self":[{"href":"https:\/\/buenosdiasbcs.com\/index.php?rest_route=\/wp\/v2\/posts\/5057","targetHints":{"allow":["GET"]}}],"collection":[{"href":"https:\/\/buenosdiasbcs.com\/index.php?rest_route=\/wp\/v2\/posts"}],"about":[{"href":"https:\/\/buenosdiasbcs.com\/index.php?rest_route=\/wp\/v2\/types\/post"}],"author":[{"embeddable":true,"href":"https:\/\/buenosdiasbcs.com\/index.php?rest_route=\/wp\/v2\/users\/2"}],"replies":[{"embeddable":true,"href":"https:\/\/buenosdiasbcs.com\/index.php?rest_route=%2Fwp%2Fv2%2Fcomments&post=5057"}],"version-history":[{"count":1,"href":"https:\/\/buenosdiasbcs.com\/index.php?rest_route=\/wp\/v2\/posts\/5057\/revisions"}],"predecessor-version":[{"id":5059,"href":"https:\/\/buenosdiasbcs.com\/index.php?rest_route=\/wp\/v2\/posts\/5057\/revisions\/5059"}],"wp:featuredmedia":[{"embeddable":true,"href":"https:\/\/buenosdiasbcs.com\/index.php?rest_route=\/wp\/v2\/media\/5058"}],"wp:attachment":[{"href":"https:\/\/buenosdiasbcs.com\/index.php?rest_route=%2Fwp%2Fv2%2Fmedia&parent=5057"}],"wp:term":[{"taxonomy":"category","embeddable":true,"href":"https:\/\/buenosdiasbcs.com\/index.php?rest_route=%2Fwp%2Fv2%2Fcategories&post=5057"},{"taxonomy":"post_tag","embeddable":true,"href":"https:\/\/buenosdiasbcs.com\/index.php?rest_route=%2Fwp%2Fv2%2Ftags&post=5057"}],"curies":[{"name":"wp","href":"https:\/\/api.w.org\/{rel}","templated":true}]}}