{"id":5054,"date":"2026-03-12T00:53:00","date_gmt":"2026-03-12T07:53:00","guid":{"rendered":"https:\/\/buenosdiasbcs.com\/?p=5054"},"modified":"2026-03-11T19:55:09","modified_gmt":"2026-03-12T02:55:09","slug":"volcadura-en-tramo-san-jose-del-cabo-cabo-san-lucas-dejo-a-un-conductor-extranjero-lesionado","status":"publish","type":"post","link":"https:\/\/buenosdiasbcs.com\/?p=5054","title":{"rendered":"Volcadura\u00a0en tramo San Jos\u00e9 del Cabo\u00a0\u2013\u00a0Cabo San Lucas dej\u00f3 a\u00a0un conductor extranjero lesionado"},"content":{"rendered":"\n<h2 class=\"wp-block-heading\" id=\"h-una-volcadura-en-la-carretera-transpeninsular-a-la-altura-de-palmilla-dejo-un-conductor-extranjero-lesionado-movilizando-a-bomberos\">Una volcadura en la carretera Transpeninsular, a la altura de Palmilla, dej\u00f3 un conductor extranjero lesionado, movilizando a bomberos<\/h2>\n\n\n\n<p><strong><em>Los Cabos, Baja California Sur (BCS).&nbsp;<\/em><\/strong>Un accidente automovil\u00edstico tipo&nbsp;<strong>volcadura se registr\u00f3 este mi\u00e9rcoles al mediod\u00eda sobre la carretera Transpeninsular,&nbsp;<\/strong>en el tramo que conecta San Jos\u00e9 del Cabo con Cabo San Lucas, a la altura de la zona conocida como Palmilla,&nbsp;<strong>dejando a un extranjero lesionado.<\/strong>&nbsp;El percance moviliz\u00f3 a distintos cuerpos de emergencia, quienes acudieron de manera inmediata para atender la situaci\u00f3n y asegurar el \u00e1rea.&nbsp;<\/p>\n\n\n\n<p><strong>De acuerdo con el reporte oficial, el aviso del incidente se recibi\u00f3 a las 12:31 horas,&nbsp;<\/strong>lo que permiti\u00f3 una r\u00e1pida respuesta por parte del Departamento de Bomberos de San Jos\u00e9 del Cabo. Elementos de la Estaci\u00f3n #1 Centro se trasladaron al sitio a bordo de la unidad M-15 para iniciar las labores de auxilio y evaluaci\u00f3n del siniestro.&nbsp;<\/p>\n\n\n\n<p>En el lugar tambi\u00e9n se cont\u00f3 con la presencia de una unidad prehospitalaria de la Cruz Roja Mexicana,&nbsp;<strong>as\u00ed como personal de la Guardia Nacional, quienes colaboraron en la atenci\u00f3n del lesionado y en el control de la circulaci\u00f3n vehicular para evitar riesgos<\/strong>&nbsp;adicionales a otros conductores que transitaban por la zona.&nbsp;<\/p>\n\n\n\n<p>Como resultado del accidente, una persona&nbsp;<strong>extranjera de sexo masculino present\u00f3 lesiones,&nbsp;por lo que fue necesario su traslado a un centro m\u00e9dico para recibir la atenci\u00f3n correspondiente.&nbsp;<\/strong>De manera preliminar, se indic\u00f3 que el conductor presuntamente se encontraba en estado inconveniente al momento del percance, aunque ser\u00e1n las autoridades competentes quienes determinen las causas oficiales.&nbsp;<\/p>\n\n\n\n<p>Posteriormente, el personal del Departamento de Bomberos llev\u00f3 a cabo trabajos de limpieza en la carpeta asf\u00e1ltica debido al derrame de combustible provocado por la volcadura, con el objetivo de prevenir nuevos incidentes y restablecer condiciones seguras en esta importante v\u00eda de comunicaci\u00f3n.&nbsp;<\/p>\n","protected":false},"excerpt":{"rendered":"<p>Una volcadura en la carretera Transpeninsular, a la altura de Palmilla, dej\u00f3 un conductor extranjero lesionado, movilizando a bomberos Los&#8230;<\/p>\n","protected":false},"author":2,"featured_media":5055,"comment_status":"open","ping_status":"open","sticky":false,"template":"","format":"standard","meta":{"footnotes":""},"categories":[237],"tags":[],"class_list":["post-5054","post","type-post","status-publish","format-standard","has-post-thumbnail","hentry","category-seguridad"],"yoast_head":"<!-- This site is optimized with the Yoast SEO Premium plugin v26.8 (Yoast SEO v27.4) - https:\/\/yoast.com\/product\/yoast-seo-premium-wordpress\/ -->\n<title>Volcadura\u00a0en tramo San Jos\u00e9 del Cabo\u00a0\u2013\u00a0Cabo San Lucas dej\u00f3 a\u00a0un conductor extranjero lesionado - Buenos D&iacute;as BCS<\/title>\n<meta name=\"robots\" content=\"index, follow, max-snippet:-1, max-image-preview:large, max-video-preview:-1\" \/>\n<link rel=\"canonical\" href=\"https:\/\/buenosdiasbcs.com\/?p=5054\" \/>\n<meta property=\"og:locale\" content=\"es_ES\" \/>\n<meta property=\"og:type\" content=\"article\" \/>\n<meta property=\"og:title\" content=\"Volcadura\u00a0en tramo San Jos\u00e9 del Cabo\u00a0\u2013\u00a0Cabo San Lucas dej\u00f3 a\u00a0un conductor extranjero lesionado\" \/>\n<meta property=\"og:description\" content=\"Una volcadura en la carretera Transpeninsular, a la altura de Palmilla, dej\u00f3 un conductor extranjero lesionado, movilizando a bomberos Los...\" \/>\n<meta property=\"og:url\" content=\"https:\/\/buenosdiasbcs.com\/?p=5054\" \/>\n<meta property=\"og:site_name\" content=\"Buenos D&iacute;as BCS\" \/>\n<meta property=\"article:published_time\" content=\"2026-03-12T07:53:00+00:00\" \/>\n<meta property=\"og:image\" content=\"https:\/\/buenosdiasbcs.com\/wp-content\/uploads\/2026\/03\/volcadura-corredor-los-cabos-lesionada-905x613.jpg.webp\" \/>\n\t<meta property=\"og:image:width\" content=\"905\" \/>\n\t<meta property=\"og:image:height\" content=\"613\" \/>\n\t<meta property=\"og:image:type\" content=\"image\/webp\" \/>\n<meta name=\"author\" content=\"Edici\u00f3n Buenos D\u00edas\" \/>\n<meta name=\"twitter:card\" content=\"summary_large_image\" \/>\n<meta name=\"twitter:label1\" content=\"Escrito por\" \/>\n\t<meta name=\"twitter:data1\" content=\"Edici\u00f3n Buenos D\u00edas\" \/>\n\t<meta name=\"twitter:label2\" content=\"Tiempo de lectura\" \/>\n\t<meta name=\"twitter:data2\" content=\"2 minutos\" \/>\n<script type=\"application\/ld+json\" class=\"yoast-schema-graph\">{\"@context\":\"https:\\\/\\\/schema.org\",\"@graph\":[{\"@type\":\"Article\",\"@id\":\"https:\\\/\\\/buenosdiasbcs.com\\\/?p=5054#article\",\"isPartOf\":{\"@id\":\"https:\\\/\\\/buenosdiasbcs.com\\\/?p=5054\"},\"author\":{\"name\":\"Edici\u00f3n Buenos D\u00edas\",\"@id\":\"https:\\\/\\\/buenosdiasbcs.com\\\/#\\\/schema\\\/person\\\/15aedc247eab7070ee5d76d6d069a821\"},\"headline\":\"Volcadura\u00a0en tramo San Jos\u00e9 del Cabo\u00a0\u2013\u00a0Cabo San Lucas dej\u00f3 a\u00a0un conductor extranjero lesionado\",\"datePublished\":\"2026-03-12T07:53:00+00:00\",\"mainEntityOfPage\":{\"@id\":\"https:\\\/\\\/buenosdiasbcs.com\\\/?p=5054\"},\"wordCount\":344,\"commentCount\":0,\"publisher\":{\"@id\":\"https:\\\/\\\/buenosdiasbcs.com\\\/#organization\"},\"image\":{\"@id\":\"https:\\\/\\\/buenosdiasbcs.com\\\/?p=5054#primaryimage\"},\"thumbnailUrl\":\"https:\\\/\\\/buenosdiasbcs.com\\\/wp-content\\\/uploads\\\/2026\\\/03\\\/volcadura-corredor-los-cabos-lesionada-905x613.jpg.webp\",\"articleSection\":[\"Seguridad\"],\"inLanguage\":\"es\",\"potentialAction\":[{\"@type\":\"CommentAction\",\"name\":\"Comment\",\"target\":[\"https:\\\/\\\/buenosdiasbcs.com\\\/?p=5054#respond\"]}]},{\"@type\":\"WebPage\",\"@id\":\"https:\\\/\\\/buenosdiasbcs.com\\\/?p=5054\",\"url\":\"https:\\\/\\\/buenosdiasbcs.com\\\/?p=5054\",\"name\":\"Volcadura\u00a0en tramo San Jos\u00e9 del Cabo\u00a0\u2013\u00a0Cabo San Lucas dej\u00f3 a\u00a0un conductor extranjero lesionado - Buenos D&iacute;as BCS\",\"isPartOf\":{\"@id\":\"https:\\\/\\\/buenosdiasbcs.com\\\/#website\"},\"primaryImageOfPage\":{\"@id\":\"https:\\\/\\\/buenosdiasbcs.com\\\/?p=5054#primaryimage\"},\"image\":{\"@id\":\"https:\\\/\\\/buenosdiasbcs.com\\\/?p=5054#primaryimage\"},\"thumbnailUrl\":\"https:\\\/\\\/buenosdiasbcs.com\\\/wp-content\\\/uploads\\\/2026\\\/03\\\/volcadura-corredor-los-cabos-lesionada-905x613.jpg.webp\",\"datePublished\":\"2026-03-12T07:53:00+00:00\",\"breadcrumb\":{\"@id\":\"https:\\\/\\\/buenosdiasbcs.com\\\/?p=5054#breadcrumb\"},\"inLanguage\":\"es\",\"potentialAction\":[{\"@type\":\"ReadAction\",\"target\":[\"https:\\\/\\\/buenosdiasbcs.com\\\/?p=5054\"]}]},{\"@type\":\"ImageObject\",\"inLanguage\":\"es\",\"@id\":\"https:\\\/\\\/buenosdiasbcs.com\\\/?p=5054#primaryimage\",\"url\":\"https:\\\/\\\/buenosdiasbcs.com\\\/wp-content\\\/uploads\\\/2026\\\/03\\\/volcadura-corredor-los-cabos-lesionada-905x613.jpg.webp\",\"contentUrl\":\"https:\\\/\\\/buenosdiasbcs.com\\\/wp-content\\\/uploads\\\/2026\\\/03\\\/volcadura-corredor-los-cabos-lesionada-905x613.jpg.webp\",\"width\":905,\"height\":613},{\"@type\":\"BreadcrumbList\",\"@id\":\"https:\\\/\\\/buenosdiasbcs.com\\\/?p=5054#breadcrumb\",\"itemListElement\":[{\"@type\":\"ListItem\",\"position\":1,\"name\":\"Portada\",\"item\":\"https:\\\/\\\/buenosdiasbcs.com\\\/\"},{\"@type\":\"ListItem\",\"position\":2,\"name\":\"Volcadura\u00a0en tramo San Jos\u00e9 del Cabo\u00a0\u2013\u00a0Cabo San Lucas dej\u00f3 a\u00a0un conductor extranjero lesionado\"}]},{\"@type\":\"WebSite\",\"@id\":\"https:\\\/\\\/buenosdiasbcs.com\\\/#website\",\"url\":\"https:\\\/\\\/buenosdiasbcs.com\\\/\",\"name\":\"Buenos D\u00edas BCS\",\"description\":\"\",\"publisher\":{\"@id\":\"https:\\\/\\\/buenosdiasbcs.com\\\/#organization\"},\"potentialAction\":[{\"@type\":\"SearchAction\",\"target\":{\"@type\":\"EntryPoint\",\"urlTemplate\":\"https:\\\/\\\/buenosdiasbcs.com\\\/?s={search_term_string}\"},\"query-input\":{\"@type\":\"PropertyValueSpecification\",\"valueRequired\":true,\"valueName\":\"search_term_string\"}}],\"inLanguage\":\"es\"},{\"@type\":\"Organization\",\"@id\":\"https:\\\/\\\/buenosdiasbcs.com\\\/#organization\",\"name\":\"Buenos D\u00edas BCS\",\"url\":\"https:\\\/\\\/buenosdiasbcs.com\\\/\",\"logo\":{\"@type\":\"ImageObject\",\"inLanguage\":\"es\",\"@id\":\"https:\\\/\\\/buenosdiasbcs.com\\\/#\\\/schema\\\/logo\\\/image\\\/\",\"url\":\"https:\\\/\\\/buenosdiasbcs.com\\\/wp-content\\\/uploads\\\/2026\\\/01\\\/logo-buenos-dias-40-01.png\",\"contentUrl\":\"https:\\\/\\\/buenosdiasbcs.com\\\/wp-content\\\/uploads\\\/2026\\\/01\\\/logo-buenos-dias-40-01.png\",\"width\":277,\"height\":40,\"caption\":\"Buenos D\u00edas BCS\"},\"image\":{\"@id\":\"https:\\\/\\\/buenosdiasbcs.com\\\/#\\\/schema\\\/logo\\\/image\\\/\"}},{\"@type\":\"Person\",\"@id\":\"https:\\\/\\\/buenosdiasbcs.com\\\/#\\\/schema\\\/person\\\/15aedc247eab7070ee5d76d6d069a821\",\"name\":\"Edici\u00f3n Buenos D\u00edas\",\"image\":{\"@type\":\"ImageObject\",\"inLanguage\":\"es\",\"@id\":\"https:\\\/\\\/buenosdiasbcs.com\\\/wp-content\\\/uploads\\\/2026\\\/01\\\/cropped-sol-96x96.png\",\"url\":\"https:\\\/\\\/buenosdiasbcs.com\\\/wp-content\\\/uploads\\\/2026\\\/01\\\/cropped-sol-96x96.png\",\"contentUrl\":\"https:\\\/\\\/buenosdiasbcs.com\\\/wp-content\\\/uploads\\\/2026\\\/01\\\/cropped-sol-96x96.png\",\"caption\":\"Edici\u00f3n Buenos D\u00edas\"},\"url\":\"https:\\\/\\\/buenosdiasbcs.com\\\/?author=2\"}]}<\/script>\n<!-- \/ Yoast SEO Premium plugin. -->","yoast_head_json":{"title":"Volcadura\u00a0en tramo San Jos\u00e9 del Cabo\u00a0\u2013\u00a0Cabo San Lucas dej\u00f3 a\u00a0un conductor extranjero lesionado - Buenos D&iacute;as BCS","robots":{"index":"index","follow":"follow","max-snippet":"max-snippet:-1","max-image-preview":"max-image-preview:large","max-video-preview":"max-video-preview:-1"},"canonical":"https:\/\/buenosdiasbcs.com\/?p=5054","og_locale":"es_ES","og_type":"article","og_title":"Volcadura\u00a0en tramo San Jos\u00e9 del Cabo\u00a0\u2013\u00a0Cabo San Lucas dej\u00f3 a\u00a0un conductor extranjero lesionado","og_description":"Una volcadura en la carretera Transpeninsular, a la altura de Palmilla, dej\u00f3 un conductor extranjero lesionado, movilizando a bomberos Los...","og_url":"https:\/\/buenosdiasbcs.com\/?p=5054","og_site_name":"Buenos D&iacute;as BCS","article_published_time":"2026-03-12T07:53:00+00:00","og_image":[{"width":905,"height":613,"url":"https:\/\/buenosdiasbcs.com\/wp-content\/uploads\/2026\/03\/volcadura-corredor-los-cabos-lesionada-905x613.jpg.webp","type":"image\/webp"}],"author":"Edici\u00f3n Buenos D\u00edas","twitter_card":"summary_large_image","twitter_misc":{"Escrito por":"Edici\u00f3n Buenos D\u00edas","Tiempo de lectura":"2 minutos"},"schema":{"@context":"https:\/\/schema.org","@graph":[{"@type":"Article","@id":"https:\/\/buenosdiasbcs.com\/?p=5054#article","isPartOf":{"@id":"https:\/\/buenosdiasbcs.com\/?p=5054"},"author":{"name":"Edici\u00f3n Buenos D\u00edas","@id":"https:\/\/buenosdiasbcs.com\/#\/schema\/person\/15aedc247eab7070ee5d76d6d069a821"},"headline":"Volcadura\u00a0en tramo San Jos\u00e9 del Cabo\u00a0\u2013\u00a0Cabo San Lucas dej\u00f3 a\u00a0un conductor extranjero lesionado","datePublished":"2026-03-12T07:53:00+00:00","mainEntityOfPage":{"@id":"https:\/\/buenosdiasbcs.com\/?p=5054"},"wordCount":344,"commentCount":0,"publisher":{"@id":"https:\/\/buenosdiasbcs.com\/#organization"},"image":{"@id":"https:\/\/buenosdiasbcs.com\/?p=5054#primaryimage"},"thumbnailUrl":"https:\/\/buenosdiasbcs.com\/wp-content\/uploads\/2026\/03\/volcadura-corredor-los-cabos-lesionada-905x613.jpg.webp","articleSection":["Seguridad"],"inLanguage":"es","potentialAction":[{"@type":"CommentAction","name":"Comment","target":["https:\/\/buenosdiasbcs.com\/?p=5054#respond"]}]},{"@type":"WebPage","@id":"https:\/\/buenosdiasbcs.com\/?p=5054","url":"https:\/\/buenosdiasbcs.com\/?p=5054","name":"Volcadura\u00a0en tramo San Jos\u00e9 del Cabo\u00a0\u2013\u00a0Cabo San Lucas dej\u00f3 a\u00a0un conductor extranjero lesionado - Buenos D&iacute;as BCS","isPartOf":{"@id":"https:\/\/buenosdiasbcs.com\/#website"},"primaryImageOfPage":{"@id":"https:\/\/buenosdiasbcs.com\/?p=5054#primaryimage"},"image":{"@id":"https:\/\/buenosdiasbcs.com\/?p=5054#primaryimage"},"thumbnailUrl":"https:\/\/buenosdiasbcs.com\/wp-content\/uploads\/2026\/03\/volcadura-corredor-los-cabos-lesionada-905x613.jpg.webp","datePublished":"2026-03-12T07:53:00+00:00","breadcrumb":{"@id":"https:\/\/buenosdiasbcs.com\/?p=5054#breadcrumb"},"inLanguage":"es","potentialAction":[{"@type":"ReadAction","target":["https:\/\/buenosdiasbcs.com\/?p=5054"]}]},{"@type":"ImageObject","inLanguage":"es","@id":"https:\/\/buenosdiasbcs.com\/?p=5054#primaryimage","url":"https:\/\/buenosdiasbcs.com\/wp-content\/uploads\/2026\/03\/volcadura-corredor-los-cabos-lesionada-905x613.jpg.webp","contentUrl":"https:\/\/buenosdiasbcs.com\/wp-content\/uploads\/2026\/03\/volcadura-corredor-los-cabos-lesionada-905x613.jpg.webp","width":905,"height":613},{"@type":"BreadcrumbList","@id":"https:\/\/buenosdiasbcs.com\/?p=5054#breadcrumb","itemListElement":[{"@type":"ListItem","position":1,"name":"Portada","item":"https:\/\/buenosdiasbcs.com\/"},{"@type":"ListItem","position":2,"name":"Volcadura\u00a0en tramo San Jos\u00e9 del Cabo\u00a0\u2013\u00a0Cabo San Lucas dej\u00f3 a\u00a0un conductor extranjero lesionado"}]},{"@type":"WebSite","@id":"https:\/\/buenosdiasbcs.com\/#website","url":"https:\/\/buenosdiasbcs.com\/","name":"Buenos D\u00edas BCS","description":"","publisher":{"@id":"https:\/\/buenosdiasbcs.com\/#organization"},"potentialAction":[{"@type":"SearchAction","target":{"@type":"EntryPoint","urlTemplate":"https:\/\/buenosdiasbcs.com\/?s={search_term_string}"},"query-input":{"@type":"PropertyValueSpecification","valueRequired":true,"valueName":"search_term_string"}}],"inLanguage":"es"},{"@type":"Organization","@id":"https:\/\/buenosdiasbcs.com\/#organization","name":"Buenos D\u00edas BCS","url":"https:\/\/buenosdiasbcs.com\/","logo":{"@type":"ImageObject","inLanguage":"es","@id":"https:\/\/buenosdiasbcs.com\/#\/schema\/logo\/image\/","url":"https:\/\/buenosdiasbcs.com\/wp-content\/uploads\/2026\/01\/logo-buenos-dias-40-01.png","contentUrl":"https:\/\/buenosdiasbcs.com\/wp-content\/uploads\/2026\/01\/logo-buenos-dias-40-01.png","width":277,"height":40,"caption":"Buenos D\u00edas BCS"},"image":{"@id":"https:\/\/buenosdiasbcs.com\/#\/schema\/logo\/image\/"}},{"@type":"Person","@id":"https:\/\/buenosdiasbcs.com\/#\/schema\/person\/15aedc247eab7070ee5d76d6d069a821","name":"Edici\u00f3n Buenos D\u00edas","image":{"@type":"ImageObject","inLanguage":"es","@id":"https:\/\/buenosdiasbcs.com\/wp-content\/uploads\/2026\/01\/cropped-sol-96x96.png","url":"https:\/\/buenosdiasbcs.com\/wp-content\/uploads\/2026\/01\/cropped-sol-96x96.png","contentUrl":"https:\/\/buenosdiasbcs.com\/wp-content\/uploads\/2026\/01\/cropped-sol-96x96.png","caption":"Edici\u00f3n Buenos D\u00edas"},"url":"https:\/\/buenosdiasbcs.com\/?author=2"}]}},"amp_enabled":true,"_links":{"self":[{"href":"https:\/\/buenosdiasbcs.com\/index.php?rest_route=\/wp\/v2\/posts\/5054","targetHints":{"allow":["GET"]}}],"collection":[{"href":"https:\/\/buenosdiasbcs.com\/index.php?rest_route=\/wp\/v2\/posts"}],"about":[{"href":"https:\/\/buenosdiasbcs.com\/index.php?rest_route=\/wp\/v2\/types\/post"}],"author":[{"embeddable":true,"href":"https:\/\/buenosdiasbcs.com\/index.php?rest_route=\/wp\/v2\/users\/2"}],"replies":[{"embeddable":true,"href":"https:\/\/buenosdiasbcs.com\/index.php?rest_route=%2Fwp%2Fv2%2Fcomments&post=5054"}],"version-history":[{"count":1,"href":"https:\/\/buenosdiasbcs.com\/index.php?rest_route=\/wp\/v2\/posts\/5054\/revisions"}],"predecessor-version":[{"id":5056,"href":"https:\/\/buenosdiasbcs.com\/index.php?rest_route=\/wp\/v2\/posts\/5054\/revisions\/5056"}],"wp:featuredmedia":[{"embeddable":true,"href":"https:\/\/buenosdiasbcs.com\/index.php?rest_route=\/wp\/v2\/media\/5055"}],"wp:attachment":[{"href":"https:\/\/buenosdiasbcs.com\/index.php?rest_route=%2Fwp%2Fv2%2Fmedia&parent=5054"}],"wp:term":[{"taxonomy":"category","embeddable":true,"href":"https:\/\/buenosdiasbcs.com\/index.php?rest_route=%2Fwp%2Fv2%2Fcategories&post=5054"},{"taxonomy":"post_tag","embeddable":true,"href":"https:\/\/buenosdiasbcs.com\/index.php?rest_route=%2Fwp%2Fv2%2Ftags&post=5054"}],"curies":[{"name":"wp","href":"https:\/\/api.w.org\/{rel}","templated":true}]}}