{"id":5036,"date":"2026-03-12T00:27:00","date_gmt":"2026-03-12T07:27:00","guid":{"rendered":"https:\/\/buenosdiasbcs.com\/?p=5036"},"modified":"2026-03-11T19:28:04","modified_gmt":"2026-03-12T02:28:04","slug":"whatsapp-lanza-cuentas-para-menores-de-edad-administradas-y-controladas-por-sus-padres","status":"publish","type":"post","link":"https:\/\/buenosdiasbcs.com\/?p=5036","title":{"rendered":"WhatsApp lanza cuentas para menores de edad administradas y controladas por sus padres"},"content":{"rendered":"\n<h2 class=\"wp-block-heading\" id=\"h-deben-ser-cuentas-creadas-y-administradas-activamente-por-los-padres-o-tutores-y-deben-permanecer-vinculadas-a-su-propia-cuenta-nbsp\">Deben ser cuentas creadas y administradas activamente por los padres o tutores, y deben permanecer vinculadas a su propia cuenta&nbsp;<\/h2>\n\n\n\n<p><strong>Ciudad de M\u00e9xico.-<\/strong>&nbsp;WhatsApp anunci\u00f3 las nuevas cuentas administradas por los padres,&nbsp;<strong>que permiten a estos y tutores configurar la aplicaci\u00f3n de mensajer\u00eda<\/strong>&nbsp;para preadolescentes con nuevos controles para limitar su experiencia a mensajes y llamadas.<\/p>\n\n\n\n<p>Estas cuentas, que se implementar\u00e1n a nivel global en los&nbsp;<strong>pr\u00f3ximos meses<\/strong>, incluyen por defecto \u201cnuevas configuraciones estrictas\u201d, controles parentales y opciones para que los padres gu\u00eden a sus&nbsp;<strong>hijos preadolescentes (13 a\u00f1os en Estados Unidos<\/strong>) en sus primeras experiencias con la mensajer\u00eda, informa WhatsApp.<\/p>\n\n\n\n<blockquote class=\"wp-block-quote is-layout-flow wp-block-quote-is-layout-flow\">\n<p>\u201cCon el aporte de familias y expertos, estamos implementando las nuevas cuentas administradas por un padre, madre o tutor que les permite configurar WhatsApp para preadolescentes, con nuevos controles para limitar su experiencia en WhatsApp a mensajes y llamadas\u201d.<\/p>\n<\/blockquote>\n\n\n\n<p><strong>Deben ser cuentas creadas y administradas activamente por los padres o tutores<\/strong>, y deben permanecer vinculadas a su propia cuenta de WhatsApp, aplicaci\u00f3n de mensajer\u00eda propiedad de Meta.<\/p>\n\n\n\n<p>Los padres necesitar\u00e1n el tel\u00e9fono que compraron para su familiar y su propio dispositivo, uno al lado del otro, para&nbsp;<strong>vincular sus cuentas.<\/strong><\/p>\n\n\n\n<p>Despu\u00e9s de configurar la cuenta, el padre, madre o tutor&nbsp;<strong>podr\u00e1 controlarla y decidir qui\u00e9n puede comunicarse con la cuenta<\/strong>&nbsp;y a qu\u00e9 grupos puede unirse. Adem\u00e1s, estos adultos pueden revisar las solicitudes de mensajes de contactos desconocidos y administrar los ajustes de privacidad de la cuenta.<\/p>\n\n\n\n<p>Los nuevos controles parentales y los ajustes est\u00e1n protegidos por un&nbsp;<strong>PIN<\/strong>&nbsp;de padres en el dispositivo administrado. Solo los padres pueden acceder a los ajustes de privacidad y modificarlos, lo que les permite adaptar la experiencia de su familia, detalla WhatsApp.<\/p>\n\n\n\n<blockquote class=\"wp-block-quote is-layout-flow wp-block-quote-is-layout-flow\">\n<p>\u201cTodas las conversaciones personales siguen siendo privadas y est\u00e1n protegidas con cifrado de extremo a extremo, lo que significa que nadie, ni siquiera WhatsApp, puede verlas ni escucharlas\u201d, se\u00f1al\u00f3 la red de mensajer\u00eda.<\/p>\n<\/blockquote>\n\n\n\n<p>Seg\u00fan WhatsApp, a medida que se implementen gradualmente este tipo de cuentas durante los pr\u00f3ximos meses, espera&nbsp;<strong>recibir los comentarios de los usuario<\/strong>s para seguir desarrollando la aplicaci\u00f3n y \u201cofrecer la manera m\u00e1s segura y privada para que las familias se comuniquen\u201d.<\/p>\n\n\n\n<p>Esta comunicaci\u00f3n de WhatsApp llega casi dos semanas despu\u00e9s de que se informara de que Instagram empezar\u00e1 a notificar a los padres si su hijo&nbsp;<strong>\u201cintenta buscar repetidamente t\u00e9rminos relacionados con el suicidio o la autolesi\u00f3n\u201d<\/strong>&nbsp;en su red social, tal y como anunci\u00f3 su compa\u00f1\u00eda matriz, Meta.<\/p>\n\n\n\n<p>Esta \u00faltima medida se activar\u00e1 para los padres de EU, el Reino Unido, Australia y Canad\u00e1 que usan las herramientas de supervisi\u00f3n parental de la red social, y estar\u00e1 disponible en otras regiones \u201ca finales de este a\u00f1o\u201d.<\/p>\n","protected":false},"excerpt":{"rendered":"<p>Deben ser cuentas creadas y administradas activamente por los padres o tutores, y deben permanecer vinculadas a su propia cuenta&nbsp;&#8230;<\/p>\n","protected":false},"author":2,"featured_media":5037,"comment_status":"open","ping_status":"open","sticky":false,"template":"","format":"standard","meta":{"footnotes":""},"categories":[30],"tags":[],"class_list":["post-5036","post","type-post","status-publish","format-standard","has-post-thumbnail","hentry","category-tecnologia"],"yoast_head":"<!-- This site is optimized with the Yoast SEO Premium plugin v26.8 (Yoast SEO v27.4) - https:\/\/yoast.com\/product\/yoast-seo-premium-wordpress\/ -->\n<title>WhatsApp lanza cuentas para menores de edad administradas y controladas por sus padres - Buenos D&iacute;as BCS<\/title>\n<meta name=\"robots\" content=\"index, follow, max-snippet:-1, max-image-preview:large, max-video-preview:-1\" \/>\n<link rel=\"canonical\" href=\"https:\/\/buenosdiasbcs.com\/?p=5036\" \/>\n<meta property=\"og:locale\" content=\"es_ES\" \/>\n<meta property=\"og:type\" content=\"article\" \/>\n<meta property=\"og:title\" content=\"WhatsApp lanza cuentas para menores de edad administradas y controladas por sus padres\" \/>\n<meta property=\"og:description\" content=\"Deben ser cuentas creadas y administradas activamente por los padres o tutores, y deben permanecer vinculadas a su propia cuenta&nbsp;...\" \/>\n<meta property=\"og:url\" content=\"https:\/\/buenosdiasbcs.com\/?p=5036\" \/>\n<meta property=\"og:site_name\" content=\"Buenos D&iacute;as BCS\" \/>\n<meta property=\"article:published_time\" content=\"2026-03-12T07:27:00+00:00\" \/>\n<meta property=\"og:image\" content=\"https:\/\/buenosdiasbcs.com\/wp-content\/uploads\/2026\/03\/whatsapp.jpg\" \/>\n\t<meta property=\"og:image:width\" content=\"650\" \/>\n\t<meta property=\"og:image:height\" content=\"417\" \/>\n\t<meta property=\"og:image:type\" content=\"image\/jpeg\" \/>\n<meta name=\"author\" content=\"Edici\u00f3n Buenos D\u00edas\" \/>\n<meta name=\"twitter:card\" content=\"summary_large_image\" \/>\n<meta name=\"twitter:label1\" content=\"Escrito por\" \/>\n\t<meta name=\"twitter:data1\" content=\"Edici\u00f3n Buenos D\u00edas\" \/>\n\t<meta name=\"twitter:label2\" content=\"Tiempo de lectura\" \/>\n\t<meta name=\"twitter:data2\" content=\"2 minutos\" \/>\n<script type=\"application\/ld+json\" class=\"yoast-schema-graph\">{\"@context\":\"https:\\\/\\\/schema.org\",\"@graph\":[{\"@type\":\"Article\",\"@id\":\"https:\\\/\\\/buenosdiasbcs.com\\\/?p=5036#article\",\"isPartOf\":{\"@id\":\"https:\\\/\\\/buenosdiasbcs.com\\\/?p=5036\"},\"author\":{\"name\":\"Edici\u00f3n Buenos D\u00edas\",\"@id\":\"https:\\\/\\\/buenosdiasbcs.com\\\/#\\\/schema\\\/person\\\/15aedc247eab7070ee5d76d6d069a821\"},\"headline\":\"WhatsApp lanza cuentas para menores de edad administradas y controladas por sus padres\",\"datePublished\":\"2026-03-12T07:27:00+00:00\",\"mainEntityOfPage\":{\"@id\":\"https:\\\/\\\/buenosdiasbcs.com\\\/?p=5036\"},\"wordCount\":498,\"commentCount\":0,\"publisher\":{\"@id\":\"https:\\\/\\\/buenosdiasbcs.com\\\/#organization\"},\"image\":{\"@id\":\"https:\\\/\\\/buenosdiasbcs.com\\\/?p=5036#primaryimage\"},\"thumbnailUrl\":\"https:\\\/\\\/buenosdiasbcs.com\\\/wp-content\\\/uploads\\\/2026\\\/03\\\/whatsapp.jpg\",\"articleSection\":[\"Tecnolog\u00eda\"],\"inLanguage\":\"es\",\"potentialAction\":[{\"@type\":\"CommentAction\",\"name\":\"Comment\",\"target\":[\"https:\\\/\\\/buenosdiasbcs.com\\\/?p=5036#respond\"]}]},{\"@type\":\"WebPage\",\"@id\":\"https:\\\/\\\/buenosdiasbcs.com\\\/?p=5036\",\"url\":\"https:\\\/\\\/buenosdiasbcs.com\\\/?p=5036\",\"name\":\"WhatsApp lanza cuentas para menores de edad administradas y controladas por sus padres - Buenos D&iacute;as BCS\",\"isPartOf\":{\"@id\":\"https:\\\/\\\/buenosdiasbcs.com\\\/#website\"},\"primaryImageOfPage\":{\"@id\":\"https:\\\/\\\/buenosdiasbcs.com\\\/?p=5036#primaryimage\"},\"image\":{\"@id\":\"https:\\\/\\\/buenosdiasbcs.com\\\/?p=5036#primaryimage\"},\"thumbnailUrl\":\"https:\\\/\\\/buenosdiasbcs.com\\\/wp-content\\\/uploads\\\/2026\\\/03\\\/whatsapp.jpg\",\"datePublished\":\"2026-03-12T07:27:00+00:00\",\"breadcrumb\":{\"@id\":\"https:\\\/\\\/buenosdiasbcs.com\\\/?p=5036#breadcrumb\"},\"inLanguage\":\"es\",\"potentialAction\":[{\"@type\":\"ReadAction\",\"target\":[\"https:\\\/\\\/buenosdiasbcs.com\\\/?p=5036\"]}]},{\"@type\":\"ImageObject\",\"inLanguage\":\"es\",\"@id\":\"https:\\\/\\\/buenosdiasbcs.com\\\/?p=5036#primaryimage\",\"url\":\"https:\\\/\\\/buenosdiasbcs.com\\\/wp-content\\\/uploads\\\/2026\\\/03\\\/whatsapp.jpg\",\"contentUrl\":\"https:\\\/\\\/buenosdiasbcs.com\\\/wp-content\\\/uploads\\\/2026\\\/03\\\/whatsapp.jpg\",\"width\":650,\"height\":417},{\"@type\":\"BreadcrumbList\",\"@id\":\"https:\\\/\\\/buenosdiasbcs.com\\\/?p=5036#breadcrumb\",\"itemListElement\":[{\"@type\":\"ListItem\",\"position\":1,\"name\":\"Portada\",\"item\":\"https:\\\/\\\/buenosdiasbcs.com\\\/\"},{\"@type\":\"ListItem\",\"position\":2,\"name\":\"WhatsApp lanza cuentas para menores de edad administradas y controladas por sus padres\"}]},{\"@type\":\"WebSite\",\"@id\":\"https:\\\/\\\/buenosdiasbcs.com\\\/#website\",\"url\":\"https:\\\/\\\/buenosdiasbcs.com\\\/\",\"name\":\"Buenos D\u00edas BCS\",\"description\":\"\",\"publisher\":{\"@id\":\"https:\\\/\\\/buenosdiasbcs.com\\\/#organization\"},\"potentialAction\":[{\"@type\":\"SearchAction\",\"target\":{\"@type\":\"EntryPoint\",\"urlTemplate\":\"https:\\\/\\\/buenosdiasbcs.com\\\/?s={search_term_string}\"},\"query-input\":{\"@type\":\"PropertyValueSpecification\",\"valueRequired\":true,\"valueName\":\"search_term_string\"}}],\"inLanguage\":\"es\"},{\"@type\":\"Organization\",\"@id\":\"https:\\\/\\\/buenosdiasbcs.com\\\/#organization\",\"name\":\"Buenos D\u00edas BCS\",\"url\":\"https:\\\/\\\/buenosdiasbcs.com\\\/\",\"logo\":{\"@type\":\"ImageObject\",\"inLanguage\":\"es\",\"@id\":\"https:\\\/\\\/buenosdiasbcs.com\\\/#\\\/schema\\\/logo\\\/image\\\/\",\"url\":\"https:\\\/\\\/buenosdiasbcs.com\\\/wp-content\\\/uploads\\\/2026\\\/01\\\/logo-buenos-dias-40-01.png\",\"contentUrl\":\"https:\\\/\\\/buenosdiasbcs.com\\\/wp-content\\\/uploads\\\/2026\\\/01\\\/logo-buenos-dias-40-01.png\",\"width\":277,\"height\":40,\"caption\":\"Buenos D\u00edas BCS\"},\"image\":{\"@id\":\"https:\\\/\\\/buenosdiasbcs.com\\\/#\\\/schema\\\/logo\\\/image\\\/\"}},{\"@type\":\"Person\",\"@id\":\"https:\\\/\\\/buenosdiasbcs.com\\\/#\\\/schema\\\/person\\\/15aedc247eab7070ee5d76d6d069a821\",\"name\":\"Edici\u00f3n Buenos D\u00edas\",\"image\":{\"@type\":\"ImageObject\",\"inLanguage\":\"es\",\"@id\":\"https:\\\/\\\/buenosdiasbcs.com\\\/wp-content\\\/uploads\\\/2026\\\/01\\\/cropped-sol-96x96.png\",\"url\":\"https:\\\/\\\/buenosdiasbcs.com\\\/wp-content\\\/uploads\\\/2026\\\/01\\\/cropped-sol-96x96.png\",\"contentUrl\":\"https:\\\/\\\/buenosdiasbcs.com\\\/wp-content\\\/uploads\\\/2026\\\/01\\\/cropped-sol-96x96.png\",\"caption\":\"Edici\u00f3n Buenos D\u00edas\"},\"url\":\"https:\\\/\\\/buenosdiasbcs.com\\\/?author=2\"}]}<\/script>\n<!-- \/ Yoast SEO Premium plugin. -->","yoast_head_json":{"title":"WhatsApp lanza cuentas para menores de edad administradas y controladas por sus padres - Buenos D&iacute;as BCS","robots":{"index":"index","follow":"follow","max-snippet":"max-snippet:-1","max-image-preview":"max-image-preview:large","max-video-preview":"max-video-preview:-1"},"canonical":"https:\/\/buenosdiasbcs.com\/?p=5036","og_locale":"es_ES","og_type":"article","og_title":"WhatsApp lanza cuentas para menores de edad administradas y controladas por sus padres","og_description":"Deben ser cuentas creadas y administradas activamente por los padres o tutores, y deben permanecer vinculadas a su propia cuenta&nbsp;...","og_url":"https:\/\/buenosdiasbcs.com\/?p=5036","og_site_name":"Buenos D&iacute;as BCS","article_published_time":"2026-03-12T07:27:00+00:00","og_image":[{"width":650,"height":417,"url":"https:\/\/buenosdiasbcs.com\/wp-content\/uploads\/2026\/03\/whatsapp.jpg","type":"image\/jpeg"}],"author":"Edici\u00f3n Buenos D\u00edas","twitter_card":"summary_large_image","twitter_misc":{"Escrito por":"Edici\u00f3n Buenos D\u00edas","Tiempo de lectura":"2 minutos"},"schema":{"@context":"https:\/\/schema.org","@graph":[{"@type":"Article","@id":"https:\/\/buenosdiasbcs.com\/?p=5036#article","isPartOf":{"@id":"https:\/\/buenosdiasbcs.com\/?p=5036"},"author":{"name":"Edici\u00f3n Buenos D\u00edas","@id":"https:\/\/buenosdiasbcs.com\/#\/schema\/person\/15aedc247eab7070ee5d76d6d069a821"},"headline":"WhatsApp lanza cuentas para menores de edad administradas y controladas por sus padres","datePublished":"2026-03-12T07:27:00+00:00","mainEntityOfPage":{"@id":"https:\/\/buenosdiasbcs.com\/?p=5036"},"wordCount":498,"commentCount":0,"publisher":{"@id":"https:\/\/buenosdiasbcs.com\/#organization"},"image":{"@id":"https:\/\/buenosdiasbcs.com\/?p=5036#primaryimage"},"thumbnailUrl":"https:\/\/buenosdiasbcs.com\/wp-content\/uploads\/2026\/03\/whatsapp.jpg","articleSection":["Tecnolog\u00eda"],"inLanguage":"es","potentialAction":[{"@type":"CommentAction","name":"Comment","target":["https:\/\/buenosdiasbcs.com\/?p=5036#respond"]}]},{"@type":"WebPage","@id":"https:\/\/buenosdiasbcs.com\/?p=5036","url":"https:\/\/buenosdiasbcs.com\/?p=5036","name":"WhatsApp lanza cuentas para menores de edad administradas y controladas por sus padres - Buenos D&iacute;as BCS","isPartOf":{"@id":"https:\/\/buenosdiasbcs.com\/#website"},"primaryImageOfPage":{"@id":"https:\/\/buenosdiasbcs.com\/?p=5036#primaryimage"},"image":{"@id":"https:\/\/buenosdiasbcs.com\/?p=5036#primaryimage"},"thumbnailUrl":"https:\/\/buenosdiasbcs.com\/wp-content\/uploads\/2026\/03\/whatsapp.jpg","datePublished":"2026-03-12T07:27:00+00:00","breadcrumb":{"@id":"https:\/\/buenosdiasbcs.com\/?p=5036#breadcrumb"},"inLanguage":"es","potentialAction":[{"@type":"ReadAction","target":["https:\/\/buenosdiasbcs.com\/?p=5036"]}]},{"@type":"ImageObject","inLanguage":"es","@id":"https:\/\/buenosdiasbcs.com\/?p=5036#primaryimage","url":"https:\/\/buenosdiasbcs.com\/wp-content\/uploads\/2026\/03\/whatsapp.jpg","contentUrl":"https:\/\/buenosdiasbcs.com\/wp-content\/uploads\/2026\/03\/whatsapp.jpg","width":650,"height":417},{"@type":"BreadcrumbList","@id":"https:\/\/buenosdiasbcs.com\/?p=5036#breadcrumb","itemListElement":[{"@type":"ListItem","position":1,"name":"Portada","item":"https:\/\/buenosdiasbcs.com\/"},{"@type":"ListItem","position":2,"name":"WhatsApp lanza cuentas para menores de edad administradas y controladas por sus padres"}]},{"@type":"WebSite","@id":"https:\/\/buenosdiasbcs.com\/#website","url":"https:\/\/buenosdiasbcs.com\/","name":"Buenos D\u00edas BCS","description":"","publisher":{"@id":"https:\/\/buenosdiasbcs.com\/#organization"},"potentialAction":[{"@type":"SearchAction","target":{"@type":"EntryPoint","urlTemplate":"https:\/\/buenosdiasbcs.com\/?s={search_term_string}"},"query-input":{"@type":"PropertyValueSpecification","valueRequired":true,"valueName":"search_term_string"}}],"inLanguage":"es"},{"@type":"Organization","@id":"https:\/\/buenosdiasbcs.com\/#organization","name":"Buenos D\u00edas BCS","url":"https:\/\/buenosdiasbcs.com\/","logo":{"@type":"ImageObject","inLanguage":"es","@id":"https:\/\/buenosdiasbcs.com\/#\/schema\/logo\/image\/","url":"https:\/\/buenosdiasbcs.com\/wp-content\/uploads\/2026\/01\/logo-buenos-dias-40-01.png","contentUrl":"https:\/\/buenosdiasbcs.com\/wp-content\/uploads\/2026\/01\/logo-buenos-dias-40-01.png","width":277,"height":40,"caption":"Buenos D\u00edas BCS"},"image":{"@id":"https:\/\/buenosdiasbcs.com\/#\/schema\/logo\/image\/"}},{"@type":"Person","@id":"https:\/\/buenosdiasbcs.com\/#\/schema\/person\/15aedc247eab7070ee5d76d6d069a821","name":"Edici\u00f3n Buenos D\u00edas","image":{"@type":"ImageObject","inLanguage":"es","@id":"https:\/\/buenosdiasbcs.com\/wp-content\/uploads\/2026\/01\/cropped-sol-96x96.png","url":"https:\/\/buenosdiasbcs.com\/wp-content\/uploads\/2026\/01\/cropped-sol-96x96.png","contentUrl":"https:\/\/buenosdiasbcs.com\/wp-content\/uploads\/2026\/01\/cropped-sol-96x96.png","caption":"Edici\u00f3n Buenos D\u00edas"},"url":"https:\/\/buenosdiasbcs.com\/?author=2"}]}},"amp_enabled":true,"_links":{"self":[{"href":"https:\/\/buenosdiasbcs.com\/index.php?rest_route=\/wp\/v2\/posts\/5036","targetHints":{"allow":["GET"]}}],"collection":[{"href":"https:\/\/buenosdiasbcs.com\/index.php?rest_route=\/wp\/v2\/posts"}],"about":[{"href":"https:\/\/buenosdiasbcs.com\/index.php?rest_route=\/wp\/v2\/types\/post"}],"author":[{"embeddable":true,"href":"https:\/\/buenosdiasbcs.com\/index.php?rest_route=\/wp\/v2\/users\/2"}],"replies":[{"embeddable":true,"href":"https:\/\/buenosdiasbcs.com\/index.php?rest_route=%2Fwp%2Fv2%2Fcomments&post=5036"}],"version-history":[{"count":1,"href":"https:\/\/buenosdiasbcs.com\/index.php?rest_route=\/wp\/v2\/posts\/5036\/revisions"}],"predecessor-version":[{"id":5038,"href":"https:\/\/buenosdiasbcs.com\/index.php?rest_route=\/wp\/v2\/posts\/5036\/revisions\/5038"}],"wp:featuredmedia":[{"embeddable":true,"href":"https:\/\/buenosdiasbcs.com\/index.php?rest_route=\/wp\/v2\/media\/5037"}],"wp:attachment":[{"href":"https:\/\/buenosdiasbcs.com\/index.php?rest_route=%2Fwp%2Fv2%2Fmedia&parent=5036"}],"wp:term":[{"taxonomy":"category","embeddable":true,"href":"https:\/\/buenosdiasbcs.com\/index.php?rest_route=%2Fwp%2Fv2%2Fcategories&post=5036"},{"taxonomy":"post_tag","embeddable":true,"href":"https:\/\/buenosdiasbcs.com\/index.php?rest_route=%2Fwp%2Fv2%2Ftags&post=5036"}],"curies":[{"name":"wp","href":"https:\/\/api.w.org\/{rel}","templated":true}]}}