{"id":5030,"date":"2026-03-12T00:22:00","date_gmt":"2026-03-12T07:22:00","guid":{"rendered":"https:\/\/buenosdiasbcs.com\/?p=5030"},"modified":"2026-03-11T19:24:01","modified_gmt":"2026-03-12T02:24:01","slug":"oficial-luis-angel-malagon-se-pierde-lo-que-resta-del-clausura-2026-y-el-mundial","status":"publish","type":"post","link":"https:\/\/buenosdiasbcs.com\/?p=5030","title":{"rendered":"\u00a1Oficial! Luis \u00c1ngel Malag\u00f3n se pierde lo que resta del Clausura 2026 y el Mundial"},"content":{"rendered":"\n<h2 class=\"wp-block-heading\" id=\"h-se-estima-que-el-arquero-del-america-y-la-seleccion-mexicana-este-fuera-de-las-canchas-alrededor-de-8-meses-dependiendo-de-la-evolucion\">Se estima que el arquero del Am\u00e9rica y la Selecci\u00f3n Mexicana est\u00e9 fuera de las canchas alrededor de 8 meses, dependiendo de la evoluci\u00f3n<\/h2>\n\n\n\n<p><strong>Ciudad de M\u00e9xico<\/strong>.- La victoria de las \u00c1guilas del Am\u00e9rica ante el Philadelphia Union result\u00f3 muy cara para el conjunto azulcrema, este mi\u00e9rcoles el&nbsp;<strong>cuerpo m\u00e9dico del club inform\u00f3 de manera oficial la lesi\u00f3n que sufri\u00f3 el arquero americanista Luis \u00c1ngel Malag\u00f3n<\/strong>&nbsp;y que confirm\u00f3 las peores sospechas.<\/p>\n\n\n\n<p>Tras realizarse los estudios pertinentes en una cl\u00ednica al sur de la Ciudad de M\u00e9xico se determin\u00f3 que el cancerbero<strong>&nbsp;sufri\u00f3 una rotura de tend\u00f3n de Aquiles<\/strong>, misma que fue confirmada a trav\u00e9s de las redes sociales del club, en dond<strong>e se dio a conocer el parte m\u00e9dico oficial<\/strong>.<\/p>\n\n\n\n<blockquote class=\"wp-block-quote is-layout-flow wp-block-quote-is-layout-flow\">\n<p>\u201cEl Club Am\u00e9rica informa que los resultados m\u00e9dicos practicados a Luis \u00c1ngel Malag\u00f3n arrojan una ruptura del tend\u00f3n de Aquiles. Nuestro arquero ser\u00e1 sometido a un tratamiento quir\u00fargico. El tiempo de recuperaci\u00f3n ser\u00e1 de acuerdo a su evoluci\u00f3n\u201d, comparti\u00f3 Am\u00e9rica en un comunicado.<\/p>\n<\/blockquote>\n\n\n\n<p>Malag\u00f3n&nbsp;<strong>viajar\u00e1 en las pr\u00f3ximas horas a la ciudad de Guadalajara en donde ser\u00e1 intervenido quir\u00fargicamente<\/strong>&nbsp;este jueves a primera hora en la cl\u00ednica del doctor Rafael Ortega.<\/p>\n\n\n\n<p>En los siguientes d\u00edas el portero de Am\u00e9rica y Selecci\u00f3n Mexicana iniciar\u00e1 su rehabilitaci\u00f3n y se estima que&nbsp;<strong>estar\u00e1 fuera de las canchas alrededor de 8 meses<\/strong>, dependiendo de la evoluci\u00f3n que presente el jugador, por lo que se confirma lo estimado,&nbsp;<strong>Luis \u00c1ngel Malag\u00f3n se pierde la Copa del Mundo 2026<\/strong>.<\/p>\n\n\n\n<h3 class=\"wp-block-heading\" id=\"h-como-fue-la-lesion-de-malagon\">\u00bfC\u00f3mo fue la lesi\u00f3n de Malag\u00f3n?<\/h3>\n\n\n\n<p>El portero titular de los azulcremas&nbsp;<strong>no pudo continuar en el partido de Concachampions<\/strong>&nbsp;de ayer luego de una jugada en la que ten\u00eda el bal\u00f3n en los pies, pero&nbsp;<strong>no pudo terminar el movimiento porque sinti\u00f3 el problema<\/strong>, aunque fue \u00e9l solo y no estuvo involucrada una entrada.<\/p>\n\n\n\n<p>Malag\u00f3n fue&nbsp;<strong>sustituido por Rodolfo Cota<\/strong>&nbsp;y posteriormente&nbsp;<strong>se le practicaron estudios<\/strong>&nbsp;para conocer su estado de salud, que apunt\u00f3 a lo peor.<\/p>\n","protected":false},"excerpt":{"rendered":"<p>Se estima que el arquero del Am\u00e9rica y la Selecci\u00f3n Mexicana est\u00e9 fuera de las canchas alrededor de 8 meses,&#8230;<\/p>\n","protected":false},"author":2,"featured_media":5031,"comment_status":"open","ping_status":"open","sticky":false,"template":"","format":"standard","meta":{"footnotes":""},"categories":[34],"tags":[],"class_list":["post-5030","post","type-post","status-publish","format-standard","has-post-thumbnail","hentry","category-deportes"],"yoast_head":"<!-- This site is optimized with the Yoast SEO Premium plugin v26.8 (Yoast SEO v27.4) - https:\/\/yoast.com\/product\/yoast-seo-premium-wordpress\/ -->\n<title>\u00a1Oficial! Luis \u00c1ngel Malag\u00f3n se pierde lo que resta del Clausura 2026 y el Mundial - Buenos D&iacute;as BCS<\/title>\n<meta name=\"robots\" content=\"index, follow, max-snippet:-1, max-image-preview:large, max-video-preview:-1\" \/>\n<link rel=\"canonical\" href=\"https:\/\/buenosdiasbcs.com\/?p=5030\" \/>\n<meta property=\"og:locale\" content=\"es_ES\" \/>\n<meta property=\"og:type\" content=\"article\" \/>\n<meta property=\"og:title\" content=\"\u00a1Oficial! Luis \u00c1ngel Malag\u00f3n se pierde lo que resta del Clausura 2026 y el Mundial\" \/>\n<meta property=\"og:description\" content=\"Se estima que el arquero del Am\u00e9rica y la Selecci\u00f3n Mexicana est\u00e9 fuera de las canchas alrededor de 8 meses,...\" \/>\n<meta property=\"og:url\" content=\"https:\/\/buenosdiasbcs.com\/?p=5030\" \/>\n<meta property=\"og:site_name\" content=\"Buenos D&iacute;as BCS\" \/>\n<meta property=\"article:published_time\" content=\"2026-03-12T07:22:00+00:00\" \/>\n<meta property=\"og:image\" content=\"https:\/\/buenosdiasbcs.com\/wp-content\/uploads\/2026\/03\/Confirman-lesion-de-Malagon.jpg\" \/>\n\t<meta property=\"og:image:width\" content=\"650\" \/>\n\t<meta property=\"og:image:height\" content=\"417\" \/>\n\t<meta property=\"og:image:type\" content=\"image\/jpeg\" \/>\n<meta name=\"author\" content=\"Edici\u00f3n Buenos D\u00edas\" \/>\n<meta name=\"twitter:card\" content=\"summary_large_image\" \/>\n<meta name=\"twitter:label1\" content=\"Escrito por\" \/>\n\t<meta name=\"twitter:data1\" content=\"Edici\u00f3n Buenos D\u00edas\" \/>\n\t<meta name=\"twitter:label2\" content=\"Tiempo de lectura\" \/>\n\t<meta name=\"twitter:data2\" content=\"2 minutos\" \/>\n<script type=\"application\/ld+json\" class=\"yoast-schema-graph\">{\"@context\":\"https:\\\/\\\/schema.org\",\"@graph\":[{\"@type\":\"Article\",\"@id\":\"https:\\\/\\\/buenosdiasbcs.com\\\/?p=5030#article\",\"isPartOf\":{\"@id\":\"https:\\\/\\\/buenosdiasbcs.com\\\/?p=5030\"},\"author\":{\"name\":\"Edici\u00f3n Buenos D\u00edas\",\"@id\":\"https:\\\/\\\/buenosdiasbcs.com\\\/#\\\/schema\\\/person\\\/15aedc247eab7070ee5d76d6d069a821\"},\"headline\":\"\u00a1Oficial! Luis \u00c1ngel Malag\u00f3n se pierde lo que resta del Clausura 2026 y el Mundial\",\"datePublished\":\"2026-03-12T07:22:00+00:00\",\"mainEntityOfPage\":{\"@id\":\"https:\\\/\\\/buenosdiasbcs.com\\\/?p=5030\"},\"wordCount\":387,\"commentCount\":0,\"publisher\":{\"@id\":\"https:\\\/\\\/buenosdiasbcs.com\\\/#organization\"},\"image\":{\"@id\":\"https:\\\/\\\/buenosdiasbcs.com\\\/?p=5030#primaryimage\"},\"thumbnailUrl\":\"https:\\\/\\\/buenosdiasbcs.com\\\/wp-content\\\/uploads\\\/2026\\\/03\\\/Confirman-lesion-de-Malagon.jpg\",\"articleSection\":[\"Deportes\"],\"inLanguage\":\"es\",\"potentialAction\":[{\"@type\":\"CommentAction\",\"name\":\"Comment\",\"target\":[\"https:\\\/\\\/buenosdiasbcs.com\\\/?p=5030#respond\"]}]},{\"@type\":\"WebPage\",\"@id\":\"https:\\\/\\\/buenosdiasbcs.com\\\/?p=5030\",\"url\":\"https:\\\/\\\/buenosdiasbcs.com\\\/?p=5030\",\"name\":\"\u00a1Oficial! Luis \u00c1ngel Malag\u00f3n se pierde lo que resta del Clausura 2026 y el Mundial - Buenos D&iacute;as BCS\",\"isPartOf\":{\"@id\":\"https:\\\/\\\/buenosdiasbcs.com\\\/#website\"},\"primaryImageOfPage\":{\"@id\":\"https:\\\/\\\/buenosdiasbcs.com\\\/?p=5030#primaryimage\"},\"image\":{\"@id\":\"https:\\\/\\\/buenosdiasbcs.com\\\/?p=5030#primaryimage\"},\"thumbnailUrl\":\"https:\\\/\\\/buenosdiasbcs.com\\\/wp-content\\\/uploads\\\/2026\\\/03\\\/Confirman-lesion-de-Malagon.jpg\",\"datePublished\":\"2026-03-12T07:22:00+00:00\",\"breadcrumb\":{\"@id\":\"https:\\\/\\\/buenosdiasbcs.com\\\/?p=5030#breadcrumb\"},\"inLanguage\":\"es\",\"potentialAction\":[{\"@type\":\"ReadAction\",\"target\":[\"https:\\\/\\\/buenosdiasbcs.com\\\/?p=5030\"]}]},{\"@type\":\"ImageObject\",\"inLanguage\":\"es\",\"@id\":\"https:\\\/\\\/buenosdiasbcs.com\\\/?p=5030#primaryimage\",\"url\":\"https:\\\/\\\/buenosdiasbcs.com\\\/wp-content\\\/uploads\\\/2026\\\/03\\\/Confirman-lesion-de-Malagon.jpg\",\"contentUrl\":\"https:\\\/\\\/buenosdiasbcs.com\\\/wp-content\\\/uploads\\\/2026\\\/03\\\/Confirman-lesion-de-Malagon.jpg\",\"width\":650,\"height\":417},{\"@type\":\"BreadcrumbList\",\"@id\":\"https:\\\/\\\/buenosdiasbcs.com\\\/?p=5030#breadcrumb\",\"itemListElement\":[{\"@type\":\"ListItem\",\"position\":1,\"name\":\"Portada\",\"item\":\"https:\\\/\\\/buenosdiasbcs.com\\\/\"},{\"@type\":\"ListItem\",\"position\":2,\"name\":\"\u00a1Oficial! Luis \u00c1ngel Malag\u00f3n se pierde lo que resta del Clausura 2026 y el Mundial\"}]},{\"@type\":\"WebSite\",\"@id\":\"https:\\\/\\\/buenosdiasbcs.com\\\/#website\",\"url\":\"https:\\\/\\\/buenosdiasbcs.com\\\/\",\"name\":\"Buenos D\u00edas BCS\",\"description\":\"\",\"publisher\":{\"@id\":\"https:\\\/\\\/buenosdiasbcs.com\\\/#organization\"},\"potentialAction\":[{\"@type\":\"SearchAction\",\"target\":{\"@type\":\"EntryPoint\",\"urlTemplate\":\"https:\\\/\\\/buenosdiasbcs.com\\\/?s={search_term_string}\"},\"query-input\":{\"@type\":\"PropertyValueSpecification\",\"valueRequired\":true,\"valueName\":\"search_term_string\"}}],\"inLanguage\":\"es\"},{\"@type\":\"Organization\",\"@id\":\"https:\\\/\\\/buenosdiasbcs.com\\\/#organization\",\"name\":\"Buenos D\u00edas BCS\",\"url\":\"https:\\\/\\\/buenosdiasbcs.com\\\/\",\"logo\":{\"@type\":\"ImageObject\",\"inLanguage\":\"es\",\"@id\":\"https:\\\/\\\/buenosdiasbcs.com\\\/#\\\/schema\\\/logo\\\/image\\\/\",\"url\":\"https:\\\/\\\/buenosdiasbcs.com\\\/wp-content\\\/uploads\\\/2026\\\/01\\\/logo-buenos-dias-40-01.png\",\"contentUrl\":\"https:\\\/\\\/buenosdiasbcs.com\\\/wp-content\\\/uploads\\\/2026\\\/01\\\/logo-buenos-dias-40-01.png\",\"width\":277,\"height\":40,\"caption\":\"Buenos D\u00edas BCS\"},\"image\":{\"@id\":\"https:\\\/\\\/buenosdiasbcs.com\\\/#\\\/schema\\\/logo\\\/image\\\/\"}},{\"@type\":\"Person\",\"@id\":\"https:\\\/\\\/buenosdiasbcs.com\\\/#\\\/schema\\\/person\\\/15aedc247eab7070ee5d76d6d069a821\",\"name\":\"Edici\u00f3n Buenos D\u00edas\",\"image\":{\"@type\":\"ImageObject\",\"inLanguage\":\"es\",\"@id\":\"https:\\\/\\\/buenosdiasbcs.com\\\/wp-content\\\/uploads\\\/2026\\\/01\\\/cropped-sol-96x96.png\",\"url\":\"https:\\\/\\\/buenosdiasbcs.com\\\/wp-content\\\/uploads\\\/2026\\\/01\\\/cropped-sol-96x96.png\",\"contentUrl\":\"https:\\\/\\\/buenosdiasbcs.com\\\/wp-content\\\/uploads\\\/2026\\\/01\\\/cropped-sol-96x96.png\",\"caption\":\"Edici\u00f3n Buenos D\u00edas\"},\"url\":\"https:\\\/\\\/buenosdiasbcs.com\\\/?author=2\"}]}<\/script>\n<!-- \/ Yoast SEO Premium plugin. -->","yoast_head_json":{"title":"\u00a1Oficial! Luis \u00c1ngel Malag\u00f3n se pierde lo que resta del Clausura 2026 y el Mundial - Buenos D&iacute;as BCS","robots":{"index":"index","follow":"follow","max-snippet":"max-snippet:-1","max-image-preview":"max-image-preview:large","max-video-preview":"max-video-preview:-1"},"canonical":"https:\/\/buenosdiasbcs.com\/?p=5030","og_locale":"es_ES","og_type":"article","og_title":"\u00a1Oficial! Luis \u00c1ngel Malag\u00f3n se pierde lo que resta del Clausura 2026 y el Mundial","og_description":"Se estima que el arquero del Am\u00e9rica y la Selecci\u00f3n Mexicana est\u00e9 fuera de las canchas alrededor de 8 meses,...","og_url":"https:\/\/buenosdiasbcs.com\/?p=5030","og_site_name":"Buenos D&iacute;as BCS","article_published_time":"2026-03-12T07:22:00+00:00","og_image":[{"width":650,"height":417,"url":"https:\/\/buenosdiasbcs.com\/wp-content\/uploads\/2026\/03\/Confirman-lesion-de-Malagon.jpg","type":"image\/jpeg"}],"author":"Edici\u00f3n Buenos D\u00edas","twitter_card":"summary_large_image","twitter_misc":{"Escrito por":"Edici\u00f3n Buenos D\u00edas","Tiempo de lectura":"2 minutos"},"schema":{"@context":"https:\/\/schema.org","@graph":[{"@type":"Article","@id":"https:\/\/buenosdiasbcs.com\/?p=5030#article","isPartOf":{"@id":"https:\/\/buenosdiasbcs.com\/?p=5030"},"author":{"name":"Edici\u00f3n Buenos D\u00edas","@id":"https:\/\/buenosdiasbcs.com\/#\/schema\/person\/15aedc247eab7070ee5d76d6d069a821"},"headline":"\u00a1Oficial! Luis \u00c1ngel Malag\u00f3n se pierde lo que resta del Clausura 2026 y el Mundial","datePublished":"2026-03-12T07:22:00+00:00","mainEntityOfPage":{"@id":"https:\/\/buenosdiasbcs.com\/?p=5030"},"wordCount":387,"commentCount":0,"publisher":{"@id":"https:\/\/buenosdiasbcs.com\/#organization"},"image":{"@id":"https:\/\/buenosdiasbcs.com\/?p=5030#primaryimage"},"thumbnailUrl":"https:\/\/buenosdiasbcs.com\/wp-content\/uploads\/2026\/03\/Confirman-lesion-de-Malagon.jpg","articleSection":["Deportes"],"inLanguage":"es","potentialAction":[{"@type":"CommentAction","name":"Comment","target":["https:\/\/buenosdiasbcs.com\/?p=5030#respond"]}]},{"@type":"WebPage","@id":"https:\/\/buenosdiasbcs.com\/?p=5030","url":"https:\/\/buenosdiasbcs.com\/?p=5030","name":"\u00a1Oficial! Luis \u00c1ngel Malag\u00f3n se pierde lo que resta del Clausura 2026 y el Mundial - Buenos D&iacute;as BCS","isPartOf":{"@id":"https:\/\/buenosdiasbcs.com\/#website"},"primaryImageOfPage":{"@id":"https:\/\/buenosdiasbcs.com\/?p=5030#primaryimage"},"image":{"@id":"https:\/\/buenosdiasbcs.com\/?p=5030#primaryimage"},"thumbnailUrl":"https:\/\/buenosdiasbcs.com\/wp-content\/uploads\/2026\/03\/Confirman-lesion-de-Malagon.jpg","datePublished":"2026-03-12T07:22:00+00:00","breadcrumb":{"@id":"https:\/\/buenosdiasbcs.com\/?p=5030#breadcrumb"},"inLanguage":"es","potentialAction":[{"@type":"ReadAction","target":["https:\/\/buenosdiasbcs.com\/?p=5030"]}]},{"@type":"ImageObject","inLanguage":"es","@id":"https:\/\/buenosdiasbcs.com\/?p=5030#primaryimage","url":"https:\/\/buenosdiasbcs.com\/wp-content\/uploads\/2026\/03\/Confirman-lesion-de-Malagon.jpg","contentUrl":"https:\/\/buenosdiasbcs.com\/wp-content\/uploads\/2026\/03\/Confirman-lesion-de-Malagon.jpg","width":650,"height":417},{"@type":"BreadcrumbList","@id":"https:\/\/buenosdiasbcs.com\/?p=5030#breadcrumb","itemListElement":[{"@type":"ListItem","position":1,"name":"Portada","item":"https:\/\/buenosdiasbcs.com\/"},{"@type":"ListItem","position":2,"name":"\u00a1Oficial! Luis \u00c1ngel Malag\u00f3n se pierde lo que resta del Clausura 2026 y el Mundial"}]},{"@type":"WebSite","@id":"https:\/\/buenosdiasbcs.com\/#website","url":"https:\/\/buenosdiasbcs.com\/","name":"Buenos D\u00edas BCS","description":"","publisher":{"@id":"https:\/\/buenosdiasbcs.com\/#organization"},"potentialAction":[{"@type":"SearchAction","target":{"@type":"EntryPoint","urlTemplate":"https:\/\/buenosdiasbcs.com\/?s={search_term_string}"},"query-input":{"@type":"PropertyValueSpecification","valueRequired":true,"valueName":"search_term_string"}}],"inLanguage":"es"},{"@type":"Organization","@id":"https:\/\/buenosdiasbcs.com\/#organization","name":"Buenos D\u00edas BCS","url":"https:\/\/buenosdiasbcs.com\/","logo":{"@type":"ImageObject","inLanguage":"es","@id":"https:\/\/buenosdiasbcs.com\/#\/schema\/logo\/image\/","url":"https:\/\/buenosdiasbcs.com\/wp-content\/uploads\/2026\/01\/logo-buenos-dias-40-01.png","contentUrl":"https:\/\/buenosdiasbcs.com\/wp-content\/uploads\/2026\/01\/logo-buenos-dias-40-01.png","width":277,"height":40,"caption":"Buenos D\u00edas BCS"},"image":{"@id":"https:\/\/buenosdiasbcs.com\/#\/schema\/logo\/image\/"}},{"@type":"Person","@id":"https:\/\/buenosdiasbcs.com\/#\/schema\/person\/15aedc247eab7070ee5d76d6d069a821","name":"Edici\u00f3n Buenos D\u00edas","image":{"@type":"ImageObject","inLanguage":"es","@id":"https:\/\/buenosdiasbcs.com\/wp-content\/uploads\/2026\/01\/cropped-sol-96x96.png","url":"https:\/\/buenosdiasbcs.com\/wp-content\/uploads\/2026\/01\/cropped-sol-96x96.png","contentUrl":"https:\/\/buenosdiasbcs.com\/wp-content\/uploads\/2026\/01\/cropped-sol-96x96.png","caption":"Edici\u00f3n Buenos D\u00edas"},"url":"https:\/\/buenosdiasbcs.com\/?author=2"}]}},"amp_enabled":true,"_links":{"self":[{"href":"https:\/\/buenosdiasbcs.com\/index.php?rest_route=\/wp\/v2\/posts\/5030","targetHints":{"allow":["GET"]}}],"collection":[{"href":"https:\/\/buenosdiasbcs.com\/index.php?rest_route=\/wp\/v2\/posts"}],"about":[{"href":"https:\/\/buenosdiasbcs.com\/index.php?rest_route=\/wp\/v2\/types\/post"}],"author":[{"embeddable":true,"href":"https:\/\/buenosdiasbcs.com\/index.php?rest_route=\/wp\/v2\/users\/2"}],"replies":[{"embeddable":true,"href":"https:\/\/buenosdiasbcs.com\/index.php?rest_route=%2Fwp%2Fv2%2Fcomments&post=5030"}],"version-history":[{"count":1,"href":"https:\/\/buenosdiasbcs.com\/index.php?rest_route=\/wp\/v2\/posts\/5030\/revisions"}],"predecessor-version":[{"id":5032,"href":"https:\/\/buenosdiasbcs.com\/index.php?rest_route=\/wp\/v2\/posts\/5030\/revisions\/5032"}],"wp:featuredmedia":[{"embeddable":true,"href":"https:\/\/buenosdiasbcs.com\/index.php?rest_route=\/wp\/v2\/media\/5031"}],"wp:attachment":[{"href":"https:\/\/buenosdiasbcs.com\/index.php?rest_route=%2Fwp%2Fv2%2Fmedia&parent=5030"}],"wp:term":[{"taxonomy":"category","embeddable":true,"href":"https:\/\/buenosdiasbcs.com\/index.php?rest_route=%2Fwp%2Fv2%2Fcategories&post=5030"},{"taxonomy":"post_tag","embeddable":true,"href":"https:\/\/buenosdiasbcs.com\/index.php?rest_route=%2Fwp%2Fv2%2Ftags&post=5030"}],"curies":[{"name":"wp","href":"https:\/\/api.w.org\/{rel}","templated":true}]}}