{"id":5027,"date":"2026-03-12T00:20:00","date_gmt":"2026-03-12T07:20:00","guid":{"rendered":"https:\/\/buenosdiasbcs.com\/?p=5027"},"modified":"2026-03-11T19:21:41","modified_gmt":"2026-03-12T02:21:41","slug":"iran-se-baja-del-mundial-2026-por-tension-con-estados-unidos","status":"publish","type":"post","link":"https:\/\/buenosdiasbcs.com\/?p=5027","title":{"rendered":"Ir\u00e1n \u2018se baja\u2019 del Mundial 2026 por tensi\u00f3n con Estados Unidos"},"content":{"rendered":"\n<h2 class=\"wp-block-heading\" id=\"h-la-decision-fue-confirmada-este-miercoles-por-el-ministro-de-deportes-de-iran-ahmad-donyamali-a-traves-de-un-video-difundido-en-redes-sociales\">La decisi\u00f3n fue confirmada este mi\u00e9rcoles por el ministro de Deportes de Ir\u00e1n, Ahmad Donyamali, a trav\u00e9s de un video difundido en redes sociales.<a href=\"https:\/\/images.sipse.com\/UDzgkFYHfZ-ELuZVbcUDUh2en2E=\/1640x1016\/smart\/filters:format(webp)\/2026\/03\/11\/1773239385020.png\"><\/a><\/h2>\n\n\n\n<p>El ministro de Deportes de Ir\u00e1n, Ahmad Donyamali, ha confirmado este mi\u00e9rcoles que la selecci\u00f3n nacional no participar\u00e1 en la<strong>&nbsp;Copa del Mundo de la FIFA 2026&nbsp;<\/strong>debido al actual conflicto b\u00e9lico con Estados Unidos.<\/p>\n\n\n\n<p>La declaraci\u00f3n se difundi\u00f3 a trav\u00e9s de un video que comenz\u00f3 a circular en redes sociales, donde el funcionario iran\u00ed explica que la decisi\u00f3n responde a la escalada de tensiones pol\u00edticas y militares entre ambos pa\u00edses. En el mensaje, Donyamali afirma que el gobierno estadounidense \u2014al que calific\u00f3 como \u201ccorrupto\u201d\u2014 es responsable del asesinato del l\u00edder iran\u00ed, el ayatol\u00e1 Ali Jamenei.<\/p>\n\n\n\n<blockquote class=\"wp-block-quote is-layout-flow wp-block-quote-is-layout-flow\">\n<p><em>\u201cNo, no pensamos en asistir, no pisaremos ese suelo (Estados Unidos). Desde que ese gobierno corrupto asesin\u00f3 a nuestro l\u00edder, no tenemos condiciones ni intenciones para participar\u201d,<\/em>&nbsp;se escucha decir al ministro en la grabaci\u00f3n.<\/p>\n<\/blockquote>\n\n\n\n<p>Hasta el momento, la FIFA no ha emitido una postura oficial sobre el anuncio realizado este mi\u00e9rcoles 11 de marzo. Tampoco se han dado detalles sobre las posibles implicaciones deportivas o reglamentarias que podr\u00eda generar la eventual ausencia de la selecci\u00f3n iran\u00ed en el torneo.<\/p>\n\n\n\n<p>De acuerdo con el calendario preliminar del torneo, Ir\u00e1n ten\u00eda previsto disputar sus partidos de la fase de grupos en territorio estadounidense: el 15 de junio contra Nueva Zelanda en Inglewood, California; el 21 de junio contra B\u00e9lgica; y cerrar\u00eda la primera ronda contra Egipto el 26 de junio en Seattle.<\/p>\n\n\n\n<h2 class=\"wp-block-heading\" id=\"h-trump-garantiza-la-presencia-de-iran-en-el-mundial-2026-fifa\">Trump garantiza la presencia de Ir\u00e1n en el Mundial 2026: FIFA<\/h2>\n\n\n\n<p>Horas antes, el presidente de la FIFA, Gianni Infantino, asegur\u00f3 que Estados Unidos le hab\u00eda dado su palabra de permitirle la entrada su territorio a la Selecci\u00f3n de Ir\u00e1n para disputar la Copa Mundial de la FIFA 2026, pese al conflicto en Medio Oriente.<\/p>\n\n\n\n<p>Seg\u00fan Infantino, sostuvo una reuni\u00f3n el martes por la noche con el presidente estadounidense Donald Trump para revisar los preparativos del torneo, que se celebrar\u00e1 del 11 de junio al 19 de julio de 2026 en Estados Unidos, Canad\u00e1 y M\u00e9xico. Durante el encuentro, el mandatario le asegur\u00f3 que el combinado iran\u00ed ser\u00e1 admitido para competir en el campeonato.<\/p>\n\n\n\n<blockquote class=\"wp-block-quote is-layout-flow wp-block-quote-is-layout-flow\">\n<p><em>\u201cTambi\u00e9n hablamos sobre la situaci\u00f3n actual en Ir\u00e1n y el hecho de que el equipo iran\u00ed se ha clasificado para participar en la Copa Mundial de la FIFA 2026. Durante las conversaciones, el presidente Trump reiter\u00f3 que el equipo iran\u00ed, por supuesto, es bienvenido a competir en el torneo en Estados Unidos\u201d,&nbsp;<\/em>explic\u00f3 Infantino antes de darse a conocer la declaraci\u00f3n del ministro iran\u00ed del deporte.<\/p>\n<\/blockquote>\n\n\n\n<p>Las declaraciones del dirigente de la FIFA se dieron a conocer luego de que funcionarios iran\u00edes sugirieran que la participaci\u00f3n de su selecci\u00f3n podr\u00eda estar en duda debido a la guerra en curso entre ambos pa\u00edses.<\/p>\n\n\n\n<p>Con informaci\u00f3n de AP<\/p>\n","protected":false},"excerpt":{"rendered":"<p>La decisi\u00f3n fue confirmada este mi\u00e9rcoles por el ministro de Deportes de Ir\u00e1n, Ahmad Donyamali, a trav\u00e9s de un video&#8230;<\/p>\n","protected":false},"author":2,"featured_media":5028,"comment_status":"open","ping_status":"open","sticky":false,"template":"","format":"standard","meta":{"footnotes":""},"categories":[34],"tags":[],"class_list":["post-5027","post","type-post","status-publish","format-standard","has-post-thumbnail","hentry","category-deportes"],"yoast_head":"<!-- This site is optimized with the Yoast SEO Premium plugin v26.8 (Yoast SEO v27.4) - https:\/\/yoast.com\/product\/yoast-seo-premium-wordpress\/ -->\n<title>Ir\u00e1n \u2018se baja\u2019 del Mundial 2026 por tensi\u00f3n con Estados Unidos - Buenos D&iacute;as BCS<\/title>\n<meta name=\"robots\" content=\"index, follow, max-snippet:-1, max-image-preview:large, max-video-preview:-1\" \/>\n<link rel=\"canonical\" href=\"https:\/\/buenosdiasbcs.com\/?p=5027\" \/>\n<meta property=\"og:locale\" content=\"es_ES\" \/>\n<meta property=\"og:type\" content=\"article\" \/>\n<meta property=\"og:title\" content=\"Ir\u00e1n \u2018se baja\u2019 del Mundial 2026 por tensi\u00f3n con Estados Unidos\" \/>\n<meta property=\"og:description\" content=\"La decisi\u00f3n fue confirmada este mi\u00e9rcoles por el ministro de Deportes de Ir\u00e1n, Ahmad Donyamali, a trav\u00e9s de un video...\" \/>\n<meta property=\"og:url\" content=\"https:\/\/buenosdiasbcs.com\/?p=5027\" \/>\n<meta property=\"og:site_name\" content=\"Buenos D&iacute;as BCS\" \/>\n<meta property=\"article:published_time\" content=\"2026-03-12T07:20:00+00:00\" \/>\n<meta property=\"og:image\" content=\"https:\/\/buenosdiasbcs.com\/wp-content\/uploads\/2026\/03\/1773239385020.png.webp\" \/>\n\t<meta property=\"og:image:width\" content=\"820\" \/>\n\t<meta property=\"og:image:height\" content=\"508\" \/>\n\t<meta property=\"og:image:type\" content=\"image\/webp\" \/>\n<meta name=\"author\" content=\"Edici\u00f3n Buenos D\u00edas\" \/>\n<meta name=\"twitter:card\" content=\"summary_large_image\" \/>\n<meta name=\"twitter:label1\" content=\"Escrito por\" \/>\n\t<meta name=\"twitter:data1\" content=\"Edici\u00f3n Buenos D\u00edas\" \/>\n\t<meta name=\"twitter:label2\" content=\"Tiempo de lectura\" \/>\n\t<meta name=\"twitter:data2\" content=\"2 minutos\" \/>\n<script type=\"application\/ld+json\" class=\"yoast-schema-graph\">{\"@context\":\"https:\\\/\\\/schema.org\",\"@graph\":[{\"@type\":\"Article\",\"@id\":\"https:\\\/\\\/buenosdiasbcs.com\\\/?p=5027#article\",\"isPartOf\":{\"@id\":\"https:\\\/\\\/buenosdiasbcs.com\\\/?p=5027\"},\"author\":{\"name\":\"Edici\u00f3n Buenos D\u00edas\",\"@id\":\"https:\\\/\\\/buenosdiasbcs.com\\\/#\\\/schema\\\/person\\\/15aedc247eab7070ee5d76d6d069a821\"},\"headline\":\"Ir\u00e1n \u2018se baja\u2019 del Mundial 2026 por tensi\u00f3n con Estados Unidos\",\"datePublished\":\"2026-03-12T07:20:00+00:00\",\"mainEntityOfPage\":{\"@id\":\"https:\\\/\\\/buenosdiasbcs.com\\\/?p=5027\"},\"wordCount\":516,\"commentCount\":0,\"publisher\":{\"@id\":\"https:\\\/\\\/buenosdiasbcs.com\\\/#organization\"},\"image\":{\"@id\":\"https:\\\/\\\/buenosdiasbcs.com\\\/?p=5027#primaryimage\"},\"thumbnailUrl\":\"https:\\\/\\\/buenosdiasbcs.com\\\/wp-content\\\/uploads\\\/2026\\\/03\\\/1773239385020.png.webp\",\"articleSection\":[\"Deportes\"],\"inLanguage\":\"es\",\"potentialAction\":[{\"@type\":\"CommentAction\",\"name\":\"Comment\",\"target\":[\"https:\\\/\\\/buenosdiasbcs.com\\\/?p=5027#respond\"]}]},{\"@type\":\"WebPage\",\"@id\":\"https:\\\/\\\/buenosdiasbcs.com\\\/?p=5027\",\"url\":\"https:\\\/\\\/buenosdiasbcs.com\\\/?p=5027\",\"name\":\"Ir\u00e1n \u2018se baja\u2019 del Mundial 2026 por tensi\u00f3n con Estados Unidos - Buenos D&iacute;as BCS\",\"isPartOf\":{\"@id\":\"https:\\\/\\\/buenosdiasbcs.com\\\/#website\"},\"primaryImageOfPage\":{\"@id\":\"https:\\\/\\\/buenosdiasbcs.com\\\/?p=5027#primaryimage\"},\"image\":{\"@id\":\"https:\\\/\\\/buenosdiasbcs.com\\\/?p=5027#primaryimage\"},\"thumbnailUrl\":\"https:\\\/\\\/buenosdiasbcs.com\\\/wp-content\\\/uploads\\\/2026\\\/03\\\/1773239385020.png.webp\",\"datePublished\":\"2026-03-12T07:20:00+00:00\",\"breadcrumb\":{\"@id\":\"https:\\\/\\\/buenosdiasbcs.com\\\/?p=5027#breadcrumb\"},\"inLanguage\":\"es\",\"potentialAction\":[{\"@type\":\"ReadAction\",\"target\":[\"https:\\\/\\\/buenosdiasbcs.com\\\/?p=5027\"]}]},{\"@type\":\"ImageObject\",\"inLanguage\":\"es\",\"@id\":\"https:\\\/\\\/buenosdiasbcs.com\\\/?p=5027#primaryimage\",\"url\":\"https:\\\/\\\/buenosdiasbcs.com\\\/wp-content\\\/uploads\\\/2026\\\/03\\\/1773239385020.png.webp\",\"contentUrl\":\"https:\\\/\\\/buenosdiasbcs.com\\\/wp-content\\\/uploads\\\/2026\\\/03\\\/1773239385020.png.webp\",\"width\":820,\"height\":508},{\"@type\":\"BreadcrumbList\",\"@id\":\"https:\\\/\\\/buenosdiasbcs.com\\\/?p=5027#breadcrumb\",\"itemListElement\":[{\"@type\":\"ListItem\",\"position\":1,\"name\":\"Portada\",\"item\":\"https:\\\/\\\/buenosdiasbcs.com\\\/\"},{\"@type\":\"ListItem\",\"position\":2,\"name\":\"Ir\u00e1n \u2018se baja\u2019 del Mundial 2026 por tensi\u00f3n con Estados Unidos\"}]},{\"@type\":\"WebSite\",\"@id\":\"https:\\\/\\\/buenosdiasbcs.com\\\/#website\",\"url\":\"https:\\\/\\\/buenosdiasbcs.com\\\/\",\"name\":\"Buenos D\u00edas BCS\",\"description\":\"\",\"publisher\":{\"@id\":\"https:\\\/\\\/buenosdiasbcs.com\\\/#organization\"},\"potentialAction\":[{\"@type\":\"SearchAction\",\"target\":{\"@type\":\"EntryPoint\",\"urlTemplate\":\"https:\\\/\\\/buenosdiasbcs.com\\\/?s={search_term_string}\"},\"query-input\":{\"@type\":\"PropertyValueSpecification\",\"valueRequired\":true,\"valueName\":\"search_term_string\"}}],\"inLanguage\":\"es\"},{\"@type\":\"Organization\",\"@id\":\"https:\\\/\\\/buenosdiasbcs.com\\\/#organization\",\"name\":\"Buenos D\u00edas BCS\",\"url\":\"https:\\\/\\\/buenosdiasbcs.com\\\/\",\"logo\":{\"@type\":\"ImageObject\",\"inLanguage\":\"es\",\"@id\":\"https:\\\/\\\/buenosdiasbcs.com\\\/#\\\/schema\\\/logo\\\/image\\\/\",\"url\":\"https:\\\/\\\/buenosdiasbcs.com\\\/wp-content\\\/uploads\\\/2026\\\/01\\\/logo-buenos-dias-40-01.png\",\"contentUrl\":\"https:\\\/\\\/buenosdiasbcs.com\\\/wp-content\\\/uploads\\\/2026\\\/01\\\/logo-buenos-dias-40-01.png\",\"width\":277,\"height\":40,\"caption\":\"Buenos D\u00edas BCS\"},\"image\":{\"@id\":\"https:\\\/\\\/buenosdiasbcs.com\\\/#\\\/schema\\\/logo\\\/image\\\/\"}},{\"@type\":\"Person\",\"@id\":\"https:\\\/\\\/buenosdiasbcs.com\\\/#\\\/schema\\\/person\\\/15aedc247eab7070ee5d76d6d069a821\",\"name\":\"Edici\u00f3n Buenos D\u00edas\",\"image\":{\"@type\":\"ImageObject\",\"inLanguage\":\"es\",\"@id\":\"https:\\\/\\\/buenosdiasbcs.com\\\/wp-content\\\/uploads\\\/2026\\\/01\\\/cropped-sol-96x96.png\",\"url\":\"https:\\\/\\\/buenosdiasbcs.com\\\/wp-content\\\/uploads\\\/2026\\\/01\\\/cropped-sol-96x96.png\",\"contentUrl\":\"https:\\\/\\\/buenosdiasbcs.com\\\/wp-content\\\/uploads\\\/2026\\\/01\\\/cropped-sol-96x96.png\",\"caption\":\"Edici\u00f3n Buenos D\u00edas\"},\"url\":\"https:\\\/\\\/buenosdiasbcs.com\\\/?author=2\"}]}<\/script>\n<!-- \/ Yoast SEO Premium plugin. -->","yoast_head_json":{"title":"Ir\u00e1n \u2018se baja\u2019 del Mundial 2026 por tensi\u00f3n con Estados Unidos - Buenos D&iacute;as BCS","robots":{"index":"index","follow":"follow","max-snippet":"max-snippet:-1","max-image-preview":"max-image-preview:large","max-video-preview":"max-video-preview:-1"},"canonical":"https:\/\/buenosdiasbcs.com\/?p=5027","og_locale":"es_ES","og_type":"article","og_title":"Ir\u00e1n \u2018se baja\u2019 del Mundial 2026 por tensi\u00f3n con Estados Unidos","og_description":"La decisi\u00f3n fue confirmada este mi\u00e9rcoles por el ministro de Deportes de Ir\u00e1n, Ahmad Donyamali, a trav\u00e9s de un video...","og_url":"https:\/\/buenosdiasbcs.com\/?p=5027","og_site_name":"Buenos D&iacute;as BCS","article_published_time":"2026-03-12T07:20:00+00:00","og_image":[{"width":820,"height":508,"url":"https:\/\/buenosdiasbcs.com\/wp-content\/uploads\/2026\/03\/1773239385020.png.webp","type":"image\/webp"}],"author":"Edici\u00f3n Buenos D\u00edas","twitter_card":"summary_large_image","twitter_misc":{"Escrito por":"Edici\u00f3n Buenos D\u00edas","Tiempo de lectura":"2 minutos"},"schema":{"@context":"https:\/\/schema.org","@graph":[{"@type":"Article","@id":"https:\/\/buenosdiasbcs.com\/?p=5027#article","isPartOf":{"@id":"https:\/\/buenosdiasbcs.com\/?p=5027"},"author":{"name":"Edici\u00f3n Buenos D\u00edas","@id":"https:\/\/buenosdiasbcs.com\/#\/schema\/person\/15aedc247eab7070ee5d76d6d069a821"},"headline":"Ir\u00e1n \u2018se baja\u2019 del Mundial 2026 por tensi\u00f3n con Estados Unidos","datePublished":"2026-03-12T07:20:00+00:00","mainEntityOfPage":{"@id":"https:\/\/buenosdiasbcs.com\/?p=5027"},"wordCount":516,"commentCount":0,"publisher":{"@id":"https:\/\/buenosdiasbcs.com\/#organization"},"image":{"@id":"https:\/\/buenosdiasbcs.com\/?p=5027#primaryimage"},"thumbnailUrl":"https:\/\/buenosdiasbcs.com\/wp-content\/uploads\/2026\/03\/1773239385020.png.webp","articleSection":["Deportes"],"inLanguage":"es","potentialAction":[{"@type":"CommentAction","name":"Comment","target":["https:\/\/buenosdiasbcs.com\/?p=5027#respond"]}]},{"@type":"WebPage","@id":"https:\/\/buenosdiasbcs.com\/?p=5027","url":"https:\/\/buenosdiasbcs.com\/?p=5027","name":"Ir\u00e1n \u2018se baja\u2019 del Mundial 2026 por tensi\u00f3n con Estados Unidos - Buenos D&iacute;as BCS","isPartOf":{"@id":"https:\/\/buenosdiasbcs.com\/#website"},"primaryImageOfPage":{"@id":"https:\/\/buenosdiasbcs.com\/?p=5027#primaryimage"},"image":{"@id":"https:\/\/buenosdiasbcs.com\/?p=5027#primaryimage"},"thumbnailUrl":"https:\/\/buenosdiasbcs.com\/wp-content\/uploads\/2026\/03\/1773239385020.png.webp","datePublished":"2026-03-12T07:20:00+00:00","breadcrumb":{"@id":"https:\/\/buenosdiasbcs.com\/?p=5027#breadcrumb"},"inLanguage":"es","potentialAction":[{"@type":"ReadAction","target":["https:\/\/buenosdiasbcs.com\/?p=5027"]}]},{"@type":"ImageObject","inLanguage":"es","@id":"https:\/\/buenosdiasbcs.com\/?p=5027#primaryimage","url":"https:\/\/buenosdiasbcs.com\/wp-content\/uploads\/2026\/03\/1773239385020.png.webp","contentUrl":"https:\/\/buenosdiasbcs.com\/wp-content\/uploads\/2026\/03\/1773239385020.png.webp","width":820,"height":508},{"@type":"BreadcrumbList","@id":"https:\/\/buenosdiasbcs.com\/?p=5027#breadcrumb","itemListElement":[{"@type":"ListItem","position":1,"name":"Portada","item":"https:\/\/buenosdiasbcs.com\/"},{"@type":"ListItem","position":2,"name":"Ir\u00e1n \u2018se baja\u2019 del Mundial 2026 por tensi\u00f3n con Estados Unidos"}]},{"@type":"WebSite","@id":"https:\/\/buenosdiasbcs.com\/#website","url":"https:\/\/buenosdiasbcs.com\/","name":"Buenos D\u00edas BCS","description":"","publisher":{"@id":"https:\/\/buenosdiasbcs.com\/#organization"},"potentialAction":[{"@type":"SearchAction","target":{"@type":"EntryPoint","urlTemplate":"https:\/\/buenosdiasbcs.com\/?s={search_term_string}"},"query-input":{"@type":"PropertyValueSpecification","valueRequired":true,"valueName":"search_term_string"}}],"inLanguage":"es"},{"@type":"Organization","@id":"https:\/\/buenosdiasbcs.com\/#organization","name":"Buenos D\u00edas BCS","url":"https:\/\/buenosdiasbcs.com\/","logo":{"@type":"ImageObject","inLanguage":"es","@id":"https:\/\/buenosdiasbcs.com\/#\/schema\/logo\/image\/","url":"https:\/\/buenosdiasbcs.com\/wp-content\/uploads\/2026\/01\/logo-buenos-dias-40-01.png","contentUrl":"https:\/\/buenosdiasbcs.com\/wp-content\/uploads\/2026\/01\/logo-buenos-dias-40-01.png","width":277,"height":40,"caption":"Buenos D\u00edas BCS"},"image":{"@id":"https:\/\/buenosdiasbcs.com\/#\/schema\/logo\/image\/"}},{"@type":"Person","@id":"https:\/\/buenosdiasbcs.com\/#\/schema\/person\/15aedc247eab7070ee5d76d6d069a821","name":"Edici\u00f3n Buenos D\u00edas","image":{"@type":"ImageObject","inLanguage":"es","@id":"https:\/\/buenosdiasbcs.com\/wp-content\/uploads\/2026\/01\/cropped-sol-96x96.png","url":"https:\/\/buenosdiasbcs.com\/wp-content\/uploads\/2026\/01\/cropped-sol-96x96.png","contentUrl":"https:\/\/buenosdiasbcs.com\/wp-content\/uploads\/2026\/01\/cropped-sol-96x96.png","caption":"Edici\u00f3n Buenos D\u00edas"},"url":"https:\/\/buenosdiasbcs.com\/?author=2"}]}},"amp_enabled":true,"_links":{"self":[{"href":"https:\/\/buenosdiasbcs.com\/index.php?rest_route=\/wp\/v2\/posts\/5027","targetHints":{"allow":["GET"]}}],"collection":[{"href":"https:\/\/buenosdiasbcs.com\/index.php?rest_route=\/wp\/v2\/posts"}],"about":[{"href":"https:\/\/buenosdiasbcs.com\/index.php?rest_route=\/wp\/v2\/types\/post"}],"author":[{"embeddable":true,"href":"https:\/\/buenosdiasbcs.com\/index.php?rest_route=\/wp\/v2\/users\/2"}],"replies":[{"embeddable":true,"href":"https:\/\/buenosdiasbcs.com\/index.php?rest_route=%2Fwp%2Fv2%2Fcomments&post=5027"}],"version-history":[{"count":1,"href":"https:\/\/buenosdiasbcs.com\/index.php?rest_route=\/wp\/v2\/posts\/5027\/revisions"}],"predecessor-version":[{"id":5029,"href":"https:\/\/buenosdiasbcs.com\/index.php?rest_route=\/wp\/v2\/posts\/5027\/revisions\/5029"}],"wp:featuredmedia":[{"embeddable":true,"href":"https:\/\/buenosdiasbcs.com\/index.php?rest_route=\/wp\/v2\/media\/5028"}],"wp:attachment":[{"href":"https:\/\/buenosdiasbcs.com\/index.php?rest_route=%2Fwp%2Fv2%2Fmedia&parent=5027"}],"wp:term":[{"taxonomy":"category","embeddable":true,"href":"https:\/\/buenosdiasbcs.com\/index.php?rest_route=%2Fwp%2Fv2%2Fcategories&post=5027"},{"taxonomy":"post_tag","embeddable":true,"href":"https:\/\/buenosdiasbcs.com\/index.php?rest_route=%2Fwp%2Fv2%2Ftags&post=5027"}],"curies":[{"name":"wp","href":"https:\/\/api.w.org\/{rel}","templated":true}]}}