{"id":5024,"date":"2026-03-12T00:17:00","date_gmt":"2026-03-12T07:17:00","guid":{"rendered":"https:\/\/buenosdiasbcs.com\/?p=5024"},"modified":"2026-03-11T19:18:41","modified_gmt":"2026-03-12T02:18:41","slug":"iran-podria-atacar-california-con-drones-como-represalia-contra-eu-advierte-el-fbi-abc-news","status":"publish","type":"post","link":"https:\/\/buenosdiasbcs.com\/?p=5024","title":{"rendered":"Ir\u00e1n podr\u00eda atacar California con drones como represalia contra EU, advierte el FBI: ABC News"},"content":{"rendered":"\n<h2 class=\"wp-block-heading\" id=\"h-la-alerta-del-fbi-habria-sido-emitida-a-principios-de-febrero-sin-embargo-no-especifica-los-objetivos-el-metodo-o-los-autores-nbsp\">La alerta del FBI habr\u00eda sido emitida a principios de febrero, sin embargo, no especifica los objetivos, el m\u00e9todo o los autores.&nbsp;<\/h2>\n\n\n\n<p><strong>California.-<\/strong>&nbsp;Agentes del Bur\u00f3 Federal de Investigaciones&nbsp;<strong>(FBI,<\/strong>&nbsp;por sus siglas en ingl\u00e9s) habr\u00eda emitido una alerta a la polic\u00eda de California, Estados Unidos, sobre que&nbsp;<strong>Ir\u00e1n podr\u00eda lanzar drones a la Costa Oeste como represalias por los ataques combinados<\/strong>&nbsp;que, entre otras cosas, resultaron en la muerte del entonces l\u00edder supremo,&nbsp;<strong>Al\u00ed Jaemenei<\/strong>, el pasado 28 de febrero.<\/p>\n\n\n\n<p>Dicha alerta, retomada por el medio estadounidense&nbsp;<strong>ABC News<\/strong>, se\u00f1ala que el bur\u00f3 de investigaciones obtuvo informaci\u00f3n de que, a principios de febrero de 2026,&nbsp;<strong>Ir\u00e1n<\/strong>&nbsp;supuestamente pretend\u00eda llevar a cabo un \u201c<strong>ataque sorpresa<\/strong>\u201d con veh\u00edculos a\u00e9reos no tripulados desde una embarcaci\u00f3n no identificada frente a la costa de EU.<\/p>\n\n\n\n<blockquote class=\"wp-block-quote is-layout-flow wp-block-quote-is-layout-flow\">\n<p>\u201c&nbsp;<strong>Contra objetivos no especificados en California<\/strong>, en caso de que EU llevara a cabo ataques contra Ir\u00e1n. No disponemos de informaci\u00f3n adicional sobre el momento, el m\u00e9todo,&nbsp;<strong>el objetivo no los autores de este presunto ataque<\/strong>\u201c, se lee en la supuesta advertencia emitida por el FBI y publicada por ABC News.<\/p>\n<\/blockquote>\n\n\n\n<h4 class=\"wp-block-heading\" id=\"h-iran-podria-atacar-california\">\u00bfIr\u00e1n podr\u00eda atacar California?<\/h4>\n\n\n\n<p>Ante la trascendencia de esta informaci\u00f3n, el gobernador de California,&nbsp;<strong>Gavin Newsom<\/strong>, emiti\u00f3 un aviso a los habitantes del estado en el que afirm\u00f3 que se encuentra en constante coordinaci\u00f3n con funcionarios de seguridad e inteligencia para monitorear posibles amenazas para el territorio, incluidas aquellas que se encuentran vinculadas al conflicto en el&nbsp;<strong>Medio Oriente<\/strong>.<\/p>\n\n\n\n<blockquote class=\"wp-block-quote is-layout-flow wp-block-quote-is-layout-flow\">\n<p>\u201c&nbsp;Si bien no tenemos conocimiento de ninguna amenaza inminente en este momento,&nbsp;<strong>seguimos preparados para cualquier emergencia en nuestro estado<\/strong>\u201c, a\u00f1adi\u00f3&nbsp;<strong>Newsom<\/strong>&nbsp;en su publicaci\u00f3n de X (antes Twitter) del 11 de marzo.<\/p>\n<\/blockquote>\n\n\n\n<p>Asimismo, lament\u00f3 que no se vislumbra un final real para la guerra de&nbsp;<strong>Donald Trump<\/strong>&nbsp;contra&nbsp;<strong>Ir\u00e1n<\/strong>&nbsp;y asegur\u00f3 que los mercados est\u00e1n agitados y los precios del gas est\u00e1n subiendo. \u201c\u00bf<strong>C\u00f3mo puede el presidente de los Estados Unidos explicar esto al pueblo estadounidense<\/strong>?\u201d, subray\u00f3 el mandatario californiano en un segundo mensaje publicado en sus redes sociales.<\/p>\n\n\n\n<p>Aunque portavoces del&nbsp;<strong>FBI<\/strong>&nbsp;en&nbsp;<strong>Los \u00c1ngeles y de la Casa Blanca no respondieron a las solicitudes de comentarios<\/strong>&nbsp;del medio estadounidense,&nbsp;<strong>ABC News<\/strong>&nbsp;public\u00f3 que los funcionarios de inteligencia de aquel pa\u00eds se han mostrado preocupados por el creciente uso de drones y la posibilidad de que la tecnolof\u00eda pueda utilizarse para atacar al personal estadounidense cerca de la frontera con M\u00e9xico.<\/p>\n\n\n\n<p>La oficina de Newsom respondi\u00f3 al medio que la Oficina de Servicios de Emergencia del gobernador&nbsp;<strong>se encuentra trabajando activamente<\/strong>&nbsp;con funcionarios de seguridad estatales, locales y federales para proteger a sus comunidades.<\/p>\n\n\n\n<p>De igual manera, el Departamento del Sheriff de Los \u00c1ngeles explic\u00f3 que manten\u00edan un \u201c<strong>nivel elevado de preparaci\u00f3n<\/strong>\u201d en vista de los acontecimientos mundiales actuales, enfatizando que, por precauci\u00f3n y en reconocimiento \u201c<strong>a las actuales observancias religiosas\u201d<\/strong>, el departamento increment\u00f3 sus patrullas alrededor de lugares de culto, instituciones culturales y otros lugares destacados en todo el condado.<\/p>\n\n\n\n<blockquote class=\"wp-block-quote is-layout-flow wp-block-quote-is-layout-flow\">\n<p>\u201c&nbsp;Hemos revisado proactivamente nuestros planes de despliegue,&nbsp;<strong>mejorado la coordinaci\u00f3n con nuestras estaciones de patrulla<\/strong>&nbsp;y nos hemos asegurado de que haya recursos adicionales disponibles en caso de que sean necesarios\u201d, asegur\u00f3 un portavoz de las fuerzas del orden.<\/p>\n<\/blockquote>\n","protected":false},"excerpt":{"rendered":"<p>La alerta del FBI habr\u00eda sido emitida a principios de febrero, sin embargo, no especifica los objetivos, el m\u00e9todo o&#8230;<\/p>\n","protected":false},"author":2,"featured_media":5025,"comment_status":"open","ping_status":"open","sticky":false,"template":"","format":"standard","meta":{"footnotes":""},"categories":[29],"tags":[],"class_list":["post-5024","post","type-post","status-publish","format-standard","has-post-thumbnail","hentry","category-internacional"],"yoast_head":"<!-- This site is optimized with the Yoast SEO Premium plugin v26.8 (Yoast SEO v27.4) - https:\/\/yoast.com\/product\/yoast-seo-premium-wordpress\/ -->\n<title>Ir\u00e1n podr\u00eda atacar California con drones como represalia contra EU, advierte el FBI: ABC News - Buenos D&iacute;as BCS<\/title>\n<meta name=\"robots\" content=\"index, follow, max-snippet:-1, max-image-preview:large, max-video-preview:-1\" \/>\n<link rel=\"canonical\" href=\"https:\/\/buenosdiasbcs.com\/?p=5024\" \/>\n<meta property=\"og:locale\" content=\"es_ES\" \/>\n<meta property=\"og:type\" content=\"article\" \/>\n<meta property=\"og:title\" content=\"Ir\u00e1n podr\u00eda atacar California con drones como represalia contra EU, advierte el FBI: ABC News\" \/>\n<meta property=\"og:description\" content=\"La alerta del FBI habr\u00eda sido emitida a principios de febrero, sin embargo, no especifica los objetivos, el m\u00e9todo o...\" \/>\n<meta property=\"og:url\" content=\"https:\/\/buenosdiasbcs.com\/?p=5024\" \/>\n<meta property=\"og:site_name\" content=\"Buenos D&iacute;as BCS\" \/>\n<meta property=\"article:published_time\" content=\"2026-03-12T07:17:00+00:00\" \/>\n<meta property=\"og:image\" content=\"https:\/\/buenosdiasbcs.com\/wp-content\/uploads\/2026\/03\/drones-1.jpg\" \/>\n\t<meta property=\"og:image:width\" content=\"650\" \/>\n\t<meta property=\"og:image:height\" content=\"417\" \/>\n\t<meta property=\"og:image:type\" content=\"image\/jpeg\" \/>\n<meta name=\"author\" content=\"Edici\u00f3n Buenos D\u00edas\" \/>\n<meta name=\"twitter:card\" content=\"summary_large_image\" \/>\n<meta name=\"twitter:label1\" content=\"Escrito por\" \/>\n\t<meta name=\"twitter:data1\" content=\"Edici\u00f3n Buenos D\u00edas\" \/>\n\t<meta name=\"twitter:label2\" content=\"Tiempo de lectura\" \/>\n\t<meta name=\"twitter:data2\" content=\"3 minutos\" \/>\n<script type=\"application\/ld+json\" class=\"yoast-schema-graph\">{\"@context\":\"https:\\\/\\\/schema.org\",\"@graph\":[{\"@type\":\"Article\",\"@id\":\"https:\\\/\\\/buenosdiasbcs.com\\\/?p=5024#article\",\"isPartOf\":{\"@id\":\"https:\\\/\\\/buenosdiasbcs.com\\\/?p=5024\"},\"author\":{\"name\":\"Edici\u00f3n Buenos D\u00edas\",\"@id\":\"https:\\\/\\\/buenosdiasbcs.com\\\/#\\\/schema\\\/person\\\/15aedc247eab7070ee5d76d6d069a821\"},\"headline\":\"Ir\u00e1n podr\u00eda atacar California con drones como represalia contra EU, advierte el FBI: ABC News\",\"datePublished\":\"2026-03-12T07:17:00+00:00\",\"mainEntityOfPage\":{\"@id\":\"https:\\\/\\\/buenosdiasbcs.com\\\/?p=5024\"},\"wordCount\":606,\"commentCount\":0,\"publisher\":{\"@id\":\"https:\\\/\\\/buenosdiasbcs.com\\\/#organization\"},\"image\":{\"@id\":\"https:\\\/\\\/buenosdiasbcs.com\\\/?p=5024#primaryimage\"},\"thumbnailUrl\":\"https:\\\/\\\/buenosdiasbcs.com\\\/wp-content\\\/uploads\\\/2026\\\/03\\\/drones-1.jpg\",\"articleSection\":[\"Internacional\"],\"inLanguage\":\"es\",\"potentialAction\":[{\"@type\":\"CommentAction\",\"name\":\"Comment\",\"target\":[\"https:\\\/\\\/buenosdiasbcs.com\\\/?p=5024#respond\"]}]},{\"@type\":\"WebPage\",\"@id\":\"https:\\\/\\\/buenosdiasbcs.com\\\/?p=5024\",\"url\":\"https:\\\/\\\/buenosdiasbcs.com\\\/?p=5024\",\"name\":\"Ir\u00e1n podr\u00eda atacar California con drones como represalia contra EU, advierte el FBI: ABC News - Buenos D&iacute;as BCS\",\"isPartOf\":{\"@id\":\"https:\\\/\\\/buenosdiasbcs.com\\\/#website\"},\"primaryImageOfPage\":{\"@id\":\"https:\\\/\\\/buenosdiasbcs.com\\\/?p=5024#primaryimage\"},\"image\":{\"@id\":\"https:\\\/\\\/buenosdiasbcs.com\\\/?p=5024#primaryimage\"},\"thumbnailUrl\":\"https:\\\/\\\/buenosdiasbcs.com\\\/wp-content\\\/uploads\\\/2026\\\/03\\\/drones-1.jpg\",\"datePublished\":\"2026-03-12T07:17:00+00:00\",\"breadcrumb\":{\"@id\":\"https:\\\/\\\/buenosdiasbcs.com\\\/?p=5024#breadcrumb\"},\"inLanguage\":\"es\",\"potentialAction\":[{\"@type\":\"ReadAction\",\"target\":[\"https:\\\/\\\/buenosdiasbcs.com\\\/?p=5024\"]}]},{\"@type\":\"ImageObject\",\"inLanguage\":\"es\",\"@id\":\"https:\\\/\\\/buenosdiasbcs.com\\\/?p=5024#primaryimage\",\"url\":\"https:\\\/\\\/buenosdiasbcs.com\\\/wp-content\\\/uploads\\\/2026\\\/03\\\/drones-1.jpg\",\"contentUrl\":\"https:\\\/\\\/buenosdiasbcs.com\\\/wp-content\\\/uploads\\\/2026\\\/03\\\/drones-1.jpg\",\"width\":650,\"height\":417},{\"@type\":\"BreadcrumbList\",\"@id\":\"https:\\\/\\\/buenosdiasbcs.com\\\/?p=5024#breadcrumb\",\"itemListElement\":[{\"@type\":\"ListItem\",\"position\":1,\"name\":\"Portada\",\"item\":\"https:\\\/\\\/buenosdiasbcs.com\\\/\"},{\"@type\":\"ListItem\",\"position\":2,\"name\":\"Ir\u00e1n podr\u00eda atacar California con drones como represalia contra EU, advierte el FBI: ABC News\"}]},{\"@type\":\"WebSite\",\"@id\":\"https:\\\/\\\/buenosdiasbcs.com\\\/#website\",\"url\":\"https:\\\/\\\/buenosdiasbcs.com\\\/\",\"name\":\"Buenos D\u00edas BCS\",\"description\":\"\",\"publisher\":{\"@id\":\"https:\\\/\\\/buenosdiasbcs.com\\\/#organization\"},\"potentialAction\":[{\"@type\":\"SearchAction\",\"target\":{\"@type\":\"EntryPoint\",\"urlTemplate\":\"https:\\\/\\\/buenosdiasbcs.com\\\/?s={search_term_string}\"},\"query-input\":{\"@type\":\"PropertyValueSpecification\",\"valueRequired\":true,\"valueName\":\"search_term_string\"}}],\"inLanguage\":\"es\"},{\"@type\":\"Organization\",\"@id\":\"https:\\\/\\\/buenosdiasbcs.com\\\/#organization\",\"name\":\"Buenos D\u00edas BCS\",\"url\":\"https:\\\/\\\/buenosdiasbcs.com\\\/\",\"logo\":{\"@type\":\"ImageObject\",\"inLanguage\":\"es\",\"@id\":\"https:\\\/\\\/buenosdiasbcs.com\\\/#\\\/schema\\\/logo\\\/image\\\/\",\"url\":\"https:\\\/\\\/buenosdiasbcs.com\\\/wp-content\\\/uploads\\\/2026\\\/01\\\/logo-buenos-dias-40-01.png\",\"contentUrl\":\"https:\\\/\\\/buenosdiasbcs.com\\\/wp-content\\\/uploads\\\/2026\\\/01\\\/logo-buenos-dias-40-01.png\",\"width\":277,\"height\":40,\"caption\":\"Buenos D\u00edas BCS\"},\"image\":{\"@id\":\"https:\\\/\\\/buenosdiasbcs.com\\\/#\\\/schema\\\/logo\\\/image\\\/\"}},{\"@type\":\"Person\",\"@id\":\"https:\\\/\\\/buenosdiasbcs.com\\\/#\\\/schema\\\/person\\\/15aedc247eab7070ee5d76d6d069a821\",\"name\":\"Edici\u00f3n Buenos D\u00edas\",\"image\":{\"@type\":\"ImageObject\",\"inLanguage\":\"es\",\"@id\":\"https:\\\/\\\/buenosdiasbcs.com\\\/wp-content\\\/uploads\\\/2026\\\/01\\\/cropped-sol-96x96.png\",\"url\":\"https:\\\/\\\/buenosdiasbcs.com\\\/wp-content\\\/uploads\\\/2026\\\/01\\\/cropped-sol-96x96.png\",\"contentUrl\":\"https:\\\/\\\/buenosdiasbcs.com\\\/wp-content\\\/uploads\\\/2026\\\/01\\\/cropped-sol-96x96.png\",\"caption\":\"Edici\u00f3n Buenos D\u00edas\"},\"url\":\"https:\\\/\\\/buenosdiasbcs.com\\\/?author=2\"}]}<\/script>\n<!-- \/ Yoast SEO Premium plugin. -->","yoast_head_json":{"title":"Ir\u00e1n podr\u00eda atacar California con drones como represalia contra EU, advierte el FBI: ABC News - Buenos D&iacute;as BCS","robots":{"index":"index","follow":"follow","max-snippet":"max-snippet:-1","max-image-preview":"max-image-preview:large","max-video-preview":"max-video-preview:-1"},"canonical":"https:\/\/buenosdiasbcs.com\/?p=5024","og_locale":"es_ES","og_type":"article","og_title":"Ir\u00e1n podr\u00eda atacar California con drones como represalia contra EU, advierte el FBI: ABC News","og_description":"La alerta del FBI habr\u00eda sido emitida a principios de febrero, sin embargo, no especifica los objetivos, el m\u00e9todo o...","og_url":"https:\/\/buenosdiasbcs.com\/?p=5024","og_site_name":"Buenos D&iacute;as BCS","article_published_time":"2026-03-12T07:17:00+00:00","og_image":[{"width":650,"height":417,"url":"https:\/\/buenosdiasbcs.com\/wp-content\/uploads\/2026\/03\/drones-1.jpg","type":"image\/jpeg"}],"author":"Edici\u00f3n Buenos D\u00edas","twitter_card":"summary_large_image","twitter_misc":{"Escrito por":"Edici\u00f3n Buenos D\u00edas","Tiempo de lectura":"3 minutos"},"schema":{"@context":"https:\/\/schema.org","@graph":[{"@type":"Article","@id":"https:\/\/buenosdiasbcs.com\/?p=5024#article","isPartOf":{"@id":"https:\/\/buenosdiasbcs.com\/?p=5024"},"author":{"name":"Edici\u00f3n Buenos D\u00edas","@id":"https:\/\/buenosdiasbcs.com\/#\/schema\/person\/15aedc247eab7070ee5d76d6d069a821"},"headline":"Ir\u00e1n podr\u00eda atacar California con drones como represalia contra EU, advierte el FBI: ABC News","datePublished":"2026-03-12T07:17:00+00:00","mainEntityOfPage":{"@id":"https:\/\/buenosdiasbcs.com\/?p=5024"},"wordCount":606,"commentCount":0,"publisher":{"@id":"https:\/\/buenosdiasbcs.com\/#organization"},"image":{"@id":"https:\/\/buenosdiasbcs.com\/?p=5024#primaryimage"},"thumbnailUrl":"https:\/\/buenosdiasbcs.com\/wp-content\/uploads\/2026\/03\/drones-1.jpg","articleSection":["Internacional"],"inLanguage":"es","potentialAction":[{"@type":"CommentAction","name":"Comment","target":["https:\/\/buenosdiasbcs.com\/?p=5024#respond"]}]},{"@type":"WebPage","@id":"https:\/\/buenosdiasbcs.com\/?p=5024","url":"https:\/\/buenosdiasbcs.com\/?p=5024","name":"Ir\u00e1n podr\u00eda atacar California con drones como represalia contra EU, advierte el FBI: ABC News - Buenos D&iacute;as BCS","isPartOf":{"@id":"https:\/\/buenosdiasbcs.com\/#website"},"primaryImageOfPage":{"@id":"https:\/\/buenosdiasbcs.com\/?p=5024#primaryimage"},"image":{"@id":"https:\/\/buenosdiasbcs.com\/?p=5024#primaryimage"},"thumbnailUrl":"https:\/\/buenosdiasbcs.com\/wp-content\/uploads\/2026\/03\/drones-1.jpg","datePublished":"2026-03-12T07:17:00+00:00","breadcrumb":{"@id":"https:\/\/buenosdiasbcs.com\/?p=5024#breadcrumb"},"inLanguage":"es","potentialAction":[{"@type":"ReadAction","target":["https:\/\/buenosdiasbcs.com\/?p=5024"]}]},{"@type":"ImageObject","inLanguage":"es","@id":"https:\/\/buenosdiasbcs.com\/?p=5024#primaryimage","url":"https:\/\/buenosdiasbcs.com\/wp-content\/uploads\/2026\/03\/drones-1.jpg","contentUrl":"https:\/\/buenosdiasbcs.com\/wp-content\/uploads\/2026\/03\/drones-1.jpg","width":650,"height":417},{"@type":"BreadcrumbList","@id":"https:\/\/buenosdiasbcs.com\/?p=5024#breadcrumb","itemListElement":[{"@type":"ListItem","position":1,"name":"Portada","item":"https:\/\/buenosdiasbcs.com\/"},{"@type":"ListItem","position":2,"name":"Ir\u00e1n podr\u00eda atacar California con drones como represalia contra EU, advierte el FBI: ABC News"}]},{"@type":"WebSite","@id":"https:\/\/buenosdiasbcs.com\/#website","url":"https:\/\/buenosdiasbcs.com\/","name":"Buenos D\u00edas BCS","description":"","publisher":{"@id":"https:\/\/buenosdiasbcs.com\/#organization"},"potentialAction":[{"@type":"SearchAction","target":{"@type":"EntryPoint","urlTemplate":"https:\/\/buenosdiasbcs.com\/?s={search_term_string}"},"query-input":{"@type":"PropertyValueSpecification","valueRequired":true,"valueName":"search_term_string"}}],"inLanguage":"es"},{"@type":"Organization","@id":"https:\/\/buenosdiasbcs.com\/#organization","name":"Buenos D\u00edas BCS","url":"https:\/\/buenosdiasbcs.com\/","logo":{"@type":"ImageObject","inLanguage":"es","@id":"https:\/\/buenosdiasbcs.com\/#\/schema\/logo\/image\/","url":"https:\/\/buenosdiasbcs.com\/wp-content\/uploads\/2026\/01\/logo-buenos-dias-40-01.png","contentUrl":"https:\/\/buenosdiasbcs.com\/wp-content\/uploads\/2026\/01\/logo-buenos-dias-40-01.png","width":277,"height":40,"caption":"Buenos D\u00edas BCS"},"image":{"@id":"https:\/\/buenosdiasbcs.com\/#\/schema\/logo\/image\/"}},{"@type":"Person","@id":"https:\/\/buenosdiasbcs.com\/#\/schema\/person\/15aedc247eab7070ee5d76d6d069a821","name":"Edici\u00f3n Buenos D\u00edas","image":{"@type":"ImageObject","inLanguage":"es","@id":"https:\/\/buenosdiasbcs.com\/wp-content\/uploads\/2026\/01\/cropped-sol-96x96.png","url":"https:\/\/buenosdiasbcs.com\/wp-content\/uploads\/2026\/01\/cropped-sol-96x96.png","contentUrl":"https:\/\/buenosdiasbcs.com\/wp-content\/uploads\/2026\/01\/cropped-sol-96x96.png","caption":"Edici\u00f3n Buenos D\u00edas"},"url":"https:\/\/buenosdiasbcs.com\/?author=2"}]}},"amp_enabled":true,"_links":{"self":[{"href":"https:\/\/buenosdiasbcs.com\/index.php?rest_route=\/wp\/v2\/posts\/5024","targetHints":{"allow":["GET"]}}],"collection":[{"href":"https:\/\/buenosdiasbcs.com\/index.php?rest_route=\/wp\/v2\/posts"}],"about":[{"href":"https:\/\/buenosdiasbcs.com\/index.php?rest_route=\/wp\/v2\/types\/post"}],"author":[{"embeddable":true,"href":"https:\/\/buenosdiasbcs.com\/index.php?rest_route=\/wp\/v2\/users\/2"}],"replies":[{"embeddable":true,"href":"https:\/\/buenosdiasbcs.com\/index.php?rest_route=%2Fwp%2Fv2%2Fcomments&post=5024"}],"version-history":[{"count":1,"href":"https:\/\/buenosdiasbcs.com\/index.php?rest_route=\/wp\/v2\/posts\/5024\/revisions"}],"predecessor-version":[{"id":5026,"href":"https:\/\/buenosdiasbcs.com\/index.php?rest_route=\/wp\/v2\/posts\/5024\/revisions\/5026"}],"wp:featuredmedia":[{"embeddable":true,"href":"https:\/\/buenosdiasbcs.com\/index.php?rest_route=\/wp\/v2\/media\/5025"}],"wp:attachment":[{"href":"https:\/\/buenosdiasbcs.com\/index.php?rest_route=%2Fwp%2Fv2%2Fmedia&parent=5024"}],"wp:term":[{"taxonomy":"category","embeddable":true,"href":"https:\/\/buenosdiasbcs.com\/index.php?rest_route=%2Fwp%2Fv2%2Fcategories&post=5024"},{"taxonomy":"post_tag","embeddable":true,"href":"https:\/\/buenosdiasbcs.com\/index.php?rest_route=%2Fwp%2Fv2%2Ftags&post=5024"}],"curies":[{"name":"wp","href":"https:\/\/api.w.org\/{rel}","templated":true}]}}