{"id":5006,"date":"2026-03-12T00:03:00","date_gmt":"2026-03-12T07:03:00","guid":{"rendered":"https:\/\/buenosdiasbcs.com\/?p=5006"},"modified":"2026-03-11T19:04:24","modified_gmt":"2026-03-12T02:04:24","slug":"mexico-honra-su-sacrificio-sheinbaum-rinde-homenaje-a-militares-caidos-en-operativo-contra-el-mencho","status":"publish","type":"post","link":"https:\/\/buenosdiasbcs.com\/?p=5006","title":{"rendered":"\u2018M\u00e9xico honra su sacrificio\u2019: Sheinbaum rinde homenaje a militares ca\u00eddos en operativo contra \u2018El Mencho\u2019"},"content":{"rendered":"\n<h2 class=\"wp-block-heading\" id=\"h-el-acto-se-realizo-a-puerta-cerrada-en-el-campo-marte-de-la-secretaria-de-la-defensa-nacional-bajo-un-amplio-operativo-de-resguardo-y-seguridad\">El acto se realiz\u00f3 a puerta cerrada en el Campo Marte de la Secretar\u00eda de la Defensa Nacional, bajo un amplio operativo de resguardo y seguridad<\/h2>\n\n\n\n<p><strong>Ciudad de M\u00e9xico.-<\/strong>&nbsp;La presidenta&nbsp;<strong>Claudia Sheinbaum Pardo<\/strong>&nbsp;encabez\u00f3 este medio d\u00eda un&nbsp;<strong>acto en memoria de los elementos militares ca\u00eddos<\/strong>&nbsp;durante y despu\u00e9s del&nbsp;<strong>operativo<\/strong>&nbsp;contra el l\u00edder del C\u00e1rtel Jalisco Nueva Generaci\u00f3n, Nemesio Oseguera Cervantes, \u201c<strong>El Mencho<\/strong>\u201c.<\/p>\n\n\n\n<blockquote class=\"wp-block-quote is-layout-flow wp-block-quote-is-layout-flow\">\n<p>\u201c&nbsp;Hoy M\u00e9xico honra su memoria. Hoy M\u00e9xico les dice con profunda gratitud que su sacrificio nunca ser\u00e1 olvidado\u201d, afirm\u00f3 la mandataria federal ante familiares y decenas de elementos castrenses.<\/p>\n<\/blockquote>\n\n\n\n<p>El acto se realiz\u00f3 a puerta cerrada en el&nbsp;<strong>Campo Marte<\/strong>&nbsp;de la Secretar\u00eda de la Defensa Nacional, bajo un&nbsp;<strong>amplio operativo de resguardo y seguridad<\/strong>. Acompa\u00f1aron a la mandataria el general secretario Ricardo Trevilla Trejo y el titular de Marina, almirante Raymundo Pedro Morales \u00c1ngeles, as\u00ed como integrantes de su gabinete.<\/p>\n\n\n\n<p>A las familias de los soldados y guardias militares que fueron abatidos durante el operativo y en las acciones violentas de respuesta del c\u00e1rtel, la jefa del Ejecutivo les dijo que&nbsp;<strong>su dolor \u201ces el dolor de la naci\u00f3n\u201d<\/strong>.<\/p>\n\n\n\n<p>Pero a la vez, acot\u00f3: \u201csu orgullo, es orgullo de la naci\u00f3n. El pueblo de M\u00e9xico abraza su dolor y honra para siempre y \u00e8l sacrificio\u201d de los efectivos ca\u00eddos en el cumplimiento de su deber.<\/p>\n\n\n\n<p>La comandanta suprema de las fuerzas armadas afirm\u00f3 que con este acto de honor, \u201cM\u00e9xico guarda silencio y respeto. Nos reunimos para honrar a mujeres y hombres valientes (que cumplieron con su deber) en un acto de amor profundo por la patria\u201d.<\/p>\n\n\n\n<p>La Presidenta entreg\u00f3&nbsp;<strong>condecoraciones<\/strong>&nbsp;a los deudos de los&nbsp;<strong>soldados fallecidos aquel 22 de febrero<\/strong>.<\/p>\n\n\n\n<blockquote class=\"wp-block-quote is-layout-flow wp-block-quote-is-layout-flow\">\n<p>\u201c&nbsp;Cada uno represent\u00f3 el valor, compromiso y profundo amor por su familia y su pa\u00eds\u201d.<\/p>\n<\/blockquote>\n\n\n\n<p>Se\u00f1al\u00f3 que no hay suficientes palabras para dar consuelo a las familias, y remarc\u00f3 que los nombres de los militares ca\u00eddos, sus historias y su entrega \u201cforman parte de la memoria de la naci\u00f3n\u201d.<\/p>\n\n\n\n<p>La ceremonia para honrar a los h\u00e9roes ca\u00eddos se dio bajo un operativo de seguridad, con vallas rodeando gran parte del Campo Marte. Inclusive no hubo forma de acercarse a los deudos, debido a que fueron conducidos en autobuses militares tanto a la llegada como al retirarse.<\/p>\n\n\n\n<p>El&nbsp;<strong>general Trevilla<\/strong>, quien fue el primero en tomar la palabra, destac\u00f3 el compromiso con la patria de los soldados fallecidos.<\/p>\n\n\n\n<p>Dijo que la Sedena y el Instituto de Seguridad Social de la dependencia brindar\u00e1n diversos apoyos a las familias de estos militares, como becas y cr\u00e9ditos para vivienda. Entre otros.<\/p>\n","protected":false},"excerpt":{"rendered":"<p>El acto se realiz\u00f3 a puerta cerrada en el Campo Marte de la Secretar\u00eda de la Defensa Nacional, bajo un&#8230;<\/p>\n","protected":false},"author":2,"featured_media":5007,"comment_status":"open","ping_status":"open","sticky":false,"template":"","format":"standard","meta":{"footnotes":""},"categories":[32],"tags":[],"class_list":["post-5006","post","type-post","status-publish","format-standard","has-post-thumbnail","hentry","category-la-nacion"],"yoast_head":"<!-- This site is optimized with the Yoast SEO Premium plugin v26.8 (Yoast SEO v27.4) - https:\/\/yoast.com\/product\/yoast-seo-premium-wordpress\/ -->\n<title>\u2018M\u00e9xico honra su sacrificio\u2019: Sheinbaum rinde homenaje a militares ca\u00eddos en operativo contra \u2018El Mencho\u2019 - Buenos D&iacute;as BCS<\/title>\n<meta name=\"robots\" content=\"index, follow, max-snippet:-1, max-image-preview:large, max-video-preview:-1\" \/>\n<link rel=\"canonical\" href=\"https:\/\/buenosdiasbcs.com\/?p=5006\" \/>\n<meta property=\"og:locale\" content=\"es_ES\" \/>\n<meta property=\"og:type\" content=\"article\" \/>\n<meta property=\"og:title\" content=\"\u2018M\u00e9xico honra su sacrificio\u2019: Sheinbaum rinde homenaje a militares ca\u00eddos en operativo contra \u2018El Mencho\u2019\" \/>\n<meta property=\"og:description\" content=\"El acto se realiz\u00f3 a puerta cerrada en el Campo Marte de la Secretar\u00eda de la Defensa Nacional, bajo un...\" \/>\n<meta property=\"og:url\" content=\"https:\/\/buenosdiasbcs.com\/?p=5006\" \/>\n<meta property=\"og:site_name\" content=\"Buenos D&iacute;as BCS\" \/>\n<meta property=\"article:published_time\" content=\"2026-03-12T07:03:00+00:00\" \/>\n<meta property=\"og:image\" content=\"https:\/\/buenosdiasbcs.com\/wp-content\/uploads\/2026\/03\/homenaje-psotumo.jpg\" \/>\n\t<meta property=\"og:image:width\" content=\"650\" \/>\n\t<meta property=\"og:image:height\" content=\"417\" \/>\n\t<meta property=\"og:image:type\" content=\"image\/jpeg\" \/>\n<meta name=\"author\" content=\"Edici\u00f3n Buenos D\u00edas\" \/>\n<meta name=\"twitter:card\" content=\"summary_large_image\" \/>\n<meta name=\"twitter:label1\" content=\"Escrito por\" \/>\n\t<meta name=\"twitter:data1\" content=\"Edici\u00f3n Buenos D\u00edas\" \/>\n\t<meta name=\"twitter:label2\" content=\"Tiempo de lectura\" \/>\n\t<meta name=\"twitter:data2\" content=\"2 minutos\" \/>\n<script type=\"application\/ld+json\" class=\"yoast-schema-graph\">{\"@context\":\"https:\\\/\\\/schema.org\",\"@graph\":[{\"@type\":\"Article\",\"@id\":\"https:\\\/\\\/buenosdiasbcs.com\\\/?p=5006#article\",\"isPartOf\":{\"@id\":\"https:\\\/\\\/buenosdiasbcs.com\\\/?p=5006\"},\"author\":{\"name\":\"Edici\u00f3n Buenos D\u00edas\",\"@id\":\"https:\\\/\\\/buenosdiasbcs.com\\\/#\\\/schema\\\/person\\\/15aedc247eab7070ee5d76d6d069a821\"},\"headline\":\"\u2018M\u00e9xico honra su sacrificio\u2019: Sheinbaum rinde homenaje a militares ca\u00eddos en operativo contra \u2018El Mencho\u2019\",\"datePublished\":\"2026-03-12T07:03:00+00:00\",\"mainEntityOfPage\":{\"@id\":\"https:\\\/\\\/buenosdiasbcs.com\\\/?p=5006\"},\"wordCount\":485,\"commentCount\":0,\"publisher\":{\"@id\":\"https:\\\/\\\/buenosdiasbcs.com\\\/#organization\"},\"image\":{\"@id\":\"https:\\\/\\\/buenosdiasbcs.com\\\/?p=5006#primaryimage\"},\"thumbnailUrl\":\"https:\\\/\\\/buenosdiasbcs.com\\\/wp-content\\\/uploads\\\/2026\\\/03\\\/homenaje-psotumo.jpg\",\"articleSection\":[\"La Naci\u00f3n\"],\"inLanguage\":\"es\",\"potentialAction\":[{\"@type\":\"CommentAction\",\"name\":\"Comment\",\"target\":[\"https:\\\/\\\/buenosdiasbcs.com\\\/?p=5006#respond\"]}]},{\"@type\":\"WebPage\",\"@id\":\"https:\\\/\\\/buenosdiasbcs.com\\\/?p=5006\",\"url\":\"https:\\\/\\\/buenosdiasbcs.com\\\/?p=5006\",\"name\":\"\u2018M\u00e9xico honra su sacrificio\u2019: Sheinbaum rinde homenaje a militares ca\u00eddos en operativo contra \u2018El Mencho\u2019 - Buenos D&iacute;as BCS\",\"isPartOf\":{\"@id\":\"https:\\\/\\\/buenosdiasbcs.com\\\/#website\"},\"primaryImageOfPage\":{\"@id\":\"https:\\\/\\\/buenosdiasbcs.com\\\/?p=5006#primaryimage\"},\"image\":{\"@id\":\"https:\\\/\\\/buenosdiasbcs.com\\\/?p=5006#primaryimage\"},\"thumbnailUrl\":\"https:\\\/\\\/buenosdiasbcs.com\\\/wp-content\\\/uploads\\\/2026\\\/03\\\/homenaje-psotumo.jpg\",\"datePublished\":\"2026-03-12T07:03:00+00:00\",\"breadcrumb\":{\"@id\":\"https:\\\/\\\/buenosdiasbcs.com\\\/?p=5006#breadcrumb\"},\"inLanguage\":\"es\",\"potentialAction\":[{\"@type\":\"ReadAction\",\"target\":[\"https:\\\/\\\/buenosdiasbcs.com\\\/?p=5006\"]}]},{\"@type\":\"ImageObject\",\"inLanguage\":\"es\",\"@id\":\"https:\\\/\\\/buenosdiasbcs.com\\\/?p=5006#primaryimage\",\"url\":\"https:\\\/\\\/buenosdiasbcs.com\\\/wp-content\\\/uploads\\\/2026\\\/03\\\/homenaje-psotumo.jpg\",\"contentUrl\":\"https:\\\/\\\/buenosdiasbcs.com\\\/wp-content\\\/uploads\\\/2026\\\/03\\\/homenaje-psotumo.jpg\",\"width\":650,\"height\":417},{\"@type\":\"BreadcrumbList\",\"@id\":\"https:\\\/\\\/buenosdiasbcs.com\\\/?p=5006#breadcrumb\",\"itemListElement\":[{\"@type\":\"ListItem\",\"position\":1,\"name\":\"Portada\",\"item\":\"https:\\\/\\\/buenosdiasbcs.com\\\/\"},{\"@type\":\"ListItem\",\"position\":2,\"name\":\"\u2018M\u00e9xico honra su sacrificio\u2019: Sheinbaum rinde homenaje a militares ca\u00eddos en operativo contra \u2018El Mencho\u2019\"}]},{\"@type\":\"WebSite\",\"@id\":\"https:\\\/\\\/buenosdiasbcs.com\\\/#website\",\"url\":\"https:\\\/\\\/buenosdiasbcs.com\\\/\",\"name\":\"Buenos D\u00edas BCS\",\"description\":\"\",\"publisher\":{\"@id\":\"https:\\\/\\\/buenosdiasbcs.com\\\/#organization\"},\"potentialAction\":[{\"@type\":\"SearchAction\",\"target\":{\"@type\":\"EntryPoint\",\"urlTemplate\":\"https:\\\/\\\/buenosdiasbcs.com\\\/?s={search_term_string}\"},\"query-input\":{\"@type\":\"PropertyValueSpecification\",\"valueRequired\":true,\"valueName\":\"search_term_string\"}}],\"inLanguage\":\"es\"},{\"@type\":\"Organization\",\"@id\":\"https:\\\/\\\/buenosdiasbcs.com\\\/#organization\",\"name\":\"Buenos D\u00edas BCS\",\"url\":\"https:\\\/\\\/buenosdiasbcs.com\\\/\",\"logo\":{\"@type\":\"ImageObject\",\"inLanguage\":\"es\",\"@id\":\"https:\\\/\\\/buenosdiasbcs.com\\\/#\\\/schema\\\/logo\\\/image\\\/\",\"url\":\"https:\\\/\\\/buenosdiasbcs.com\\\/wp-content\\\/uploads\\\/2026\\\/01\\\/logo-buenos-dias-40-01.png\",\"contentUrl\":\"https:\\\/\\\/buenosdiasbcs.com\\\/wp-content\\\/uploads\\\/2026\\\/01\\\/logo-buenos-dias-40-01.png\",\"width\":277,\"height\":40,\"caption\":\"Buenos D\u00edas BCS\"},\"image\":{\"@id\":\"https:\\\/\\\/buenosdiasbcs.com\\\/#\\\/schema\\\/logo\\\/image\\\/\"}},{\"@type\":\"Person\",\"@id\":\"https:\\\/\\\/buenosdiasbcs.com\\\/#\\\/schema\\\/person\\\/15aedc247eab7070ee5d76d6d069a821\",\"name\":\"Edici\u00f3n Buenos D\u00edas\",\"image\":{\"@type\":\"ImageObject\",\"inLanguage\":\"es\",\"@id\":\"https:\\\/\\\/buenosdiasbcs.com\\\/wp-content\\\/uploads\\\/2026\\\/01\\\/cropped-sol-96x96.png\",\"url\":\"https:\\\/\\\/buenosdiasbcs.com\\\/wp-content\\\/uploads\\\/2026\\\/01\\\/cropped-sol-96x96.png\",\"contentUrl\":\"https:\\\/\\\/buenosdiasbcs.com\\\/wp-content\\\/uploads\\\/2026\\\/01\\\/cropped-sol-96x96.png\",\"caption\":\"Edici\u00f3n Buenos D\u00edas\"},\"url\":\"https:\\\/\\\/buenosdiasbcs.com\\\/?author=2\"}]}<\/script>\n<!-- \/ Yoast SEO Premium plugin. -->","yoast_head_json":{"title":"\u2018M\u00e9xico honra su sacrificio\u2019: Sheinbaum rinde homenaje a militares ca\u00eddos en operativo contra \u2018El Mencho\u2019 - Buenos D&iacute;as BCS","robots":{"index":"index","follow":"follow","max-snippet":"max-snippet:-1","max-image-preview":"max-image-preview:large","max-video-preview":"max-video-preview:-1"},"canonical":"https:\/\/buenosdiasbcs.com\/?p=5006","og_locale":"es_ES","og_type":"article","og_title":"\u2018M\u00e9xico honra su sacrificio\u2019: Sheinbaum rinde homenaje a militares ca\u00eddos en operativo contra \u2018El Mencho\u2019","og_description":"El acto se realiz\u00f3 a puerta cerrada en el Campo Marte de la Secretar\u00eda de la Defensa Nacional, bajo un...","og_url":"https:\/\/buenosdiasbcs.com\/?p=5006","og_site_name":"Buenos D&iacute;as BCS","article_published_time":"2026-03-12T07:03:00+00:00","og_image":[{"width":650,"height":417,"url":"https:\/\/buenosdiasbcs.com\/wp-content\/uploads\/2026\/03\/homenaje-psotumo.jpg","type":"image\/jpeg"}],"author":"Edici\u00f3n Buenos D\u00edas","twitter_card":"summary_large_image","twitter_misc":{"Escrito por":"Edici\u00f3n Buenos D\u00edas","Tiempo de lectura":"2 minutos"},"schema":{"@context":"https:\/\/schema.org","@graph":[{"@type":"Article","@id":"https:\/\/buenosdiasbcs.com\/?p=5006#article","isPartOf":{"@id":"https:\/\/buenosdiasbcs.com\/?p=5006"},"author":{"name":"Edici\u00f3n Buenos D\u00edas","@id":"https:\/\/buenosdiasbcs.com\/#\/schema\/person\/15aedc247eab7070ee5d76d6d069a821"},"headline":"\u2018M\u00e9xico honra su sacrificio\u2019: Sheinbaum rinde homenaje a militares ca\u00eddos en operativo contra \u2018El Mencho\u2019","datePublished":"2026-03-12T07:03:00+00:00","mainEntityOfPage":{"@id":"https:\/\/buenosdiasbcs.com\/?p=5006"},"wordCount":485,"commentCount":0,"publisher":{"@id":"https:\/\/buenosdiasbcs.com\/#organization"},"image":{"@id":"https:\/\/buenosdiasbcs.com\/?p=5006#primaryimage"},"thumbnailUrl":"https:\/\/buenosdiasbcs.com\/wp-content\/uploads\/2026\/03\/homenaje-psotumo.jpg","articleSection":["La Naci\u00f3n"],"inLanguage":"es","potentialAction":[{"@type":"CommentAction","name":"Comment","target":["https:\/\/buenosdiasbcs.com\/?p=5006#respond"]}]},{"@type":"WebPage","@id":"https:\/\/buenosdiasbcs.com\/?p=5006","url":"https:\/\/buenosdiasbcs.com\/?p=5006","name":"\u2018M\u00e9xico honra su sacrificio\u2019: Sheinbaum rinde homenaje a militares ca\u00eddos en operativo contra \u2018El Mencho\u2019 - Buenos D&iacute;as BCS","isPartOf":{"@id":"https:\/\/buenosdiasbcs.com\/#website"},"primaryImageOfPage":{"@id":"https:\/\/buenosdiasbcs.com\/?p=5006#primaryimage"},"image":{"@id":"https:\/\/buenosdiasbcs.com\/?p=5006#primaryimage"},"thumbnailUrl":"https:\/\/buenosdiasbcs.com\/wp-content\/uploads\/2026\/03\/homenaje-psotumo.jpg","datePublished":"2026-03-12T07:03:00+00:00","breadcrumb":{"@id":"https:\/\/buenosdiasbcs.com\/?p=5006#breadcrumb"},"inLanguage":"es","potentialAction":[{"@type":"ReadAction","target":["https:\/\/buenosdiasbcs.com\/?p=5006"]}]},{"@type":"ImageObject","inLanguage":"es","@id":"https:\/\/buenosdiasbcs.com\/?p=5006#primaryimage","url":"https:\/\/buenosdiasbcs.com\/wp-content\/uploads\/2026\/03\/homenaje-psotumo.jpg","contentUrl":"https:\/\/buenosdiasbcs.com\/wp-content\/uploads\/2026\/03\/homenaje-psotumo.jpg","width":650,"height":417},{"@type":"BreadcrumbList","@id":"https:\/\/buenosdiasbcs.com\/?p=5006#breadcrumb","itemListElement":[{"@type":"ListItem","position":1,"name":"Portada","item":"https:\/\/buenosdiasbcs.com\/"},{"@type":"ListItem","position":2,"name":"\u2018M\u00e9xico honra su sacrificio\u2019: Sheinbaum rinde homenaje a militares ca\u00eddos en operativo contra \u2018El Mencho\u2019"}]},{"@type":"WebSite","@id":"https:\/\/buenosdiasbcs.com\/#website","url":"https:\/\/buenosdiasbcs.com\/","name":"Buenos D\u00edas BCS","description":"","publisher":{"@id":"https:\/\/buenosdiasbcs.com\/#organization"},"potentialAction":[{"@type":"SearchAction","target":{"@type":"EntryPoint","urlTemplate":"https:\/\/buenosdiasbcs.com\/?s={search_term_string}"},"query-input":{"@type":"PropertyValueSpecification","valueRequired":true,"valueName":"search_term_string"}}],"inLanguage":"es"},{"@type":"Organization","@id":"https:\/\/buenosdiasbcs.com\/#organization","name":"Buenos D\u00edas BCS","url":"https:\/\/buenosdiasbcs.com\/","logo":{"@type":"ImageObject","inLanguage":"es","@id":"https:\/\/buenosdiasbcs.com\/#\/schema\/logo\/image\/","url":"https:\/\/buenosdiasbcs.com\/wp-content\/uploads\/2026\/01\/logo-buenos-dias-40-01.png","contentUrl":"https:\/\/buenosdiasbcs.com\/wp-content\/uploads\/2026\/01\/logo-buenos-dias-40-01.png","width":277,"height":40,"caption":"Buenos D\u00edas BCS"},"image":{"@id":"https:\/\/buenosdiasbcs.com\/#\/schema\/logo\/image\/"}},{"@type":"Person","@id":"https:\/\/buenosdiasbcs.com\/#\/schema\/person\/15aedc247eab7070ee5d76d6d069a821","name":"Edici\u00f3n Buenos D\u00edas","image":{"@type":"ImageObject","inLanguage":"es","@id":"https:\/\/buenosdiasbcs.com\/wp-content\/uploads\/2026\/01\/cropped-sol-96x96.png","url":"https:\/\/buenosdiasbcs.com\/wp-content\/uploads\/2026\/01\/cropped-sol-96x96.png","contentUrl":"https:\/\/buenosdiasbcs.com\/wp-content\/uploads\/2026\/01\/cropped-sol-96x96.png","caption":"Edici\u00f3n Buenos D\u00edas"},"url":"https:\/\/buenosdiasbcs.com\/?author=2"}]}},"amp_enabled":true,"_links":{"self":[{"href":"https:\/\/buenosdiasbcs.com\/index.php?rest_route=\/wp\/v2\/posts\/5006","targetHints":{"allow":["GET"]}}],"collection":[{"href":"https:\/\/buenosdiasbcs.com\/index.php?rest_route=\/wp\/v2\/posts"}],"about":[{"href":"https:\/\/buenosdiasbcs.com\/index.php?rest_route=\/wp\/v2\/types\/post"}],"author":[{"embeddable":true,"href":"https:\/\/buenosdiasbcs.com\/index.php?rest_route=\/wp\/v2\/users\/2"}],"replies":[{"embeddable":true,"href":"https:\/\/buenosdiasbcs.com\/index.php?rest_route=%2Fwp%2Fv2%2Fcomments&post=5006"}],"version-history":[{"count":1,"href":"https:\/\/buenosdiasbcs.com\/index.php?rest_route=\/wp\/v2\/posts\/5006\/revisions"}],"predecessor-version":[{"id":5008,"href":"https:\/\/buenosdiasbcs.com\/index.php?rest_route=\/wp\/v2\/posts\/5006\/revisions\/5008"}],"wp:featuredmedia":[{"embeddable":true,"href":"https:\/\/buenosdiasbcs.com\/index.php?rest_route=\/wp\/v2\/media\/5007"}],"wp:attachment":[{"href":"https:\/\/buenosdiasbcs.com\/index.php?rest_route=%2Fwp%2Fv2%2Fmedia&parent=5006"}],"wp:term":[{"taxonomy":"category","embeddable":true,"href":"https:\/\/buenosdiasbcs.com\/index.php?rest_route=%2Fwp%2Fv2%2Fcategories&post=5006"},{"taxonomy":"post_tag","embeddable":true,"href":"https:\/\/buenosdiasbcs.com\/index.php?rest_route=%2Fwp%2Fv2%2Ftags&post=5006"}],"curies":[{"name":"wp","href":"https:\/\/api.w.org\/{rel}","templated":true}]}}